{"id":1707,"date":"2023-05-25T11:13:37","date_gmt":"2023-05-25T09:13:37","guid":{"rendered":"https:\/\/www.site.cdcl.xyz\/2023\/05\/25\/sur-internet-newsletter-juin-2023\/"},"modified":"2023-05-25T11:13:37","modified_gmt":"2023-05-25T09:13:37","slug":"sur-internet-newsletter-juin-2023","status":"publish","type":"post","link":"https:\/\/www.viaromana.org\/blog\/sur-internet-newsletter-juin-2023\/","title":{"rendered":"Sur internet : Newsletter Juin 2023"},"content":{"rendered":"<p>Ce texte ayant pour th\u00e8me \u00ab&nbsp;l\u2019arch\u00e9ologie&nbsp;\u00bb a \u00e9t\u00e9 remarqu\u00e9 sur le web, nous avons d\u00e9cid\u00e9 de vous le publier ici.<\/p>\n<p>Le titre s\u00e9duisant (Newsletter Juin 2023) est parlant.<\/p>\n<p> Annonc\u00e9 sous le nom \u00abprehistoire\u00bb, le journaliste est positivement connu pour plusieurs autres encarts qu\u2019il a publi\u00e9s sur le web.<\/p>\n<p><span>Newsletter Juin 2023<\/span><\/p>\n<p> @import url(\u2018<\/p>\n<table class=\"wrapper header-topline\" align=\"center\" role=\"presentation\">\n<tbody>\n<tr>\n<td class=\"wrapper-inner\">\n<table align=\"center\" class=\"container\" role=\"presentation\">\n<tbody>\n<tr>\n<td>\n<table class=\"row\" role=\"presentation\">\n<tbody>\n<tr>\n<th class=\"first last small-12 large-12 columns\">\n<table role=\"presentation\">\n<tbody>\n<tr>\n<th>\n<p class=\"header-topline__text text-center\">Si le message ci-dessous ne s\u2019affiche pas correctement, consultez la version en ligne.<\/p>\n<\/th>\n<th class=\"expander\"><\/th>\n<\/tr>\n<\/tbody>\n<\/table>\n<\/th>\n<\/tr>\n<\/tbody>\n<\/table>\n<\/td>\n<\/tr>\n<\/tbody>\n<\/table>\n<\/td>\n<\/tr>\n<\/tbody>\n<\/table>\n<table class=\"wrapper header-info\" align=\"center\" role=\"presentation\">\n<tbody>\n<tr>\n<td class=\"wrapper-inner\">\n<table align=\"center\" class=\"container\" role=\"presentation\">\n<tbody>\n<tr>\n<td>\n<table class=\"row\" role=\"presentation\">\n<tbody>\n<tr>\n<th class=\"first last small-12 large-12 columns\">\n<table role=\"presentation\">\n<tbody>\n<tr>\n<th>\n<p class=\"header-info__text\"> <span>#031<\/span> juin 2023 <\/p>\n<\/th>\n<th class=\"expander\"><\/th>\n<\/tr>\n<\/tbody>\n<\/table>\n<\/th>\n<\/tr>\n<\/tbody>\n<\/table>\n<\/td>\n<\/tr>\n<\/tbody>\n<\/table>\n<\/td>\n<\/tr>\n<\/tbody>\n<\/table>\n<table class=\"wrapper header\" align=\"center\" role=\"presentation\">\n<tbody>\n<tr>\n<td class=\"wrapper-inner\">\n<table align=\"center\" class=\"container\" role=\"presentation\">\n<tbody>\n<tr>\n<td>\n<table align=\"center\" class=\"container section-title\" role=\"presentation\">\n<tbody>\n<tr>\n<td>\n<table class=\"row\" role=\"presentation\">\n<tbody>\n<tr>\n<th class=\"first last small-12 large-7 columns\">\n<table role=\"presentation\">\n<tbody>\n<tr>\n<th>\n<h2>La lettre d&rsquo;information<\/h2>\n<\/th>\n<\/tr>\n<\/tbody>\n<\/table>\n<\/th>\n<\/tr>\n<\/tbody>\n<\/table>\n<\/td>\n<\/tr>\n<\/tbody>\n<\/table>\n<table class=\"row\" role=\"presentation\">\n<tbody>\n<tr>\n<th class=\"small-12 large-12 columns first header-text\" valign=\"middle\">\n<table>\n<tr>\n<td>\n<table class=\"link-wrap float-center\" align=\"center\">\n<tr>\n<td>\n<p> <img decoding=\"async\" loading=\"lazy\" src=\"https:\/\/www.viaromana.org\/blog\/wp-content\/uploads\/2023\/05\/sur-internet-newsletter-juin-2023.png\" alt=\"logo musee prehistoire\" width=\"350\" height=\"69\"><\/p>\n<\/td>\n<\/tr>\n<\/table>\n<\/td>\n<\/tr>\n<\/table>\n<\/th>\n<\/tr>\n<\/tbody>\n<\/table>\n<\/td>\n<\/tr>\n<\/tbody>\n<\/table>\n<\/td>\n<\/tr>\n<\/tbody>\n<\/table>\n<p> @import url(\u2018<\/p>\n<table class=\"wrapper section edito\" align=\"center\" role=\"presentation\">\n<tbody>\n<tr>\n<td class=\"wrapper-inner\">\n<table align=\"center\" class=\"container section-item\" role=\"presentation\">\n<tbody>\n<tr>\n<td>\n<table class=\"row\" role=\"presentation\">\n<tbody>\n<tr>\n<th class=\"last section-content small-12 large-12 columns\">\n<table role=\"presentation\">\n<tbody>\n<tr>\n<th>\n<h3 class=\"section__title small-text-center\">\n<\/h3>\n<p class=\"section__teaser small-text-center\"> Chers abonn\u00e9s,<\/p>\n<p class=\"section__teaser small-text-center\"> Le mois de juin sera particuli\u00e8rement anim\u00e9 au mus\u00e9e de Pr\u00e9histoire.&nbsp;<\/p>\n<p class=\"section__teaser small-text-center\"> Si comme chaque 21 juin, l\u2019arriv\u00e9e de l\u2019\u00e9t\u00e9 sera f\u00eat\u00e9e en musique gr\u00e2ce aux musiciens invit\u00e9s par l\u2019association Musiqafon, bien d\u2019autres artistes se produiront tout au long du mois en nos murs.<\/p>\n<p class=\"section__teaser small-text-center\"> Venez vous d\u00e9lecter des mots de la conteuse Genevi\u00e8ve Dumant (3 juin), des notes du trio de musique de chambre Aralia (11 juin), des images de la Guerre du feu de Jean-Jacques Annaud (30 juin) et enfin des gestes et des mots de la compagnie Toujours apr\u00e8s minuit (2 juillet).<\/p>\n<p class=\"section__teaser small-text-center\"> \u00c0 tr\u00e8s souvent au mus\u00e9e !<\/p>\n<div class=\"edito__name\">\n<h3 class=\"small-text-center\">L&rsquo;\u00e9quipe du mus\u00e9e<\/h3>\n<\/div>\n<\/th>\n<th class=\"expander\"><\/th>\n<\/tr>\n<\/tbody>\n<\/table>\n<\/th>\n<\/tr>\n<\/tbody>\n<\/table>\n<\/td>\n<\/tr>\n<\/tbody>\n<\/table>\n<\/td>\n<\/tr>\n<\/tbody>\n<\/table>\n<p> @import url(\u2018<\/p>\n<table class=\"wrapper section focus\" align=\"center\" role=\"presentation\">\n<tbody>\n<tr>\n<td class=\"wrapper-inner\">\n<table align=\"center\" class=\"container section-item\" role=\"presentation\">\n<tbody>\n<tr>\n<td>\n<table class=\"row\" role=\"presentation\">\n<tbody>\n<tr>\n<th class=\"first last section-image small-12 large-12 columns\">\n<table role=\"presentation\">\n<tbody>\n<tr>\n<th>\n<p> <img decoding=\"async\" src=\"https:\/\/www.viaromana.org\/blog\/wp-content\/uploads\/2023\/05\/sur-internet-newsletter-juin-2023.jpg\" alt=\"Visuel de la F\u00eate de la Musique 2022\"><\/p>\n<\/th>\n<th class=\"expander\"><\/th>\n<\/tr>\n<\/tbody>\n<\/table>\n<\/th>\n<\/tr>\n<\/tbody>\n<\/table>\n<table class=\"row\" role=\"presentation\">\n<tbody>\n<tr>\n<th class=\"columns first last section-content\">\n<table>\n<tr>\n<td class=\"content-wrap\">\n<table role=\"presentation\" class=\"tag-wrap\">\n<tr>\n<td class=\"tag\"> <img decoding=\"async\" src=\"https:\/\/www.viaromana.org\/blog\/wp-content\/uploads\/2023\/05\/sur-internet-newsletter-juin-2023-1.png\" alt><br \/><span>Concert<\/span> <\/td>\n<\/tr>\n<\/table>\n<h3 class=\"section__title\">La F\u00eate de la Musique<\/h3>\n<p class=\"section__teaser\">Apr\u00e8s deux ans de pand\u00e9mie, le mus\u00e9e de Pr\u00e9histoire a le plaisir d\u2019accueillir de nouveau, dans son parc, l\u2019association MusiQafon et son MusiBus. Cette ann\u00e9e, le groupe Volo partagera l&rsquo;affiche\u2026<\/p>\n<\/td>\n<\/tr>\n<\/table>\n<\/th>\n<\/tr>\n<\/tbody>\n<\/table>\n<\/td>\n<\/tr>\n<\/tbody>\n<\/table>\n<table align=\"center\" class=\"container section-button float-center\" role=\"presentation\">\n<tbody>\n<tr>\n<td>\n<table class=\"row\" role=\"presentation\">\n<tbody>\n<tr>\n<th class=\"first last section-button-column set-right-justified small-12 large-12 columns\">\n<table role=\"presentation\">\n<tbody>\n<tr>\n<th>\n<table class=\"button large\" role=\"presentation\">\n<tbody>\n<tr>\n<td>\n<table role=\"presentation\">\n<tbody>\n<tr>\n<td><img decoding=\"async\" src=\"https:\/\/www.viaromana.org\/blog\/wp-content\/uploads\/2023\/05\/sur-internet-newsletter-juin-2023-2.png\" alt>&nbsp;&nbsp;En savoir plus<\/td>\n<\/tr>\n<\/tbody>\n<\/table>\n<\/td>\n<\/tr>\n<\/tbody>\n<\/table>\n<\/th>\n<th class=\"expander\"><\/th>\n<\/tr>\n<\/tbody>\n<\/table>\n<\/th>\n<\/tr>\n<\/tbody>\n<\/table>\n<\/td>\n<\/tr>\n<\/tbody>\n<\/table>\n<\/td>\n<\/tr>\n<\/tbody>\n<\/table>\n<p> @import url(\u2018<\/p>\n<p> @import url(\u2018<\/p>\n<p><span><span lang>prehistoire<\/span><\/span><br \/><span>jeu 25\/05\/2023 \u2013 11:13<\/span><\/p>\n<p>Bibliographie :<\/p>\n<p>Sous un ciel \u00e9gyptien, Tome 2 : Scarab\u00e9e sacr\u00e9.,<a target=\"_blank\" rel=\"nofollow\" href=\"https:\/\/www.viaromana.org\/blog\/goto\/https:\/\/booknode.com\/sous_un_ciel_egyptien_tome_2_scarabee_sacre_03404066\"  target=\"_blank\" rel=\"noopener noreferrer nofollow\">Le livre <\/a><span><\/span>. Disponible \u00e0 CULTURA.<\/p>\n<p>Palmyre. Histoire et arch\u00e9ologie d\u2019une cit\u00e9 caravani\u00e8re \u00e0 la crois\u00e9e des cultures.,<a target=\"_blank\" rel=\"nofollow\" href=\"https:\/\/www.viaromana.org\/blog\/goto\/https:\/\/www.epagine.fr\/ebook\/9782271093899-palmyre-histoire-et-archeologie-d-une-cite-caravaniere-a-la-croisee-des-cultures-christiane-delplace\/\"  target=\"_blank\" rel=\"noopener noreferrer nofollow\">Le livre <\/a><span><\/span>.<\/p>\n<p>Raoul Taffin tombe \u00e0 l\u2019eau.,<a target=\"_blank\" rel=\"nofollow\" href=\"https:\/\/www.viaromana.org\/blog\/goto\/https:\/\/booknode.com\/raoul_taffin_tombe_a_leau_01616544\"  target=\"_blank\" rel=\"noopener noreferrer nofollow\">A voir et \u00e0 lire. <\/a><span><\/span>.<\/p>\n<p>Perun, dieu slave de l\u2019orage.,<a target=\"_blank\" rel=\"nofollow\" href=\"https:\/\/www.viaromana.org\/blog\/goto\/https:\/\/www.kobo.com\/de\/fr\/ebook\/perun-dieu-slave-de-l-orage\"  target=\"_blank\" rel=\"noopener noreferrer nofollow\">Clicker Ici <\/a><span><\/span>.<\/p>\n","protected":false},"excerpt":{"rendered":"<p>Ce texte ayant pour th\u00e8me \u00ab&nbsp;l\u2019arch\u00e9ologie&nbsp;\u00bb a \u00e9t\u00e9 remarqu\u00e9 sur le web, nous avons d\u00e9cid\u00e9 de vous le publier ici. Le titre s\u00e9duisant (Newsletter Juin 2023) est parlant. Annonc\u00e9 sous le nom \u00abprehistoire\u00bb, le journaliste est positivement connu pour plusieurs autres encarts qu\u2019il a publi\u00e9s sur le web. Newsletter Juin 2023 @import url(\u2018 Si le message ci-dessous ne s\u2019affiche pas correctement, consultez la version en ligne. #031 juin 2023 La lettre d&rsquo;information @import url(\u2018 Chers abonn\u00e9s, Le mois de juin sera particuli\u00e8rement anim\u00e9 au mus\u00e9e de Pr\u00e9histoire.&nbsp; Si comme chaque 21 juin, l\u2019arriv\u00e9e de l\u2019\u00e9t\u00e9 sera f\u00eat\u00e9e en musique gr\u00e2ce\u2026<\/p>\n","protected":false},"author":1,"featured_media":0,"comment_status":"closed","ping_status":"closed","sticky":false,"template":"","format":"standard","meta":{"footnotes":""},"categories":[2],"tags":[],"blocksy_meta":{"styles_descriptor":{"styles":{"desktop":"","tablet":"","mobile":""},"google_fonts":[],"version":4}},"yoast_head":"<!-- This site is optimized with the Yoast SEO plugin v21.1 - https:\/\/yoast.com\/wordpress\/plugins\/seo\/ -->\n<title>Sur internet : Newsletter Juin 2023 - Viaromana et arch\u00e9ologie.<\/title>\n<meta name=\"description\" content=\"Sur internet : Newsletter Juin 2023 article de Viaromana et arch\u00e9ologie.\" \/>\n<meta name=\"robots\" content=\"index, follow, max-snippet:-1, max-image-preview:large, max-video-preview:-1\" \/>\n<link rel=\"canonical\" href=\"https:\/\/www.viaromana.org\/blog\/sur-internet-newsletter-juin-2023\/\" \/>\n<meta property=\"og:locale\" content=\"fr_FR\" \/>\n<meta property=\"og:type\" content=\"article\" \/>\n<meta property=\"og:title\" content=\"Sur internet : Newsletter Juin 2023 - Viaromana et arch\u00e9ologie.\" \/>\n<meta property=\"og:description\" content=\"Sur internet : Newsletter Juin 2023 article de Viaromana et arch\u00e9ologie.\" \/>\n<meta property=\"og:url\" content=\"https:\/\/www.viaromana.org\/blog\/sur-internet-newsletter-juin-2023\/\" \/>\n<meta property=\"og:site_name\" content=\"Viaromana et arch\u00e9ologie.\" \/>\n<meta property=\"article:published_time\" content=\"2023-05-25T09:13:37+00:00\" \/>\n<meta property=\"og:image\" content=\"https:\/\/www.viaromana.org\/blog\/wp-content\/uploads\/2023\/05\/sur-internet-newsletter-juin-2023.png\" \/>\n<meta name=\"author\" content=\"Robert\" \/>\n<meta name=\"twitter:card\" content=\"summary_large_image\" \/>\n<meta name=\"twitter:label1\" content=\"\u00c9crit par\" \/>\n\t<meta name=\"twitter:data1\" content=\"Robert\" \/>\n\t<meta name=\"twitter:label2\" content=\"Dur\u00e9e de lecture estim\u00e9e\" \/>\n\t<meta name=\"twitter:data2\" content=\"2 minutes\" \/>\n<script type=\"application\/ld+json\" class=\"yoast-schema-graph\">{\"@context\":\"https:\/\/schema.org\",\"@graph\":[{\"@type\":\"Article\",\"@id\":\"https:\/\/www.viaromana.org\/blog\/sur-internet-newsletter-juin-2023\/#article\",\"isPartOf\":{\"@id\":\"https:\/\/www.viaromana.org\/blog\/sur-internet-newsletter-juin-2023\/\"},\"author\":{\"name\":\"Robert\",\"@id\":\"https:\/\/www.viaromana.org\/blog\/#\/schema\/person\/cde9c4655845091e1fe473fcd163c889\"},\"headline\":\"Sur internet : Newsletter Juin 2023\",\"datePublished\":\"2023-05-25T09:13:37+00:00\",\"dateModified\":\"2023-05-25T09:13:37+00:00\",\"mainEntityOfPage\":{\"@id\":\"https:\/\/www.viaromana.org\/blog\/sur-internet-newsletter-juin-2023\/\"},\"wordCount\":308,\"publisher\":{\"@id\":\"https:\/\/www.viaromana.org\/blog\/#organization\"},\"articleSection\":[\"Arch\u00e9ologie\"],\"inLanguage\":\"fr-FR\"},{\"@type\":\"WebPage\",\"@id\":\"https:\/\/www.viaromana.org\/blog\/sur-internet-newsletter-juin-2023\/\",\"url\":\"https:\/\/www.viaromana.org\/blog\/sur-internet-newsletter-juin-2023\/\",\"name\":\"Sur internet : Newsletter Juin 2023 - Viaromana et arch\u00e9ologie.\",\"isPartOf\":{\"@id\":\"https:\/\/www.viaromana.org\/blog\/#website\"},\"datePublished\":\"2023-05-25T09:13:37+00:00\",\"dateModified\":\"2023-05-25T09:13:37+00:00\",\"description\":\"Sur internet : Newsletter Juin 2023 article de Viaromana et arch\u00e9ologie.\",\"breadcrumb\":{\"@id\":\"https:\/\/www.viaromana.org\/blog\/sur-internet-newsletter-juin-2023\/#breadcrumb\"},\"inLanguage\":\"fr-FR\",\"potentialAction\":[{\"@type\":\"ReadAction\",\"target\":[\"https:\/\/www.viaromana.org\/blog\/sur-internet-newsletter-juin-2023\/\"]}]},{\"@type\":\"BreadcrumbList\",\"@id\":\"https:\/\/www.viaromana.org\/blog\/sur-internet-newsletter-juin-2023\/#breadcrumb\",\"itemListElement\":[{\"@type\":\"ListItem\",\"position\":1,\"name\":\"Accueil\",\"item\":\"https:\/\/www.viaromana.org\/blog\/\"},{\"@type\":\"ListItem\",\"position\":2,\"name\":\"Sur internet : Newsletter Juin 2023\"}]},{\"@type\":\"WebSite\",\"@id\":\"https:\/\/www.viaromana.org\/blog\/#website\",\"url\":\"https:\/\/www.viaromana.org\/blog\/\",\"name\":\"Viaromana et arch\u00e9ologie.\",\"description\":\"Site arch\u00e9ologique de la voie romaine (viaromana) Belgique-France-Rome\",\"publisher\":{\"@id\":\"https:\/\/www.viaromana.org\/blog\/#organization\"},\"potentialAction\":[{\"@type\":\"SearchAction\",\"target\":{\"@type\":\"EntryPoint\",\"urlTemplate\":\"https:\/\/www.viaromana.org\/blog\/?s={search_term_string}\"},\"query-input\":\"required name=search_term_string\"}],\"inLanguage\":\"fr-FR\"},{\"@type\":\"Organization\",\"@id\":\"https:\/\/www.viaromana.org\/blog\/#organization\",\"name\":\"viaromana\",\"url\":\"https:\/\/www.viaromana.org\/blog\/\",\"logo\":{\"@type\":\"ImageObject\",\"inLanguage\":\"fr-FR\",\"@id\":\"https:\/\/www.viaromana.org\/blog\/#\/schema\/logo\/image\/\",\"url\":\"https:\/\/www.viaromana.org\/blog\/wp-content\/uploads\/2021\/12\/logo-3.png\",\"contentUrl\":\"https:\/\/www.viaromana.org\/blog\/wp-content\/uploads\/2021\/12\/logo-3.png\",\"width\":300,\"height\":249,\"caption\":\"viaromana\"},\"image\":{\"@id\":\"https:\/\/www.viaromana.org\/blog\/#\/schema\/logo\/image\/\"}},{\"@type\":\"Person\",\"@id\":\"https:\/\/www.viaromana.org\/blog\/#\/schema\/person\/cde9c4655845091e1fe473fcd163c889\",\"name\":\"Robert\",\"image\":{\"@type\":\"ImageObject\",\"inLanguage\":\"fr-FR\",\"@id\":\"https:\/\/www.viaromana.org\/blog\/#\/schema\/person\/image\/\",\"url\":\"https:\/\/secure.gravatar.com\/avatar\/a168ec191013b636c2f278aec04e724b?s=96&d=mm&r=g\",\"contentUrl\":\"https:\/\/secure.gravatar.com\/avatar\/a168ec191013b636c2f278aec04e724b?s=96&d=mm&r=g\",\"caption\":\"Robert\"},\"sameAs\":[\"https:\/\/www.viaromana.org\/blog\"],\"url\":\"https:\/\/www.viaromana.org\/blog\/author\/anaadmin\/\"}]}<\/script>\n<!-- \/ Yoast SEO plugin. -->","yoast_head_json":{"title":"Sur internet : Newsletter Juin 2023 - Viaromana et arch\u00e9ologie.","description":"Sur internet : Newsletter Juin 2023 article de Viaromana et arch\u00e9ologie.","robots":{"index":"index","follow":"follow","max-snippet":"max-snippet:-1","max-image-preview":"max-image-preview:large","max-video-preview":"max-video-preview:-1"},"canonical":"https:\/\/www.viaromana.org\/blog\/sur-internet-newsletter-juin-2023\/","og_locale":"fr_FR","og_type":"article","og_title":"Sur internet : Newsletter Juin 2023 - Viaromana et arch\u00e9ologie.","og_description":"Sur internet : Newsletter Juin 2023 article de Viaromana et arch\u00e9ologie.","og_url":"https:\/\/www.viaromana.org\/blog\/sur-internet-newsletter-juin-2023\/","og_site_name":"Viaromana et arch\u00e9ologie.","article_published_time":"2023-05-25T09:13:37+00:00","og_image":[{"url":"https:\/\/www.viaromana.org\/blog\/wp-content\/uploads\/2023\/05\/sur-internet-newsletter-juin-2023.png"}],"author":"Robert","twitter_card":"summary_large_image","twitter_misc":{"\u00c9crit par":"Robert","Dur\u00e9e de lecture estim\u00e9e":"2 minutes"},"schema":{"@context":"https:\/\/schema.org","@graph":[{"@type":"Article","@id":"https:\/\/www.viaromana.org\/blog\/sur-internet-newsletter-juin-2023\/#article","isPartOf":{"@id":"https:\/\/www.viaromana.org\/blog\/sur-internet-newsletter-juin-2023\/"},"author":{"name":"Robert","@id":"https:\/\/www.viaromana.org\/blog\/#\/schema\/person\/cde9c4655845091e1fe473fcd163c889"},"headline":"Sur internet : Newsletter Juin 2023","datePublished":"2023-05-25T09:13:37+00:00","dateModified":"2023-05-25T09:13:37+00:00","mainEntityOfPage":{"@id":"https:\/\/www.viaromana.org\/blog\/sur-internet-newsletter-juin-2023\/"},"wordCount":308,"publisher":{"@id":"https:\/\/www.viaromana.org\/blog\/#organization"},"articleSection":["Arch\u00e9ologie"],"inLanguage":"fr-FR"},{"@type":"WebPage","@id":"https:\/\/www.viaromana.org\/blog\/sur-internet-newsletter-juin-2023\/","url":"https:\/\/www.viaromana.org\/blog\/sur-internet-newsletter-juin-2023\/","name":"Sur internet : Newsletter Juin 2023 - Viaromana et arch\u00e9ologie.","isPartOf":{"@id":"https:\/\/www.viaromana.org\/blog\/#website"},"datePublished":"2023-05-25T09:13:37+00:00","dateModified":"2023-05-25T09:13:37+00:00","description":"Sur internet : Newsletter Juin 2023 article de Viaromana et arch\u00e9ologie.","breadcrumb":{"@id":"https:\/\/www.viaromana.org\/blog\/sur-internet-newsletter-juin-2023\/#breadcrumb"},"inLanguage":"fr-FR","potentialAction":[{"@type":"ReadAction","target":["https:\/\/www.viaromana.org\/blog\/sur-internet-newsletter-juin-2023\/"]}]},{"@type":"BreadcrumbList","@id":"https:\/\/www.viaromana.org\/blog\/sur-internet-newsletter-juin-2023\/#breadcrumb","itemListElement":[{"@type":"ListItem","position":1,"name":"Accueil","item":"https:\/\/www.viaromana.org\/blog\/"},{"@type":"ListItem","position":2,"name":"Sur internet : Newsletter Juin 2023"}]},{"@type":"WebSite","@id":"https:\/\/www.viaromana.org\/blog\/#website","url":"https:\/\/www.viaromana.org\/blog\/","name":"Viaromana et arch\u00e9ologie.","description":"Site arch\u00e9ologique de la voie romaine (viaromana) Belgique-France-Rome","publisher":{"@id":"https:\/\/www.viaromana.org\/blog\/#organization"},"potentialAction":[{"@type":"SearchAction","target":{"@type":"EntryPoint","urlTemplate":"https:\/\/www.viaromana.org\/blog\/?s={search_term_string}"},"query-input":"required name=search_term_string"}],"inLanguage":"fr-FR"},{"@type":"Organization","@id":"https:\/\/www.viaromana.org\/blog\/#organization","name":"viaromana","url":"https:\/\/www.viaromana.org\/blog\/","logo":{"@type":"ImageObject","inLanguage":"fr-FR","@id":"https:\/\/www.viaromana.org\/blog\/#\/schema\/logo\/image\/","url":"https:\/\/www.viaromana.org\/blog\/wp-content\/uploads\/2021\/12\/logo-3.png","contentUrl":"https:\/\/www.viaromana.org\/blog\/wp-content\/uploads\/2021\/12\/logo-3.png","width":300,"height":249,"caption":"viaromana"},"image":{"@id":"https:\/\/www.viaromana.org\/blog\/#\/schema\/logo\/image\/"}},{"@type":"Person","@id":"https:\/\/www.viaromana.org\/blog\/#\/schema\/person\/cde9c4655845091e1fe473fcd163c889","name":"Robert","image":{"@type":"ImageObject","inLanguage":"fr-FR","@id":"https:\/\/www.viaromana.org\/blog\/#\/schema\/person\/image\/","url":"https:\/\/secure.gravatar.com\/avatar\/a168ec191013b636c2f278aec04e724b?s=96&d=mm&r=g","contentUrl":"https:\/\/secure.gravatar.com\/avatar\/a168ec191013b636c2f278aec04e724b?s=96&d=mm&r=g","caption":"Robert"},"sameAs":["https:\/\/www.viaromana.org\/blog"],"url":"https:\/\/www.viaromana.org\/blog\/author\/anaadmin\/"}]}},"_links":{"self":[{"href":"https:\/\/www.viaromana.org\/blog\/wp-json\/wp\/v2\/posts\/1707"}],"collection":[{"href":"https:\/\/www.viaromana.org\/blog\/wp-json\/wp\/v2\/posts"}],"about":[{"href":"https:\/\/www.viaromana.org\/blog\/wp-json\/wp\/v2\/types\/post"}],"author":[{"embeddable":true,"href":"https:\/\/www.viaromana.org\/blog\/wp-json\/wp\/v2\/users\/1"}],"replies":[{"embeddable":true,"href":"https:\/\/www.viaromana.org\/blog\/wp-json\/wp\/v2\/comments?post=1707"}],"version-history":[{"count":0,"href":"https:\/\/www.viaromana.org\/blog\/wp-json\/wp\/v2\/posts\/1707\/revisions"}],"wp:attachment":[{"href":"https:\/\/www.viaromana.org\/blog\/wp-json\/wp\/v2\/media?parent=1707"}],"wp:term":[{"taxonomy":"category","embeddable":true,"href":"https:\/\/www.viaromana.org\/blog\/wp-json\/wp\/v2\/categories?post=1707"},{"taxonomy":"post_tag","embeddable":true,"href":"https:\/\/www.viaromana.org\/blog\/wp-json\/wp\/v2\/tags?post=1707"}],"curies":[{"name":"wp","href":"https:\/\/api.w.org\/{rel}","templated":true}]}}