{"id":1705,"date":"2023-05-24T15:30:22","date_gmt":"2023-05-24T13:30:22","guid":{"rendered":"https:\/\/www.site.cdcl.xyz\/2023\/05\/24\/article-tout-frais-prevention-canicule-ville-de-vannes\/"},"modified":"2023-05-24T15:30:22","modified_gmt":"2023-05-24T13:30:22","slug":"article-tout-frais-prevention-canicule-ville-de-vannes","status":"publish","type":"post","link":"https:\/\/www.viaromana.org\/blog\/article-tout-frais-prevention-canicule-ville-de-vannes\/","title":{"rendered":"Article tout frais : Pr\u00e9vention canicule | Ville de Vannes"},"content":{"rendered":"<p>Notre \u00e9quipe vient de d\u00e9couvrir ce papier sur la th\u00e9matique \u00ab&nbsp;l\u2019arch\u00e9ologie&nbsp;\u00bb. Avec plaisir nous vous en r\u00e9v\u00e9lons le plus fameux ici.<\/p>\n<p>Le titre saisissant (Pr\u00e9vention canicule | Ville de Vannes) parle de lui-m\u00eame.<\/p>\n<p> Annonc\u00e9 sous le nom \u00abadmin_vannes\u00bb, le journaliste est reconnu comme quelqu\u2019un de s\u00e9rieux.<\/p>\n<p>La fiabilit\u00e9 est de ce fait s\u00e9rieuse concernant cet encart.<\/p>\n<p>Voil\u00e0 ll\u2019article : <\/p>\n<div>\n<div>\n<p>Comme chaque ann\u00e9e, au d\u00e9but de l\u2019\u00e9t\u00e9, en pr\u00e9vision d\u2019\u00e9ventuelles chaleurs estivales, la Ville de Vannes tient, \u00e0 titre&nbsp;pr\u00e9ventif, un registre recensant les personnes fragilis\u00e9es qui se sont signal\u00e9es du fait de leurs difficult\u00e9s de d\u00e9placement,&nbsp;de leur isolement, ou simplement de leur \u00e2ge.<\/p>\n<p>Ce registre confidentiel peut \u00eatre utilis\u00e9 par les autorit\u00e9s comp\u00e9tentes en cas&nbsp;de d\u00e9clenchement de plans de protection civile, notamment lors d\u2019une p\u00e9riode de canicule.<\/p>\n<p>Les Vannetaises et les Vannetais d\u00e9sirant s\u2019inscrire sur ce registre, ou inscrire un de leurs proches, peuvent s\u2019adresser au&nbsp;CCAS afin de compl\u00e9ter une fiche de renseignements (noms, coordonn\u00e9es, personnes \u00e0 pr\u00e9venir en cas d\u2019urgence\u2026). Ces&nbsp;donn\u00e9es confidentielles, conserv\u00e9es et mises \u00e0 jour par le CCAS, sont tenues \u00e0 la disposition du pr\u00e9fet du Morbihan en cas&nbsp;de mise en oeuvre d\u2019un plan d\u2019alerte ou d\u2019urgence, notamment canicule.<\/p>\n<p>Les personnes d\u00e9j\u00e0 inscrites sur le registre n\u2019ont pas \u00e0 renouveler leur inscription chaque ann\u00e9e. Il leur est toutefois&nbsp;demand\u00e9 de bien vouloir communiquer au CCAS tout changement de situation (changement d\u2019adresse par exemple). En&nbsp;cas de d\u00e9m\u00e9nagement hors de Vannes, les personnes concern\u00e9es sont invit\u00e9es \u00e0 se r\u00e9inscrire aupr\u00e8s de la mairie de leur&nbsp;nouvelle commune.<\/p>\n<p>Pour tout renseignement compl\u00e9mentaire et retrait des fiches d\u2019inscription sur le registre, merci de bien vouloir s\u2019adresser&nbsp;au CCAS (Centre Communal d\u2019Action Sociale) \u2013 Service de maintien \u00e0 domicile, 22 avenue Victor Hugo \u00e0 Vannes \uf028&nbsp;02.97.01.65.27. ou 02.97.01.65.34<\/p>\n<p>La demande d\u2019inscription est \u00e9galement t\u00e9l\u00e9chargeable sur le site internet de la ville de Vannes www.mairie-vannes.fr&nbsp;(Vannes Pratique\/CCAS\/S\u00e9niors\/Pr\u00e9vention canicule)<\/p>\n<\/div>\n<\/div>\n<p>Parutions:<\/p>\n<p>Pr\u00e9cis d\u2019arch\u00e9ologie biblique.,<a target=\"_blank\" rel=\"nofollow\" href=\"https:\/\/www.viaromana.org\/blog\/goto\/https:\/\/www.epagine.fr\/ebook\/9782307159438-precis-d-archeologie-biblique-augustin-georges-barrois\/\"  target=\"_blank\" rel=\"noopener noreferrer nofollow\">Ouvrage <\/a><span><\/span>.<\/p>\n<p>Note sur le monument des sources de la Seine \u2013 Lue \u00e0 la Soci\u00e9t\u00e9 parisienne d\u2019arch\u00e9ologie et d\u2019histoire.,<a target=\"_blank\" rel=\"nofollow\" href=\"https:\/\/www.viaromana.org\/blog\/goto\/https:\/\/www.kobo.com\/de\/fr\/ebook\/note-sur-le-monument-des-sources-de-la-seine-lue-a-la-societe-parisienne-d-archeologie-et-d-histoire\"  target=\"_blank\" rel=\"noopener noreferrer nofollow\">Le livre <\/a><span><\/span>. Ouvrage de r\u00e9f\u00e9rence.<\/p>\n<p>Une enqu\u00eate de Mary Lester, tome 19 : L\u2019or du Louvre.,<a target=\"_blank\" rel=\"nofollow\" href=\"https:\/\/www.viaromana.org\/blog\/goto\/https:\/\/booknode.com\/une_enquete_de_mary_lester_tome_19_lor_du_louvre_057601\"  target=\"_blank\" rel=\"noopener noreferrer nofollow\">Ouvrage <\/a><span><\/span>. A emprunter en biblioth\u00e8que.<\/p>\n<p>Pays d\u2019Islam et monde latin.,<a target=\"_blank\" rel=\"nofollow\" href=\"https:\/\/www.viaromana.org\/blog\/goto\/https:\/\/www.kobo.com\/de\/fr\/ebook\/pays-d-islam-et-monde-latin\"  target=\"_blank\" rel=\"noopener noreferrer nofollow\">Le livre <\/a><span><\/span>.<\/p>\n","protected":false},"excerpt":{"rendered":"<p>Notre \u00e9quipe vient de d\u00e9couvrir ce papier sur la th\u00e9matique \u00ab&nbsp;l\u2019arch\u00e9ologie&nbsp;\u00bb. Avec plaisir nous vous en r\u00e9v\u00e9lons le plus fameux ici. Le titre saisissant (Pr\u00e9vention canicule | Ville de Vannes) parle de lui-m\u00eame. Annonc\u00e9 sous le nom \u00abadmin_vannes\u00bb, le journaliste est reconnu comme quelqu\u2019un de s\u00e9rieux. La fiabilit\u00e9 est de ce fait s\u00e9rieuse concernant cet encart. Voil\u00e0 ll\u2019article : Comme chaque ann\u00e9e, au d\u00e9but de l\u2019\u00e9t\u00e9, en pr\u00e9vision d\u2019\u00e9ventuelles chaleurs estivales, la Ville de Vannes tient, \u00e0 titre&nbsp;pr\u00e9ventif, un registre recensant les personnes fragilis\u00e9es qui se sont signal\u00e9es du fait de leurs difficult\u00e9s de d\u00e9placement,&nbsp;de leur isolement, ou simplement de\u2026<\/p>\n","protected":false},"author":1,"featured_media":0,"comment_status":"closed","ping_status":"closed","sticky":false,"template":"","format":"standard","meta":{"footnotes":""},"categories":[2],"tags":[],"blocksy_meta":{"styles_descriptor":{"styles":{"desktop":"","tablet":"","mobile":""},"google_fonts":[],"version":4}},"yoast_head":"<!-- This site is optimized with the Yoast SEO plugin v21.1 - https:\/\/yoast.com\/wordpress\/plugins\/seo\/ -->\n<title>Article tout frais : Pr\u00e9vention canicule | Ville de Vannes - Viaromana et arch\u00e9ologie.<\/title>\n<meta name=\"description\" content=\"Article tout frais : Pr\u00e9vention canicule | Ville de Vannes article de Viaromana et arch\u00e9ologie.\" \/>\n<meta name=\"robots\" content=\"index, follow, max-snippet:-1, max-image-preview:large, max-video-preview:-1\" \/>\n<link rel=\"canonical\" href=\"https:\/\/www.viaromana.org\/blog\/article-tout-frais-prevention-canicule-ville-de-vannes\/\" \/>\n<meta property=\"og:locale\" content=\"fr_FR\" \/>\n<meta property=\"og:type\" content=\"article\" \/>\n<meta property=\"og:title\" content=\"Article tout frais : Pr\u00e9vention canicule | Ville de Vannes - Viaromana et arch\u00e9ologie.\" \/>\n<meta property=\"og:description\" content=\"Article tout frais : Pr\u00e9vention canicule | Ville de Vannes article de Viaromana et arch\u00e9ologie.\" \/>\n<meta property=\"og:url\" content=\"https:\/\/www.viaromana.org\/blog\/article-tout-frais-prevention-canicule-ville-de-vannes\/\" \/>\n<meta property=\"og:site_name\" content=\"Viaromana et arch\u00e9ologie.\" \/>\n<meta property=\"article:published_time\" content=\"2023-05-24T13:30:22+00:00\" \/>\n<meta name=\"author\" content=\"Robert\" \/>\n<meta name=\"twitter:card\" content=\"summary_large_image\" \/>\n<meta name=\"twitter:label1\" content=\"\u00c9crit par\" \/>\n\t<meta name=\"twitter:data1\" content=\"Robert\" \/>\n\t<meta name=\"twitter:label2\" content=\"Dur\u00e9e de lecture estim\u00e9e\" \/>\n\t<meta name=\"twitter:data2\" content=\"2 minutes\" \/>\n<script type=\"application\/ld+json\" class=\"yoast-schema-graph\">{\"@context\":\"https:\/\/schema.org\",\"@graph\":[{\"@type\":\"Article\",\"@id\":\"https:\/\/www.viaromana.org\/blog\/article-tout-frais-prevention-canicule-ville-de-vannes\/#article\",\"isPartOf\":{\"@id\":\"https:\/\/www.viaromana.org\/blog\/article-tout-frais-prevention-canicule-ville-de-vannes\/\"},\"author\":{\"name\":\"Robert\",\"@id\":\"https:\/\/www.viaromana.org\/blog\/#\/schema\/person\/cde9c4655845091e1fe473fcd163c889\"},\"headline\":\"Article tout frais : Pr\u00e9vention canicule | Ville de Vannes\",\"datePublished\":\"2023-05-24T13:30:22+00:00\",\"dateModified\":\"2023-05-24T13:30:22+00:00\",\"mainEntityOfPage\":{\"@id\":\"https:\/\/www.viaromana.org\/blog\/article-tout-frais-prevention-canicule-ville-de-vannes\/\"},\"wordCount\":445,\"publisher\":{\"@id\":\"https:\/\/www.viaromana.org\/blog\/#organization\"},\"articleSection\":[\"Arch\u00e9ologie\"],\"inLanguage\":\"fr-FR\"},{\"@type\":\"WebPage\",\"@id\":\"https:\/\/www.viaromana.org\/blog\/article-tout-frais-prevention-canicule-ville-de-vannes\/\",\"url\":\"https:\/\/www.viaromana.org\/blog\/article-tout-frais-prevention-canicule-ville-de-vannes\/\",\"name\":\"Article tout frais : Pr\u00e9vention canicule | Ville de Vannes - Viaromana et arch\u00e9ologie.\",\"isPartOf\":{\"@id\":\"https:\/\/www.viaromana.org\/blog\/#website\"},\"datePublished\":\"2023-05-24T13:30:22+00:00\",\"dateModified\":\"2023-05-24T13:30:22+00:00\",\"description\":\"Article tout frais : Pr\u00e9vention canicule | Ville de Vannes article de Viaromana et arch\u00e9ologie.\",\"breadcrumb\":{\"@id\":\"https:\/\/www.viaromana.org\/blog\/article-tout-frais-prevention-canicule-ville-de-vannes\/#breadcrumb\"},\"inLanguage\":\"fr-FR\",\"potentialAction\":[{\"@type\":\"ReadAction\",\"target\":[\"https:\/\/www.viaromana.org\/blog\/article-tout-frais-prevention-canicule-ville-de-vannes\/\"]}]},{\"@type\":\"BreadcrumbList\",\"@id\":\"https:\/\/www.viaromana.org\/blog\/article-tout-frais-prevention-canicule-ville-de-vannes\/#breadcrumb\",\"itemListElement\":[{\"@type\":\"ListItem\",\"position\":1,\"name\":\"Accueil\",\"item\":\"https:\/\/www.viaromana.org\/blog\/\"},{\"@type\":\"ListItem\",\"position\":2,\"name\":\"Article tout frais : Pr\u00e9vention canicule | Ville de Vannes\"}]},{\"@type\":\"WebSite\",\"@id\":\"https:\/\/www.viaromana.org\/blog\/#website\",\"url\":\"https:\/\/www.viaromana.org\/blog\/\",\"name\":\"Viaromana et arch\u00e9ologie.\",\"description\":\"Site arch\u00e9ologique de la voie romaine (viaromana) Belgique-France-Rome\",\"publisher\":{\"@id\":\"https:\/\/www.viaromana.org\/blog\/#organization\"},\"potentialAction\":[{\"@type\":\"SearchAction\",\"target\":{\"@type\":\"EntryPoint\",\"urlTemplate\":\"https:\/\/www.viaromana.org\/blog\/?s={search_term_string}\"},\"query-input\":\"required name=search_term_string\"}],\"inLanguage\":\"fr-FR\"},{\"@type\":\"Organization\",\"@id\":\"https:\/\/www.viaromana.org\/blog\/#organization\",\"name\":\"viaromana\",\"url\":\"https:\/\/www.viaromana.org\/blog\/\",\"logo\":{\"@type\":\"ImageObject\",\"inLanguage\":\"fr-FR\",\"@id\":\"https:\/\/www.viaromana.org\/blog\/#\/schema\/logo\/image\/\",\"url\":\"https:\/\/www.viaromana.org\/blog\/wp-content\/uploads\/2021\/12\/logo-3.png\",\"contentUrl\":\"https:\/\/www.viaromana.org\/blog\/wp-content\/uploads\/2021\/12\/logo-3.png\",\"width\":300,\"height\":249,\"caption\":\"viaromana\"},\"image\":{\"@id\":\"https:\/\/www.viaromana.org\/blog\/#\/schema\/logo\/image\/\"}},{\"@type\":\"Person\",\"@id\":\"https:\/\/www.viaromana.org\/blog\/#\/schema\/person\/cde9c4655845091e1fe473fcd163c889\",\"name\":\"Robert\",\"image\":{\"@type\":\"ImageObject\",\"inLanguage\":\"fr-FR\",\"@id\":\"https:\/\/www.viaromana.org\/blog\/#\/schema\/person\/image\/\",\"url\":\"https:\/\/secure.gravatar.com\/avatar\/a168ec191013b636c2f278aec04e724b?s=96&d=mm&r=g\",\"contentUrl\":\"https:\/\/secure.gravatar.com\/avatar\/a168ec191013b636c2f278aec04e724b?s=96&d=mm&r=g\",\"caption\":\"Robert\"},\"sameAs\":[\"https:\/\/www.viaromana.org\/blog\"],\"url\":\"https:\/\/www.viaromana.org\/blog\/author\/anaadmin\/\"}]}<\/script>\n<!-- \/ Yoast SEO plugin. -->","yoast_head_json":{"title":"Article tout frais : Pr\u00e9vention canicule | Ville de Vannes - Viaromana et arch\u00e9ologie.","description":"Article tout frais : Pr\u00e9vention canicule | Ville de Vannes article de Viaromana et arch\u00e9ologie.","robots":{"index":"index","follow":"follow","max-snippet":"max-snippet:-1","max-image-preview":"max-image-preview:large","max-video-preview":"max-video-preview:-1"},"canonical":"https:\/\/www.viaromana.org\/blog\/article-tout-frais-prevention-canicule-ville-de-vannes\/","og_locale":"fr_FR","og_type":"article","og_title":"Article tout frais : Pr\u00e9vention canicule | Ville de Vannes - Viaromana et arch\u00e9ologie.","og_description":"Article tout frais : Pr\u00e9vention canicule | Ville de Vannes article de Viaromana et arch\u00e9ologie.","og_url":"https:\/\/www.viaromana.org\/blog\/article-tout-frais-prevention-canicule-ville-de-vannes\/","og_site_name":"Viaromana et arch\u00e9ologie.","article_published_time":"2023-05-24T13:30:22+00:00","author":"Robert","twitter_card":"summary_large_image","twitter_misc":{"\u00c9crit par":"Robert","Dur\u00e9e de lecture estim\u00e9e":"2 minutes"},"schema":{"@context":"https:\/\/schema.org","@graph":[{"@type":"Article","@id":"https:\/\/www.viaromana.org\/blog\/article-tout-frais-prevention-canicule-ville-de-vannes\/#article","isPartOf":{"@id":"https:\/\/www.viaromana.org\/blog\/article-tout-frais-prevention-canicule-ville-de-vannes\/"},"author":{"name":"Robert","@id":"https:\/\/www.viaromana.org\/blog\/#\/schema\/person\/cde9c4655845091e1fe473fcd163c889"},"headline":"Article tout frais : Pr\u00e9vention canicule | Ville de Vannes","datePublished":"2023-05-24T13:30:22+00:00","dateModified":"2023-05-24T13:30:22+00:00","mainEntityOfPage":{"@id":"https:\/\/www.viaromana.org\/blog\/article-tout-frais-prevention-canicule-ville-de-vannes\/"},"wordCount":445,"publisher":{"@id":"https:\/\/www.viaromana.org\/blog\/#organization"},"articleSection":["Arch\u00e9ologie"],"inLanguage":"fr-FR"},{"@type":"WebPage","@id":"https:\/\/www.viaromana.org\/blog\/article-tout-frais-prevention-canicule-ville-de-vannes\/","url":"https:\/\/www.viaromana.org\/blog\/article-tout-frais-prevention-canicule-ville-de-vannes\/","name":"Article tout frais : Pr\u00e9vention canicule | Ville de Vannes - Viaromana et arch\u00e9ologie.","isPartOf":{"@id":"https:\/\/www.viaromana.org\/blog\/#website"},"datePublished":"2023-05-24T13:30:22+00:00","dateModified":"2023-05-24T13:30:22+00:00","description":"Article tout frais : Pr\u00e9vention canicule | Ville de Vannes article de Viaromana et arch\u00e9ologie.","breadcrumb":{"@id":"https:\/\/www.viaromana.org\/blog\/article-tout-frais-prevention-canicule-ville-de-vannes\/#breadcrumb"},"inLanguage":"fr-FR","potentialAction":[{"@type":"ReadAction","target":["https:\/\/www.viaromana.org\/blog\/article-tout-frais-prevention-canicule-ville-de-vannes\/"]}]},{"@type":"BreadcrumbList","@id":"https:\/\/www.viaromana.org\/blog\/article-tout-frais-prevention-canicule-ville-de-vannes\/#breadcrumb","itemListElement":[{"@type":"ListItem","position":1,"name":"Accueil","item":"https:\/\/www.viaromana.org\/blog\/"},{"@type":"ListItem","position":2,"name":"Article tout frais : Pr\u00e9vention canicule | Ville de Vannes"}]},{"@type":"WebSite","@id":"https:\/\/www.viaromana.org\/blog\/#website","url":"https:\/\/www.viaromana.org\/blog\/","name":"Viaromana et arch\u00e9ologie.","description":"Site arch\u00e9ologique de la voie romaine (viaromana) Belgique-France-Rome","publisher":{"@id":"https:\/\/www.viaromana.org\/blog\/#organization"},"potentialAction":[{"@type":"SearchAction","target":{"@type":"EntryPoint","urlTemplate":"https:\/\/www.viaromana.org\/blog\/?s={search_term_string}"},"query-input":"required name=search_term_string"}],"inLanguage":"fr-FR"},{"@type":"Organization","@id":"https:\/\/www.viaromana.org\/blog\/#organization","name":"viaromana","url":"https:\/\/www.viaromana.org\/blog\/","logo":{"@type":"ImageObject","inLanguage":"fr-FR","@id":"https:\/\/www.viaromana.org\/blog\/#\/schema\/logo\/image\/","url":"https:\/\/www.viaromana.org\/blog\/wp-content\/uploads\/2021\/12\/logo-3.png","contentUrl":"https:\/\/www.viaromana.org\/blog\/wp-content\/uploads\/2021\/12\/logo-3.png","width":300,"height":249,"caption":"viaromana"},"image":{"@id":"https:\/\/www.viaromana.org\/blog\/#\/schema\/logo\/image\/"}},{"@type":"Person","@id":"https:\/\/www.viaromana.org\/blog\/#\/schema\/person\/cde9c4655845091e1fe473fcd163c889","name":"Robert","image":{"@type":"ImageObject","inLanguage":"fr-FR","@id":"https:\/\/www.viaromana.org\/blog\/#\/schema\/person\/image\/","url":"https:\/\/secure.gravatar.com\/avatar\/a168ec191013b636c2f278aec04e724b?s=96&d=mm&r=g","contentUrl":"https:\/\/secure.gravatar.com\/avatar\/a168ec191013b636c2f278aec04e724b?s=96&d=mm&r=g","caption":"Robert"},"sameAs":["https:\/\/www.viaromana.org\/blog"],"url":"https:\/\/www.viaromana.org\/blog\/author\/anaadmin\/"}]}},"_links":{"self":[{"href":"https:\/\/www.viaromana.org\/blog\/wp-json\/wp\/v2\/posts\/1705"}],"collection":[{"href":"https:\/\/www.viaromana.org\/blog\/wp-json\/wp\/v2\/posts"}],"about":[{"href":"https:\/\/www.viaromana.org\/blog\/wp-json\/wp\/v2\/types\/post"}],"author":[{"embeddable":true,"href":"https:\/\/www.viaromana.org\/blog\/wp-json\/wp\/v2\/users\/1"}],"replies":[{"embeddable":true,"href":"https:\/\/www.viaromana.org\/blog\/wp-json\/wp\/v2\/comments?post=1705"}],"version-history":[{"count":0,"href":"https:\/\/www.viaromana.org\/blog\/wp-json\/wp\/v2\/posts\/1705\/revisions"}],"wp:attachment":[{"href":"https:\/\/www.viaromana.org\/blog\/wp-json\/wp\/v2\/media?parent=1705"}],"wp:term":[{"taxonomy":"category","embeddable":true,"href":"https:\/\/www.viaromana.org\/blog\/wp-json\/wp\/v2\/categories?post=1705"},{"taxonomy":"post_tag","embeddable":true,"href":"https:\/\/www.viaromana.org\/blog\/wp-json\/wp\/v2\/tags?post=1705"}],"curies":[{"name":"wp","href":"https:\/\/api.w.org\/{rel}","templated":true}]}}