{"id":1704,"date":"2023-05-24T15:36:24","date_gmt":"2023-05-24T13:36:24","guid":{"rendered":"https:\/\/www.site.cdcl.xyz\/2023\/05\/24\/quoi-penser-de-ce-texte-concerts-a-la-chapelle-st-yves\/"},"modified":"2023-05-24T15:36:24","modified_gmt":"2023-05-24T13:36:24","slug":"quoi-penser-de-ce-texte-concerts-a-la-chapelle-st-yves","status":"publish","type":"post","link":"https:\/\/www.viaromana.org\/blog\/quoi-penser-de-ce-texte-concerts-a-la-chapelle-st-yves\/","title":{"rendered":"Quoi penser de ce texte : Concerts \u00e0 la chapelle St Yves"},"content":{"rendered":"<p>Notre \u00e9quipe a vu un article sur le web dont le th\u00e8me est \u00abl\u2019arch\u00e9ologie\u00bb.<\/p>\n<p>Son titre (Concerts \u00e0 la chapelle St Yves) en dit long.<\/p>\n<p> Identifi\u00e9 sous le nom \u00abadmin_vannes\u00bb, le journaliste est connu et fiable.<\/p>\n<p>Vous pouvez par cons\u00e9quent vous fier aux informations qu\u2019il diffuse.<\/p>\n<p>La date d\u2019\u00e9dition est 2023-05-24 15:36:24.<\/p>\n<p>Texte d\u2019origine : <\/p>\n<p><span>Concerts \u00e0 la chapelle St Yves <\/span><br \/><span><span lang xml:lang>admin_vannes<\/span><\/span><br \/><span>mer 24\/05\/2023 \u2013 15:36<\/span><\/p>\n<div><img decoding=\"async\" src=\"https:\/\/www.viaromana.org\/blog\/wp-content\/uploads\/2023\/05\/quoi-penser-de-ce-texte-concerts-a-la-chapelle-st-yves.jpg\" alt><\/div>\n<div>\n<p>Voici les dates des projets concert pr\u00e9vus \u00e0 La Chapelle Saint-Yves de l\u2019\u00e9t\u00e9 2023<\/p>\n<\/div>\n<div>2023-07-11<\/div>\n<div>2023-08-25<\/div>\n<div>\n<div class=\"paragraph paragraph--type--texte\">\n<div>\n<p>11 juillet&nbsp; &nbsp; &nbsp; Acad\u00e9mie de musique ancienne Orgue et voix &nbsp; 21h<\/p>\n<p>28 juillet&nbsp; &nbsp; &nbsp; Piano Violon &nbsp; avec Anne Tranchant&nbsp; 21h<\/p>\n<p>01 ao\u00fbt&nbsp; &nbsp; &nbsp; &nbsp; Ensemble vocal&nbsp; \u00ab&nbsp;Moutain silence&nbsp;\u00bb &nbsp; 20h &nbsp; gratuit<\/p>\n<p>19 ao\u00fbt&nbsp; &nbsp; &nbsp; &nbsp; Violoncelle piano &nbsp; avec Juliette Tranchant<\/p>\n<p>25 ao\u00fbt&nbsp; &nbsp; &nbsp; &nbsp; Quatuor \u00e0 cordes avec Juliette Tranchant<\/p>\n<\/div>\n<\/div>\n<div class=\"paragraph paragraph--type--carrousel\">\n<figure> <img decoding=\"async\" src=\"https:\/\/www.viaromana.org\/blog\/wp-content\/uploads\/2023\/05\/quoi-penser-de-ce-texte-concerts-a-la-chapelle-st-yves-1.jpg\" alt><figcaption><\/figcaption><\/figure>\n<\/div>\n<\/div>\n<div>\n<div class=\"paragraph paragraph--type--cartographie\">\n<h2>Chapelle Saint-Yves<\/h2>\n<\/p><\/div>\n<\/div>\n<div>\n<div>Date de d\u00e9publication<\/div>\n<div>ven 25\/08\/2023 \u2013 23:59<\/div>\n<\/div>\n<p>Ce objet correspond \u00e0 vos recherches vous aimerez tout autant ces livres:<\/p>\n<p>Un crocodile sur un banc de sable.,<a target=\"_blank\" rel=\"nofollow\" href=\"https:\/\/www.viaromana.org\/blog\/goto\/https:\/\/booknode.com\/un_crocodile_sur_un_banc_de_sable_049761\"  target=\"_blank\" rel=\"noopener noreferrer nofollow\">Le livre <\/a><span><\/span>. Disponible \u00e0 CULTURA.<\/p>\n<p>Paris en 1200 ; histoire et arch\u00e9ologie d\u2019une capitale fortifi\u00e9e par Philippe Auguste.,<a target=\"_blank\" rel=\"nofollow\" href=\"https:\/\/www.viaromana.org\/blog\/goto\/https:\/\/www.epagine.fr\/ebook\/9782271123084-paris-en-1200-histoire-et-archeologie-d-une-capitale-fortifiee-par-philippe-auguste-denis-hayot\/\"  target=\"_blank\" rel=\"noopener noreferrer nofollow\">(la couverture) <\/a><span><\/span>.<\/p>\n<p>Tombes oubli\u00e9es.,<a target=\"_blank\" rel=\"nofollow\" href=\"https:\/\/www.viaromana.org\/blog\/goto\/https:\/\/booknode.com\/tombes_oubliees_03370022\"  target=\"_blank\" rel=\"noopener noreferrer nofollow\">Le livre <\/a><span><\/span>.<\/p>\n<p>On a retrouv\u00e9 l\u2019histoire de France ; comment l\u2019arch\u00e9ologie raconte notre pass\u00e9.,<a target=\"_blank\" rel=\"nofollow\" href=\"https:\/\/www.viaromana.org\/blog\/goto\/https:\/\/www.epagine.fr\/ebook\/9782221131305-on-a-retrouve-l-histoire-de-france-comment-l-archeologie-raconte-notre-passe-jean-paul-demoule\/\"  target=\"_blank\" rel=\"noopener noreferrer nofollow\">(Disponible) <\/a><span><\/span>.<\/p>\n","protected":false},"excerpt":{"rendered":"<p>Notre \u00e9quipe a vu un article sur le web dont le th\u00e8me est \u00abl\u2019arch\u00e9ologie\u00bb. Son titre (Concerts \u00e0 la chapelle St Yves) en dit long. Identifi\u00e9 sous le nom \u00abadmin_vannes\u00bb, le journaliste est connu et fiable. Vous pouvez par cons\u00e9quent vous fier aux informations qu\u2019il diffuse. La date d\u2019\u00e9dition est 2023-05-24 15:36:24. Texte d\u2019origine : Concerts \u00e0 la chapelle St Yves admin_vannesmer 24\/05\/2023 \u2013 15:36 Voici les dates des projets concert pr\u00e9vus \u00e0 La Chapelle Saint-Yves de l\u2019\u00e9t\u00e9 2023 2023-07-11 2023-08-25 11 juillet&nbsp; &nbsp; &nbsp; Acad\u00e9mie de musique ancienne Orgue et voix &nbsp; 21h 28 juillet&nbsp; &nbsp; &nbsp; Piano Violon\u2026<\/p>\n","protected":false},"author":1,"featured_media":0,"comment_status":"closed","ping_status":"closed","sticky":false,"template":"","format":"standard","meta":{"footnotes":""},"categories":[2],"tags":[],"blocksy_meta":{"styles_descriptor":{"styles":{"desktop":"","tablet":"","mobile":""},"google_fonts":[],"version":4}},"yoast_head":"<!-- This site is optimized with the Yoast SEO plugin v21.1 - https:\/\/yoast.com\/wordpress\/plugins\/seo\/ -->\n<title>Quoi penser de ce texte : Concerts \u00e0 la chapelle St Yves - Viaromana et arch\u00e9ologie.<\/title>\n<meta name=\"description\" content=\"Quoi penser de ce texte : Concerts \u00e0 la chapelle St Yves article de Viaromana et arch\u00e9ologie.\" \/>\n<meta name=\"robots\" content=\"index, follow, max-snippet:-1, max-image-preview:large, max-video-preview:-1\" \/>\n<link rel=\"canonical\" href=\"https:\/\/www.viaromana.org\/blog\/quoi-penser-de-ce-texte-concerts-a-la-chapelle-st-yves\/\" \/>\n<meta property=\"og:locale\" content=\"fr_FR\" \/>\n<meta property=\"og:type\" content=\"article\" \/>\n<meta property=\"og:title\" content=\"Quoi penser de ce texte : Concerts \u00e0 la chapelle St Yves - Viaromana et arch\u00e9ologie.\" \/>\n<meta property=\"og:description\" content=\"Quoi penser de ce texte : Concerts \u00e0 la chapelle St Yves article de Viaromana et arch\u00e9ologie.\" \/>\n<meta property=\"og:url\" content=\"https:\/\/www.viaromana.org\/blog\/quoi-penser-de-ce-texte-concerts-a-la-chapelle-st-yves\/\" \/>\n<meta property=\"og:site_name\" content=\"Viaromana et arch\u00e9ologie.\" \/>\n<meta property=\"article:published_time\" content=\"2023-05-24T13:36:24+00:00\" \/>\n<meta property=\"og:image\" content=\"https:\/\/www.viaromana.org\/blog\/wp-content\/uploads\/2023\/05\/quoi-penser-de-ce-texte-concerts-a-la-chapelle-st-yves.jpg\" \/>\n<meta name=\"author\" content=\"Robert\" \/>\n<meta name=\"twitter:card\" content=\"summary_large_image\" \/>\n<meta name=\"twitter:label1\" content=\"\u00c9crit par\" \/>\n\t<meta name=\"twitter:data1\" content=\"Robert\" \/>\n\t<meta name=\"twitter:label2\" content=\"Dur\u00e9e de lecture estim\u00e9e\" \/>\n\t<meta name=\"twitter:data2\" content=\"1 minute\" \/>\n<script type=\"application\/ld+json\" class=\"yoast-schema-graph\">{\"@context\":\"https:\/\/schema.org\",\"@graph\":[{\"@type\":\"Article\",\"@id\":\"https:\/\/www.viaromana.org\/blog\/quoi-penser-de-ce-texte-concerts-a-la-chapelle-st-yves\/#article\",\"isPartOf\":{\"@id\":\"https:\/\/www.viaromana.org\/blog\/quoi-penser-de-ce-texte-concerts-a-la-chapelle-st-yves\/\"},\"author\":{\"name\":\"Robert\",\"@id\":\"https:\/\/www.viaromana.org\/blog\/#\/schema\/person\/cde9c4655845091e1fe473fcd163c889\"},\"headline\":\"Quoi penser de ce texte : Concerts \u00e0 la chapelle St Yves\",\"datePublished\":\"2023-05-24T13:36:24+00:00\",\"dateModified\":\"2023-05-24T13:36:24+00:00\",\"mainEntityOfPage\":{\"@id\":\"https:\/\/www.viaromana.org\/blog\/quoi-penser-de-ce-texte-concerts-a-la-chapelle-st-yves\/\"},\"wordCount\":228,\"publisher\":{\"@id\":\"https:\/\/www.viaromana.org\/blog\/#organization\"},\"articleSection\":[\"Arch\u00e9ologie\"],\"inLanguage\":\"fr-FR\"},{\"@type\":\"WebPage\",\"@id\":\"https:\/\/www.viaromana.org\/blog\/quoi-penser-de-ce-texte-concerts-a-la-chapelle-st-yves\/\",\"url\":\"https:\/\/www.viaromana.org\/blog\/quoi-penser-de-ce-texte-concerts-a-la-chapelle-st-yves\/\",\"name\":\"Quoi penser de ce texte : Concerts \u00e0 la chapelle St Yves - Viaromana et arch\u00e9ologie.\",\"isPartOf\":{\"@id\":\"https:\/\/www.viaromana.org\/blog\/#website\"},\"datePublished\":\"2023-05-24T13:36:24+00:00\",\"dateModified\":\"2023-05-24T13:36:24+00:00\",\"description\":\"Quoi penser de ce texte : Concerts \u00e0 la chapelle St Yves article de Viaromana et arch\u00e9ologie.\",\"breadcrumb\":{\"@id\":\"https:\/\/www.viaromana.org\/blog\/quoi-penser-de-ce-texte-concerts-a-la-chapelle-st-yves\/#breadcrumb\"},\"inLanguage\":\"fr-FR\",\"potentialAction\":[{\"@type\":\"ReadAction\",\"target\":[\"https:\/\/www.viaromana.org\/blog\/quoi-penser-de-ce-texte-concerts-a-la-chapelle-st-yves\/\"]}]},{\"@type\":\"BreadcrumbList\",\"@id\":\"https:\/\/www.viaromana.org\/blog\/quoi-penser-de-ce-texte-concerts-a-la-chapelle-st-yves\/#breadcrumb\",\"itemListElement\":[{\"@type\":\"ListItem\",\"position\":1,\"name\":\"Accueil\",\"item\":\"https:\/\/www.viaromana.org\/blog\/\"},{\"@type\":\"ListItem\",\"position\":2,\"name\":\"Quoi penser de ce texte : Concerts \u00e0 la chapelle St Yves\"}]},{\"@type\":\"WebSite\",\"@id\":\"https:\/\/www.viaromana.org\/blog\/#website\",\"url\":\"https:\/\/www.viaromana.org\/blog\/\",\"name\":\"Viaromana et arch\u00e9ologie.\",\"description\":\"Site arch\u00e9ologique de la voie romaine (viaromana) Belgique-France-Rome\",\"publisher\":{\"@id\":\"https:\/\/www.viaromana.org\/blog\/#organization\"},\"potentialAction\":[{\"@type\":\"SearchAction\",\"target\":{\"@type\":\"EntryPoint\",\"urlTemplate\":\"https:\/\/www.viaromana.org\/blog\/?s={search_term_string}\"},\"query-input\":\"required name=search_term_string\"}],\"inLanguage\":\"fr-FR\"},{\"@type\":\"Organization\",\"@id\":\"https:\/\/www.viaromana.org\/blog\/#organization\",\"name\":\"viaromana\",\"url\":\"https:\/\/www.viaromana.org\/blog\/\",\"logo\":{\"@type\":\"ImageObject\",\"inLanguage\":\"fr-FR\",\"@id\":\"https:\/\/www.viaromana.org\/blog\/#\/schema\/logo\/image\/\",\"url\":\"https:\/\/www.viaromana.org\/blog\/wp-content\/uploads\/2021\/12\/logo-3.png\",\"contentUrl\":\"https:\/\/www.viaromana.org\/blog\/wp-content\/uploads\/2021\/12\/logo-3.png\",\"width\":300,\"height\":249,\"caption\":\"viaromana\"},\"image\":{\"@id\":\"https:\/\/www.viaromana.org\/blog\/#\/schema\/logo\/image\/\"}},{\"@type\":\"Person\",\"@id\":\"https:\/\/www.viaromana.org\/blog\/#\/schema\/person\/cde9c4655845091e1fe473fcd163c889\",\"name\":\"Robert\",\"image\":{\"@type\":\"ImageObject\",\"inLanguage\":\"fr-FR\",\"@id\":\"https:\/\/www.viaromana.org\/blog\/#\/schema\/person\/image\/\",\"url\":\"https:\/\/secure.gravatar.com\/avatar\/a168ec191013b636c2f278aec04e724b?s=96&d=mm&r=g\",\"contentUrl\":\"https:\/\/secure.gravatar.com\/avatar\/a168ec191013b636c2f278aec04e724b?s=96&d=mm&r=g\",\"caption\":\"Robert\"},\"sameAs\":[\"https:\/\/www.viaromana.org\/blog\"],\"url\":\"https:\/\/www.viaromana.org\/blog\/author\/anaadmin\/\"}]}<\/script>\n<!-- \/ Yoast SEO plugin. -->","yoast_head_json":{"title":"Quoi penser de ce texte : Concerts \u00e0 la chapelle St Yves - Viaromana et arch\u00e9ologie.","description":"Quoi penser de ce texte : Concerts \u00e0 la chapelle St Yves article de Viaromana et arch\u00e9ologie.","robots":{"index":"index","follow":"follow","max-snippet":"max-snippet:-1","max-image-preview":"max-image-preview:large","max-video-preview":"max-video-preview:-1"},"canonical":"https:\/\/www.viaromana.org\/blog\/quoi-penser-de-ce-texte-concerts-a-la-chapelle-st-yves\/","og_locale":"fr_FR","og_type":"article","og_title":"Quoi penser de ce texte : Concerts \u00e0 la chapelle St Yves - Viaromana et arch\u00e9ologie.","og_description":"Quoi penser de ce texte : Concerts \u00e0 la chapelle St Yves article de Viaromana et arch\u00e9ologie.","og_url":"https:\/\/www.viaromana.org\/blog\/quoi-penser-de-ce-texte-concerts-a-la-chapelle-st-yves\/","og_site_name":"Viaromana et arch\u00e9ologie.","article_published_time":"2023-05-24T13:36:24+00:00","og_image":[{"url":"https:\/\/www.viaromana.org\/blog\/wp-content\/uploads\/2023\/05\/quoi-penser-de-ce-texte-concerts-a-la-chapelle-st-yves.jpg"}],"author":"Robert","twitter_card":"summary_large_image","twitter_misc":{"\u00c9crit par":"Robert","Dur\u00e9e de lecture estim\u00e9e":"1 minute"},"schema":{"@context":"https:\/\/schema.org","@graph":[{"@type":"Article","@id":"https:\/\/www.viaromana.org\/blog\/quoi-penser-de-ce-texte-concerts-a-la-chapelle-st-yves\/#article","isPartOf":{"@id":"https:\/\/www.viaromana.org\/blog\/quoi-penser-de-ce-texte-concerts-a-la-chapelle-st-yves\/"},"author":{"name":"Robert","@id":"https:\/\/www.viaromana.org\/blog\/#\/schema\/person\/cde9c4655845091e1fe473fcd163c889"},"headline":"Quoi penser de ce texte : Concerts \u00e0 la chapelle St Yves","datePublished":"2023-05-24T13:36:24+00:00","dateModified":"2023-05-24T13:36:24+00:00","mainEntityOfPage":{"@id":"https:\/\/www.viaromana.org\/blog\/quoi-penser-de-ce-texte-concerts-a-la-chapelle-st-yves\/"},"wordCount":228,"publisher":{"@id":"https:\/\/www.viaromana.org\/blog\/#organization"},"articleSection":["Arch\u00e9ologie"],"inLanguage":"fr-FR"},{"@type":"WebPage","@id":"https:\/\/www.viaromana.org\/blog\/quoi-penser-de-ce-texte-concerts-a-la-chapelle-st-yves\/","url":"https:\/\/www.viaromana.org\/blog\/quoi-penser-de-ce-texte-concerts-a-la-chapelle-st-yves\/","name":"Quoi penser de ce texte : Concerts \u00e0 la chapelle St Yves - Viaromana et arch\u00e9ologie.","isPartOf":{"@id":"https:\/\/www.viaromana.org\/blog\/#website"},"datePublished":"2023-05-24T13:36:24+00:00","dateModified":"2023-05-24T13:36:24+00:00","description":"Quoi penser de ce texte : Concerts \u00e0 la chapelle St Yves article de Viaromana et arch\u00e9ologie.","breadcrumb":{"@id":"https:\/\/www.viaromana.org\/blog\/quoi-penser-de-ce-texte-concerts-a-la-chapelle-st-yves\/#breadcrumb"},"inLanguage":"fr-FR","potentialAction":[{"@type":"ReadAction","target":["https:\/\/www.viaromana.org\/blog\/quoi-penser-de-ce-texte-concerts-a-la-chapelle-st-yves\/"]}]},{"@type":"BreadcrumbList","@id":"https:\/\/www.viaromana.org\/blog\/quoi-penser-de-ce-texte-concerts-a-la-chapelle-st-yves\/#breadcrumb","itemListElement":[{"@type":"ListItem","position":1,"name":"Accueil","item":"https:\/\/www.viaromana.org\/blog\/"},{"@type":"ListItem","position":2,"name":"Quoi penser de ce texte : Concerts \u00e0 la chapelle St Yves"}]},{"@type":"WebSite","@id":"https:\/\/www.viaromana.org\/blog\/#website","url":"https:\/\/www.viaromana.org\/blog\/","name":"Viaromana et arch\u00e9ologie.","description":"Site arch\u00e9ologique de la voie romaine (viaromana) Belgique-France-Rome","publisher":{"@id":"https:\/\/www.viaromana.org\/blog\/#organization"},"potentialAction":[{"@type":"SearchAction","target":{"@type":"EntryPoint","urlTemplate":"https:\/\/www.viaromana.org\/blog\/?s={search_term_string}"},"query-input":"required name=search_term_string"}],"inLanguage":"fr-FR"},{"@type":"Organization","@id":"https:\/\/www.viaromana.org\/blog\/#organization","name":"viaromana","url":"https:\/\/www.viaromana.org\/blog\/","logo":{"@type":"ImageObject","inLanguage":"fr-FR","@id":"https:\/\/www.viaromana.org\/blog\/#\/schema\/logo\/image\/","url":"https:\/\/www.viaromana.org\/blog\/wp-content\/uploads\/2021\/12\/logo-3.png","contentUrl":"https:\/\/www.viaromana.org\/blog\/wp-content\/uploads\/2021\/12\/logo-3.png","width":300,"height":249,"caption":"viaromana"},"image":{"@id":"https:\/\/www.viaromana.org\/blog\/#\/schema\/logo\/image\/"}},{"@type":"Person","@id":"https:\/\/www.viaromana.org\/blog\/#\/schema\/person\/cde9c4655845091e1fe473fcd163c889","name":"Robert","image":{"@type":"ImageObject","inLanguage":"fr-FR","@id":"https:\/\/www.viaromana.org\/blog\/#\/schema\/person\/image\/","url":"https:\/\/secure.gravatar.com\/avatar\/a168ec191013b636c2f278aec04e724b?s=96&d=mm&r=g","contentUrl":"https:\/\/secure.gravatar.com\/avatar\/a168ec191013b636c2f278aec04e724b?s=96&d=mm&r=g","caption":"Robert"},"sameAs":["https:\/\/www.viaromana.org\/blog"],"url":"https:\/\/www.viaromana.org\/blog\/author\/anaadmin\/"}]}},"_links":{"self":[{"href":"https:\/\/www.viaromana.org\/blog\/wp-json\/wp\/v2\/posts\/1704"}],"collection":[{"href":"https:\/\/www.viaromana.org\/blog\/wp-json\/wp\/v2\/posts"}],"about":[{"href":"https:\/\/www.viaromana.org\/blog\/wp-json\/wp\/v2\/types\/post"}],"author":[{"embeddable":true,"href":"https:\/\/www.viaromana.org\/blog\/wp-json\/wp\/v2\/users\/1"}],"replies":[{"embeddable":true,"href":"https:\/\/www.viaromana.org\/blog\/wp-json\/wp\/v2\/comments?post=1704"}],"version-history":[{"count":0,"href":"https:\/\/www.viaromana.org\/blog\/wp-json\/wp\/v2\/posts\/1704\/revisions"}],"wp:attachment":[{"href":"https:\/\/www.viaromana.org\/blog\/wp-json\/wp\/v2\/media?parent=1704"}],"wp:term":[{"taxonomy":"category","embeddable":true,"href":"https:\/\/www.viaromana.org\/blog\/wp-json\/wp\/v2\/categories?post=1704"},{"taxonomy":"post_tag","embeddable":true,"href":"https:\/\/www.viaromana.org\/blog\/wp-json\/wp\/v2\/tags?post=1704"}],"curies":[{"name":"wp","href":"https:\/\/api.w.org\/{rel}","templated":true}]}}