{"id":1701,"date":"2023-05-23T15:41:32","date_gmt":"2023-05-23T13:41:32","guid":{"rendered":"https:\/\/www.site.cdcl.xyz\/2023\/05\/23\/revue-de-presse-internet-reunion-publique-de-mi-mandat-ville-de-vannes\/"},"modified":"2023-05-23T15:41:32","modified_gmt":"2023-05-23T13:41:32","slug":"revue-de-presse-internet-reunion-publique-de-mi-mandat-ville-de-vannes","status":"publish","type":"post","link":"https:\/\/www.viaromana.org\/blog\/revue-de-presse-internet-reunion-publique-de-mi-mandat-ville-de-vannes\/","title":{"rendered":"Revue de presse internet : R\u00e9union publique de mi-mandat | Ville de Vannes"},"content":{"rendered":"<p>Ce papier ayant pour th\u00e9matique \u00ab&nbsp;l\u2019arch\u00e9ologie&nbsp;\u00bb a \u00e9t\u00e9 rep\u00e9r\u00e9 sur le web, nous avons d\u00e9cid\u00e9 de vous le publier d\u00e8s \u00e0 pr\u00e9sent.<\/p>\n<p>Son titre s\u00e9duisant (R\u00e9union publique de mi-mandat | Ville de Vannes) en dit long.<\/p>\n<p>Le r\u00e9dacteur (annonc\u00e9 sous le nom admin_vannes) est reconnu comme quelqu\u2019un de s\u00e9rieux pour plusieurs autres articles qu\u2019il a publi\u00e9s sur internet.<\/p>\n<p>Vous pouvez donc vous fier aux r\u00e9v\u00e9lations qu\u2019il diffuse.<\/p>\n<div>\n<div>\n<p>L\u2019occasion de faire un point d\u2019\u00e9tape avec la majorit\u00e9 municipale sur la premi\u00e8re partie du&nbsp;mandat, les projets r\u00e9alis\u00e9s ou en cours de r\u00e9alisation, les projets ajout\u00e9s ou mis sur pause ainsi que les enjeux \u00e0 venir&nbsp;jusqu\u2019en 2026.<\/p>\n<p>Cette soir\u00e9e sera aussi retransmise en direct sur les r\u00e9seaux sociaux de la Ville de Vannes.<\/p>\n<p>Le bilan de mi-mandat fait partie des 100 engagements pris par le Maire et son \u00e9quipe en mars 2020.<\/p>\n<p>Retransmission de cette r\u00e9union ici<\/p>\n<\/div>\n<\/div>\n<p>Ce th\u00e8me vous a int\u00e9ress\u00e9 vous appr\u00e9cierez tout autant ces parutions:<\/p>\n<p>Sur les pas de Rams\u00e8s.,<a target=\"_blank\" rel=\"nofollow\" href=\"https:\/\/www.viaromana.org\/blog\/goto\/https:\/\/booknode.com\/sur_les_pas_de_ramses_0116106\"  target=\"_blank\" rel=\"noopener noreferrer nofollow\">Le livre <\/a><span><\/span>. Ouvrage de r\u00e9f\u00e9rence.<\/p>\n<p>Manuel d\u2019arch\u00e9ologie \u00e9trusque et romaine.,<a target=\"_blank\" rel=\"nofollow\" href=\"https:\/\/www.viaromana.org\/blog\/goto\/https:\/\/www.kobo.com\/de\/fr\/ebook\/manuel-d-archeologie-etrusque-et-romaine\"  target=\"_blank\" rel=\"noopener noreferrer nofollow\">Le livre <\/a><span><\/span>.<\/p>\n<p>Pyramide.,<a target=\"_blank\" rel=\"nofollow\" href=\"https:\/\/www.viaromana.org\/blog\/goto\/https:\/\/booknode.com\/pyramide_01332845\"  target=\"_blank\" rel=\"noopener noreferrer nofollow\">Le livre <\/a><span><\/span>.<\/p>\n<p>Outsiders, Tome 1 : Markus.,<a target=\"_blank\" rel=\"nofollow\" href=\"https:\/\/www.viaromana.org\/blog\/goto\/https:\/\/booknode.com\/outsiders_tome_1_markus_03319922\"  target=\"_blank\" rel=\"noopener noreferrer nofollow\">(la couverture) <\/a><span><\/span>. Disponible Sur AMAZON.<\/p>\n","protected":false},"excerpt":{"rendered":"<p>Ce papier ayant pour th\u00e9matique \u00ab&nbsp;l\u2019arch\u00e9ologie&nbsp;\u00bb a \u00e9t\u00e9 rep\u00e9r\u00e9 sur le web, nous avons d\u00e9cid\u00e9 de vous le publier d\u00e8s \u00e0 pr\u00e9sent. Son titre s\u00e9duisant (R\u00e9union publique de mi-mandat | Ville de Vannes) en dit long. Le r\u00e9dacteur (annonc\u00e9 sous le nom admin_vannes) est reconnu comme quelqu\u2019un de s\u00e9rieux pour plusieurs autres articles qu\u2019il a publi\u00e9s sur internet. Vous pouvez donc vous fier aux r\u00e9v\u00e9lations qu\u2019il diffuse. L\u2019occasion de faire un point d\u2019\u00e9tape avec la majorit\u00e9 municipale sur la premi\u00e8re partie du&nbsp;mandat, les projets r\u00e9alis\u00e9s ou en cours de r\u00e9alisation, les projets ajout\u00e9s ou mis sur pause ainsi que les\u2026<\/p>\n","protected":false},"author":1,"featured_media":0,"comment_status":"closed","ping_status":"closed","sticky":false,"template":"","format":"standard","meta":{"footnotes":""},"categories":[2],"tags":[],"blocksy_meta":{"styles_descriptor":{"styles":{"desktop":"","tablet":"","mobile":""},"google_fonts":[],"version":4}},"yoast_head":"<!-- This site is optimized with the Yoast SEO plugin v21.1 - https:\/\/yoast.com\/wordpress\/plugins\/seo\/ -->\n<title>Revue de presse internet : R\u00e9union publique de mi-mandat | Ville de Vannes - Viaromana et arch\u00e9ologie.<\/title>\n<meta name=\"description\" content=\"Revue de presse internet : R\u00e9union publique de mi-mandat | Ville de Vannes article de Viaromana et arch\u00e9ologie.\" \/>\n<meta name=\"robots\" content=\"index, follow, max-snippet:-1, max-image-preview:large, max-video-preview:-1\" \/>\n<link rel=\"canonical\" href=\"https:\/\/www.viaromana.org\/blog\/revue-de-presse-internet-reunion-publique-de-mi-mandat-ville-de-vannes\/\" \/>\n<meta property=\"og:locale\" content=\"fr_FR\" \/>\n<meta property=\"og:type\" content=\"article\" \/>\n<meta property=\"og:title\" content=\"Revue de presse internet : R\u00e9union publique de mi-mandat | Ville de Vannes - Viaromana et arch\u00e9ologie.\" \/>\n<meta property=\"og:description\" content=\"Revue de presse internet : R\u00e9union publique de mi-mandat | Ville de Vannes article de Viaromana et arch\u00e9ologie.\" \/>\n<meta property=\"og:url\" content=\"https:\/\/www.viaromana.org\/blog\/revue-de-presse-internet-reunion-publique-de-mi-mandat-ville-de-vannes\/\" \/>\n<meta property=\"og:site_name\" content=\"Viaromana et arch\u00e9ologie.\" \/>\n<meta property=\"article:published_time\" content=\"2023-05-23T13:41:32+00:00\" \/>\n<meta name=\"author\" content=\"Robert\" \/>\n<meta name=\"twitter:card\" content=\"summary_large_image\" \/>\n<meta name=\"twitter:label1\" content=\"\u00c9crit par\" \/>\n\t<meta name=\"twitter:data1\" content=\"Robert\" \/>\n\t<meta name=\"twitter:label2\" content=\"Dur\u00e9e de lecture estim\u00e9e\" \/>\n\t<meta name=\"twitter:data2\" content=\"1 minute\" \/>\n<script type=\"application\/ld+json\" class=\"yoast-schema-graph\">{\"@context\":\"https:\/\/schema.org\",\"@graph\":[{\"@type\":\"Article\",\"@id\":\"https:\/\/www.viaromana.org\/blog\/revue-de-presse-internet-reunion-publique-de-mi-mandat-ville-de-vannes\/#article\",\"isPartOf\":{\"@id\":\"https:\/\/www.viaromana.org\/blog\/revue-de-presse-internet-reunion-publique-de-mi-mandat-ville-de-vannes\/\"},\"author\":{\"name\":\"Robert\",\"@id\":\"https:\/\/www.viaromana.org\/blog\/#\/schema\/person\/cde9c4655845091e1fe473fcd163c889\"},\"headline\":\"Revue de presse internet : R\u00e9union publique de mi-mandat | Ville de Vannes\",\"datePublished\":\"2023-05-23T13:41:32+00:00\",\"dateModified\":\"2023-05-23T13:41:32+00:00\",\"mainEntityOfPage\":{\"@id\":\"https:\/\/www.viaromana.org\/blog\/revue-de-presse-internet-reunion-publique-de-mi-mandat-ville-de-vannes\/\"},\"wordCount\":232,\"publisher\":{\"@id\":\"https:\/\/www.viaromana.org\/blog\/#organization\"},\"articleSection\":[\"Arch\u00e9ologie\"],\"inLanguage\":\"fr-FR\"},{\"@type\":\"WebPage\",\"@id\":\"https:\/\/www.viaromana.org\/blog\/revue-de-presse-internet-reunion-publique-de-mi-mandat-ville-de-vannes\/\",\"url\":\"https:\/\/www.viaromana.org\/blog\/revue-de-presse-internet-reunion-publique-de-mi-mandat-ville-de-vannes\/\",\"name\":\"Revue de presse internet : R\u00e9union publique de mi-mandat | Ville de Vannes - Viaromana et arch\u00e9ologie.\",\"isPartOf\":{\"@id\":\"https:\/\/www.viaromana.org\/blog\/#website\"},\"datePublished\":\"2023-05-23T13:41:32+00:00\",\"dateModified\":\"2023-05-23T13:41:32+00:00\",\"description\":\"Revue de presse internet : R\u00e9union publique de mi-mandat | Ville de Vannes article de Viaromana et arch\u00e9ologie.\",\"breadcrumb\":{\"@id\":\"https:\/\/www.viaromana.org\/blog\/revue-de-presse-internet-reunion-publique-de-mi-mandat-ville-de-vannes\/#breadcrumb\"},\"inLanguage\":\"fr-FR\",\"potentialAction\":[{\"@type\":\"ReadAction\",\"target\":[\"https:\/\/www.viaromana.org\/blog\/revue-de-presse-internet-reunion-publique-de-mi-mandat-ville-de-vannes\/\"]}]},{\"@type\":\"BreadcrumbList\",\"@id\":\"https:\/\/www.viaromana.org\/blog\/revue-de-presse-internet-reunion-publique-de-mi-mandat-ville-de-vannes\/#breadcrumb\",\"itemListElement\":[{\"@type\":\"ListItem\",\"position\":1,\"name\":\"Accueil\",\"item\":\"https:\/\/www.viaromana.org\/blog\/\"},{\"@type\":\"ListItem\",\"position\":2,\"name\":\"Revue de presse internet : R\u00e9union publique de mi-mandat | Ville de Vannes\"}]},{\"@type\":\"WebSite\",\"@id\":\"https:\/\/www.viaromana.org\/blog\/#website\",\"url\":\"https:\/\/www.viaromana.org\/blog\/\",\"name\":\"Viaromana et arch\u00e9ologie.\",\"description\":\"Site arch\u00e9ologique de la voie romaine (viaromana) Belgique-France-Rome\",\"publisher\":{\"@id\":\"https:\/\/www.viaromana.org\/blog\/#organization\"},\"potentialAction\":[{\"@type\":\"SearchAction\",\"target\":{\"@type\":\"EntryPoint\",\"urlTemplate\":\"https:\/\/www.viaromana.org\/blog\/?s={search_term_string}\"},\"query-input\":\"required name=search_term_string\"}],\"inLanguage\":\"fr-FR\"},{\"@type\":\"Organization\",\"@id\":\"https:\/\/www.viaromana.org\/blog\/#organization\",\"name\":\"viaromana\",\"url\":\"https:\/\/www.viaromana.org\/blog\/\",\"logo\":{\"@type\":\"ImageObject\",\"inLanguage\":\"fr-FR\",\"@id\":\"https:\/\/www.viaromana.org\/blog\/#\/schema\/logo\/image\/\",\"url\":\"https:\/\/www.viaromana.org\/blog\/wp-content\/uploads\/2021\/12\/logo-3.png\",\"contentUrl\":\"https:\/\/www.viaromana.org\/blog\/wp-content\/uploads\/2021\/12\/logo-3.png\",\"width\":300,\"height\":249,\"caption\":\"viaromana\"},\"image\":{\"@id\":\"https:\/\/www.viaromana.org\/blog\/#\/schema\/logo\/image\/\"}},{\"@type\":\"Person\",\"@id\":\"https:\/\/www.viaromana.org\/blog\/#\/schema\/person\/cde9c4655845091e1fe473fcd163c889\",\"name\":\"Robert\",\"image\":{\"@type\":\"ImageObject\",\"inLanguage\":\"fr-FR\",\"@id\":\"https:\/\/www.viaromana.org\/blog\/#\/schema\/person\/image\/\",\"url\":\"https:\/\/secure.gravatar.com\/avatar\/a168ec191013b636c2f278aec04e724b?s=96&d=mm&r=g\",\"contentUrl\":\"https:\/\/secure.gravatar.com\/avatar\/a168ec191013b636c2f278aec04e724b?s=96&d=mm&r=g\",\"caption\":\"Robert\"},\"sameAs\":[\"https:\/\/www.viaromana.org\/blog\"],\"url\":\"https:\/\/www.viaromana.org\/blog\/author\/anaadmin\/\"}]}<\/script>\n<!-- \/ Yoast SEO plugin. -->","yoast_head_json":{"title":"Revue de presse internet : R\u00e9union publique de mi-mandat | Ville de Vannes - Viaromana et arch\u00e9ologie.","description":"Revue de presse internet : R\u00e9union publique de mi-mandat | Ville de Vannes article de Viaromana et arch\u00e9ologie.","robots":{"index":"index","follow":"follow","max-snippet":"max-snippet:-1","max-image-preview":"max-image-preview:large","max-video-preview":"max-video-preview:-1"},"canonical":"https:\/\/www.viaromana.org\/blog\/revue-de-presse-internet-reunion-publique-de-mi-mandat-ville-de-vannes\/","og_locale":"fr_FR","og_type":"article","og_title":"Revue de presse internet : R\u00e9union publique de mi-mandat | Ville de Vannes - Viaromana et arch\u00e9ologie.","og_description":"Revue de presse internet : R\u00e9union publique de mi-mandat | Ville de Vannes article de Viaromana et arch\u00e9ologie.","og_url":"https:\/\/www.viaromana.org\/blog\/revue-de-presse-internet-reunion-publique-de-mi-mandat-ville-de-vannes\/","og_site_name":"Viaromana et arch\u00e9ologie.","article_published_time":"2023-05-23T13:41:32+00:00","author":"Robert","twitter_card":"summary_large_image","twitter_misc":{"\u00c9crit par":"Robert","Dur\u00e9e de lecture estim\u00e9e":"1 minute"},"schema":{"@context":"https:\/\/schema.org","@graph":[{"@type":"Article","@id":"https:\/\/www.viaromana.org\/blog\/revue-de-presse-internet-reunion-publique-de-mi-mandat-ville-de-vannes\/#article","isPartOf":{"@id":"https:\/\/www.viaromana.org\/blog\/revue-de-presse-internet-reunion-publique-de-mi-mandat-ville-de-vannes\/"},"author":{"name":"Robert","@id":"https:\/\/www.viaromana.org\/blog\/#\/schema\/person\/cde9c4655845091e1fe473fcd163c889"},"headline":"Revue de presse internet : R\u00e9union publique de mi-mandat | Ville de Vannes","datePublished":"2023-05-23T13:41:32+00:00","dateModified":"2023-05-23T13:41:32+00:00","mainEntityOfPage":{"@id":"https:\/\/www.viaromana.org\/blog\/revue-de-presse-internet-reunion-publique-de-mi-mandat-ville-de-vannes\/"},"wordCount":232,"publisher":{"@id":"https:\/\/www.viaromana.org\/blog\/#organization"},"articleSection":["Arch\u00e9ologie"],"inLanguage":"fr-FR"},{"@type":"WebPage","@id":"https:\/\/www.viaromana.org\/blog\/revue-de-presse-internet-reunion-publique-de-mi-mandat-ville-de-vannes\/","url":"https:\/\/www.viaromana.org\/blog\/revue-de-presse-internet-reunion-publique-de-mi-mandat-ville-de-vannes\/","name":"Revue de presse internet : R\u00e9union publique de mi-mandat | Ville de Vannes - Viaromana et arch\u00e9ologie.","isPartOf":{"@id":"https:\/\/www.viaromana.org\/blog\/#website"},"datePublished":"2023-05-23T13:41:32+00:00","dateModified":"2023-05-23T13:41:32+00:00","description":"Revue de presse internet : R\u00e9union publique de mi-mandat | Ville de Vannes article de Viaromana et arch\u00e9ologie.","breadcrumb":{"@id":"https:\/\/www.viaromana.org\/blog\/revue-de-presse-internet-reunion-publique-de-mi-mandat-ville-de-vannes\/#breadcrumb"},"inLanguage":"fr-FR","potentialAction":[{"@type":"ReadAction","target":["https:\/\/www.viaromana.org\/blog\/revue-de-presse-internet-reunion-publique-de-mi-mandat-ville-de-vannes\/"]}]},{"@type":"BreadcrumbList","@id":"https:\/\/www.viaromana.org\/blog\/revue-de-presse-internet-reunion-publique-de-mi-mandat-ville-de-vannes\/#breadcrumb","itemListElement":[{"@type":"ListItem","position":1,"name":"Accueil","item":"https:\/\/www.viaromana.org\/blog\/"},{"@type":"ListItem","position":2,"name":"Revue de presse internet : R\u00e9union publique de mi-mandat | Ville de Vannes"}]},{"@type":"WebSite","@id":"https:\/\/www.viaromana.org\/blog\/#website","url":"https:\/\/www.viaromana.org\/blog\/","name":"Viaromana et arch\u00e9ologie.","description":"Site arch\u00e9ologique de la voie romaine (viaromana) Belgique-France-Rome","publisher":{"@id":"https:\/\/www.viaromana.org\/blog\/#organization"},"potentialAction":[{"@type":"SearchAction","target":{"@type":"EntryPoint","urlTemplate":"https:\/\/www.viaromana.org\/blog\/?s={search_term_string}"},"query-input":"required name=search_term_string"}],"inLanguage":"fr-FR"},{"@type":"Organization","@id":"https:\/\/www.viaromana.org\/blog\/#organization","name":"viaromana","url":"https:\/\/www.viaromana.org\/blog\/","logo":{"@type":"ImageObject","inLanguage":"fr-FR","@id":"https:\/\/www.viaromana.org\/blog\/#\/schema\/logo\/image\/","url":"https:\/\/www.viaromana.org\/blog\/wp-content\/uploads\/2021\/12\/logo-3.png","contentUrl":"https:\/\/www.viaromana.org\/blog\/wp-content\/uploads\/2021\/12\/logo-3.png","width":300,"height":249,"caption":"viaromana"},"image":{"@id":"https:\/\/www.viaromana.org\/blog\/#\/schema\/logo\/image\/"}},{"@type":"Person","@id":"https:\/\/www.viaromana.org\/blog\/#\/schema\/person\/cde9c4655845091e1fe473fcd163c889","name":"Robert","image":{"@type":"ImageObject","inLanguage":"fr-FR","@id":"https:\/\/www.viaromana.org\/blog\/#\/schema\/person\/image\/","url":"https:\/\/secure.gravatar.com\/avatar\/a168ec191013b636c2f278aec04e724b?s=96&d=mm&r=g","contentUrl":"https:\/\/secure.gravatar.com\/avatar\/a168ec191013b636c2f278aec04e724b?s=96&d=mm&r=g","caption":"Robert"},"sameAs":["https:\/\/www.viaromana.org\/blog"],"url":"https:\/\/www.viaromana.org\/blog\/author\/anaadmin\/"}]}},"_links":{"self":[{"href":"https:\/\/www.viaromana.org\/blog\/wp-json\/wp\/v2\/posts\/1701"}],"collection":[{"href":"https:\/\/www.viaromana.org\/blog\/wp-json\/wp\/v2\/posts"}],"about":[{"href":"https:\/\/www.viaromana.org\/blog\/wp-json\/wp\/v2\/types\/post"}],"author":[{"embeddable":true,"href":"https:\/\/www.viaromana.org\/blog\/wp-json\/wp\/v2\/users\/1"}],"replies":[{"embeddable":true,"href":"https:\/\/www.viaromana.org\/blog\/wp-json\/wp\/v2\/comments?post=1701"}],"version-history":[{"count":0,"href":"https:\/\/www.viaromana.org\/blog\/wp-json\/wp\/v2\/posts\/1701\/revisions"}],"wp:attachment":[{"href":"https:\/\/www.viaromana.org\/blog\/wp-json\/wp\/v2\/media?parent=1701"}],"wp:term":[{"taxonomy":"category","embeddable":true,"href":"https:\/\/www.viaromana.org\/blog\/wp-json\/wp\/v2\/categories?post=1701"},{"taxonomy":"post_tag","embeddable":true,"href":"https:\/\/www.viaromana.org\/blog\/wp-json\/wp\/v2\/tags?post=1701"}],"curies":[{"name":"wp","href":"https:\/\/api.w.org\/{rel}","templated":true}]}}