{"id":170,"date":"2020-11-30T22:59:30","date_gmt":"2020-11-30T21:59:30","guid":{"rendered":"http:\/\/ellenahurst.com\/?p=2863"},"modified":"2020-11-30T22:59:30","modified_gmt":"2020-11-30T21:59:30","slug":"wouter-johannes-van-troostwijk-the-raampoort-in-amsterdam-1809","status":"publish","type":"post","link":"https:\/\/www.viaromana.org\/blog\/wouter-johannes-van-troostwijk-the-raampoort-in-amsterdam-1809\/","title":{"rendered":"Wouter Johannes van Troostwijk, Le Raampoort \u00e0 Amsterdam, 1809"},"content":{"rendered":"<br \/>\n<figure class=\"wp-block-image size-large\"><a href=\"https:\/\/www.viaromana.org\/blog\/wp-content\/uploads\/2021\/12\/wouter-johannes-van-troostwijk-le-raampoort-a-amsterdam-1809-4.jpg\"><img decoding=\"async\" data-attachment-id=\"2865\" data-permalink=\"https:\/\/ellenahurst.com\/narrate\/wouter_johannes_van_troostwijk_-_het_raampoortje_te_amsterdam\/\" data-orig-file=\"https:\/\/www.viaromana.org\/blog\/wp-content\/uploads\/2021\/12\/wouter-johannes-van-troostwijk-le-raampoort-a-amsterdam-1809-4.jpg\" data-orig-size=\"1369,1600\" data-comments-opened=\"1\" data-image-meta=\"{&quot;aperture&quot;:&quot;0&quot;,&quot;credit&quot;:&quot;&quot;,&quot;camera&quot;:&quot;&quot;,&quot;caption&quot;:&quot;&quot;,&quot;created_timestamp&quot;:&quot;0&quot;,&quot;copyright&quot;:&quot;&quot;,&quot;focal_length&quot;:&quot;0&quot;,&quot;iso&quot;:&quot;0&quot;,&quot;shutter_speed&quot;:&quot;0&quot;,&quot;title&quot;:&quot;&quot;,&quot;orientation&quot;:&quot;0&quot;}\" data-image-title=\"Wouter_Johannes_van_Troostwijk_-_Het_Raampoortje_te_Amsterdam\" data-image-description=\"\" data-image-caption=\"\" data-medium-file=\"https:\/\/www.viaromana.org\/blog\/wp-content\/uploads\/2021\/12\/wouter-johannes-van-troostwijk-le-raampoort-a-amsterdam-1809-2.jpg\" data-large-file=\"https:\/\/www.viaromana.org\/blog\/wp-content\/uploads\/2021\/12\/wouter-johannes-van-troostwijk-le-raampoort-a-amsterdam-1809-4.jpg?w=656\" src=\"https:\/\/www.viaromana.org\/blog\/wp-content\/uploads\/2021\/12\/wouter-johannes-van-troostwijk-le-raampoort-a-amsterdam-1809.jpg\" alt=\"\" class=\"wp-image-2865\"><\/a><\/figure>\n<p>Apr\u00e8s une nuit de demi-sommeil dans de la paille humide, je me faufile hors de la grange qui tombe dans l&rsquo;air \u00e9pais et blanc. Mes pieds sont encore humides et froids. J&rsquo;ai encore mal au dos. Mais je ressens \u00e0 peine ces malaises. Ils ne sont que lancinants. Ce que je ne peux pas ignorer \u2014 ce qui clignote avec insistance aux coins de ma vision \u2014 c&rsquo;est l&rsquo;agonie de la faim et l&rsquo;horreur du destin possible auquel Neeltje est confront\u00e9. <\/p>\n<p>Neeltje aux joues roses. Neeltje qui est timide mais est parfois surprise en train de danser dans la cuisine quand elle se croit seule. Neeltje qui garde ses mains au chaud dans le manchon en fourrure de lapin de sa m\u00e8re qui correspond parfaitement \u00e0 la couleur de ses cheveux.<\/p>\n<p>\u00c0 mi-chemin de la ville, je remarque des lanternes allum\u00e9es dans de hautes fen\u00eatres, leurs flammes se courbant et sautant alors qu&rsquo;elles luttent pour attraper. C&rsquo;est plus tard que je ne le pensais, et des nuages sombres soufflent vers la ville, mena\u00e7ant de fortes chutes de neige. Je passe devant un \u00e9tal de march\u00e9 vendant des saucisses et je suis vaincu. Mes genoux s&rsquo;affaissent sous le poids inutile de mon torse et mes yeux piquent d&rsquo;un d\u00e9sir que je n&rsquo;ai jamais ressenti.<\/p>\n<p>Mais je me souviens de la chanson que Neeltje chantait toujours en alimentant le feu au bout de la cuisine tentaculaire. \u00a0\u00bb Hmmmm. . . Non, mon amour. . . c&rsquo;est la lumi\u00e8re des \u00e9toiles. . .\u00a0\u00bbJe n&rsquo;ai jamais pu distinguer tous les mots de sa chanson \u00e0 l&rsquo;ancienne. Seuls des fragments me sont parvenus \u00e0 l&rsquo;autre bout de la pi\u00e8ce. Mais elle regardait toujours et me souriait de dessous une t\u00eate inclin\u00e9e. Timide. Je savais que sa chanson \u00e9tait pour moi.<\/p>\n<p>Je continuerai \u00e0 passer les cong\u00e8res, et je traverserai la rivi\u00e8re gel\u00e9e jusqu&rsquo;au bout de la ville o\u00f9 les chiens errants scrabblent sur les feuilles des vendeurs de viande. Je la trouverai avant qu&rsquo;ils ne l&#8217;emm\u00e8nent \u00e0 l&rsquo;atelier des femmes. Je vais expliquer \u00e0 l&rsquo;homme costaud au visage de bouledogue. Je vais la disculper. <\/p>\n<p>Je peux s\u00fbrement la sauver. Je vais s\u00fbrement une fois de plus entendre sa voix douce et attraper le scintillement de la lumi\u00e8re de feu dans ses yeux \u00e9toil\u00e9s. <\/p>\n<div id=\"jp-post-flair\" class=\"sharedaddy sd-like-enabled sd-sharing-enabled\">\n<div class=\"sharedaddy sd-sharing-enabled\">\n<div class=\"robots-nocontent sd-block sd-social sd-social-official sd-sharing\">\n<h3 class=\"sd-title\">Partagez ceci:<\/h3>\n<\/div>\n<\/div>\n<div class=\"sharedaddy sd-block sd-like jetpack-likes-widget-wrapper jetpack-likes-widget-unloaded\" id=\"like-post-wrapper-82104470-2863-61b85d67311b5\" data-src=\"\/\/widgets.wp.com\/likes\/index.html?ver=20211208#blog_id=82104470&amp;post_id=2863&amp;origin=ellenahurst.wordpress.com&amp;obj_id=82104470-2863-61b85d67311b5&amp;domain=ellenahurst.com\" data-name=\"like-post-frame-82104470-2863-61b85d67311b5\" data-title=\"Like or Reblog\">\n<h3 class=\"sd-title\">Pareil:<\/h3>\n<div class=\"likes-widget-placeholder post-likes-widget-placeholder\"><span class=\"button\"><span>Comme<\/span><\/span> <span class=\"loading\">Chargement&#8230;<\/span><\/div>\n<p><span class=\"sd-text-color\"><\/span><\/div>\n<\/div>\n","protected":false},"excerpt":{"rendered":"<p>Apr\u00e8s une nuit de demi-sommeil dans de la paille humide, je me faufile hors de la grange qui tombe dans l&rsquo;air \u00e9pais et blanc. Mes pieds sont encore humides et froids. J&rsquo;ai encore mal au dos. Mais je ressens \u00e0 peine ces malaises. Ils ne sont que lancinants. Ce que je ne peux pas ignorer \u2014 ce qui clignote avec insistance aux coins de ma vision \u2014 c&rsquo;est l&rsquo;agonie de la faim et l&rsquo;horreur du destin possible auquel Neeltje est confront\u00e9. Neeltje aux joues roses. Neeltje qui est timide mais est parfois surprise en train de danser dans la cuisine\u2026<\/p>\n","protected":false},"author":2,"featured_media":172,"comment_status":"closed","ping_status":"closed","sticky":false,"template":"","format":"standard","meta":{"footnotes":""},"categories":[1,6],"tags":[],"blocksy_meta":{"styles_descriptor":{"styles":{"desktop":"","tablet":"","mobile":""},"google_fonts":[],"version":4}},"yoast_head":"<!-- This site is optimized with the Yoast SEO plugin v21.1 - https:\/\/yoast.com\/wordpress\/plugins\/seo\/ -->\n<title>Wouter Johannes van Troostwijk, Le Raampoort \u00e0 Amsterdam, 1809 - Viaromana et arch\u00e9ologie.<\/title>\n<meta name=\"description\" content=\"Wouter Johannes van Troostwijk, Le Raampoort \u00e0 Amsterdam, 1809 article de Viaromana et arch\u00e9ologie.\" \/>\n<meta name=\"robots\" content=\"index, follow, max-snippet:-1, max-image-preview:large, max-video-preview:-1\" \/>\n<link rel=\"canonical\" href=\"https:\/\/www.viaromana.org\/blog\/wouter-johannes-van-troostwijk-the-raampoort-in-amsterdam-1809\/\" \/>\n<meta property=\"og:locale\" content=\"fr_FR\" \/>\n<meta property=\"og:type\" content=\"article\" \/>\n<meta property=\"og:title\" content=\"Wouter Johannes van Troostwijk, Le Raampoort \u00e0 Amsterdam, 1809 - Viaromana et arch\u00e9ologie.\" \/>\n<meta property=\"og:description\" content=\"Wouter Johannes van Troostwijk, Le Raampoort \u00e0 Amsterdam, 1809 article de Viaromana et arch\u00e9ologie.\" \/>\n<meta property=\"og:url\" content=\"https:\/\/www.viaromana.org\/blog\/wouter-johannes-van-troostwijk-the-raampoort-in-amsterdam-1809\/\" \/>\n<meta property=\"og:site_name\" content=\"Viaromana et arch\u00e9ologie.\" \/>\n<meta property=\"article:published_time\" content=\"2020-11-30T21:59:30+00:00\" \/>\n<meta property=\"og:image\" content=\"https:\/\/www.viaromana.org\/blog\/wp-content\/uploads\/2021\/12\/unnamed-file-19-scaled.jpg\" \/>\n\t<meta property=\"og:image:width\" content=\"2560\" \/>\n\t<meta property=\"og:image:height\" content=\"1920\" \/>\n\t<meta property=\"og:image:type\" content=\"image\/jpeg\" \/>\n<meta name=\"author\" content=\"Joseph Barbier\" \/>\n<meta name=\"twitter:card\" content=\"summary_large_image\" \/>\n<meta name=\"twitter:label1\" content=\"\u00c9crit par\" \/>\n\t<meta name=\"twitter:data1\" content=\"Joseph Barbier\" \/>\n\t<meta name=\"twitter:label2\" content=\"Dur\u00e9e de lecture estim\u00e9e\" \/>\n\t<meta name=\"twitter:data2\" content=\"2 minutes\" \/>\n<script type=\"application\/ld+json\" class=\"yoast-schema-graph\">{\"@context\":\"https:\/\/schema.org\",\"@graph\":[{\"@type\":\"Article\",\"@id\":\"https:\/\/www.viaromana.org\/blog\/wouter-johannes-van-troostwijk-the-raampoort-in-amsterdam-1809\/#article\",\"isPartOf\":{\"@id\":\"https:\/\/www.viaromana.org\/blog\/wouter-johannes-van-troostwijk-the-raampoort-in-amsterdam-1809\/\"},\"author\":{\"name\":\"Joseph Barbier\",\"@id\":\"https:\/\/www.viaromana.org\/blog\/#\/schema\/person\/6e3914366051dad316156e63d1d1f8bd\"},\"headline\":\"Wouter Johannes van Troostwijk, Le Raampoort \u00e0 Amsterdam, 1809\",\"datePublished\":\"2020-11-30T21:59:30+00:00\",\"dateModified\":\"2020-11-30T21:59:30+00:00\",\"mainEntityOfPage\":{\"@id\":\"https:\/\/www.viaromana.org\/blog\/wouter-johannes-van-troostwijk-the-raampoort-in-amsterdam-1809\/\"},\"wordCount\":411,\"publisher\":{\"@id\":\"https:\/\/www.viaromana.org\/blog\/#organization\"},\"articleSection\":[\"Inclassable\",\"Journal de l'art\"],\"inLanguage\":\"fr-FR\"},{\"@type\":\"WebPage\",\"@id\":\"https:\/\/www.viaromana.org\/blog\/wouter-johannes-van-troostwijk-the-raampoort-in-amsterdam-1809\/\",\"url\":\"https:\/\/www.viaromana.org\/blog\/wouter-johannes-van-troostwijk-the-raampoort-in-amsterdam-1809\/\",\"name\":\"Wouter Johannes van Troostwijk, Le Raampoort \u00e0 Amsterdam, 1809 - Viaromana et arch\u00e9ologie.\",\"isPartOf\":{\"@id\":\"https:\/\/www.viaromana.org\/blog\/#website\"},\"datePublished\":\"2020-11-30T21:59:30+00:00\",\"dateModified\":\"2020-11-30T21:59:30+00:00\",\"description\":\"Wouter Johannes van Troostwijk, Le Raampoort \u00e0 Amsterdam, 1809 article de Viaromana et arch\u00e9ologie.\",\"breadcrumb\":{\"@id\":\"https:\/\/www.viaromana.org\/blog\/wouter-johannes-van-troostwijk-the-raampoort-in-amsterdam-1809\/#breadcrumb\"},\"inLanguage\":\"fr-FR\",\"potentialAction\":[{\"@type\":\"ReadAction\",\"target\":[\"https:\/\/www.viaromana.org\/blog\/wouter-johannes-van-troostwijk-the-raampoort-in-amsterdam-1809\/\"]}]},{\"@type\":\"BreadcrumbList\",\"@id\":\"https:\/\/www.viaromana.org\/blog\/wouter-johannes-van-troostwijk-the-raampoort-in-amsterdam-1809\/#breadcrumb\",\"itemListElement\":[{\"@type\":\"ListItem\",\"position\":1,\"name\":\"Accueil\",\"item\":\"https:\/\/www.viaromana.org\/blog\/\"},{\"@type\":\"ListItem\",\"position\":2,\"name\":\"Wouter Johannes van Troostwijk, Le Raampoort \u00e0 Amsterdam, 1809\"}]},{\"@type\":\"WebSite\",\"@id\":\"https:\/\/www.viaromana.org\/blog\/#website\",\"url\":\"https:\/\/www.viaromana.org\/blog\/\",\"name\":\"Viaromana et arch\u00e9ologie.\",\"description\":\"Site arch\u00e9ologique de la voie romaine (viaromana) Belgique-France-Rome\",\"publisher\":{\"@id\":\"https:\/\/www.viaromana.org\/blog\/#organization\"},\"potentialAction\":[{\"@type\":\"SearchAction\",\"target\":{\"@type\":\"EntryPoint\",\"urlTemplate\":\"https:\/\/www.viaromana.org\/blog\/?s={search_term_string}\"},\"query-input\":\"required name=search_term_string\"}],\"inLanguage\":\"fr-FR\"},{\"@type\":\"Organization\",\"@id\":\"https:\/\/www.viaromana.org\/blog\/#organization\",\"name\":\"viaromana\",\"url\":\"https:\/\/www.viaromana.org\/blog\/\",\"logo\":{\"@type\":\"ImageObject\",\"inLanguage\":\"fr-FR\",\"@id\":\"https:\/\/www.viaromana.org\/blog\/#\/schema\/logo\/image\/\",\"url\":\"https:\/\/www.viaromana.org\/blog\/wp-content\/uploads\/2021\/12\/logo-3.png\",\"contentUrl\":\"https:\/\/www.viaromana.org\/blog\/wp-content\/uploads\/2021\/12\/logo-3.png\",\"width\":300,\"height\":249,\"caption\":\"viaromana\"},\"image\":{\"@id\":\"https:\/\/www.viaromana.org\/blog\/#\/schema\/logo\/image\/\"}},{\"@type\":\"Person\",\"@id\":\"https:\/\/www.viaromana.org\/blog\/#\/schema\/person\/6e3914366051dad316156e63d1d1f8bd\",\"name\":\"Joseph Barbier\",\"image\":{\"@type\":\"ImageObject\",\"inLanguage\":\"fr-FR\",\"@id\":\"https:\/\/www.viaromana.org\/blog\/#\/schema\/person\/image\/\",\"url\":\"https:\/\/secure.gravatar.com\/avatar\/9845d0288498aa146fbce51fa517303f?s=96&d=mm&r=g\",\"contentUrl\":\"https:\/\/secure.gravatar.com\/avatar\/9845d0288498aa146fbce51fa517303f?s=96&d=mm&r=g\",\"caption\":\"Joseph Barbier\"},\"url\":\"https:\/\/www.viaromana.org\/blog\/author\/anajoseph\/\"}]}<\/script>\n<!-- \/ Yoast SEO plugin. -->","yoast_head_json":{"title":"Wouter Johannes van Troostwijk, Le Raampoort \u00e0 Amsterdam, 1809 - Viaromana et arch\u00e9ologie.","description":"Wouter Johannes van Troostwijk, Le Raampoort \u00e0 Amsterdam, 1809 article de Viaromana et arch\u00e9ologie.","robots":{"index":"index","follow":"follow","max-snippet":"max-snippet:-1","max-image-preview":"max-image-preview:large","max-video-preview":"max-video-preview:-1"},"canonical":"https:\/\/www.viaromana.org\/blog\/wouter-johannes-van-troostwijk-the-raampoort-in-amsterdam-1809\/","og_locale":"fr_FR","og_type":"article","og_title":"Wouter Johannes van Troostwijk, Le Raampoort \u00e0 Amsterdam, 1809 - Viaromana et arch\u00e9ologie.","og_description":"Wouter Johannes van Troostwijk, Le Raampoort \u00e0 Amsterdam, 1809 article de Viaromana et arch\u00e9ologie.","og_url":"https:\/\/www.viaromana.org\/blog\/wouter-johannes-van-troostwijk-the-raampoort-in-amsterdam-1809\/","og_site_name":"Viaromana et arch\u00e9ologie.","article_published_time":"2020-11-30T21:59:30+00:00","og_image":[{"width":2560,"height":1920,"url":"https:\/\/www.viaromana.org\/blog\/wp-content\/uploads\/2021\/12\/unnamed-file-19-scaled.jpg","type":"image\/jpeg"}],"author":"Joseph Barbier","twitter_card":"summary_large_image","twitter_misc":{"\u00c9crit par":"Joseph Barbier","Dur\u00e9e de lecture estim\u00e9e":"2 minutes"},"schema":{"@context":"https:\/\/schema.org","@graph":[{"@type":"Article","@id":"https:\/\/www.viaromana.org\/blog\/wouter-johannes-van-troostwijk-the-raampoort-in-amsterdam-1809\/#article","isPartOf":{"@id":"https:\/\/www.viaromana.org\/blog\/wouter-johannes-van-troostwijk-the-raampoort-in-amsterdam-1809\/"},"author":{"name":"Joseph Barbier","@id":"https:\/\/www.viaromana.org\/blog\/#\/schema\/person\/6e3914366051dad316156e63d1d1f8bd"},"headline":"Wouter Johannes van Troostwijk, Le Raampoort \u00e0 Amsterdam, 1809","datePublished":"2020-11-30T21:59:30+00:00","dateModified":"2020-11-30T21:59:30+00:00","mainEntityOfPage":{"@id":"https:\/\/www.viaromana.org\/blog\/wouter-johannes-van-troostwijk-the-raampoort-in-amsterdam-1809\/"},"wordCount":411,"publisher":{"@id":"https:\/\/www.viaromana.org\/blog\/#organization"},"articleSection":["Inclassable","Journal de l'art"],"inLanguage":"fr-FR"},{"@type":"WebPage","@id":"https:\/\/www.viaromana.org\/blog\/wouter-johannes-van-troostwijk-the-raampoort-in-amsterdam-1809\/","url":"https:\/\/www.viaromana.org\/blog\/wouter-johannes-van-troostwijk-the-raampoort-in-amsterdam-1809\/","name":"Wouter Johannes van Troostwijk, Le Raampoort \u00e0 Amsterdam, 1809 - Viaromana et arch\u00e9ologie.","isPartOf":{"@id":"https:\/\/www.viaromana.org\/blog\/#website"},"datePublished":"2020-11-30T21:59:30+00:00","dateModified":"2020-11-30T21:59:30+00:00","description":"Wouter Johannes van Troostwijk, Le Raampoort \u00e0 Amsterdam, 1809 article de Viaromana et arch\u00e9ologie.","breadcrumb":{"@id":"https:\/\/www.viaromana.org\/blog\/wouter-johannes-van-troostwijk-the-raampoort-in-amsterdam-1809\/#breadcrumb"},"inLanguage":"fr-FR","potentialAction":[{"@type":"ReadAction","target":["https:\/\/www.viaromana.org\/blog\/wouter-johannes-van-troostwijk-the-raampoort-in-amsterdam-1809\/"]}]},{"@type":"BreadcrumbList","@id":"https:\/\/www.viaromana.org\/blog\/wouter-johannes-van-troostwijk-the-raampoort-in-amsterdam-1809\/#breadcrumb","itemListElement":[{"@type":"ListItem","position":1,"name":"Accueil","item":"https:\/\/www.viaromana.org\/blog\/"},{"@type":"ListItem","position":2,"name":"Wouter Johannes van Troostwijk, Le Raampoort \u00e0 Amsterdam, 1809"}]},{"@type":"WebSite","@id":"https:\/\/www.viaromana.org\/blog\/#website","url":"https:\/\/www.viaromana.org\/blog\/","name":"Viaromana et arch\u00e9ologie.","description":"Site arch\u00e9ologique de la voie romaine (viaromana) Belgique-France-Rome","publisher":{"@id":"https:\/\/www.viaromana.org\/blog\/#organization"},"potentialAction":[{"@type":"SearchAction","target":{"@type":"EntryPoint","urlTemplate":"https:\/\/www.viaromana.org\/blog\/?s={search_term_string}"},"query-input":"required name=search_term_string"}],"inLanguage":"fr-FR"},{"@type":"Organization","@id":"https:\/\/www.viaromana.org\/blog\/#organization","name":"viaromana","url":"https:\/\/www.viaromana.org\/blog\/","logo":{"@type":"ImageObject","inLanguage":"fr-FR","@id":"https:\/\/www.viaromana.org\/blog\/#\/schema\/logo\/image\/","url":"https:\/\/www.viaromana.org\/blog\/wp-content\/uploads\/2021\/12\/logo-3.png","contentUrl":"https:\/\/www.viaromana.org\/blog\/wp-content\/uploads\/2021\/12\/logo-3.png","width":300,"height":249,"caption":"viaromana"},"image":{"@id":"https:\/\/www.viaromana.org\/blog\/#\/schema\/logo\/image\/"}},{"@type":"Person","@id":"https:\/\/www.viaromana.org\/blog\/#\/schema\/person\/6e3914366051dad316156e63d1d1f8bd","name":"Joseph Barbier","image":{"@type":"ImageObject","inLanguage":"fr-FR","@id":"https:\/\/www.viaromana.org\/blog\/#\/schema\/person\/image\/","url":"https:\/\/secure.gravatar.com\/avatar\/9845d0288498aa146fbce51fa517303f?s=96&d=mm&r=g","contentUrl":"https:\/\/secure.gravatar.com\/avatar\/9845d0288498aa146fbce51fa517303f?s=96&d=mm&r=g","caption":"Joseph Barbier"},"url":"https:\/\/www.viaromana.org\/blog\/author\/anajoseph\/"}]}},"_links":{"self":[{"href":"https:\/\/www.viaromana.org\/blog\/wp-json\/wp\/v2\/posts\/170"}],"collection":[{"href":"https:\/\/www.viaromana.org\/blog\/wp-json\/wp\/v2\/posts"}],"about":[{"href":"https:\/\/www.viaromana.org\/blog\/wp-json\/wp\/v2\/types\/post"}],"author":[{"embeddable":true,"href":"https:\/\/www.viaromana.org\/blog\/wp-json\/wp\/v2\/users\/2"}],"replies":[{"embeddable":true,"href":"https:\/\/www.viaromana.org\/blog\/wp-json\/wp\/v2\/comments?post=170"}],"version-history":[{"count":0,"href":"https:\/\/www.viaromana.org\/blog\/wp-json\/wp\/v2\/posts\/170\/revisions"}],"wp:featuredmedia":[{"embeddable":true,"href":"https:\/\/www.viaromana.org\/blog\/wp-json\/wp\/v2\/media\/172"}],"wp:attachment":[{"href":"https:\/\/www.viaromana.org\/blog\/wp-json\/wp\/v2\/media?parent=170"}],"wp:term":[{"taxonomy":"category","embeddable":true,"href":"https:\/\/www.viaromana.org\/blog\/wp-json\/wp\/v2\/categories?post=170"},{"taxonomy":"post_tag","embeddable":true,"href":"https:\/\/www.viaromana.org\/blog\/wp-json\/wp\/v2\/tags?post=170"}],"curies":[{"name":"wp","href":"https:\/\/api.w.org\/{rel}","templated":true}]}}