{"id":1693,"date":"2023-05-16T15:35:05","date_gmt":"2023-05-16T13:35:05","guid":{"rendered":"https:\/\/www.site.cdcl.xyz\/2023\/05\/16\/editorial-tout-frais-atelier-sculpture-ville-de-vannes\/"},"modified":"2023-05-16T15:35:05","modified_gmt":"2023-05-16T13:35:05","slug":"editorial-tout-frais-atelier-sculpture-ville-de-vannes","status":"publish","type":"post","link":"https:\/\/www.viaromana.org\/blog\/editorial-tout-frais-atelier-sculpture-ville-de-vannes\/","title":{"rendered":"Editorial tout frais : Atelier sculpture | Ville de Vannes"},"content":{"rendered":"<p>Je vais porter \u00e0 votre connaissance cet article qui vient de para\u00eetre, dont la th\u00e9matique est \u00abl\u2019arch\u00e9ologie\u00bb.<\/p>\n<p>Son titre troublant (Atelier sculpture | Ville de Vannes) en dit long.<\/p>\n<p> Annonc\u00e9 sous la signature \u00abOlivier_laudrin\u00bb, l\u2019\u00e9ditorialiste est positivement connu pour plusieurs autres \u00e9ditoriaux qu\u2019il a publi\u00e9s sur le web.<\/p>\n<p>La confiance est par cons\u00e9quent forte en ce qui concerne cet encart.<\/p>\n<p>L\u2019article d\u2019origine mentionn\u00e9 : <\/p>\n<div>\n<div>\n<p><strong>Atelier sculpture<\/strong><\/p>\n<p>Inspire-toi des figures model\u00e9es par Mariano Otero pour r\u00e9aliser&nbsp;\u00e0 ton tour une sculpture unique.&nbsp;<\/p>\n<ul>\n<li>Pr\u00e9voir une blouse<\/li>\n<li>Pour les enfants de 7&nbsp;\u00e0 12&nbsp;ans<\/li>\n<li>\u00c0 10h30<\/li>\n<li>Dur\u00e9e : 2h<\/li>\n<li>Tarif : 4 \u20ac par enfant<\/li>\n<\/ul>\n<p><strong>Le nombre de places est limit\u00e9,&nbsp;r\u00e9servations recommand\u00e9es au 02 97 01 63 00 ou musees@mairie-vannes.fr<\/strong><\/p>\n<p><strong>Votre r\u00e9servation est effective&nbsp;\u00e0 r\u00e9ception du paiement par&nbsp;courrier ou sur place au mus\u00e9e&nbsp;des beaux-arts, La Cohue,aux horaires d\u2019ouverture.<\/strong><\/p>\n<p>Photo :&nbsp;Mariano Otero, Figurine, terre crue \u00a9 Mus\u00e9es de Vannes<\/p>\n<\/div>\n<\/div>\n<p>A lire:<\/p>\n<p>Tomb Raider, Tome 1 : Le masque de la m\u00e9duse.,<a target=\"_blank\" rel=\"nofollow\" href=\"https:\/\/www.viaromana.org\/blog\/goto\/https:\/\/booknode.com\/tomb_raider_tome_1_le_masque_de_la_meduse_0122054\"  target=\"_blank\" rel=\"noopener noreferrer nofollow\">(la couverture) <\/a><span><\/span>.<\/p>\n<p>M\u00e9diterran\u00e9e antique : p\u00eache, navigation, commerce.,<a target=\"_blank\" rel=\"nofollow\" href=\"https:\/\/www.viaromana.org\/blog\/goto\/https:\/\/www.kobo.com\/de\/fr\/ebook\/mediterranee-antique-peche-navigation-commerce\"  target=\"_blank\" rel=\"noopener noreferrer nofollow\">A voir et \u00e0 lire. <\/a><span><\/span>.<\/p>\n<p>Tomb Raider, Tome 1 : Le masque de la m\u00e9duse.,<a target=\"_blank\" rel=\"nofollow\" href=\"https:\/\/www.viaromana.org\/blog\/goto\/https:\/\/booknode.com\/tomb_raider_tome_1_le_masque_de_la_meduse_0122054\"  target=\"_blank\" rel=\"noopener noreferrer nofollow\">(la couverture) <\/a><span><\/span>.<\/p>\n<p>Mysteres des Maldives.,<a target=\"_blank\" rel=\"nofollow\" href=\"https:\/\/www.viaromana.org\/blog\/goto\/https:\/\/booknode.com\/mysteres_des_maldives_02241994\"  target=\"_blank\" rel=\"noopener noreferrer nofollow\">Le livre <\/a><span><\/span>. Ouvrage de r\u00e9f\u00e9rence.<\/p>\n","protected":false},"excerpt":{"rendered":"<p>Je vais porter \u00e0 votre connaissance cet article qui vient de para\u00eetre, dont la th\u00e9matique est \u00abl\u2019arch\u00e9ologie\u00bb. Son titre troublant (Atelier sculpture | Ville de Vannes) en dit long. Annonc\u00e9 sous la signature \u00abOlivier_laudrin\u00bb, l\u2019\u00e9ditorialiste est positivement connu pour plusieurs autres \u00e9ditoriaux qu\u2019il a publi\u00e9s sur le web. La confiance est par cons\u00e9quent forte en ce qui concerne cet encart. L\u2019article d\u2019origine mentionn\u00e9 : Atelier sculpture Inspire-toi des figures model\u00e9es par Mariano Otero pour r\u00e9aliser&nbsp;\u00e0 ton tour une sculpture unique.&nbsp; Pr\u00e9voir une blouse Pour les enfants de 7&nbsp;\u00e0 12&nbsp;ans \u00c0 10h30 Dur\u00e9e : 2h Tarif : 4 \u20ac par enfant\u2026<\/p>\n","protected":false},"author":1,"featured_media":0,"comment_status":"closed","ping_status":"closed","sticky":false,"template":"","format":"standard","meta":{"footnotes":""},"categories":[2],"tags":[],"blocksy_meta":{"styles_descriptor":{"styles":{"desktop":"","tablet":"","mobile":""},"google_fonts":[],"version":4}},"yoast_head":"<!-- This site is optimized with the Yoast SEO plugin v21.1 - https:\/\/yoast.com\/wordpress\/plugins\/seo\/ -->\n<title>Editorial tout frais : Atelier sculpture | Ville de Vannes - Viaromana et arch\u00e9ologie.<\/title>\n<meta name=\"description\" content=\"Editorial tout frais : Atelier sculpture | Ville de Vannes article de Viaromana et arch\u00e9ologie.\" \/>\n<meta name=\"robots\" content=\"index, follow, max-snippet:-1, max-image-preview:large, max-video-preview:-1\" \/>\n<link rel=\"canonical\" href=\"https:\/\/www.viaromana.org\/blog\/editorial-tout-frais-atelier-sculpture-ville-de-vannes\/\" \/>\n<meta property=\"og:locale\" content=\"fr_FR\" \/>\n<meta property=\"og:type\" content=\"article\" \/>\n<meta property=\"og:title\" content=\"Editorial tout frais : Atelier sculpture | Ville de Vannes - Viaromana et arch\u00e9ologie.\" \/>\n<meta property=\"og:description\" content=\"Editorial tout frais : Atelier sculpture | Ville de Vannes article de Viaromana et arch\u00e9ologie.\" \/>\n<meta property=\"og:url\" content=\"https:\/\/www.viaromana.org\/blog\/editorial-tout-frais-atelier-sculpture-ville-de-vannes\/\" \/>\n<meta property=\"og:site_name\" content=\"Viaromana et arch\u00e9ologie.\" \/>\n<meta property=\"article:published_time\" content=\"2023-05-16T13:35:05+00:00\" \/>\n<meta name=\"author\" content=\"Robert\" \/>\n<meta name=\"twitter:card\" content=\"summary_large_image\" \/>\n<meta name=\"twitter:label1\" content=\"\u00c9crit par\" \/>\n\t<meta name=\"twitter:data1\" content=\"Robert\" \/>\n\t<meta name=\"twitter:label2\" content=\"Dur\u00e9e de lecture estim\u00e9e\" \/>\n\t<meta name=\"twitter:data2\" content=\"1 minute\" \/>\n<script type=\"application\/ld+json\" class=\"yoast-schema-graph\">{\"@context\":\"https:\/\/schema.org\",\"@graph\":[{\"@type\":\"Article\",\"@id\":\"https:\/\/www.viaromana.org\/blog\/editorial-tout-frais-atelier-sculpture-ville-de-vannes\/#article\",\"isPartOf\":{\"@id\":\"https:\/\/www.viaromana.org\/blog\/editorial-tout-frais-atelier-sculpture-ville-de-vannes\/\"},\"author\":{\"name\":\"Robert\",\"@id\":\"https:\/\/www.viaromana.org\/blog\/#\/schema\/person\/cde9c4655845091e1fe473fcd163c889\"},\"headline\":\"Editorial tout frais : Atelier sculpture | Ville de Vannes\",\"datePublished\":\"2023-05-16T13:35:05+00:00\",\"dateModified\":\"2023-05-16T13:35:05+00:00\",\"mainEntityOfPage\":{\"@id\":\"https:\/\/www.viaromana.org\/blog\/editorial-tout-frais-atelier-sculpture-ville-de-vannes\/\"},\"wordCount\":219,\"publisher\":{\"@id\":\"https:\/\/www.viaromana.org\/blog\/#organization\"},\"articleSection\":[\"Arch\u00e9ologie\"],\"inLanguage\":\"fr-FR\"},{\"@type\":\"WebPage\",\"@id\":\"https:\/\/www.viaromana.org\/blog\/editorial-tout-frais-atelier-sculpture-ville-de-vannes\/\",\"url\":\"https:\/\/www.viaromana.org\/blog\/editorial-tout-frais-atelier-sculpture-ville-de-vannes\/\",\"name\":\"Editorial tout frais : Atelier sculpture | Ville de Vannes - Viaromana et arch\u00e9ologie.\",\"isPartOf\":{\"@id\":\"https:\/\/www.viaromana.org\/blog\/#website\"},\"datePublished\":\"2023-05-16T13:35:05+00:00\",\"dateModified\":\"2023-05-16T13:35:05+00:00\",\"description\":\"Editorial tout frais : Atelier sculpture | Ville de Vannes article de Viaromana et arch\u00e9ologie.\",\"breadcrumb\":{\"@id\":\"https:\/\/www.viaromana.org\/blog\/editorial-tout-frais-atelier-sculpture-ville-de-vannes\/#breadcrumb\"},\"inLanguage\":\"fr-FR\",\"potentialAction\":[{\"@type\":\"ReadAction\",\"target\":[\"https:\/\/www.viaromana.org\/blog\/editorial-tout-frais-atelier-sculpture-ville-de-vannes\/\"]}]},{\"@type\":\"BreadcrumbList\",\"@id\":\"https:\/\/www.viaromana.org\/blog\/editorial-tout-frais-atelier-sculpture-ville-de-vannes\/#breadcrumb\",\"itemListElement\":[{\"@type\":\"ListItem\",\"position\":1,\"name\":\"Accueil\",\"item\":\"https:\/\/www.viaromana.org\/blog\/\"},{\"@type\":\"ListItem\",\"position\":2,\"name\":\"Editorial tout frais : Atelier sculpture | Ville de Vannes\"}]},{\"@type\":\"WebSite\",\"@id\":\"https:\/\/www.viaromana.org\/blog\/#website\",\"url\":\"https:\/\/www.viaromana.org\/blog\/\",\"name\":\"Viaromana et arch\u00e9ologie.\",\"description\":\"Site arch\u00e9ologique de la voie romaine (viaromana) Belgique-France-Rome\",\"publisher\":{\"@id\":\"https:\/\/www.viaromana.org\/blog\/#organization\"},\"potentialAction\":[{\"@type\":\"SearchAction\",\"target\":{\"@type\":\"EntryPoint\",\"urlTemplate\":\"https:\/\/www.viaromana.org\/blog\/?s={search_term_string}\"},\"query-input\":\"required name=search_term_string\"}],\"inLanguage\":\"fr-FR\"},{\"@type\":\"Organization\",\"@id\":\"https:\/\/www.viaromana.org\/blog\/#organization\",\"name\":\"viaromana\",\"url\":\"https:\/\/www.viaromana.org\/blog\/\",\"logo\":{\"@type\":\"ImageObject\",\"inLanguage\":\"fr-FR\",\"@id\":\"https:\/\/www.viaromana.org\/blog\/#\/schema\/logo\/image\/\",\"url\":\"https:\/\/www.viaromana.org\/blog\/wp-content\/uploads\/2021\/12\/logo-3.png\",\"contentUrl\":\"https:\/\/www.viaromana.org\/blog\/wp-content\/uploads\/2021\/12\/logo-3.png\",\"width\":300,\"height\":249,\"caption\":\"viaromana\"},\"image\":{\"@id\":\"https:\/\/www.viaromana.org\/blog\/#\/schema\/logo\/image\/\"}},{\"@type\":\"Person\",\"@id\":\"https:\/\/www.viaromana.org\/blog\/#\/schema\/person\/cde9c4655845091e1fe473fcd163c889\",\"name\":\"Robert\",\"image\":{\"@type\":\"ImageObject\",\"inLanguage\":\"fr-FR\",\"@id\":\"https:\/\/www.viaromana.org\/blog\/#\/schema\/person\/image\/\",\"url\":\"https:\/\/secure.gravatar.com\/avatar\/a168ec191013b636c2f278aec04e724b?s=96&d=mm&r=g\",\"contentUrl\":\"https:\/\/secure.gravatar.com\/avatar\/a168ec191013b636c2f278aec04e724b?s=96&d=mm&r=g\",\"caption\":\"Robert\"},\"sameAs\":[\"https:\/\/www.viaromana.org\/blog\"],\"url\":\"https:\/\/www.viaromana.org\/blog\/author\/anaadmin\/\"}]}<\/script>\n<!-- \/ Yoast SEO plugin. -->","yoast_head_json":{"title":"Editorial tout frais : Atelier sculpture | Ville de Vannes - Viaromana et arch\u00e9ologie.","description":"Editorial tout frais : Atelier sculpture | Ville de Vannes article de Viaromana et arch\u00e9ologie.","robots":{"index":"index","follow":"follow","max-snippet":"max-snippet:-1","max-image-preview":"max-image-preview:large","max-video-preview":"max-video-preview:-1"},"canonical":"https:\/\/www.viaromana.org\/blog\/editorial-tout-frais-atelier-sculpture-ville-de-vannes\/","og_locale":"fr_FR","og_type":"article","og_title":"Editorial tout frais : Atelier sculpture | Ville de Vannes - Viaromana et arch\u00e9ologie.","og_description":"Editorial tout frais : Atelier sculpture | Ville de Vannes article de Viaromana et arch\u00e9ologie.","og_url":"https:\/\/www.viaromana.org\/blog\/editorial-tout-frais-atelier-sculpture-ville-de-vannes\/","og_site_name":"Viaromana et arch\u00e9ologie.","article_published_time":"2023-05-16T13:35:05+00:00","author":"Robert","twitter_card":"summary_large_image","twitter_misc":{"\u00c9crit par":"Robert","Dur\u00e9e de lecture estim\u00e9e":"1 minute"},"schema":{"@context":"https:\/\/schema.org","@graph":[{"@type":"Article","@id":"https:\/\/www.viaromana.org\/blog\/editorial-tout-frais-atelier-sculpture-ville-de-vannes\/#article","isPartOf":{"@id":"https:\/\/www.viaromana.org\/blog\/editorial-tout-frais-atelier-sculpture-ville-de-vannes\/"},"author":{"name":"Robert","@id":"https:\/\/www.viaromana.org\/blog\/#\/schema\/person\/cde9c4655845091e1fe473fcd163c889"},"headline":"Editorial tout frais : Atelier sculpture | Ville de Vannes","datePublished":"2023-05-16T13:35:05+00:00","dateModified":"2023-05-16T13:35:05+00:00","mainEntityOfPage":{"@id":"https:\/\/www.viaromana.org\/blog\/editorial-tout-frais-atelier-sculpture-ville-de-vannes\/"},"wordCount":219,"publisher":{"@id":"https:\/\/www.viaromana.org\/blog\/#organization"},"articleSection":["Arch\u00e9ologie"],"inLanguage":"fr-FR"},{"@type":"WebPage","@id":"https:\/\/www.viaromana.org\/blog\/editorial-tout-frais-atelier-sculpture-ville-de-vannes\/","url":"https:\/\/www.viaromana.org\/blog\/editorial-tout-frais-atelier-sculpture-ville-de-vannes\/","name":"Editorial tout frais : Atelier sculpture | Ville de Vannes - Viaromana et arch\u00e9ologie.","isPartOf":{"@id":"https:\/\/www.viaromana.org\/blog\/#website"},"datePublished":"2023-05-16T13:35:05+00:00","dateModified":"2023-05-16T13:35:05+00:00","description":"Editorial tout frais : Atelier sculpture | Ville de Vannes article de Viaromana et arch\u00e9ologie.","breadcrumb":{"@id":"https:\/\/www.viaromana.org\/blog\/editorial-tout-frais-atelier-sculpture-ville-de-vannes\/#breadcrumb"},"inLanguage":"fr-FR","potentialAction":[{"@type":"ReadAction","target":["https:\/\/www.viaromana.org\/blog\/editorial-tout-frais-atelier-sculpture-ville-de-vannes\/"]}]},{"@type":"BreadcrumbList","@id":"https:\/\/www.viaromana.org\/blog\/editorial-tout-frais-atelier-sculpture-ville-de-vannes\/#breadcrumb","itemListElement":[{"@type":"ListItem","position":1,"name":"Accueil","item":"https:\/\/www.viaromana.org\/blog\/"},{"@type":"ListItem","position":2,"name":"Editorial tout frais : Atelier sculpture | Ville de Vannes"}]},{"@type":"WebSite","@id":"https:\/\/www.viaromana.org\/blog\/#website","url":"https:\/\/www.viaromana.org\/blog\/","name":"Viaromana et arch\u00e9ologie.","description":"Site arch\u00e9ologique de la voie romaine (viaromana) Belgique-France-Rome","publisher":{"@id":"https:\/\/www.viaromana.org\/blog\/#organization"},"potentialAction":[{"@type":"SearchAction","target":{"@type":"EntryPoint","urlTemplate":"https:\/\/www.viaromana.org\/blog\/?s={search_term_string}"},"query-input":"required name=search_term_string"}],"inLanguage":"fr-FR"},{"@type":"Organization","@id":"https:\/\/www.viaromana.org\/blog\/#organization","name":"viaromana","url":"https:\/\/www.viaromana.org\/blog\/","logo":{"@type":"ImageObject","inLanguage":"fr-FR","@id":"https:\/\/www.viaromana.org\/blog\/#\/schema\/logo\/image\/","url":"https:\/\/www.viaromana.org\/blog\/wp-content\/uploads\/2021\/12\/logo-3.png","contentUrl":"https:\/\/www.viaromana.org\/blog\/wp-content\/uploads\/2021\/12\/logo-3.png","width":300,"height":249,"caption":"viaromana"},"image":{"@id":"https:\/\/www.viaromana.org\/blog\/#\/schema\/logo\/image\/"}},{"@type":"Person","@id":"https:\/\/www.viaromana.org\/blog\/#\/schema\/person\/cde9c4655845091e1fe473fcd163c889","name":"Robert","image":{"@type":"ImageObject","inLanguage":"fr-FR","@id":"https:\/\/www.viaromana.org\/blog\/#\/schema\/person\/image\/","url":"https:\/\/secure.gravatar.com\/avatar\/a168ec191013b636c2f278aec04e724b?s=96&d=mm&r=g","contentUrl":"https:\/\/secure.gravatar.com\/avatar\/a168ec191013b636c2f278aec04e724b?s=96&d=mm&r=g","caption":"Robert"},"sameAs":["https:\/\/www.viaromana.org\/blog"],"url":"https:\/\/www.viaromana.org\/blog\/author\/anaadmin\/"}]}},"_links":{"self":[{"href":"https:\/\/www.viaromana.org\/blog\/wp-json\/wp\/v2\/posts\/1693"}],"collection":[{"href":"https:\/\/www.viaromana.org\/blog\/wp-json\/wp\/v2\/posts"}],"about":[{"href":"https:\/\/www.viaromana.org\/blog\/wp-json\/wp\/v2\/types\/post"}],"author":[{"embeddable":true,"href":"https:\/\/www.viaromana.org\/blog\/wp-json\/wp\/v2\/users\/1"}],"replies":[{"embeddable":true,"href":"https:\/\/www.viaromana.org\/blog\/wp-json\/wp\/v2\/comments?post=1693"}],"version-history":[{"count":0,"href":"https:\/\/www.viaromana.org\/blog\/wp-json\/wp\/v2\/posts\/1693\/revisions"}],"wp:attachment":[{"href":"https:\/\/www.viaromana.org\/blog\/wp-json\/wp\/v2\/media?parent=1693"}],"wp:term":[{"taxonomy":"category","embeddable":true,"href":"https:\/\/www.viaromana.org\/blog\/wp-json\/wp\/v2\/categories?post=1693"},{"taxonomy":"post_tag","embeddable":true,"href":"https:\/\/www.viaromana.org\/blog\/wp-json\/wp\/v2\/tags?post=1693"}],"curies":[{"name":"wp","href":"https:\/\/api.w.org\/{rel}","templated":true}]}}