{"id":1687,"date":"2023-05-09T14:15:41","date_gmt":"2023-05-09T12:15:41","guid":{"rendered":"https:\/\/www.site.cdcl.xyz\/2023\/05\/09\/article-tout-frais-le-batiment-de-lex-iufm-accueillera-des-etudiants\/"},"modified":"2023-05-09T14:15:41","modified_gmt":"2023-05-09T12:15:41","slug":"article-tout-frais-le-batiment-de-lex-iufm-accueillera-des-etudiants","status":"publish","type":"post","link":"https:\/\/www.viaromana.org\/blog\/article-tout-frais-le-batiment-de-lex-iufm-accueillera-des-etudiants\/","title":{"rendered":"Article tout frais : Le b\u00e2timent de l\u2019ex-IUFM accueillera des \u00e9tudiants"},"content":{"rendered":"<p>En cherchant sur le web nous avons vu un \u00e9ditorial qui va vous ravir. Son th\u00e8me est \u00ab&nbsp;l\u2019arch\u00e9ologie&nbsp;\u00bb.<\/p>\n<p>Le titre (Le b\u00e2timent de l\u2019ex-IUFM accueillera des \u00e9tudiants) r\u00e9capitule tout l\u2019\u00e9ditorial.<\/p>\n<p> Pr\u00e9sent\u00e9 sous le nom \u00abd\u2019anonymat<br \/>\u00bb, le r\u00e9dacteur est reconnu comme quelqu\u2019un de s\u00e9rieux.<\/p>\n<p>Vous pouvez par cons\u00e9quent faire confiance \u00e0 cette parution.<\/p>\n<p>Sachez que la date de parution est 2023-05-09 14:15:41.<\/p>\n<p><img decoding=\"async\" src=\"https:\/\/www.viaromana.org\/blog\/wp-content\/uploads\/2023\/05\/article-tout-frais-le-batiment-de-lex-iufm-accueillera-des-etudiants.jpg\"><\/p>\n<div>\n<p>Dans le cadre de son Sch\u00e9ma Local de l\u2019Enseignement Sup\u00e9rieur, de la Recherche et de l\u2019Innovation (SLESRI), l\u2019Agglo a fait l\u2019acquisition, en 2018, du b\u00e2timent de l\u2019ex-IUFM, situ\u00e9 rue Beaune la Rolande. Elle souhaite d\u00e9dier cet espace \u00e0 l\u2019enseignement sup\u00e9rieur et lancer une r\u00e9habilitation compl\u00e8te du b\u00e2timent. Pour ce faire, elle proc\u00e8de \u00e0 l\u2019acquisition de l\u2019ensemble du site. Ces travaux permettront l\u2019accueil de 250 \u00e0 300 \u00e9tudiants suppl\u00e9mentaires, sur le site de la rue Beaune la Rolande, et confirment la priorit\u00e9 politique donn\u00e9e au d\u00e9veloppement de l\u2019enseignement sup\u00e9rieur.<\/p>\n<\/div>\n<div>\n<p>Le programme de requalification de ce b\u00e2timent, ainsi que l\u2019enveloppe financi\u00e8re affect\u00e9e aux travaux de la tranche ferme, ont \u00e9t\u00e9 adopt\u00e9s lors du pr\u00e9c\u00e9dent conseil d\u2019agglom\u00e9ration.<\/p>\n<h2>Objectif : 5000 \u00e9tudiants en 2027<\/h2>\n<p>Les derni\u00e8res projections r\u00e9alis\u00e9es, sur les \u00e9tablissements d\u00e9j\u00e0 implant\u00e9s \u00e0 Niort, estiment que Niort accueillera 5000 \u00e9tudiants, \u00e0 l\u2019horizon 2027 (sans compter l\u2019arriv\u00e9e potentielle de nouveaux op\u00e9rateurs ou l\u2019ouverture de nouvelles fili\u00e8res). Les capacit\u00e9s d\u2019accueil doivent donc \u00eatre revues \u00e0 la hausse pour permettre d\u2019accueillir sur le territoire les futurs \u00e9tudiants, dans de bonnes conditions. C\u2019est pourquoi, l\u2019Agglo souhaite adopter, d\u00e8s \u00e0 pr\u00e9sent, la tranche optionnelle des travaux sur l\u2019ex-IUFM (r\u00e9habilitation des deux pavillons lat\u00e9raux, de l\u2019ancienne \u00e9cole maternelle d\u2019application, de l\u2019ancienne maison de direction et du mur d\u2019enceinte). Le montant de cette tranche optionnelle s\u2019\u00e9l\u00e8ve \u00e0 3,032M\u20ac HT.<\/p>\n<\/div>\n<p>Livres sur le m\u00eame propos:<\/p>\n<p>Qui \u00e9tait N\u00e9andertal ? L\u2019enqu\u00eate illustr\u00e9e.,<a target=\"_blank\" rel=\"nofollow\" href=\"https:\/\/www.viaromana.org\/blog\/goto\/https:\/\/booknode.com\/qui_etait_neandertal_lenquete_illustree_02622613\"  target=\"_blank\" rel=\"noopener noreferrer nofollow\">(la couverture) <\/a><span><\/span>. Disponible \u00e0 l\u2019achat sur les plateformes Amazon, Fnac, Cultura \u2026.<\/p>\n<p>Notre-Dame de Paris ; histoire et arch\u00e9ologie d\u2019une cath\u00e9drale (XIIe-XIVe si\u00e8cle).,<a target=\"_blank\" rel=\"nofollow\" href=\"https:\/\/www.viaromana.org\/blog\/goto\/https:\/\/www.epagine.fr\/ebook\/9782271129185-notre-dame-de-paris-histoire-et-archeologie-d-une-cathedrale-xiie-xive-siecle-dany-sandron\/\"  target=\"_blank\" rel=\"noopener noreferrer nofollow\">Ouvrage <\/a><span><\/span>. A emprunter en biblioth\u00e8que.<\/p>\n<p>Un coin de Haute-Provence, C\u00e9reste au cours des si\u00e8cles : histoire, art, arch\u00e9ologie.,<a target=\"_blank\" rel=\"nofollow\" href=\"https:\/\/www.viaromana.org\/blog\/goto\/https:\/\/www.epagine.fr\/ebook\/9782307002505-un-coin-de-haute-provence-cereste-au-cours-des-siecles-histoire-art-archeologie-helia-vigne-d-octon\/\"  target=\"_blank\" rel=\"noopener noreferrer nofollow\">livre de r\u00e9f\u00e9rence <\/a><span><\/span>. Disponible \u00e0 la FNAC.<\/p>\n<p>National Geographic, arch\u00e9ologie: Chich\u00e9n Itz\u00e1.,<a target=\"_blank\" rel=\"nofollow\" href=\"https:\/\/www.viaromana.org\/blog\/goto\/https:\/\/booknode.com\/national_geographic_archeologie_chichen_itza_02667973\"  target=\"_blank\" rel=\"noopener noreferrer nofollow\">Clicker Ici <\/a><span><\/span>. Disponible dans toutes les bonnes biblioth\u00e8ques de votre d\u00e9partement.<\/p>\n","protected":false},"excerpt":{"rendered":"<p>En cherchant sur le web nous avons vu un \u00e9ditorial qui va vous ravir. Son th\u00e8me est \u00ab&nbsp;l\u2019arch\u00e9ologie&nbsp;\u00bb. Le titre (Le b\u00e2timent de l\u2019ex-IUFM accueillera des \u00e9tudiants) r\u00e9capitule tout l\u2019\u00e9ditorial. Pr\u00e9sent\u00e9 sous le nom \u00abd\u2019anonymat\u00bb, le r\u00e9dacteur est reconnu comme quelqu\u2019un de s\u00e9rieux. Vous pouvez par cons\u00e9quent faire confiance \u00e0 cette parution. Sachez que la date de parution est 2023-05-09 14:15:41. Dans le cadre de son Sch\u00e9ma Local de l\u2019Enseignement Sup\u00e9rieur, de la Recherche et de l\u2019Innovation (SLESRI), l\u2019Agglo a fait l\u2019acquisition, en 2018, du b\u00e2timent de l\u2019ex-IUFM, situ\u00e9 rue Beaune la Rolande. Elle souhaite d\u00e9dier cet espace \u00e0 l\u2019enseignement\u2026<\/p>\n","protected":false},"author":1,"featured_media":0,"comment_status":"closed","ping_status":"closed","sticky":false,"template":"","format":"standard","meta":{"footnotes":""},"categories":[2],"tags":[],"blocksy_meta":{"styles_descriptor":{"styles":{"desktop":"","tablet":"","mobile":""},"google_fonts":[],"version":4}},"yoast_head":"<!-- This site is optimized with the Yoast SEO plugin v21.1 - https:\/\/yoast.com\/wordpress\/plugins\/seo\/ -->\n<title>Article tout frais : Le b\u00e2timent de l\u2019ex-IUFM accueillera des \u00e9tudiants - Viaromana et arch\u00e9ologie.<\/title>\n<meta name=\"description\" content=\"Article tout frais : Le b\u00e2timent de l\u2019ex-IUFM accueillera des \u00e9tudiants article de Viaromana et arch\u00e9ologie.\" \/>\n<meta name=\"robots\" content=\"index, follow, max-snippet:-1, max-image-preview:large, max-video-preview:-1\" \/>\n<link rel=\"canonical\" href=\"https:\/\/www.viaromana.org\/blog\/article-tout-frais-le-batiment-de-lex-iufm-accueillera-des-etudiants\/\" \/>\n<meta property=\"og:locale\" content=\"fr_FR\" \/>\n<meta property=\"og:type\" content=\"article\" \/>\n<meta property=\"og:title\" content=\"Article tout frais : Le b\u00e2timent de l\u2019ex-IUFM accueillera des \u00e9tudiants - Viaromana et arch\u00e9ologie.\" \/>\n<meta property=\"og:description\" content=\"Article tout frais : Le b\u00e2timent de l\u2019ex-IUFM accueillera des \u00e9tudiants article de Viaromana et arch\u00e9ologie.\" \/>\n<meta property=\"og:url\" content=\"https:\/\/www.viaromana.org\/blog\/article-tout-frais-le-batiment-de-lex-iufm-accueillera-des-etudiants\/\" \/>\n<meta property=\"og:site_name\" content=\"Viaromana et arch\u00e9ologie.\" \/>\n<meta property=\"article:published_time\" content=\"2023-05-09T12:15:41+00:00\" \/>\n<meta property=\"og:image\" content=\"https:\/\/www.viaromana.org\/blog\/wp-content\/uploads\/2023\/05\/article-tout-frais-le-batiment-de-lex-iufm-accueillera-des-etudiants.jpg\" \/>\n<meta name=\"author\" content=\"Robert\" \/>\n<meta name=\"twitter:card\" content=\"summary_large_image\" \/>\n<meta name=\"twitter:label1\" content=\"\u00c9crit par\" \/>\n\t<meta name=\"twitter:data1\" content=\"Robert\" \/>\n\t<meta name=\"twitter:label2\" content=\"Dur\u00e9e de lecture estim\u00e9e\" \/>\n\t<meta name=\"twitter:data2\" content=\"2 minutes\" \/>\n<script type=\"application\/ld+json\" class=\"yoast-schema-graph\">{\"@context\":\"https:\/\/schema.org\",\"@graph\":[{\"@type\":\"Article\",\"@id\":\"https:\/\/www.viaromana.org\/blog\/article-tout-frais-le-batiment-de-lex-iufm-accueillera-des-etudiants\/#article\",\"isPartOf\":{\"@id\":\"https:\/\/www.viaromana.org\/blog\/article-tout-frais-le-batiment-de-lex-iufm-accueillera-des-etudiants\/\"},\"author\":{\"name\":\"Robert\",\"@id\":\"https:\/\/www.viaromana.org\/blog\/#\/schema\/person\/cde9c4655845091e1fe473fcd163c889\"},\"headline\":\"Article tout frais : Le b\u00e2timent de l\u2019ex-IUFM accueillera des \u00e9tudiants\",\"datePublished\":\"2023-05-09T12:15:41+00:00\",\"dateModified\":\"2023-05-09T12:15:41+00:00\",\"mainEntityOfPage\":{\"@id\":\"https:\/\/www.viaromana.org\/blog\/article-tout-frais-le-batiment-de-lex-iufm-accueillera-des-etudiants\/\"},\"wordCount\":438,\"publisher\":{\"@id\":\"https:\/\/www.viaromana.org\/blog\/#organization\"},\"articleSection\":[\"Arch\u00e9ologie\"],\"inLanguage\":\"fr-FR\"},{\"@type\":\"WebPage\",\"@id\":\"https:\/\/www.viaromana.org\/blog\/article-tout-frais-le-batiment-de-lex-iufm-accueillera-des-etudiants\/\",\"url\":\"https:\/\/www.viaromana.org\/blog\/article-tout-frais-le-batiment-de-lex-iufm-accueillera-des-etudiants\/\",\"name\":\"Article tout frais : Le b\u00e2timent de l\u2019ex-IUFM accueillera des \u00e9tudiants - Viaromana et arch\u00e9ologie.\",\"isPartOf\":{\"@id\":\"https:\/\/www.viaromana.org\/blog\/#website\"},\"datePublished\":\"2023-05-09T12:15:41+00:00\",\"dateModified\":\"2023-05-09T12:15:41+00:00\",\"description\":\"Article tout frais : Le b\u00e2timent de l\u2019ex-IUFM accueillera des \u00e9tudiants article de Viaromana et arch\u00e9ologie.\",\"breadcrumb\":{\"@id\":\"https:\/\/www.viaromana.org\/blog\/article-tout-frais-le-batiment-de-lex-iufm-accueillera-des-etudiants\/#breadcrumb\"},\"inLanguage\":\"fr-FR\",\"potentialAction\":[{\"@type\":\"ReadAction\",\"target\":[\"https:\/\/www.viaromana.org\/blog\/article-tout-frais-le-batiment-de-lex-iufm-accueillera-des-etudiants\/\"]}]},{\"@type\":\"BreadcrumbList\",\"@id\":\"https:\/\/www.viaromana.org\/blog\/article-tout-frais-le-batiment-de-lex-iufm-accueillera-des-etudiants\/#breadcrumb\",\"itemListElement\":[{\"@type\":\"ListItem\",\"position\":1,\"name\":\"Accueil\",\"item\":\"https:\/\/www.viaromana.org\/blog\/\"},{\"@type\":\"ListItem\",\"position\":2,\"name\":\"Article tout frais : Le b\u00e2timent de l\u2019ex-IUFM accueillera des \u00e9tudiants\"}]},{\"@type\":\"WebSite\",\"@id\":\"https:\/\/www.viaromana.org\/blog\/#website\",\"url\":\"https:\/\/www.viaromana.org\/blog\/\",\"name\":\"Viaromana et arch\u00e9ologie.\",\"description\":\"Site arch\u00e9ologique de la voie romaine (viaromana) Belgique-France-Rome\",\"publisher\":{\"@id\":\"https:\/\/www.viaromana.org\/blog\/#organization\"},\"potentialAction\":[{\"@type\":\"SearchAction\",\"target\":{\"@type\":\"EntryPoint\",\"urlTemplate\":\"https:\/\/www.viaromana.org\/blog\/?s={search_term_string}\"},\"query-input\":\"required name=search_term_string\"}],\"inLanguage\":\"fr-FR\"},{\"@type\":\"Organization\",\"@id\":\"https:\/\/www.viaromana.org\/blog\/#organization\",\"name\":\"viaromana\",\"url\":\"https:\/\/www.viaromana.org\/blog\/\",\"logo\":{\"@type\":\"ImageObject\",\"inLanguage\":\"fr-FR\",\"@id\":\"https:\/\/www.viaromana.org\/blog\/#\/schema\/logo\/image\/\",\"url\":\"https:\/\/www.viaromana.org\/blog\/wp-content\/uploads\/2021\/12\/logo-3.png\",\"contentUrl\":\"https:\/\/www.viaromana.org\/blog\/wp-content\/uploads\/2021\/12\/logo-3.png\",\"width\":300,\"height\":249,\"caption\":\"viaromana\"},\"image\":{\"@id\":\"https:\/\/www.viaromana.org\/blog\/#\/schema\/logo\/image\/\"}},{\"@type\":\"Person\",\"@id\":\"https:\/\/www.viaromana.org\/blog\/#\/schema\/person\/cde9c4655845091e1fe473fcd163c889\",\"name\":\"Robert\",\"image\":{\"@type\":\"ImageObject\",\"inLanguage\":\"fr-FR\",\"@id\":\"https:\/\/www.viaromana.org\/blog\/#\/schema\/person\/image\/\",\"url\":\"https:\/\/secure.gravatar.com\/avatar\/a168ec191013b636c2f278aec04e724b?s=96&d=mm&r=g\",\"contentUrl\":\"https:\/\/secure.gravatar.com\/avatar\/a168ec191013b636c2f278aec04e724b?s=96&d=mm&r=g\",\"caption\":\"Robert\"},\"sameAs\":[\"https:\/\/www.viaromana.org\/blog\"],\"url\":\"https:\/\/www.viaromana.org\/blog\/author\/anaadmin\/\"}]}<\/script>\n<!-- \/ Yoast SEO plugin. -->","yoast_head_json":{"title":"Article tout frais : Le b\u00e2timent de l\u2019ex-IUFM accueillera des \u00e9tudiants - Viaromana et arch\u00e9ologie.","description":"Article tout frais : Le b\u00e2timent de l\u2019ex-IUFM accueillera des \u00e9tudiants article de Viaromana et arch\u00e9ologie.","robots":{"index":"index","follow":"follow","max-snippet":"max-snippet:-1","max-image-preview":"max-image-preview:large","max-video-preview":"max-video-preview:-1"},"canonical":"https:\/\/www.viaromana.org\/blog\/article-tout-frais-le-batiment-de-lex-iufm-accueillera-des-etudiants\/","og_locale":"fr_FR","og_type":"article","og_title":"Article tout frais : Le b\u00e2timent de l\u2019ex-IUFM accueillera des \u00e9tudiants - Viaromana et arch\u00e9ologie.","og_description":"Article tout frais : Le b\u00e2timent de l\u2019ex-IUFM accueillera des \u00e9tudiants article de Viaromana et arch\u00e9ologie.","og_url":"https:\/\/www.viaromana.org\/blog\/article-tout-frais-le-batiment-de-lex-iufm-accueillera-des-etudiants\/","og_site_name":"Viaromana et arch\u00e9ologie.","article_published_time":"2023-05-09T12:15:41+00:00","og_image":[{"url":"https:\/\/www.viaromana.org\/blog\/wp-content\/uploads\/2023\/05\/article-tout-frais-le-batiment-de-lex-iufm-accueillera-des-etudiants.jpg"}],"author":"Robert","twitter_card":"summary_large_image","twitter_misc":{"\u00c9crit par":"Robert","Dur\u00e9e de lecture estim\u00e9e":"2 minutes"},"schema":{"@context":"https:\/\/schema.org","@graph":[{"@type":"Article","@id":"https:\/\/www.viaromana.org\/blog\/article-tout-frais-le-batiment-de-lex-iufm-accueillera-des-etudiants\/#article","isPartOf":{"@id":"https:\/\/www.viaromana.org\/blog\/article-tout-frais-le-batiment-de-lex-iufm-accueillera-des-etudiants\/"},"author":{"name":"Robert","@id":"https:\/\/www.viaromana.org\/blog\/#\/schema\/person\/cde9c4655845091e1fe473fcd163c889"},"headline":"Article tout frais : Le b\u00e2timent de l\u2019ex-IUFM accueillera des \u00e9tudiants","datePublished":"2023-05-09T12:15:41+00:00","dateModified":"2023-05-09T12:15:41+00:00","mainEntityOfPage":{"@id":"https:\/\/www.viaromana.org\/blog\/article-tout-frais-le-batiment-de-lex-iufm-accueillera-des-etudiants\/"},"wordCount":438,"publisher":{"@id":"https:\/\/www.viaromana.org\/blog\/#organization"},"articleSection":["Arch\u00e9ologie"],"inLanguage":"fr-FR"},{"@type":"WebPage","@id":"https:\/\/www.viaromana.org\/blog\/article-tout-frais-le-batiment-de-lex-iufm-accueillera-des-etudiants\/","url":"https:\/\/www.viaromana.org\/blog\/article-tout-frais-le-batiment-de-lex-iufm-accueillera-des-etudiants\/","name":"Article tout frais : Le b\u00e2timent de l\u2019ex-IUFM accueillera des \u00e9tudiants - Viaromana et arch\u00e9ologie.","isPartOf":{"@id":"https:\/\/www.viaromana.org\/blog\/#website"},"datePublished":"2023-05-09T12:15:41+00:00","dateModified":"2023-05-09T12:15:41+00:00","description":"Article tout frais : Le b\u00e2timent de l\u2019ex-IUFM accueillera des \u00e9tudiants article de Viaromana et arch\u00e9ologie.","breadcrumb":{"@id":"https:\/\/www.viaromana.org\/blog\/article-tout-frais-le-batiment-de-lex-iufm-accueillera-des-etudiants\/#breadcrumb"},"inLanguage":"fr-FR","potentialAction":[{"@type":"ReadAction","target":["https:\/\/www.viaromana.org\/blog\/article-tout-frais-le-batiment-de-lex-iufm-accueillera-des-etudiants\/"]}]},{"@type":"BreadcrumbList","@id":"https:\/\/www.viaromana.org\/blog\/article-tout-frais-le-batiment-de-lex-iufm-accueillera-des-etudiants\/#breadcrumb","itemListElement":[{"@type":"ListItem","position":1,"name":"Accueil","item":"https:\/\/www.viaromana.org\/blog\/"},{"@type":"ListItem","position":2,"name":"Article tout frais : Le b\u00e2timent de l\u2019ex-IUFM accueillera des \u00e9tudiants"}]},{"@type":"WebSite","@id":"https:\/\/www.viaromana.org\/blog\/#website","url":"https:\/\/www.viaromana.org\/blog\/","name":"Viaromana et arch\u00e9ologie.","description":"Site arch\u00e9ologique de la voie romaine (viaromana) Belgique-France-Rome","publisher":{"@id":"https:\/\/www.viaromana.org\/blog\/#organization"},"potentialAction":[{"@type":"SearchAction","target":{"@type":"EntryPoint","urlTemplate":"https:\/\/www.viaromana.org\/blog\/?s={search_term_string}"},"query-input":"required name=search_term_string"}],"inLanguage":"fr-FR"},{"@type":"Organization","@id":"https:\/\/www.viaromana.org\/blog\/#organization","name":"viaromana","url":"https:\/\/www.viaromana.org\/blog\/","logo":{"@type":"ImageObject","inLanguage":"fr-FR","@id":"https:\/\/www.viaromana.org\/blog\/#\/schema\/logo\/image\/","url":"https:\/\/www.viaromana.org\/blog\/wp-content\/uploads\/2021\/12\/logo-3.png","contentUrl":"https:\/\/www.viaromana.org\/blog\/wp-content\/uploads\/2021\/12\/logo-3.png","width":300,"height":249,"caption":"viaromana"},"image":{"@id":"https:\/\/www.viaromana.org\/blog\/#\/schema\/logo\/image\/"}},{"@type":"Person","@id":"https:\/\/www.viaromana.org\/blog\/#\/schema\/person\/cde9c4655845091e1fe473fcd163c889","name":"Robert","image":{"@type":"ImageObject","inLanguage":"fr-FR","@id":"https:\/\/www.viaromana.org\/blog\/#\/schema\/person\/image\/","url":"https:\/\/secure.gravatar.com\/avatar\/a168ec191013b636c2f278aec04e724b?s=96&d=mm&r=g","contentUrl":"https:\/\/secure.gravatar.com\/avatar\/a168ec191013b636c2f278aec04e724b?s=96&d=mm&r=g","caption":"Robert"},"sameAs":["https:\/\/www.viaromana.org\/blog"],"url":"https:\/\/www.viaromana.org\/blog\/author\/anaadmin\/"}]}},"_links":{"self":[{"href":"https:\/\/www.viaromana.org\/blog\/wp-json\/wp\/v2\/posts\/1687"}],"collection":[{"href":"https:\/\/www.viaromana.org\/blog\/wp-json\/wp\/v2\/posts"}],"about":[{"href":"https:\/\/www.viaromana.org\/blog\/wp-json\/wp\/v2\/types\/post"}],"author":[{"embeddable":true,"href":"https:\/\/www.viaromana.org\/blog\/wp-json\/wp\/v2\/users\/1"}],"replies":[{"embeddable":true,"href":"https:\/\/www.viaromana.org\/blog\/wp-json\/wp\/v2\/comments?post=1687"}],"version-history":[{"count":0,"href":"https:\/\/www.viaromana.org\/blog\/wp-json\/wp\/v2\/posts\/1687\/revisions"}],"wp:attachment":[{"href":"https:\/\/www.viaromana.org\/blog\/wp-json\/wp\/v2\/media?parent=1687"}],"wp:term":[{"taxonomy":"category","embeddable":true,"href":"https:\/\/www.viaromana.org\/blog\/wp-json\/wp\/v2\/categories?post=1687"},{"taxonomy":"post_tag","embeddable":true,"href":"https:\/\/www.viaromana.org\/blog\/wp-json\/wp\/v2\/tags?post=1687"}],"curies":[{"name":"wp","href":"https:\/\/api.w.org\/{rel}","templated":true}]}}