{"id":1678,"date":"2023-05-08T02:00:01","date_gmt":"2023-05-08T00:00:01","guid":{"rendered":"https:\/\/www.site.cdcl.xyz\/2023\/05\/08\/revue-de-presse-internet-concert-lavach-isere-tourisme\/"},"modified":"2023-05-08T02:00:01","modified_gmt":"2023-05-08T00:00:01","slug":"revue-de-presse-internet-concert-lavach-isere-tourisme","status":"publish","type":"post","link":"https:\/\/www.viaromana.org\/blog\/revue-de-presse-internet-concert-lavach-isere-tourisme\/","title":{"rendered":"Revue de presse internet : Concert Lavach\u2019 | Is\u00e8re Tourisme"},"content":{"rendered":"<p>J\u2019ai relev\u00e9 un papier sur le web dont le sujet est \u00abl\u2019arch\u00e9ologie\u00bb.<\/p>\n<p>Le titre troublant (Concert Lavach\u2019 | Is\u00e8re Tourisme) est parlant.<\/p>\n<p> Pr\u00e9sent\u00e9 sous le nom \u00abnodule\u00bb, le journaliste est connu et fiable.<\/p>\n<p>Cet encart peut de ce fait \u00eatre pris au s\u00e9rieux.<\/p>\n<p>La date d\u2019\u00e9dition est 2023-05-08 02:00:01.<\/p>\n<div>\n<p>Insatiable explorateur des cultures du monde, le quatuor Lavach\u2019 d\u00e9ploie sur sc\u00e8ne un groove cosmopolite nourrit de 20 ans de tourn\u00e9es en France, au Mexique, en Colombie, en Arm\u00e9nie, au Laos, aux \u00c9tats-Unis et en Europe de l\u2019Est. Les quatre musiciens nous invitent ainsi \u00e0 un voyage po\u00e9tique et dansant, un road-movie musical dont l\u2019Arm\u00e9nie est le port d\u2019attache.<\/p>\n<p>S\u00e9vane St\u00e9panian, chant, accord\u00e9on, m\u00e9lodica, sagattes<\/p>\n<p>Yohan Rochetta, violon, senza, ch\u0153urs<\/p>\n<p>Adrien Sirdey, guitare, ch\u0153urs<\/p>\n<p>Fred Birau Maliszewski, batterie, programmation pad, ch\u0153urs <\/p>\n<p>Un concert organis\u00e9 par l\u2019EPCC AIDA Arts en Is\u00e8re Dauphin\u00e9 Alpes dans le cadre des All\u00e9es Chantent, une initiative du D\u00e9partement de l\u2019Is\u00e8re.<\/p>\n<p>Plus d\u2019informations sur : www.les-allees-chantent.fr \/ www.aida38.fr \/ 04 74 20 31 37<\/p>\n<h2 class=\"title info-comp\">Informations compl\u00e9mentaires<\/h2>\n<dl>\n<dt>Tourisme adapt\u00e9 :<\/dt>\n<dd>Accessible en fauteuil roulant en autonomie<\/dd>\n<\/dl>\n<div class=\"labels row\">\n<div><img decoding=\"async\" src=\"https:\/\/www.site.cdcl.xyz\/wp-content\/uploads\/2022\/05\/Relecture-de-leditorial-Exposition-Romanche-un-nouveau-visage-pour.svg.svg+xml\" class><span>Animaux non accept\u00e9s<\/span><\/div>\n<\/div>\n<\/div>\n<p>Bibliographie :<\/p>\n<p>Pyramide.,<a target=\"_blank\" rel=\"nofollow\" href=\"https:\/\/www.viaromana.org\/blog\/goto\/https:\/\/booknode.com\/pyramide_01332845\"  target=\"_blank\" rel=\"noopener noreferrer nofollow\">Le livre <\/a><span><\/span>.<\/p>\n<p>Pierre et Arch\u00e9ologie \u2013 Tautavel, 14-15-16 mai 1998.,<a target=\"_blank\" rel=\"nofollow\" href=\"https:\/\/www.viaromana.org\/blog\/goto\/https:\/\/booknode.com\/pierre_et_archeologie_tautavel_14_15_16_mai_1998_098002\"  target=\"_blank\" rel=\"noopener noreferrer nofollow\">(la couverture) <\/a><span><\/span>.<\/p>\n<p>Toutankhamon : Tr\u00e9sors et secrets du pharaon.,<a target=\"_blank\" rel=\"nofollow\" href=\"https:\/\/www.viaromana.org\/blog\/goto\/https:\/\/booknode.com\/toutankhamon_tresors_et_secrets_du_pharaon_02920264\"  target=\"_blank\" rel=\"noopener noreferrer nofollow\">Ouvrage <\/a><span><\/span>. A emprunter en biblioth\u00e8que.<\/p>\n<p>Notre-Dame de Paris. Histoire et arch\u00e9ologie d\u2019une cath\u00e9drale (XIIe-XIVe si\u00e8cle).,<a target=\"_blank\" rel=\"nofollow\" href=\"https:\/\/www.viaromana.org\/blog\/goto\/https:\/\/www.kobo.com\/de\/fr\/ebook\/notre-dame-de-paris-histoire-et-archeologie-d-une-cathedrale-xiie-xive-siecle\"  target=\"_blank\" rel=\"noopener noreferrer nofollow\">A voir et \u00e0 lire. <\/a><span><\/span>.<\/p>\n","protected":false},"excerpt":{"rendered":"<p>J\u2019ai relev\u00e9 un papier sur le web dont le sujet est \u00abl\u2019arch\u00e9ologie\u00bb. Le titre troublant (Concert Lavach\u2019 | Is\u00e8re Tourisme) est parlant. Pr\u00e9sent\u00e9 sous le nom \u00abnodule\u00bb, le journaliste est connu et fiable. Cet encart peut de ce fait \u00eatre pris au s\u00e9rieux. La date d\u2019\u00e9dition est 2023-05-08 02:00:01. Insatiable explorateur des cultures du monde, le quatuor Lavach\u2019 d\u00e9ploie sur sc\u00e8ne un groove cosmopolite nourrit de 20 ans de tourn\u00e9es en France, au Mexique, en Colombie, en Arm\u00e9nie, au Laos, aux \u00c9tats-Unis et en Europe de l\u2019Est. Les quatre musiciens nous invitent ainsi \u00e0 un voyage po\u00e9tique et dansant, un\u2026<\/p>\n","protected":false},"author":1,"featured_media":0,"comment_status":"closed","ping_status":"closed","sticky":false,"template":"","format":"standard","meta":{"footnotes":""},"categories":[2],"tags":[],"blocksy_meta":{"styles_descriptor":{"styles":{"desktop":"","tablet":"","mobile":""},"google_fonts":[],"version":4}},"yoast_head":"<!-- This site is optimized with the Yoast SEO plugin v21.1 - https:\/\/yoast.com\/wordpress\/plugins\/seo\/ -->\n<title>Revue de presse internet : Concert Lavach\u2019 | Is\u00e8re Tourisme - Viaromana et arch\u00e9ologie.<\/title>\n<meta name=\"description\" content=\"Revue de presse internet : Concert Lavach\u2019 | Is\u00e8re Tourisme article de Viaromana et arch\u00e9ologie.\" \/>\n<meta name=\"robots\" content=\"index, follow, max-snippet:-1, max-image-preview:large, max-video-preview:-1\" \/>\n<link rel=\"canonical\" href=\"https:\/\/www.viaromana.org\/blog\/revue-de-presse-internet-concert-lavach-isere-tourisme\/\" \/>\n<meta property=\"og:locale\" content=\"fr_FR\" \/>\n<meta property=\"og:type\" content=\"article\" \/>\n<meta property=\"og:title\" content=\"Revue de presse internet : Concert Lavach\u2019 | Is\u00e8re Tourisme - Viaromana et arch\u00e9ologie.\" \/>\n<meta property=\"og:description\" content=\"Revue de presse internet : Concert Lavach\u2019 | Is\u00e8re Tourisme article de Viaromana et arch\u00e9ologie.\" \/>\n<meta property=\"og:url\" content=\"https:\/\/www.viaromana.org\/blog\/revue-de-presse-internet-concert-lavach-isere-tourisme\/\" \/>\n<meta property=\"og:site_name\" content=\"Viaromana et arch\u00e9ologie.\" \/>\n<meta property=\"article:published_time\" content=\"2023-05-08T00:00:01+00:00\" \/>\n<meta property=\"og:image\" content=\"https:\/\/www.site.cdcl.xyz\/wp-content\/uploads\/2022\/05\/Relecture-de-leditorial-Exposition-Romanche-un-nouveau-visage-pour.svg.svg+xml\" \/>\n<meta name=\"author\" content=\"Robert\" \/>\n<meta name=\"twitter:card\" content=\"summary_large_image\" \/>\n<meta name=\"twitter:label1\" content=\"\u00c9crit par\" \/>\n\t<meta name=\"twitter:data1\" content=\"Robert\" \/>\n\t<meta name=\"twitter:label2\" content=\"Dur\u00e9e de lecture estim\u00e9e\" \/>\n\t<meta name=\"twitter:data2\" content=\"1 minute\" \/>\n<script type=\"application\/ld+json\" class=\"yoast-schema-graph\">{\"@context\":\"https:\/\/schema.org\",\"@graph\":[{\"@type\":\"Article\",\"@id\":\"https:\/\/www.viaromana.org\/blog\/revue-de-presse-internet-concert-lavach-isere-tourisme\/#article\",\"isPartOf\":{\"@id\":\"https:\/\/www.viaromana.org\/blog\/revue-de-presse-internet-concert-lavach-isere-tourisme\/\"},\"author\":{\"name\":\"Robert\",\"@id\":\"https:\/\/www.viaromana.org\/blog\/#\/schema\/person\/cde9c4655845091e1fe473fcd163c889\"},\"headline\":\"Revue de presse internet : Concert Lavach\u2019 | Is\u00e8re Tourisme\",\"datePublished\":\"2023-05-08T00:00:01+00:00\",\"dateModified\":\"2023-05-08T00:00:01+00:00\",\"mainEntityOfPage\":{\"@id\":\"https:\/\/www.viaromana.org\/blog\/revue-de-presse-internet-concert-lavach-isere-tourisme\/\"},\"wordCount\":258,\"publisher\":{\"@id\":\"https:\/\/www.viaromana.org\/blog\/#organization\"},\"articleSection\":[\"Arch\u00e9ologie\"],\"inLanguage\":\"fr-FR\"},{\"@type\":\"WebPage\",\"@id\":\"https:\/\/www.viaromana.org\/blog\/revue-de-presse-internet-concert-lavach-isere-tourisme\/\",\"url\":\"https:\/\/www.viaromana.org\/blog\/revue-de-presse-internet-concert-lavach-isere-tourisme\/\",\"name\":\"Revue de presse internet : Concert Lavach\u2019 | Is\u00e8re Tourisme - Viaromana et arch\u00e9ologie.\",\"isPartOf\":{\"@id\":\"https:\/\/www.viaromana.org\/blog\/#website\"},\"datePublished\":\"2023-05-08T00:00:01+00:00\",\"dateModified\":\"2023-05-08T00:00:01+00:00\",\"description\":\"Revue de presse internet : Concert Lavach\u2019 | Is\u00e8re Tourisme article de Viaromana et arch\u00e9ologie.\",\"breadcrumb\":{\"@id\":\"https:\/\/www.viaromana.org\/blog\/revue-de-presse-internet-concert-lavach-isere-tourisme\/#breadcrumb\"},\"inLanguage\":\"fr-FR\",\"potentialAction\":[{\"@type\":\"ReadAction\",\"target\":[\"https:\/\/www.viaromana.org\/blog\/revue-de-presse-internet-concert-lavach-isere-tourisme\/\"]}]},{\"@type\":\"BreadcrumbList\",\"@id\":\"https:\/\/www.viaromana.org\/blog\/revue-de-presse-internet-concert-lavach-isere-tourisme\/#breadcrumb\",\"itemListElement\":[{\"@type\":\"ListItem\",\"position\":1,\"name\":\"Accueil\",\"item\":\"https:\/\/www.viaromana.org\/blog\/\"},{\"@type\":\"ListItem\",\"position\":2,\"name\":\"Revue de presse internet : Concert Lavach\u2019 | Is\u00e8re Tourisme\"}]},{\"@type\":\"WebSite\",\"@id\":\"https:\/\/www.viaromana.org\/blog\/#website\",\"url\":\"https:\/\/www.viaromana.org\/blog\/\",\"name\":\"Viaromana et arch\u00e9ologie.\",\"description\":\"Site arch\u00e9ologique de la voie romaine (viaromana) Belgique-France-Rome\",\"publisher\":{\"@id\":\"https:\/\/www.viaromana.org\/blog\/#organization\"},\"potentialAction\":[{\"@type\":\"SearchAction\",\"target\":{\"@type\":\"EntryPoint\",\"urlTemplate\":\"https:\/\/www.viaromana.org\/blog\/?s={search_term_string}\"},\"query-input\":\"required name=search_term_string\"}],\"inLanguage\":\"fr-FR\"},{\"@type\":\"Organization\",\"@id\":\"https:\/\/www.viaromana.org\/blog\/#organization\",\"name\":\"viaromana\",\"url\":\"https:\/\/www.viaromana.org\/blog\/\",\"logo\":{\"@type\":\"ImageObject\",\"inLanguage\":\"fr-FR\",\"@id\":\"https:\/\/www.viaromana.org\/blog\/#\/schema\/logo\/image\/\",\"url\":\"https:\/\/www.viaromana.org\/blog\/wp-content\/uploads\/2021\/12\/logo-3.png\",\"contentUrl\":\"https:\/\/www.viaromana.org\/blog\/wp-content\/uploads\/2021\/12\/logo-3.png\",\"width\":300,\"height\":249,\"caption\":\"viaromana\"},\"image\":{\"@id\":\"https:\/\/www.viaromana.org\/blog\/#\/schema\/logo\/image\/\"}},{\"@type\":\"Person\",\"@id\":\"https:\/\/www.viaromana.org\/blog\/#\/schema\/person\/cde9c4655845091e1fe473fcd163c889\",\"name\":\"Robert\",\"image\":{\"@type\":\"ImageObject\",\"inLanguage\":\"fr-FR\",\"@id\":\"https:\/\/www.viaromana.org\/blog\/#\/schema\/person\/image\/\",\"url\":\"https:\/\/secure.gravatar.com\/avatar\/a168ec191013b636c2f278aec04e724b?s=96&d=mm&r=g\",\"contentUrl\":\"https:\/\/secure.gravatar.com\/avatar\/a168ec191013b636c2f278aec04e724b?s=96&d=mm&r=g\",\"caption\":\"Robert\"},\"sameAs\":[\"https:\/\/www.viaromana.org\/blog\"],\"url\":\"https:\/\/www.viaromana.org\/blog\/author\/anaadmin\/\"}]}<\/script>\n<!-- \/ Yoast SEO plugin. -->","yoast_head_json":{"title":"Revue de presse internet : Concert Lavach\u2019 | Is\u00e8re Tourisme - Viaromana et arch\u00e9ologie.","description":"Revue de presse internet : Concert Lavach\u2019 | Is\u00e8re Tourisme article de Viaromana et arch\u00e9ologie.","robots":{"index":"index","follow":"follow","max-snippet":"max-snippet:-1","max-image-preview":"max-image-preview:large","max-video-preview":"max-video-preview:-1"},"canonical":"https:\/\/www.viaromana.org\/blog\/revue-de-presse-internet-concert-lavach-isere-tourisme\/","og_locale":"fr_FR","og_type":"article","og_title":"Revue de presse internet : Concert Lavach\u2019 | Is\u00e8re Tourisme - Viaromana et arch\u00e9ologie.","og_description":"Revue de presse internet : Concert Lavach\u2019 | Is\u00e8re Tourisme article de Viaromana et arch\u00e9ologie.","og_url":"https:\/\/www.viaromana.org\/blog\/revue-de-presse-internet-concert-lavach-isere-tourisme\/","og_site_name":"Viaromana et arch\u00e9ologie.","article_published_time":"2023-05-08T00:00:01+00:00","og_image":[{"url":"https:\/\/www.site.cdcl.xyz\/wp-content\/uploads\/2022\/05\/Relecture-de-leditorial-Exposition-Romanche-un-nouveau-visage-pour.svg.svg+xml"}],"author":"Robert","twitter_card":"summary_large_image","twitter_misc":{"\u00c9crit par":"Robert","Dur\u00e9e de lecture estim\u00e9e":"1 minute"},"schema":{"@context":"https:\/\/schema.org","@graph":[{"@type":"Article","@id":"https:\/\/www.viaromana.org\/blog\/revue-de-presse-internet-concert-lavach-isere-tourisme\/#article","isPartOf":{"@id":"https:\/\/www.viaromana.org\/blog\/revue-de-presse-internet-concert-lavach-isere-tourisme\/"},"author":{"name":"Robert","@id":"https:\/\/www.viaromana.org\/blog\/#\/schema\/person\/cde9c4655845091e1fe473fcd163c889"},"headline":"Revue de presse internet : Concert Lavach\u2019 | Is\u00e8re Tourisme","datePublished":"2023-05-08T00:00:01+00:00","dateModified":"2023-05-08T00:00:01+00:00","mainEntityOfPage":{"@id":"https:\/\/www.viaromana.org\/blog\/revue-de-presse-internet-concert-lavach-isere-tourisme\/"},"wordCount":258,"publisher":{"@id":"https:\/\/www.viaromana.org\/blog\/#organization"},"articleSection":["Arch\u00e9ologie"],"inLanguage":"fr-FR"},{"@type":"WebPage","@id":"https:\/\/www.viaromana.org\/blog\/revue-de-presse-internet-concert-lavach-isere-tourisme\/","url":"https:\/\/www.viaromana.org\/blog\/revue-de-presse-internet-concert-lavach-isere-tourisme\/","name":"Revue de presse internet : Concert Lavach\u2019 | Is\u00e8re Tourisme - Viaromana et arch\u00e9ologie.","isPartOf":{"@id":"https:\/\/www.viaromana.org\/blog\/#website"},"datePublished":"2023-05-08T00:00:01+00:00","dateModified":"2023-05-08T00:00:01+00:00","description":"Revue de presse internet : Concert Lavach\u2019 | Is\u00e8re Tourisme article de Viaromana et arch\u00e9ologie.","breadcrumb":{"@id":"https:\/\/www.viaromana.org\/blog\/revue-de-presse-internet-concert-lavach-isere-tourisme\/#breadcrumb"},"inLanguage":"fr-FR","potentialAction":[{"@type":"ReadAction","target":["https:\/\/www.viaromana.org\/blog\/revue-de-presse-internet-concert-lavach-isere-tourisme\/"]}]},{"@type":"BreadcrumbList","@id":"https:\/\/www.viaromana.org\/blog\/revue-de-presse-internet-concert-lavach-isere-tourisme\/#breadcrumb","itemListElement":[{"@type":"ListItem","position":1,"name":"Accueil","item":"https:\/\/www.viaromana.org\/blog\/"},{"@type":"ListItem","position":2,"name":"Revue de presse internet : Concert Lavach\u2019 | Is\u00e8re Tourisme"}]},{"@type":"WebSite","@id":"https:\/\/www.viaromana.org\/blog\/#website","url":"https:\/\/www.viaromana.org\/blog\/","name":"Viaromana et arch\u00e9ologie.","description":"Site arch\u00e9ologique de la voie romaine (viaromana) Belgique-France-Rome","publisher":{"@id":"https:\/\/www.viaromana.org\/blog\/#organization"},"potentialAction":[{"@type":"SearchAction","target":{"@type":"EntryPoint","urlTemplate":"https:\/\/www.viaromana.org\/blog\/?s={search_term_string}"},"query-input":"required name=search_term_string"}],"inLanguage":"fr-FR"},{"@type":"Organization","@id":"https:\/\/www.viaromana.org\/blog\/#organization","name":"viaromana","url":"https:\/\/www.viaromana.org\/blog\/","logo":{"@type":"ImageObject","inLanguage":"fr-FR","@id":"https:\/\/www.viaromana.org\/blog\/#\/schema\/logo\/image\/","url":"https:\/\/www.viaromana.org\/blog\/wp-content\/uploads\/2021\/12\/logo-3.png","contentUrl":"https:\/\/www.viaromana.org\/blog\/wp-content\/uploads\/2021\/12\/logo-3.png","width":300,"height":249,"caption":"viaromana"},"image":{"@id":"https:\/\/www.viaromana.org\/blog\/#\/schema\/logo\/image\/"}},{"@type":"Person","@id":"https:\/\/www.viaromana.org\/blog\/#\/schema\/person\/cde9c4655845091e1fe473fcd163c889","name":"Robert","image":{"@type":"ImageObject","inLanguage":"fr-FR","@id":"https:\/\/www.viaromana.org\/blog\/#\/schema\/person\/image\/","url":"https:\/\/secure.gravatar.com\/avatar\/a168ec191013b636c2f278aec04e724b?s=96&d=mm&r=g","contentUrl":"https:\/\/secure.gravatar.com\/avatar\/a168ec191013b636c2f278aec04e724b?s=96&d=mm&r=g","caption":"Robert"},"sameAs":["https:\/\/www.viaromana.org\/blog"],"url":"https:\/\/www.viaromana.org\/blog\/author\/anaadmin\/"}]}},"_links":{"self":[{"href":"https:\/\/www.viaromana.org\/blog\/wp-json\/wp\/v2\/posts\/1678"}],"collection":[{"href":"https:\/\/www.viaromana.org\/blog\/wp-json\/wp\/v2\/posts"}],"about":[{"href":"https:\/\/www.viaromana.org\/blog\/wp-json\/wp\/v2\/types\/post"}],"author":[{"embeddable":true,"href":"https:\/\/www.viaromana.org\/blog\/wp-json\/wp\/v2\/users\/1"}],"replies":[{"embeddable":true,"href":"https:\/\/www.viaromana.org\/blog\/wp-json\/wp\/v2\/comments?post=1678"}],"version-history":[{"count":0,"href":"https:\/\/www.viaromana.org\/blog\/wp-json\/wp\/v2\/posts\/1678\/revisions"}],"wp:attachment":[{"href":"https:\/\/www.viaromana.org\/blog\/wp-json\/wp\/v2\/media?parent=1678"}],"wp:term":[{"taxonomy":"category","embeddable":true,"href":"https:\/\/www.viaromana.org\/blog\/wp-json\/wp\/v2\/categories?post=1678"},{"taxonomy":"post_tag","embeddable":true,"href":"https:\/\/www.viaromana.org\/blog\/wp-json\/wp\/v2\/tags?post=1678"}],"curies":[{"name":"wp","href":"https:\/\/api.w.org\/{rel}","templated":true}]}}