{"id":1677,"date":"2023-05-05T11:55:58","date_gmt":"2023-05-05T09:55:58","guid":{"rendered":"https:\/\/www.site.cdcl.xyz\/2023\/05\/05\/derniere-actu-pour-vous-visite-guidee-de-la-ville-ancienne\/"},"modified":"2023-05-05T11:55:58","modified_gmt":"2023-05-05T09:55:58","slug":"derniere-actu-pour-vous-visite-guidee-de-la-ville-ancienne","status":"publish","type":"post","link":"https:\/\/www.viaromana.org\/blog\/derniere-actu-pour-vous-visite-guidee-de-la-ville-ancienne\/","title":{"rendered":"Derni\u00e8re actu pour vous : Visite guid\u00e9e de la ville ancienne"},"content":{"rendered":"<p>A voir, cet \u00e9ditorial sur internet dont la th\u00e9matique est \u00ab&nbsp;l\u2019arch\u00e9ologie&nbsp;\u00bb et qui a des chances de vous plaire.<\/p>\n<p>Le titre suggestif (Visite guid\u00e9e de la ville ancienne) est sans \u00e9quivoque.<\/p>\n<p>L\u2019auteur (annonc\u00e9 sous la signature Olivier_laudrin) est positivement connu pour plusieurs autres encarts qu\u2019il a publi\u00e9s sur internet.<\/p>\n<p>Vous pouvez par cons\u00e9quent donner du cr\u00e9dit \u00e0 cette actualit\u00e9.<\/p>\n<p>La date d\u2019\u00e9dition est 2023-05-05 11:55:58.<\/p>\n<p><span>Visite guid\u00e9e de la ville ancienne<\/span><br \/><span><span lang xml:lang>Olivier_laudrin<\/span><\/span><br \/><span>ven 05\/05\/2023 \u2013 11:55<\/span><\/p>\n<div><img decoding=\"async\" src=\"https:\/\/www.viaromana.org\/blog\/wp-content\/uploads\/2023\/05\/derniere-actu-pour-vous-visite-guidee-de-la-ville-ancienne.jpg\" alt><\/div>\n<div>\n<p>Retrouvez l\u2019incontournable visite de la ville ancienne<\/p>\n<\/div>\n<div>Visites guid\u00e9es<\/div>\n<div>2023-06-10<\/div>\n<div>2023-06-10<\/div>\n<div>\n<div class=\"paragraph paragraph--type--texte\">\n<div>\n<p>Au d\u00e9part des lavoirs dans les jardins des remparts, une balade dans les ruelles bord\u00e9es de maisons \u00e0 pans de bois, pour d\u00e9couvrir le patrimoine exceptionnel d\u2019une cit\u00e9 riche de 2000 d\u2019histoire.<\/p>\n<ul>\n<li>Rendez-vous : Les lavoirs de la Garenne, rue Porte Poterne \u00e0 15h<\/li>\n<li>Tarif plein : 6 \u20ac \u2013 Tarif r\u00e9duit (18-25 ans) : 3,60 \u20ac<\/li>\n<li>Gratuit pour les moins de 18 ans<\/li>\n<li>Pass patrimoine : 45 \u20ac pour 10 visites (valable 2 ans)<\/li>\n<\/ul>\n<\/div>\n<\/div>\n<div class=\"paragraph paragraph--type--mise-en-avant paragraph--type--exergue\">\n<div>\n<p>Achat et retrait des billets au mus\u00e9e des beaux-arts, La Cohue, 15 place Saint-Pierre,&nbsp;\u00e0 l\u2019Office du tourisme, rive droite du port et sur internet ou sur place aupr\u00e8s du&nbsp;guide-conf\u00e9rencier le jour de la visite.<\/p>\n<\/div>\n<\/div>\n<\/div>\n<div>\n<div class=\"paragraph paragraph--type--cartographie\">\n<h2>Les Lavoirs<\/h2>\n<\/p><\/div>\n<\/div>\n<div>Les Lavoirs<\/div>\n<div>patrimoine@mairie-vannes.fr<\/div>\n<div>02 97 01 64 00<\/div>\n<div>Patrimoine Vannes<\/div>\n<div>\n<div>Date de d\u00e9publication<\/div>\n<div>sam 10\/06\/2023 \u2013 23:59<\/div>\n<\/div>\n<p>Ce th\u00e8me correspond \u00e0 vos demandes vous aimerez beaucoup ces parutions:<\/p>\n<p>Tremplin d\u2019\u00e9toiles.,<a target=\"_blank\" rel=\"nofollow\" href=\"https:\/\/www.viaromana.org\/blog\/goto\/https:\/\/booknode.com\/tremplin_detoiles_0148772\"  target=\"_blank\" rel=\"noopener noreferrer nofollow\">Clicker Ici <\/a><span><\/span>.<\/p>\n<p>Manuel d\u2019arch\u00e9ologie \u00e9trusque et romaine.,<a target=\"_blank\" rel=\"nofollow\" href=\"https:\/\/www.viaromana.org\/blog\/goto\/https:\/\/www.kobo.com\/de\/fr\/ebook\/manuel-d-archeologie-etrusque-et-romaine\"  target=\"_blank\" rel=\"noopener noreferrer nofollow\">Le livre <\/a><span><\/span>. Ouvrage de r\u00e9f\u00e9rence.<\/p>\n<p>Problemes d\u2019archeologie developpementale en afrique.,<a target=\"_blank\" rel=\"nofollow\" href=\"https:\/\/www.viaromana.org\/blog\/goto\/https:\/\/www.epagine.fr\/ebook\/9782140005398-problemes-d-archeologie-developpementale-en-afrique-alain-marliac\/\"  target=\"_blank\" rel=\"noopener noreferrer nofollow\">(Disponible) <\/a><span><\/span>. Disponible chez votre libraire.<\/p>\n<p>Pays d\u2019Islam et monde latin.,<a target=\"_blank\" rel=\"nofollow\" href=\"https:\/\/www.viaromana.org\/blog\/goto\/https:\/\/www.kobo.com\/de\/fr\/ebook\/pays-d-islam-et-monde-latin\"  target=\"_blank\" rel=\"noopener noreferrer nofollow\">Le livre <\/a><span><\/span>.<\/p>\n","protected":false},"excerpt":{"rendered":"<p>A voir, cet \u00e9ditorial sur internet dont la th\u00e9matique est \u00ab&nbsp;l\u2019arch\u00e9ologie&nbsp;\u00bb et qui a des chances de vous plaire. Le titre suggestif (Visite guid\u00e9e de la ville ancienne) est sans \u00e9quivoque. L\u2019auteur (annonc\u00e9 sous la signature Olivier_laudrin) est positivement connu pour plusieurs autres encarts qu\u2019il a publi\u00e9s sur internet. Vous pouvez par cons\u00e9quent donner du cr\u00e9dit \u00e0 cette actualit\u00e9. La date d\u2019\u00e9dition est 2023-05-05 11:55:58. Visite guid\u00e9e de la ville ancienneOlivier_laudrinven 05\/05\/2023 \u2013 11:55 Retrouvez l\u2019incontournable visite de la ville ancienne Visites guid\u00e9es 2023-06-10 2023-06-10 Au d\u00e9part des lavoirs dans les jardins des remparts, une balade dans les ruelles bord\u00e9es\u2026<\/p>\n","protected":false},"author":1,"featured_media":0,"comment_status":"closed","ping_status":"closed","sticky":false,"template":"","format":"standard","meta":{"footnotes":""},"categories":[2],"tags":[],"blocksy_meta":{"styles_descriptor":{"styles":{"desktop":"","tablet":"","mobile":""},"google_fonts":[],"version":4}},"yoast_head":"<!-- This site is optimized with the Yoast SEO plugin v21.1 - https:\/\/yoast.com\/wordpress\/plugins\/seo\/ -->\n<title>Derni\u00e8re actu pour vous : Visite guid\u00e9e de la ville ancienne - Viaromana et arch\u00e9ologie.<\/title>\n<meta name=\"description\" content=\"Derni\u00e8re actu pour vous : Visite guid\u00e9e de la ville ancienne article de Viaromana et arch\u00e9ologie.\" \/>\n<meta name=\"robots\" content=\"index, follow, max-snippet:-1, max-image-preview:large, max-video-preview:-1\" \/>\n<link rel=\"canonical\" href=\"https:\/\/www.viaromana.org\/blog\/derniere-actu-pour-vous-visite-guidee-de-la-ville-ancienne\/\" \/>\n<meta property=\"og:locale\" content=\"fr_FR\" \/>\n<meta property=\"og:type\" content=\"article\" \/>\n<meta property=\"og:title\" content=\"Derni\u00e8re actu pour vous : Visite guid\u00e9e de la ville ancienne - Viaromana et arch\u00e9ologie.\" \/>\n<meta property=\"og:description\" content=\"Derni\u00e8re actu pour vous : Visite guid\u00e9e de la ville ancienne article de Viaromana et arch\u00e9ologie.\" \/>\n<meta property=\"og:url\" content=\"https:\/\/www.viaromana.org\/blog\/derniere-actu-pour-vous-visite-guidee-de-la-ville-ancienne\/\" \/>\n<meta property=\"og:site_name\" content=\"Viaromana et arch\u00e9ologie.\" \/>\n<meta property=\"article:published_time\" content=\"2023-05-05T09:55:58+00:00\" \/>\n<meta property=\"og:image\" content=\"https:\/\/www.viaromana.org\/blog\/wp-content\/uploads\/2023\/05\/derniere-actu-pour-vous-visite-guidee-de-la-ville-ancienne.jpg\" \/>\n<meta name=\"author\" content=\"Robert\" \/>\n<meta name=\"twitter:card\" content=\"summary_large_image\" \/>\n<meta name=\"twitter:label1\" content=\"\u00c9crit par\" \/>\n\t<meta name=\"twitter:data1\" content=\"Robert\" \/>\n\t<meta name=\"twitter:label2\" content=\"Dur\u00e9e de lecture estim\u00e9e\" \/>\n\t<meta name=\"twitter:data2\" content=\"1 minute\" \/>\n<script type=\"application\/ld+json\" class=\"yoast-schema-graph\">{\"@context\":\"https:\/\/schema.org\",\"@graph\":[{\"@type\":\"Article\",\"@id\":\"https:\/\/www.viaromana.org\/blog\/derniere-actu-pour-vous-visite-guidee-de-la-ville-ancienne\/#article\",\"isPartOf\":{\"@id\":\"https:\/\/www.viaromana.org\/blog\/derniere-actu-pour-vous-visite-guidee-de-la-ville-ancienne\/\"},\"author\":{\"name\":\"Robert\",\"@id\":\"https:\/\/www.viaromana.org\/blog\/#\/schema\/person\/cde9c4655845091e1fe473fcd163c889\"},\"headline\":\"Derni\u00e8re actu pour vous : Visite guid\u00e9e de la ville ancienne\",\"datePublished\":\"2023-05-05T09:55:58+00:00\",\"dateModified\":\"2023-05-05T09:55:58+00:00\",\"mainEntityOfPage\":{\"@id\":\"https:\/\/www.viaromana.org\/blog\/derniere-actu-pour-vous-visite-guidee-de-la-ville-ancienne\/\"},\"wordCount\":281,\"publisher\":{\"@id\":\"https:\/\/www.viaromana.org\/blog\/#organization\"},\"articleSection\":[\"Arch\u00e9ologie\"],\"inLanguage\":\"fr-FR\"},{\"@type\":\"WebPage\",\"@id\":\"https:\/\/www.viaromana.org\/blog\/derniere-actu-pour-vous-visite-guidee-de-la-ville-ancienne\/\",\"url\":\"https:\/\/www.viaromana.org\/blog\/derniere-actu-pour-vous-visite-guidee-de-la-ville-ancienne\/\",\"name\":\"Derni\u00e8re actu pour vous : Visite guid\u00e9e de la ville ancienne - Viaromana et arch\u00e9ologie.\",\"isPartOf\":{\"@id\":\"https:\/\/www.viaromana.org\/blog\/#website\"},\"datePublished\":\"2023-05-05T09:55:58+00:00\",\"dateModified\":\"2023-05-05T09:55:58+00:00\",\"description\":\"Derni\u00e8re actu pour vous : Visite guid\u00e9e de la ville ancienne article de Viaromana et arch\u00e9ologie.\",\"breadcrumb\":{\"@id\":\"https:\/\/www.viaromana.org\/blog\/derniere-actu-pour-vous-visite-guidee-de-la-ville-ancienne\/#breadcrumb\"},\"inLanguage\":\"fr-FR\",\"potentialAction\":[{\"@type\":\"ReadAction\",\"target\":[\"https:\/\/www.viaromana.org\/blog\/derniere-actu-pour-vous-visite-guidee-de-la-ville-ancienne\/\"]}]},{\"@type\":\"BreadcrumbList\",\"@id\":\"https:\/\/www.viaromana.org\/blog\/derniere-actu-pour-vous-visite-guidee-de-la-ville-ancienne\/#breadcrumb\",\"itemListElement\":[{\"@type\":\"ListItem\",\"position\":1,\"name\":\"Accueil\",\"item\":\"https:\/\/www.viaromana.org\/blog\/\"},{\"@type\":\"ListItem\",\"position\":2,\"name\":\"Derni\u00e8re actu pour vous : Visite guid\u00e9e de la ville ancienne\"}]},{\"@type\":\"WebSite\",\"@id\":\"https:\/\/www.viaromana.org\/blog\/#website\",\"url\":\"https:\/\/www.viaromana.org\/blog\/\",\"name\":\"Viaromana et arch\u00e9ologie.\",\"description\":\"Site arch\u00e9ologique de la voie romaine (viaromana) Belgique-France-Rome\",\"publisher\":{\"@id\":\"https:\/\/www.viaromana.org\/blog\/#organization\"},\"potentialAction\":[{\"@type\":\"SearchAction\",\"target\":{\"@type\":\"EntryPoint\",\"urlTemplate\":\"https:\/\/www.viaromana.org\/blog\/?s={search_term_string}\"},\"query-input\":\"required name=search_term_string\"}],\"inLanguage\":\"fr-FR\"},{\"@type\":\"Organization\",\"@id\":\"https:\/\/www.viaromana.org\/blog\/#organization\",\"name\":\"viaromana\",\"url\":\"https:\/\/www.viaromana.org\/blog\/\",\"logo\":{\"@type\":\"ImageObject\",\"inLanguage\":\"fr-FR\",\"@id\":\"https:\/\/www.viaromana.org\/blog\/#\/schema\/logo\/image\/\",\"url\":\"https:\/\/www.viaromana.org\/blog\/wp-content\/uploads\/2021\/12\/logo-3.png\",\"contentUrl\":\"https:\/\/www.viaromana.org\/blog\/wp-content\/uploads\/2021\/12\/logo-3.png\",\"width\":300,\"height\":249,\"caption\":\"viaromana\"},\"image\":{\"@id\":\"https:\/\/www.viaromana.org\/blog\/#\/schema\/logo\/image\/\"}},{\"@type\":\"Person\",\"@id\":\"https:\/\/www.viaromana.org\/blog\/#\/schema\/person\/cde9c4655845091e1fe473fcd163c889\",\"name\":\"Robert\",\"image\":{\"@type\":\"ImageObject\",\"inLanguage\":\"fr-FR\",\"@id\":\"https:\/\/www.viaromana.org\/blog\/#\/schema\/person\/image\/\",\"url\":\"https:\/\/secure.gravatar.com\/avatar\/a168ec191013b636c2f278aec04e724b?s=96&d=mm&r=g\",\"contentUrl\":\"https:\/\/secure.gravatar.com\/avatar\/a168ec191013b636c2f278aec04e724b?s=96&d=mm&r=g\",\"caption\":\"Robert\"},\"sameAs\":[\"https:\/\/www.viaromana.org\/blog\"],\"url\":\"https:\/\/www.viaromana.org\/blog\/author\/anaadmin\/\"}]}<\/script>\n<!-- \/ Yoast SEO plugin. -->","yoast_head_json":{"title":"Derni\u00e8re actu pour vous : Visite guid\u00e9e de la ville ancienne - Viaromana et arch\u00e9ologie.","description":"Derni\u00e8re actu pour vous : Visite guid\u00e9e de la ville ancienne article de Viaromana et arch\u00e9ologie.","robots":{"index":"index","follow":"follow","max-snippet":"max-snippet:-1","max-image-preview":"max-image-preview:large","max-video-preview":"max-video-preview:-1"},"canonical":"https:\/\/www.viaromana.org\/blog\/derniere-actu-pour-vous-visite-guidee-de-la-ville-ancienne\/","og_locale":"fr_FR","og_type":"article","og_title":"Derni\u00e8re actu pour vous : Visite guid\u00e9e de la ville ancienne - Viaromana et arch\u00e9ologie.","og_description":"Derni\u00e8re actu pour vous : Visite guid\u00e9e de la ville ancienne article de Viaromana et arch\u00e9ologie.","og_url":"https:\/\/www.viaromana.org\/blog\/derniere-actu-pour-vous-visite-guidee-de-la-ville-ancienne\/","og_site_name":"Viaromana et arch\u00e9ologie.","article_published_time":"2023-05-05T09:55:58+00:00","og_image":[{"url":"https:\/\/www.viaromana.org\/blog\/wp-content\/uploads\/2023\/05\/derniere-actu-pour-vous-visite-guidee-de-la-ville-ancienne.jpg"}],"author":"Robert","twitter_card":"summary_large_image","twitter_misc":{"\u00c9crit par":"Robert","Dur\u00e9e de lecture estim\u00e9e":"1 minute"},"schema":{"@context":"https:\/\/schema.org","@graph":[{"@type":"Article","@id":"https:\/\/www.viaromana.org\/blog\/derniere-actu-pour-vous-visite-guidee-de-la-ville-ancienne\/#article","isPartOf":{"@id":"https:\/\/www.viaromana.org\/blog\/derniere-actu-pour-vous-visite-guidee-de-la-ville-ancienne\/"},"author":{"name":"Robert","@id":"https:\/\/www.viaromana.org\/blog\/#\/schema\/person\/cde9c4655845091e1fe473fcd163c889"},"headline":"Derni\u00e8re actu pour vous : Visite guid\u00e9e de la ville ancienne","datePublished":"2023-05-05T09:55:58+00:00","dateModified":"2023-05-05T09:55:58+00:00","mainEntityOfPage":{"@id":"https:\/\/www.viaromana.org\/blog\/derniere-actu-pour-vous-visite-guidee-de-la-ville-ancienne\/"},"wordCount":281,"publisher":{"@id":"https:\/\/www.viaromana.org\/blog\/#organization"},"articleSection":["Arch\u00e9ologie"],"inLanguage":"fr-FR"},{"@type":"WebPage","@id":"https:\/\/www.viaromana.org\/blog\/derniere-actu-pour-vous-visite-guidee-de-la-ville-ancienne\/","url":"https:\/\/www.viaromana.org\/blog\/derniere-actu-pour-vous-visite-guidee-de-la-ville-ancienne\/","name":"Derni\u00e8re actu pour vous : Visite guid\u00e9e de la ville ancienne - Viaromana et arch\u00e9ologie.","isPartOf":{"@id":"https:\/\/www.viaromana.org\/blog\/#website"},"datePublished":"2023-05-05T09:55:58+00:00","dateModified":"2023-05-05T09:55:58+00:00","description":"Derni\u00e8re actu pour vous : Visite guid\u00e9e de la ville ancienne article de Viaromana et arch\u00e9ologie.","breadcrumb":{"@id":"https:\/\/www.viaromana.org\/blog\/derniere-actu-pour-vous-visite-guidee-de-la-ville-ancienne\/#breadcrumb"},"inLanguage":"fr-FR","potentialAction":[{"@type":"ReadAction","target":["https:\/\/www.viaromana.org\/blog\/derniere-actu-pour-vous-visite-guidee-de-la-ville-ancienne\/"]}]},{"@type":"BreadcrumbList","@id":"https:\/\/www.viaromana.org\/blog\/derniere-actu-pour-vous-visite-guidee-de-la-ville-ancienne\/#breadcrumb","itemListElement":[{"@type":"ListItem","position":1,"name":"Accueil","item":"https:\/\/www.viaromana.org\/blog\/"},{"@type":"ListItem","position":2,"name":"Derni\u00e8re actu pour vous : Visite guid\u00e9e de la ville ancienne"}]},{"@type":"WebSite","@id":"https:\/\/www.viaromana.org\/blog\/#website","url":"https:\/\/www.viaromana.org\/blog\/","name":"Viaromana et arch\u00e9ologie.","description":"Site arch\u00e9ologique de la voie romaine (viaromana) Belgique-France-Rome","publisher":{"@id":"https:\/\/www.viaromana.org\/blog\/#organization"},"potentialAction":[{"@type":"SearchAction","target":{"@type":"EntryPoint","urlTemplate":"https:\/\/www.viaromana.org\/blog\/?s={search_term_string}"},"query-input":"required name=search_term_string"}],"inLanguage":"fr-FR"},{"@type":"Organization","@id":"https:\/\/www.viaromana.org\/blog\/#organization","name":"viaromana","url":"https:\/\/www.viaromana.org\/blog\/","logo":{"@type":"ImageObject","inLanguage":"fr-FR","@id":"https:\/\/www.viaromana.org\/blog\/#\/schema\/logo\/image\/","url":"https:\/\/www.viaromana.org\/blog\/wp-content\/uploads\/2021\/12\/logo-3.png","contentUrl":"https:\/\/www.viaromana.org\/blog\/wp-content\/uploads\/2021\/12\/logo-3.png","width":300,"height":249,"caption":"viaromana"},"image":{"@id":"https:\/\/www.viaromana.org\/blog\/#\/schema\/logo\/image\/"}},{"@type":"Person","@id":"https:\/\/www.viaromana.org\/blog\/#\/schema\/person\/cde9c4655845091e1fe473fcd163c889","name":"Robert","image":{"@type":"ImageObject","inLanguage":"fr-FR","@id":"https:\/\/www.viaromana.org\/blog\/#\/schema\/person\/image\/","url":"https:\/\/secure.gravatar.com\/avatar\/a168ec191013b636c2f278aec04e724b?s=96&d=mm&r=g","contentUrl":"https:\/\/secure.gravatar.com\/avatar\/a168ec191013b636c2f278aec04e724b?s=96&d=mm&r=g","caption":"Robert"},"sameAs":["https:\/\/www.viaromana.org\/blog"],"url":"https:\/\/www.viaromana.org\/blog\/author\/anaadmin\/"}]}},"_links":{"self":[{"href":"https:\/\/www.viaromana.org\/blog\/wp-json\/wp\/v2\/posts\/1677"}],"collection":[{"href":"https:\/\/www.viaromana.org\/blog\/wp-json\/wp\/v2\/posts"}],"about":[{"href":"https:\/\/www.viaromana.org\/blog\/wp-json\/wp\/v2\/types\/post"}],"author":[{"embeddable":true,"href":"https:\/\/www.viaromana.org\/blog\/wp-json\/wp\/v2\/users\/1"}],"replies":[{"embeddable":true,"href":"https:\/\/www.viaromana.org\/blog\/wp-json\/wp\/v2\/comments?post=1677"}],"version-history":[{"count":0,"href":"https:\/\/www.viaromana.org\/blog\/wp-json\/wp\/v2\/posts\/1677\/revisions"}],"wp:attachment":[{"href":"https:\/\/www.viaromana.org\/blog\/wp-json\/wp\/v2\/media?parent=1677"}],"wp:term":[{"taxonomy":"category","embeddable":true,"href":"https:\/\/www.viaromana.org\/blog\/wp-json\/wp\/v2\/categories?post=1677"},{"taxonomy":"post_tag","embeddable":true,"href":"https:\/\/www.viaromana.org\/blog\/wp-json\/wp\/v2\/tags?post=1677"}],"curies":[{"name":"wp","href":"https:\/\/api.w.org\/{rel}","templated":true}]}}