{"id":1676,"date":"2023-05-05T16:59:05","date_gmt":"2023-05-05T14:59:05","guid":{"rendered":"https:\/\/www.site.cdcl.xyz\/2023\/05\/05\/quoi-retenir-de-ce-papier-nuit-europeenne-des-musees-13-mai-de-19h-a-minuit\/"},"modified":"2023-05-05T16:59:05","modified_gmt":"2023-05-05T14:59:05","slug":"quoi-retenir-de-ce-papier-nuit-europeenne-des-musees-13-mai-de-19h-a-minuit","status":"publish","type":"post","link":"https:\/\/www.viaromana.org\/blog\/quoi-retenir-de-ce-papier-nuit-europeenne-des-musees-13-mai-de-19h-a-minuit\/","title":{"rendered":"Quoi retenir de ce papier : Nuit europ\u00e9enne des mus\u00e9es \/ 13 mai de 19H \u00e0 minuit"},"content":{"rendered":"<p>Nos r\u00e9dacteurs ont relev\u00e9 un encart sur le web dont le sujet est \u00abl\u2019arch\u00e9ologie\u00bb.<\/p>\n<p>Le titre suggestif (Nuit europ\u00e9enne des mus\u00e9es \/ 13 mai de 19H \u00e0 minuit) en dit long.<\/p>\n<p> Pr\u00e9sent\u00e9 sous la signature \u00abALC\u00bb, l\u2019auteur est connu et fiable pour plusieurs autres encarts qu\u2019il a publi\u00e9s sur internet.<\/p>\n<p>Vous pouvez donc faire confiance \u00e0 cette information.<\/p>\n<p>L\u2019encart a \u00e9t\u00e9 publi\u00e9 \u00e0 une date indiqu\u00e9e 2023-05-05 16:59:05.<\/p>\n<p>Voil\u00e0 ll\u2019article dont il s\u2019agit : <\/p>\n<div>\n<h3 class=\"xdj266r x11i5rnm xat24cr x1mh8g0r x1vvkbs\"><span>Programmation au mus\u00e9e des beaux-arts et d\u2019arch\u00e9ologie<\/span><\/h3>\n<p><span class=\"x3nfvp2 x1j61x8r x1fcty0u xdj266r xhhsvwb xat24cr xgzva0m xxymvpz xlup9mm x1kky2od\">&gt;<\/span>Mot d\u2019ouverture de Laurence Madeline, directrice des mus\u00e9es du Centre<br \/>\u00c0 19h15 dans le hall du mus\u00e9e<\/p>\n<p>\u2013<\/p>\n<h4 class=\"x11i5rnm xat24cr x1mh8g0r x1vvkbs xtlvy1s\">\nVISITES GUID\u00c9ES<br \/>Tout public<br \/>Dur\u00e9e : 45 minutes<br \/>D\u00e9part : hall du mus\u00e9e<br \/>Inscriptions conseill\u00e9es en ligne (Inscriptions ouvertes du 05 au 12 mai sur&nbsp; et sur place le jour J<\/h4>\n<p><span class=\"x3nfvp2 x1j61x8r x1fcty0u xdj266r xhhsvwb xat24cr xgzva0m xxymvpz xlup9mm x1kky2od\">&gt;<\/span>&nbsp;\u00ab&nbsp;Laissez parler les p\u2019tits papiers&nbsp;\u00bb<br \/>Visite guid\u00e9e du Cabinet des arts graphiques par Amandine Royer, conservatrice des collections d\u2019art graphique et Romane Arriat, assistante de collection et r\u00e9gie arts graphiques.<br \/>Entrez dans les coulisses du Cabinet des arts graphiques et d\u00e9couvrez les \u0153uvres qu\u2019il renferme \u00e0 travers la question du papier et de sa conservation durable. Apr\u00e8s une pr\u00e9sentation d\u2019\u0153uvres sur diff\u00e9rents types de papiers (papiers anciens et papiers industriels) nous parlerons de la mani\u00e8re dont ils sont fabriqu\u00e9s, de leur durabilit\u00e9 intrins\u00e8que, et des conditions de conservation mises en \u0153uvre pour les pr\u00e9server durablement.<br \/>D\u00e9part \u00e0 19h30 et 21h00<\/p>\n<p><span class=\"x3nfvp2 x1j61x8r x1fcty0u xdj266r xhhsvwb xat24cr xgzva0m xxymvpz xlup9mm x1kky2od\">&gt; <\/span>&nbsp;\u00ab&nbsp;Entre coups de marteau et coups de g\u00e9nie&nbsp;\u00bb<br \/>Visite guid\u00e9e des sculptures du mus\u00e9e : Victor Hugo par Rodin et le d\u00e9p\u00f4t Valenciennes, par Tiphaine Ameil, attach\u00e9e de conservation.<br \/>D\u00e9couvrez l\u2019incroyable histoire du Victor Hugo nu debout de Rodin, donation de L\u00e9onard Gianadda \u00e0 la ville de Besan\u00e7on. \u00c9dit\u00e9e \u00e0 partir des moules et du mod\u00e8le en pl\u00e2tre donn\u00e9s par Rodin, cette statue monumentale est unique car la sculpture n\u2019avait jusqu\u2019alors jamais \u00e9t\u00e9 fondue en bronze que ce soit du vivant de Rodin ou depuis lors par le mus\u00e9e \u00e9ponyme o\u00f9 \u00e9taient conserv\u00e9s les moules. D\u00e9couvrez ensuite le d\u00e9p\u00f4t du Mus\u00e9e des Beaux-Arts de Valenciennes d\u2019un ensemble de sculptures en marbre et en pl\u00e2tre d\u2019artistes qui ont marqu\u00e9 le XIXe si\u00e8cle tels que Jean-Baptiste Carpeaux ou Henri Lemaire\u2026<br \/>D\u00e9part \u00e0 19h45 et 21h30<\/p>\n<p><span class=\"x3nfvp2 x1j61x8r x1fcty0u xdj266r xhhsvwb xat24cr xgzva0m xxymvpz xlup9mm x1kky2od\">&gt;<\/span>\u00ab&nbsp;Petite balade sensorielle&nbsp;\u00bb<br \/>Visite guid\u00e9e et sensorielle par Fanny Michon, m\u00e9diatrice culturelle.<br \/>Nouvelle visite guid\u00e9e immersive et originale propos\u00e9e par le mus\u00e9e des beaux-arts et d\u2019arch\u00e9ologie. Eveillez vos papilles, tendez l\u2019oreille, fermez les yeux : les \u0153uvres du mus\u00e9e vous livrent toutes leurs secrets \u00e0 travers sons, d\u00e9gustations, odeurs et manipulations\u2026 Un petit voyage sensoriel au c\u0153ur des collections.<br \/>D\u00e9part \u00e0 : 20h00 et 22h30<\/p>\n<p>&gt; \u00ab&nbsp;Le mus\u00e9e comme une histoire de l\u2019arch\u00e9ologie&nbsp;\u00bb<br \/>Visite guid\u00e9e des collections arch\u00e9ologiques par Mathieu Borg, charg\u00e9 de r\u00e9colement des collections arch\u00e9ologiques<br \/>Les collections arch\u00e9ologiques du mus\u00e9e permettent de suivre en pointill\u00e9 l\u2019histoire de l\u2019arch\u00e9ologie en France mais surtout \u00e0 Besan\u00e7on. Comment s\u2019est construite l\u2019arch\u00e9ologie \u00e0 Besan\u00e7on et quel a \u00e9t\u00e9 le r\u00f4le du mus\u00e9e pour conserver et pr\u00e9senter cette arch\u00e9ologie au public ? Cette visite nous am\u00e8nera \u00e0 conna\u00eetre le r\u00f4le de plusieurs grands donateurs du mus\u00e9e mais aussi des objets embl\u00e9matiques de sa collection.<br \/>D\u00e9part \u00e0 : 20h30 et 21h45<\/p>\n<p><span class=\"x3nfvp2 x1j61x8r x1fcty0u xdj266r xhhsvwb xat24cr xgzva0m xxymvpz xlup9mm x1kky2od\">&gt; <\/span>\u00ab&nbsp;Les \u00e9motions&nbsp;\u00bb<br \/>Visite guid\u00e9e pour explorer les \u00e9motions \u00e0 travers les collections par Mil\u00e9na Buguet, charg\u00e9e de m\u00e9diation.<br \/>D\u00e9sespoir, courage, tristesse, jalousie ou encore passion amoureuse\u2026 Les personnages des tableaux sont tout en \u00e9moi ! Visite propos\u00e9e par Mil\u00e9na Buguet, charg\u00e9e des publics en situation de handicap aux mus\u00e9es du Centre.<br \/>D\u00e9part \u00e0 20h45<\/p>\n<p><span class=\"x3nfvp2 x1j61x8r x1fcty0u xdj266r xhhsvwb xat24cr xgzva0m xxymvpz xlup9mm x1kky2od\">&gt; <\/span>\u00ab&nbsp;\u0152uvres en vadrouille&nbsp;\u00bb<br \/>Visite guid\u00e9e autour des pr\u00eats d\u2019\u0153uvres d\u2019art entre mus\u00e9es par Micka\u00ebl Zito, charg\u00e9 de r\u00e9colement des collections beaux-arts.<br \/>Le pr\u00eat de l\u2019<em>Ivresse de No\u00e9<\/em> de Giovanni Bellini permet, dans le cadre d\u2019un \u00e9change exceptionnel avec le mus\u00e9e Jacquemart Andr\u00e9, de pr\u00e9senter \u00e0 Besan\u00e7on un chef-d\u2019\u0153uvre de l\u2019histoire de l\u2019Art : <em>Saint Georges terrassant le dragon<\/em> de Paolo Uccello. \u2013 Pourquoi et comment les mus\u00e9es se pr\u00eatent-ils des \u0153uvres d\u2019art ? Comment celles-ci voyagent-elles d\u2019un mus\u00e9e \u00e0 un autre ? \u2013 Apr\u00e8s la pr\u00e9sentation du tableau de Paolo Uccello, d\u00e9couvrez l\u2019art du partage entre mus\u00e9es.<br \/>D\u00e9part \u00e0 22h et 23h<\/p>\n<p>\u2013<\/p>\n<h4 class=\"x11i5rnm xat24cr x1mh8g0r x1vvkbs xtlvy1s\">\nATELIERS<\/h4>\n<p>&gt;&nbsp; \u00ab&nbsp;Les p\u2019tits cailloux&nbsp;\u00bb<br \/>Atelier mosa\u00efque romaine en continu pour petit\u2e31e\u2e31s et grand\u2e31e\u2e31s par Violette Caria, et Elodie Bouillier, m\u00e9diatrices culturelles.<br \/>\u00c0 la mani\u00e8re des romains, devenez un\u2e31e mosa\u00efste le temps d\u2019une soir\u00e9e et composez une mosa\u00efque que vous rapporterez chez vous.<br \/>En continu de 19h30 \u00e0 22h00 \/ \u00e0 partir de 3 ans \/ Atelier p\u00e9dagogique<\/p>\n<p>\u2013<\/p>\n<h4 class=\"x11i5rnm xat24cr x1mh8g0r x1vvkbs xtlvy1s\">\nINSTALLATION NUM\u00c9RIQUE<\/h4>\n<p>&gt; \u00ab&nbsp;Nouvelle Chine&nbsp;\u00bb par Nicolas Chevailler et 3615 Se\u0148or<br \/>En peignant sa vision r\u00eav\u00e9e de la cour de la Chine imp\u00e9riale en 1742, Fran\u00e7ois Boucher imaginait-il, qu\u2019un jour, elle serait anim\u00e9e et qu\u2019elle puisse \u00eatre contr\u00f4l\u00e9e par un visiteur ?<br \/>Nicolas Chevailler et 3615 Se\u0148or ont cr\u00e9\u00e9 un dispositif vid\u00e9o participatif avec cette s\u00e9rie de tableaux du fonds permanent du Mus\u00e9e des Beaux-Arts et d\u2019Arch\u00e9ologie dans le cadre du Festival d\u2019Autres Formes. Certains personnages s\u2019animeront pour interagir entre eux et iront jusqu\u2019\u00e0 prendre la libert\u00e9 de s\u2019\u00e9chapper de ces sc\u00e8nes dans lesquelles ils sont peints depuis plus de 280 ans. C\u2019est toute une nouvelle vie qui s\u2019offrira \u00e0 eux autour de ces tableaux. Mais chut ! Pas un mot \u00e0 Fran\u00e7ois !<br \/>Ludique, cette installation est une invitation \u00e0 porter un nouveau regard sur le fonds permanent du Mus\u00e9e. Et m\u00eame \u00e0 jouer avec.<br \/>Salle de conf\u00e9rence \u2013 19h-Minuit<\/p>\n<p>\u2014\u2014<\/p>\n<h3 class=\"x11i5rnm xat24cr x1mh8g0r x1vvkbs xtlvy1s\"><span>&nbsp;Programmation du mus\u00e9e du Temps<\/span><\/h3>\n<p>&gt;&nbsp; Mot d\u2019ouverture de Laurence Madeline, directrice des mus\u00e9es du Centre<br \/>\u00c0 18h45 dans la Cour du Palais Granvelle<\/p>\n<p>\u2013<\/p>\n<h4 class=\"x11i5rnm xat24cr x1mh8g0r x1vvkbs xtlvy1s\">\nVISITES GUID\u00c9ES<br \/>tout public<br \/>Dur\u00e9e : 45 minutes<br \/>D\u00e9part : hall du mus\u00e9e<br \/>Inscriptions conseill\u00e9es en ligne (Inscriptions ouvertes du 5 au 12 mai sur&nbsp; et sur place le jour J<\/h4>\n<p><span class=\"x3nfvp2 x1j61x8r x1fcty0u xdj266r xhhsvwb xat24cr xgzva0m xxymvpz xlup9mm x1kky2od\">&gt; <\/span>\u00ab&nbsp;Les incontournables&nbsp;\u00bb<br \/>Visite guid\u00e9e d\u00e9couverte du mus\u00e9e du Temps par S\u00e9bastien Laporte, guide conf\u00e9rencier.<br \/>De l\u2019histoire du Palais Granvelle, au pendule de Foucault, en passant par la galerie de la mesure du temps et les collections horlog\u00e8res, d\u00e9couvrez, \u00e0 travers ses chefs-d\u2019\u0153uvre, ce mus\u00e9e tout \u00e0 fait unique en son genre.<br \/>D\u00e9part \u00e0 19h15 et \u00e0 20h15<\/p>\n<p><span class=\"x3nfvp2 x1j61x8r x1fcty0u xdj266r xhhsvwb xat24cr xgzva0m xxymvpz xlup9mm x1kky2od\">&gt; <\/span>&nbsp;\u00ab&nbsp;Emball\u00e9 c\u2019est pes\u00e9 !&nbsp;\u00bb<br \/>Pr\u00e9sentation et atelier de conditionnement d\u2019\u0153uvres d\u2019art par Jinqiu Bonet, charg\u00e9e de r\u00e9colement.<br \/>Comment prot\u00e8ge-t-on les \u0153uvres d\u2019art en mouvement ? Apr\u00e8s une pr\u00e9sentation de la gestion mat\u00e9rielle des \u0153uvres mus\u00e9ales dans le respect des r\u00e8gles de conservation pr\u00e9ventive, place \u00e0 la pratique avec un atelier de conditionnement. Une visite qui va vous emballer !<br \/>D\u00e9part \u00e0 19h30 et 21h30<br \/>Salle Proust<\/p>\n<p><span class=\"x3nfvp2 x1j61x8r x1fcty0u xdj266r xhhsvwb xat24cr xgzva0m xxymvpz xlup9mm x1kky2od\">&gt; <\/span>\u00ab&nbsp;Chacun sa route, chacun son chemin&nbsp;\u00bb<br \/>Visite guid\u00e9e des \u0153uvres du mus\u00e9e \u00e0 travers leurs diff\u00e9rentes modalit\u00e9s d\u2019entr\u00e9e dans les collections par Laurence Reibel, Conservateur du mus\u00e9e du Temps.<br \/>Explorez les diff\u00e9rentes mani\u00e8res dont les \u0153uvres d\u2019art entrent dans les collections du mus\u00e9e, des saisies MNR aux achats directs ou aux ench\u00e8res, en passant par les dons et les souscriptions. Entrez dans les coulisses du mus\u00e9e et venez d\u00e9couvrir l\u2019histoire fascinante de chaque acquisition.<br \/>D\u00e9part \u00e0 20h00 et 21h00<\/p>\n<p>&gt; \u00ab&nbsp;Money, Money, Money&nbsp;\u00bb<br \/>Pr\u00e9sentation de la collection de billets de \u201cn\u00e9cessit\u00e9\u201d de la Premi\u00e8re Guerre mondiale datant de 1914 \u00e0 1924 provenant du legs de l\u2019avocat et collectionneur Charles Clerc (1883, Lure \u2013 1948, Paris), par Baptiste Brasleret, charg\u00e9 de r\u00e9colement.<br \/>Revivez les \u00e9v\u00e9nements de la Grande Guerre \u00e0 travers la collection de plus de 4000 billets de \u201cn\u00e9cessit\u00e9\u201d. Vous retrouverez de nombreux exemples de la r\u00e9gion, de la France et du monde entier. La mise en valeur de cette riche collection t\u00e9moigne du travail essentiel d\u2019inventaire des collections (r\u00e9colement) permettant une meilleure mise en valeur des \u0153uvres en r\u00e9serve.<br \/>D\u00e9part \u00e0 20h30 et 22h30<br \/>Salle Proust<\/p>\n<p>&gt; \u00ab&nbsp;Prends-en de la graine !&nbsp;\u00bb<br \/>Visite guid\u00e9e th\u00e9matique des collections par Alexandre Cailler, guide conf\u00e9rencier.<br \/>D\u00e9couvrez les fleurs, les plantes, les fruits et autres arbres qui se cachent dans les chefs-d\u2019\u0153uvre du mus\u00e9e du Temps.<br \/>D\u00e9part \u00e0 21h15 et 22h15<\/p>\n<p>&gt; \u00ab&nbsp;Retour vers le futur&nbsp;\u00bb<br \/>Visite guid\u00e9e des collections horlog\u00e8res du mus\u00e9e par Camille Grandmaison, assistante de conservation<br \/>Venez d\u00e9couvrir les coulisses du remontage des horloges du mus\u00e9e du Temps. Au cours de cette visite, vous plongerez dans l\u2019univers fascinant de l\u2019horlogerie et vous apprendrez tout sur l\u2019entretien de ces magnifiques pi\u00e8ces en fonctionnement.<br \/>D\u00e9parts \u00e0 22h00 et 23h00<\/p>\n<p>\u2013<\/p>\n<h4 class=\"x11i5rnm xat24cr x1mh8g0r x1vvkbs xtlvy1s\">\nATELIER<\/h4>\n<p><span class=\"x3nfvp2 x1j61x8r x1fcty0u xdj266r xhhsvwb xat24cr xgzva0m xxymvpz xlup9mm x1kky2od\">&gt; <\/span>\u00ab&nbsp;\u00c0 vos marques, pr\u00eats, plaquez\u2026 !&nbsp;\u00bb<br \/>Atelier pour petit.e.s et grand.e.s, avec deux m\u00e9diateurs des mus\u00e9es du Centre<br \/>La marqueterie est un savoir-faire ancien. Cette technique d\u2019\u00e9b\u00e9nisterie, qui consiste \u00e0 assembler des pi\u00e8ces de bois pour former des motifs vari\u00e9s, est aussi employ\u00e9e dans le domaine de l\u2019horlogerie, afin de d\u00e9corer les caisses des pendules. Depuis peu, la marqueterie d\u00e9core aussi des montres-bracelets et fait d\u2019elle un m\u00e9tier d\u2019art indissociable de la haute horlogerie. En atelier, muni d\u2019un peu de patience et de minutie, nous allons d\u00e9couvrir cette technique en nous initiant \u00e0 la marqueterie de paille.<br \/>Atelier en continu de 19h \u00e0 23h<\/p>\n<\/div>\n<p>Parutions sur le m\u00eame sujet:<\/p>\n<p>Villa 4. Histoire et arch\u00e9ologie de l\u2019occident musulman (viie-xve si\u00e8cle).,<a target=\"_blank\" rel=\"nofollow\" href=\"https:\/\/www.viaromana.org\/blog\/goto\/https:\/\/www.epagine.fr\/ebook\/9782810709878-villa-4-histoire-et-archeologie-de-l-occident-musulman-viie-xve-siecle-philippe-senac\/\"  target=\"_blank\" rel=\"noopener noreferrer nofollow\">Ouvrage <\/a><span><\/span>.<\/p>\n<p>Manuel d\u2019arch\u00e9ologie grecque.,<a target=\"_blank\" rel=\"nofollow\" href=\"https:\/\/www.viaromana.org\/blog\/goto\/https:\/\/www.epagine.fr\/ebook\/9782346076642-manuel-d-archeologie-grecque-maxime-collignon\/\"  target=\"_blank\" rel=\"noopener noreferrer nofollow\">A voir et \u00e0 lire. <\/a><span><\/span>.<\/p>\n<p>Une enqu\u00eate de Mary Lester, tome 19 : L\u2019or du Louvre.,<a target=\"_blank\" rel=\"nofollow\" href=\"https:\/\/www.viaromana.org\/blog\/goto\/https:\/\/booknode.com\/une_enquete_de_mary_lester_tome_19_lor_du_louvre_057601\"  target=\"_blank\" rel=\"noopener noreferrer nofollow\">Ouvrage <\/a><span><\/span>.<\/p>\n<p>M\u00e9moires de la Soci\u00e9t\u00e9 d\u2019Histoire et d\u2019Arch\u00e9ologie de Bretagne.,<a target=\"_blank\" rel=\"nofollow\" href=\"https:\/\/www.viaromana.org\/blog\/goto\/https:\/\/www.epagine.fr\/ebook\/9782402591447-memoires-de-la-societe-d-histoire-et-d-archeologie-de-bretagne-raison\/\"  target=\"_blank\" rel=\"noopener noreferrer nofollow\">livre de r\u00e9f\u00e9rence <\/a><span><\/span>. Disponible \u00e0 la FNAC.<\/p>\n","protected":false},"excerpt":{"rendered":"<p>Nos r\u00e9dacteurs ont relev\u00e9 un encart sur le web dont le sujet est \u00abl\u2019arch\u00e9ologie\u00bb. Le titre suggestif (Nuit europ\u00e9enne des mus\u00e9es \/ 13 mai de 19H \u00e0 minuit) en dit long. Pr\u00e9sent\u00e9 sous la signature \u00abALC\u00bb, l\u2019auteur est connu et fiable pour plusieurs autres encarts qu\u2019il a publi\u00e9s sur internet. Vous pouvez donc faire confiance \u00e0 cette information. L\u2019encart a \u00e9t\u00e9 publi\u00e9 \u00e0 une date indiqu\u00e9e 2023-05-05 16:59:05. Voil\u00e0 ll\u2019article dont il s\u2019agit : Programmation au mus\u00e9e des beaux-arts et d\u2019arch\u00e9ologie &gt;Mot d\u2019ouverture de Laurence Madeline, directrice des mus\u00e9es du Centre\u00c0 19h15 dans le hall du mus\u00e9e \u2013 VISITES GUID\u00c9ESTout\u2026<\/p>\n","protected":false},"author":1,"featured_media":0,"comment_status":"closed","ping_status":"closed","sticky":false,"template":"","format":"standard","meta":{"footnotes":""},"categories":[2],"tags":[],"blocksy_meta":{"styles_descriptor":{"styles":{"desktop":"","tablet":"","mobile":""},"google_fonts":[],"version":4}},"yoast_head":"<!-- This site is optimized with the Yoast SEO plugin v21.1 - https:\/\/yoast.com\/wordpress\/plugins\/seo\/ -->\n<title>Quoi retenir de ce papier : Nuit europ\u00e9enne des mus\u00e9es \/ 13 mai de 19H \u00e0 minuit - Viaromana et arch\u00e9ologie.<\/title>\n<meta name=\"description\" content=\"Quoi retenir de ce papier : Nuit europ\u00e9enne des mus\u00e9es \/ 13 mai de 19H \u00e0 minuit article de Viaromana et arch\u00e9ologie.\" \/>\n<meta name=\"robots\" content=\"index, follow, max-snippet:-1, max-image-preview:large, max-video-preview:-1\" \/>\n<link rel=\"canonical\" href=\"https:\/\/www.viaromana.org\/blog\/quoi-retenir-de-ce-papier-nuit-europeenne-des-musees-13-mai-de-19h-a-minuit\/\" \/>\n<meta property=\"og:locale\" content=\"fr_FR\" \/>\n<meta property=\"og:type\" content=\"article\" \/>\n<meta property=\"og:title\" content=\"Quoi retenir de ce papier : Nuit europ\u00e9enne des mus\u00e9es \/ 13 mai de 19H \u00e0 minuit - Viaromana et arch\u00e9ologie.\" \/>\n<meta property=\"og:description\" content=\"Quoi retenir de ce papier : Nuit europ\u00e9enne des mus\u00e9es \/ 13 mai de 19H \u00e0 minuit article de Viaromana et arch\u00e9ologie.\" \/>\n<meta property=\"og:url\" content=\"https:\/\/www.viaromana.org\/blog\/quoi-retenir-de-ce-papier-nuit-europeenne-des-musees-13-mai-de-19h-a-minuit\/\" \/>\n<meta property=\"og:site_name\" content=\"Viaromana et arch\u00e9ologie.\" \/>\n<meta property=\"article:published_time\" content=\"2023-05-05T14:59:05+00:00\" \/>\n<meta name=\"author\" content=\"Robert\" \/>\n<meta name=\"twitter:card\" content=\"summary_large_image\" \/>\n<meta name=\"twitter:label1\" content=\"\u00c9crit par\" \/>\n\t<meta name=\"twitter:data1\" content=\"Robert\" \/>\n\t<meta name=\"twitter:label2\" content=\"Dur\u00e9e de lecture estim\u00e9e\" \/>\n\t<meta name=\"twitter:data2\" content=\"9 minutes\" \/>\n<script type=\"application\/ld+json\" class=\"yoast-schema-graph\">{\"@context\":\"https:\/\/schema.org\",\"@graph\":[{\"@type\":\"Article\",\"@id\":\"https:\/\/www.viaromana.org\/blog\/quoi-retenir-de-ce-papier-nuit-europeenne-des-musees-13-mai-de-19h-a-minuit\/#article\",\"isPartOf\":{\"@id\":\"https:\/\/www.viaromana.org\/blog\/quoi-retenir-de-ce-papier-nuit-europeenne-des-musees-13-mai-de-19h-a-minuit\/\"},\"author\":{\"name\":\"Robert\",\"@id\":\"https:\/\/www.viaromana.org\/blog\/#\/schema\/person\/cde9c4655845091e1fe473fcd163c889\"},\"headline\":\"Quoi retenir de ce papier : Nuit europ\u00e9enne des mus\u00e9es \/ 13 mai de 19H \u00e0 minuit\",\"datePublished\":\"2023-05-05T14:59:05+00:00\",\"dateModified\":\"2023-05-05T14:59:05+00:00\",\"mainEntityOfPage\":{\"@id\":\"https:\/\/www.viaromana.org\/blog\/quoi-retenir-de-ce-papier-nuit-europeenne-des-musees-13-mai-de-19h-a-minuit\/\"},\"wordCount\":1759,\"publisher\":{\"@id\":\"https:\/\/www.viaromana.org\/blog\/#organization\"},\"articleSection\":[\"Arch\u00e9ologie\"],\"inLanguage\":\"fr-FR\"},{\"@type\":\"WebPage\",\"@id\":\"https:\/\/www.viaromana.org\/blog\/quoi-retenir-de-ce-papier-nuit-europeenne-des-musees-13-mai-de-19h-a-minuit\/\",\"url\":\"https:\/\/www.viaromana.org\/blog\/quoi-retenir-de-ce-papier-nuit-europeenne-des-musees-13-mai-de-19h-a-minuit\/\",\"name\":\"Quoi retenir de ce papier : Nuit europ\u00e9enne des mus\u00e9es \/ 13 mai de 19H \u00e0 minuit - Viaromana et arch\u00e9ologie.\",\"isPartOf\":{\"@id\":\"https:\/\/www.viaromana.org\/blog\/#website\"},\"datePublished\":\"2023-05-05T14:59:05+00:00\",\"dateModified\":\"2023-05-05T14:59:05+00:00\",\"description\":\"Quoi retenir de ce papier : Nuit europ\u00e9enne des mus\u00e9es \/ 13 mai de 19H \u00e0 minuit article de Viaromana et arch\u00e9ologie.\",\"breadcrumb\":{\"@id\":\"https:\/\/www.viaromana.org\/blog\/quoi-retenir-de-ce-papier-nuit-europeenne-des-musees-13-mai-de-19h-a-minuit\/#breadcrumb\"},\"inLanguage\":\"fr-FR\",\"potentialAction\":[{\"@type\":\"ReadAction\",\"target\":[\"https:\/\/www.viaromana.org\/blog\/quoi-retenir-de-ce-papier-nuit-europeenne-des-musees-13-mai-de-19h-a-minuit\/\"]}]},{\"@type\":\"BreadcrumbList\",\"@id\":\"https:\/\/www.viaromana.org\/blog\/quoi-retenir-de-ce-papier-nuit-europeenne-des-musees-13-mai-de-19h-a-minuit\/#breadcrumb\",\"itemListElement\":[{\"@type\":\"ListItem\",\"position\":1,\"name\":\"Accueil\",\"item\":\"https:\/\/www.viaromana.org\/blog\/\"},{\"@type\":\"ListItem\",\"position\":2,\"name\":\"Quoi retenir de ce papier : Nuit europ\u00e9enne des mus\u00e9es \/ 13 mai de 19H \u00e0 minuit\"}]},{\"@type\":\"WebSite\",\"@id\":\"https:\/\/www.viaromana.org\/blog\/#website\",\"url\":\"https:\/\/www.viaromana.org\/blog\/\",\"name\":\"Viaromana et arch\u00e9ologie.\",\"description\":\"Site arch\u00e9ologique de la voie romaine (viaromana) Belgique-France-Rome\",\"publisher\":{\"@id\":\"https:\/\/www.viaromana.org\/blog\/#organization\"},\"potentialAction\":[{\"@type\":\"SearchAction\",\"target\":{\"@type\":\"EntryPoint\",\"urlTemplate\":\"https:\/\/www.viaromana.org\/blog\/?s={search_term_string}\"},\"query-input\":\"required name=search_term_string\"}],\"inLanguage\":\"fr-FR\"},{\"@type\":\"Organization\",\"@id\":\"https:\/\/www.viaromana.org\/blog\/#organization\",\"name\":\"viaromana\",\"url\":\"https:\/\/www.viaromana.org\/blog\/\",\"logo\":{\"@type\":\"ImageObject\",\"inLanguage\":\"fr-FR\",\"@id\":\"https:\/\/www.viaromana.org\/blog\/#\/schema\/logo\/image\/\",\"url\":\"https:\/\/www.viaromana.org\/blog\/wp-content\/uploads\/2021\/12\/logo-3.png\",\"contentUrl\":\"https:\/\/www.viaromana.org\/blog\/wp-content\/uploads\/2021\/12\/logo-3.png\",\"width\":300,\"height\":249,\"caption\":\"viaromana\"},\"image\":{\"@id\":\"https:\/\/www.viaromana.org\/blog\/#\/schema\/logo\/image\/\"}},{\"@type\":\"Person\",\"@id\":\"https:\/\/www.viaromana.org\/blog\/#\/schema\/person\/cde9c4655845091e1fe473fcd163c889\",\"name\":\"Robert\",\"image\":{\"@type\":\"ImageObject\",\"inLanguage\":\"fr-FR\",\"@id\":\"https:\/\/www.viaromana.org\/blog\/#\/schema\/person\/image\/\",\"url\":\"https:\/\/secure.gravatar.com\/avatar\/a168ec191013b636c2f278aec04e724b?s=96&d=mm&r=g\",\"contentUrl\":\"https:\/\/secure.gravatar.com\/avatar\/a168ec191013b636c2f278aec04e724b?s=96&d=mm&r=g\",\"caption\":\"Robert\"},\"sameAs\":[\"https:\/\/www.viaromana.org\/blog\"],\"url\":\"https:\/\/www.viaromana.org\/blog\/author\/anaadmin\/\"}]}<\/script>\n<!-- \/ Yoast SEO plugin. -->","yoast_head_json":{"title":"Quoi retenir de ce papier : Nuit europ\u00e9enne des mus\u00e9es \/ 13 mai de 19H \u00e0 minuit - Viaromana et arch\u00e9ologie.","description":"Quoi retenir de ce papier : Nuit europ\u00e9enne des mus\u00e9es \/ 13 mai de 19H \u00e0 minuit article de Viaromana et arch\u00e9ologie.","robots":{"index":"index","follow":"follow","max-snippet":"max-snippet:-1","max-image-preview":"max-image-preview:large","max-video-preview":"max-video-preview:-1"},"canonical":"https:\/\/www.viaromana.org\/blog\/quoi-retenir-de-ce-papier-nuit-europeenne-des-musees-13-mai-de-19h-a-minuit\/","og_locale":"fr_FR","og_type":"article","og_title":"Quoi retenir de ce papier : Nuit europ\u00e9enne des mus\u00e9es \/ 13 mai de 19H \u00e0 minuit - Viaromana et arch\u00e9ologie.","og_description":"Quoi retenir de ce papier : Nuit europ\u00e9enne des mus\u00e9es \/ 13 mai de 19H \u00e0 minuit article de Viaromana et arch\u00e9ologie.","og_url":"https:\/\/www.viaromana.org\/blog\/quoi-retenir-de-ce-papier-nuit-europeenne-des-musees-13-mai-de-19h-a-minuit\/","og_site_name":"Viaromana et arch\u00e9ologie.","article_published_time":"2023-05-05T14:59:05+00:00","author":"Robert","twitter_card":"summary_large_image","twitter_misc":{"\u00c9crit par":"Robert","Dur\u00e9e de lecture estim\u00e9e":"9 minutes"},"schema":{"@context":"https:\/\/schema.org","@graph":[{"@type":"Article","@id":"https:\/\/www.viaromana.org\/blog\/quoi-retenir-de-ce-papier-nuit-europeenne-des-musees-13-mai-de-19h-a-minuit\/#article","isPartOf":{"@id":"https:\/\/www.viaromana.org\/blog\/quoi-retenir-de-ce-papier-nuit-europeenne-des-musees-13-mai-de-19h-a-minuit\/"},"author":{"name":"Robert","@id":"https:\/\/www.viaromana.org\/blog\/#\/schema\/person\/cde9c4655845091e1fe473fcd163c889"},"headline":"Quoi retenir de ce papier : Nuit europ\u00e9enne des mus\u00e9es \/ 13 mai de 19H \u00e0 minuit","datePublished":"2023-05-05T14:59:05+00:00","dateModified":"2023-05-05T14:59:05+00:00","mainEntityOfPage":{"@id":"https:\/\/www.viaromana.org\/blog\/quoi-retenir-de-ce-papier-nuit-europeenne-des-musees-13-mai-de-19h-a-minuit\/"},"wordCount":1759,"publisher":{"@id":"https:\/\/www.viaromana.org\/blog\/#organization"},"articleSection":["Arch\u00e9ologie"],"inLanguage":"fr-FR"},{"@type":"WebPage","@id":"https:\/\/www.viaromana.org\/blog\/quoi-retenir-de-ce-papier-nuit-europeenne-des-musees-13-mai-de-19h-a-minuit\/","url":"https:\/\/www.viaromana.org\/blog\/quoi-retenir-de-ce-papier-nuit-europeenne-des-musees-13-mai-de-19h-a-minuit\/","name":"Quoi retenir de ce papier : Nuit europ\u00e9enne des mus\u00e9es \/ 13 mai de 19H \u00e0 minuit - Viaromana et arch\u00e9ologie.","isPartOf":{"@id":"https:\/\/www.viaromana.org\/blog\/#website"},"datePublished":"2023-05-05T14:59:05+00:00","dateModified":"2023-05-05T14:59:05+00:00","description":"Quoi retenir de ce papier : Nuit europ\u00e9enne des mus\u00e9es \/ 13 mai de 19H \u00e0 minuit article de Viaromana et arch\u00e9ologie.","breadcrumb":{"@id":"https:\/\/www.viaromana.org\/blog\/quoi-retenir-de-ce-papier-nuit-europeenne-des-musees-13-mai-de-19h-a-minuit\/#breadcrumb"},"inLanguage":"fr-FR","potentialAction":[{"@type":"ReadAction","target":["https:\/\/www.viaromana.org\/blog\/quoi-retenir-de-ce-papier-nuit-europeenne-des-musees-13-mai-de-19h-a-minuit\/"]}]},{"@type":"BreadcrumbList","@id":"https:\/\/www.viaromana.org\/blog\/quoi-retenir-de-ce-papier-nuit-europeenne-des-musees-13-mai-de-19h-a-minuit\/#breadcrumb","itemListElement":[{"@type":"ListItem","position":1,"name":"Accueil","item":"https:\/\/www.viaromana.org\/blog\/"},{"@type":"ListItem","position":2,"name":"Quoi retenir de ce papier : Nuit europ\u00e9enne des mus\u00e9es \/ 13 mai de 19H \u00e0 minuit"}]},{"@type":"WebSite","@id":"https:\/\/www.viaromana.org\/blog\/#website","url":"https:\/\/www.viaromana.org\/blog\/","name":"Viaromana et arch\u00e9ologie.","description":"Site arch\u00e9ologique de la voie romaine (viaromana) Belgique-France-Rome","publisher":{"@id":"https:\/\/www.viaromana.org\/blog\/#organization"},"potentialAction":[{"@type":"SearchAction","target":{"@type":"EntryPoint","urlTemplate":"https:\/\/www.viaromana.org\/blog\/?s={search_term_string}"},"query-input":"required name=search_term_string"}],"inLanguage":"fr-FR"},{"@type":"Organization","@id":"https:\/\/www.viaromana.org\/blog\/#organization","name":"viaromana","url":"https:\/\/www.viaromana.org\/blog\/","logo":{"@type":"ImageObject","inLanguage":"fr-FR","@id":"https:\/\/www.viaromana.org\/blog\/#\/schema\/logo\/image\/","url":"https:\/\/www.viaromana.org\/blog\/wp-content\/uploads\/2021\/12\/logo-3.png","contentUrl":"https:\/\/www.viaromana.org\/blog\/wp-content\/uploads\/2021\/12\/logo-3.png","width":300,"height":249,"caption":"viaromana"},"image":{"@id":"https:\/\/www.viaromana.org\/blog\/#\/schema\/logo\/image\/"}},{"@type":"Person","@id":"https:\/\/www.viaromana.org\/blog\/#\/schema\/person\/cde9c4655845091e1fe473fcd163c889","name":"Robert","image":{"@type":"ImageObject","inLanguage":"fr-FR","@id":"https:\/\/www.viaromana.org\/blog\/#\/schema\/person\/image\/","url":"https:\/\/secure.gravatar.com\/avatar\/a168ec191013b636c2f278aec04e724b?s=96&d=mm&r=g","contentUrl":"https:\/\/secure.gravatar.com\/avatar\/a168ec191013b636c2f278aec04e724b?s=96&d=mm&r=g","caption":"Robert"},"sameAs":["https:\/\/www.viaromana.org\/blog"],"url":"https:\/\/www.viaromana.org\/blog\/author\/anaadmin\/"}]}},"_links":{"self":[{"href":"https:\/\/www.viaromana.org\/blog\/wp-json\/wp\/v2\/posts\/1676"}],"collection":[{"href":"https:\/\/www.viaromana.org\/blog\/wp-json\/wp\/v2\/posts"}],"about":[{"href":"https:\/\/www.viaromana.org\/blog\/wp-json\/wp\/v2\/types\/post"}],"author":[{"embeddable":true,"href":"https:\/\/www.viaromana.org\/blog\/wp-json\/wp\/v2\/users\/1"}],"replies":[{"embeddable":true,"href":"https:\/\/www.viaromana.org\/blog\/wp-json\/wp\/v2\/comments?post=1676"}],"version-history":[{"count":0,"href":"https:\/\/www.viaromana.org\/blog\/wp-json\/wp\/v2\/posts\/1676\/revisions"}],"wp:attachment":[{"href":"https:\/\/www.viaromana.org\/blog\/wp-json\/wp\/v2\/media?parent=1676"}],"wp:term":[{"taxonomy":"category","embeddable":true,"href":"https:\/\/www.viaromana.org\/blog\/wp-json\/wp\/v2\/categories?post=1676"},{"taxonomy":"post_tag","embeddable":true,"href":"https:\/\/www.viaromana.org\/blog\/wp-json\/wp\/v2\/tags?post=1676"}],"curies":[{"name":"wp","href":"https:\/\/api.w.org\/{rel}","templated":true}]}}