{"id":1674,"date":"2023-05-05T09:22:55","date_gmt":"2023-05-05T07:22:55","guid":{"rendered":"https:\/\/www.site.cdcl.xyz\/2023\/05\/05\/derniere-actu-toute-fraiche-des-economies-pour-les-professionnels\/"},"modified":"2023-05-05T09:22:55","modified_gmt":"2023-05-05T07:22:55","slug":"derniere-actu-toute-fraiche-des-economies-pour-les-professionnels","status":"publish","type":"post","link":"https:\/\/www.viaromana.org\/blog\/derniere-actu-toute-fraiche-des-economies-pour-les-professionnels\/","title":{"rendered":"Derni\u00e8re actu toute fraiche : des \u00e9conomies pour les professionnels"},"content":{"rendered":"<p>Ce texte ayant pour th\u00e8me \u00ab&nbsp;l\u2019arch\u00e9ologie&nbsp;\u00bb a \u00e9t\u00e9 observ\u00e9 sur internet, nous avons voulu vous le r\u00e9v\u00e9ler ci-dessous.<\/p>\n<p>Son titre saisissant (des \u00e9conomies pour les professionnels) est parlant.<\/p>\n<p>L\u2019\u00e9ditorialiste (pr\u00e9sent\u00e9 sous le nom d\u2019anonymat<br \/>) est reconnu comme quelqu\u2019un de s\u00e9rieux.<\/p>\n<p>Vous pouvez lire ces infos en toute tranquillit\u00e9.<\/p>\n<p>L\u2019article original mentionn\u00e9 : <\/p>\n<p><img decoding=\"async\" src=\"https:\/\/www.viaromana.org\/blog\/wp-content\/uploads\/2023\/05\/derniere-actu-toute-fraiche-des-economies-pour-les-professionnels.jpg\"><\/p>\n<div>\n<p>\u00c0 partir de janvier 2024, professionnels comme particuliers auront l\u2019obligation de composter leurs biod\u00e9chets. <\/p>\n<\/div>\n<div>\n<p>Le restaurant du golf de Niort, Au 19, s\u2019est lanc\u00e9 dans la grande aventure du compostage. Depuis six mois, trois bacs en bois ont \u00e9t\u00e9 install\u00e9s : un 1<sup>er<\/sup> bac accueille les d\u00e9chets alimentaires issus des \u00e9pluchures de cuisine ou des restes de repas. Un 2<sup>nd<\/sup> bac sert de maturation au compost. Un 3<sup>e<\/sup> stocke les mati\u00e8res s\u00e8ches qui seront m\u00e9lang\u00e9es aux biod\u00e9chets pour permettre leur transformation en compost.<\/p>\n<p><em>\u00ab&nbsp;La gestion des d\u00e9chets au golf, aujourd\u2019hui c\u2019est z\u00e9ro d\u00e9pense&nbsp;\u00bb,<\/em> se r\u00e9jouit Fabrice R\u00e9gereau, g\u00e9rant de l\u2019\u00e9tablissement<em>. \u00ab&nbsp;Sur 1 an, l\u2019objectif est de 2,5 tonnes de biod\u00e9chets valoris\u00e9es sur place.&nbsp;Ce qui nous permet de passer de <\/em>417<em>\u20ac \u00e0 <\/em>44<em>\u20ac\/an de redevance sp\u00e9ciale.&nbsp;\u00bb<\/em> Une redevance \u00e0 laquelle tout professionnel, au-del\u00e0 de 840 litres de d\u00e9chets collect\u00e9s par semaine, est assujetti en proportion des volumes collect\u00e9s. <em>\u00ab&nbsp;Et l\u2019on revend notre huile de friture \u00e0 Veolia, soit \u00bd tonne d\u2019huile par an, ce qui repr\u00e9sente 350\u20ac r\u00e9cup\u00e9r\u00e9s et nous permet d\u2019\u00eatre \u00e0 l\u2019\u00e9quilibre.&nbsp;\u00bb<\/em><\/p>\n<p>Au 19, 10 kg de d\u00e9chets organiques sont mis au compost par jour, dont 1 kg de marc de caf\u00e9<em>. \u00ab&nbsp;Pour nous, cette gestion est facile, \u00e0 la fois plus \u00e9cologique et \u00e9conomique. Le bac d\u2019apport se remplit en 2 mois&nbsp;\u00bb.<\/em> Le compost produit est ensuite valoris\u00e9 sur place, pour les herbes aromatiques cultiv\u00e9es en permaculture, ou au pied des arbres.<\/p>\n<p>Pour mettre en place ce compostage, Fabrice R\u00e9gereau a b\u00e9n\u00e9fici\u00e9 d\u2019un accompagnement des services de Niort Agglo qui ont fourni gratuitement les bacs de compost, et d\u2019une formation pour apprendre les m\u00e9thodes de compostage. L\u2019Agglo assure un suivi dans la dur\u00e9e&nbsp;: par des visites sur site pendant 12 mois, jusqu\u2019\u00e0 autonomie compl\u00e8te, et via le logiciel Logi Prox qui permet d\u2019\u00e9valuer les quantit\u00e9s compost\u00e9es. Une d\u00e9marche dans laquelle d\u2019autres \u00e9tablissements se sont lanc\u00e9s, tels que le bar-restaurant Le Rexois, \u00e0 St-Georges-de-Rex, la Maison d\u2019accueil sp\u00e9cialis\u00e9e du Fief-Joly, les cantines scolaires de Coulon, St-Hilaire-la-Palud, le camping du Lidon\u2026 <em>\u00ab&nbsp;La plupart des professionnels ne pensent pas que le compostage des biod\u00e9chets est possible pour eux. Aujourd\u2019hui, trop de d\u00e9chets organiques partent en ordures m\u00e9nag\u00e8res, destin\u00e9es \u00e0 l\u2019enfouissement. Il faut travailler \u00e0 ne pas g\u00e9n\u00e9rer de d\u00e9chets lorsqu\u2019ils peuvent \u00eatre \u00e9vit\u00e9s.&nbsp;\u00bb,<\/em> plaide Dominique Six, vice-pr\u00e9sident de l\u2019Agglo en charge des d\u00e9chets. Un objectif z\u00e9ro d\u00e9chet dont Fabrice R\u00e9gereau&nbsp;est fier :<em> \u00ab&nbsp;Depuis la mise en place du compostage, nous n\u2019avons plus de poubelle d\u2019ordures m\u00e9nag\u00e8res.&nbsp;\u00bb<\/em><\/p>\n<p>+ d\u2019infos : <\/p>\n<\/div>\n<p>Parutions sur un objet comparable:<\/p>\n<p>Tr\u00e9sors de l\u2019arch\u00e9ologie.,<a target=\"_blank\" rel=\"nofollow\" href=\"https:\/\/www.viaromana.org\/blog\/goto\/https:\/\/www.kobo.com\/de\/fr\/ebook\/tresors-de-l-archeologie\"  target=\"_blank\" rel=\"noopener noreferrer nofollow\">Ouvrage <\/a><span><\/span>.<\/p>\n<p>M\u00e9thodes d\u2019enregistrement des donn\u00e9es en arch\u00e9ologie.,<a target=\"_blank\" rel=\"nofollow\" href=\"https:\/\/www.viaromana.org\/blog\/goto\/https:\/\/www.epagine.fr\/ebook\/9791035105396-methodes-d-enregistrement-des-donnees-en-archeologie-candice-del-medico-marion-dessaint-camille-gorin\/\"  target=\"_blank\" rel=\"noopener noreferrer nofollow\">Le livre <\/a><span><\/span>.<\/p>\n<p>Promenades d\u2019arch\u00e9ologie sous-marine.,<a target=\"_blank\" rel=\"nofollow\" href=\"https:\/\/www.viaromana.org\/blog\/goto\/https:\/\/www.epagine.fr\/ebook\/9782307495413-promenades-d-archeologie-sous-marine-philippe-diole\/\"  target=\"_blank\" rel=\"noopener noreferrer nofollow\">(la couverture) <\/a><span><\/span>.<\/p>\n<p>Machines et magie, tome 1 : La chasseuse de livres.,<a target=\"_blank\" rel=\"nofollow\" href=\"https:\/\/www.viaromana.org\/blog\/goto\/https:\/\/booknode.com\/machines_et_magie_tome_1_la_chasseuse_de_livres_01265624\"  target=\"_blank\" rel=\"noopener noreferrer nofollow\">Clicker Ici <\/a><span><\/span>. Disponible dans toutes les bonnes biblioth\u00e8ques de votre d\u00e9partement.<\/p>\n","protected":false},"excerpt":{"rendered":"<p>Ce texte ayant pour th\u00e8me \u00ab&nbsp;l\u2019arch\u00e9ologie&nbsp;\u00bb a \u00e9t\u00e9 observ\u00e9 sur internet, nous avons voulu vous le r\u00e9v\u00e9ler ci-dessous. Son titre saisissant (des \u00e9conomies pour les professionnels) est parlant. L\u2019\u00e9ditorialiste (pr\u00e9sent\u00e9 sous le nom d\u2019anonymat) est reconnu comme quelqu\u2019un de s\u00e9rieux. Vous pouvez lire ces infos en toute tranquillit\u00e9. L\u2019article original mentionn\u00e9 : \u00c0 partir de janvier 2024, professionnels comme particuliers auront l\u2019obligation de composter leurs biod\u00e9chets. Le restaurant du golf de Niort, Au 19, s\u2019est lanc\u00e9 dans la grande aventure du compostage. Depuis six mois, trois bacs en bois ont \u00e9t\u00e9 install\u00e9s : un 1er bac accueille les d\u00e9chets alimentaires\u2026<\/p>\n","protected":false},"author":1,"featured_media":0,"comment_status":"closed","ping_status":"closed","sticky":false,"template":"","format":"standard","meta":{"footnotes":""},"categories":[2],"tags":[],"blocksy_meta":{"styles_descriptor":{"styles":{"desktop":"","tablet":"","mobile":""},"google_fonts":[],"version":4}},"yoast_head":"<!-- This site is optimized with the Yoast SEO plugin v21.1 - https:\/\/yoast.com\/wordpress\/plugins\/seo\/ -->\n<title>Derni\u00e8re actu toute fraiche : des \u00e9conomies pour les professionnels - Viaromana et arch\u00e9ologie.<\/title>\n<meta name=\"description\" content=\"Derni\u00e8re actu toute fraiche : des \u00e9conomies pour les professionnels article de Viaromana et arch\u00e9ologie.\" \/>\n<meta name=\"robots\" content=\"index, follow, max-snippet:-1, max-image-preview:large, max-video-preview:-1\" \/>\n<link rel=\"canonical\" href=\"https:\/\/www.viaromana.org\/blog\/derniere-actu-toute-fraiche-des-economies-pour-les-professionnels\/\" \/>\n<meta property=\"og:locale\" content=\"fr_FR\" \/>\n<meta property=\"og:type\" content=\"article\" \/>\n<meta property=\"og:title\" content=\"Derni\u00e8re actu toute fraiche : des \u00e9conomies pour les professionnels - Viaromana et arch\u00e9ologie.\" \/>\n<meta property=\"og:description\" content=\"Derni\u00e8re actu toute fraiche : des \u00e9conomies pour les professionnels article de Viaromana et arch\u00e9ologie.\" \/>\n<meta property=\"og:url\" content=\"https:\/\/www.viaromana.org\/blog\/derniere-actu-toute-fraiche-des-economies-pour-les-professionnels\/\" \/>\n<meta property=\"og:site_name\" content=\"Viaromana et arch\u00e9ologie.\" \/>\n<meta property=\"article:published_time\" content=\"2023-05-05T07:22:55+00:00\" \/>\n<meta property=\"og:image\" content=\"https:\/\/www.viaromana.org\/blog\/wp-content\/uploads\/2023\/05\/derniere-actu-toute-fraiche-des-economies-pour-les-professionnels.jpg\" \/>\n<meta name=\"author\" content=\"Robert\" \/>\n<meta name=\"twitter:card\" content=\"summary_large_image\" \/>\n<meta name=\"twitter:label1\" content=\"\u00c9crit par\" \/>\n\t<meta name=\"twitter:data1\" content=\"Robert\" \/>\n\t<meta name=\"twitter:label2\" content=\"Dur\u00e9e de lecture estim\u00e9e\" \/>\n\t<meta name=\"twitter:data2\" content=\"3 minutes\" \/>\n<script type=\"application\/ld+json\" class=\"yoast-schema-graph\">{\"@context\":\"https:\/\/schema.org\",\"@graph\":[{\"@type\":\"Article\",\"@id\":\"https:\/\/www.viaromana.org\/blog\/derniere-actu-toute-fraiche-des-economies-pour-les-professionnels\/#article\",\"isPartOf\":{\"@id\":\"https:\/\/www.viaromana.org\/blog\/derniere-actu-toute-fraiche-des-economies-pour-les-professionnels\/\"},\"author\":{\"name\":\"Robert\",\"@id\":\"https:\/\/www.viaromana.org\/blog\/#\/schema\/person\/cde9c4655845091e1fe473fcd163c889\"},\"headline\":\"Derni\u00e8re actu toute fraiche : des \u00e9conomies pour les professionnels\",\"datePublished\":\"2023-05-05T07:22:55+00:00\",\"dateModified\":\"2023-05-05T07:22:55+00:00\",\"mainEntityOfPage\":{\"@id\":\"https:\/\/www.viaromana.org\/blog\/derniere-actu-toute-fraiche-des-economies-pour-les-professionnels\/\"},\"wordCount\":603,\"publisher\":{\"@id\":\"https:\/\/www.viaromana.org\/blog\/#organization\"},\"articleSection\":[\"Arch\u00e9ologie\"],\"inLanguage\":\"fr-FR\"},{\"@type\":\"WebPage\",\"@id\":\"https:\/\/www.viaromana.org\/blog\/derniere-actu-toute-fraiche-des-economies-pour-les-professionnels\/\",\"url\":\"https:\/\/www.viaromana.org\/blog\/derniere-actu-toute-fraiche-des-economies-pour-les-professionnels\/\",\"name\":\"Derni\u00e8re actu toute fraiche : des \u00e9conomies pour les professionnels - Viaromana et arch\u00e9ologie.\",\"isPartOf\":{\"@id\":\"https:\/\/www.viaromana.org\/blog\/#website\"},\"datePublished\":\"2023-05-05T07:22:55+00:00\",\"dateModified\":\"2023-05-05T07:22:55+00:00\",\"description\":\"Derni\u00e8re actu toute fraiche : des \u00e9conomies pour les professionnels article de Viaromana et arch\u00e9ologie.\",\"breadcrumb\":{\"@id\":\"https:\/\/www.viaromana.org\/blog\/derniere-actu-toute-fraiche-des-economies-pour-les-professionnels\/#breadcrumb\"},\"inLanguage\":\"fr-FR\",\"potentialAction\":[{\"@type\":\"ReadAction\",\"target\":[\"https:\/\/www.viaromana.org\/blog\/derniere-actu-toute-fraiche-des-economies-pour-les-professionnels\/\"]}]},{\"@type\":\"BreadcrumbList\",\"@id\":\"https:\/\/www.viaromana.org\/blog\/derniere-actu-toute-fraiche-des-economies-pour-les-professionnels\/#breadcrumb\",\"itemListElement\":[{\"@type\":\"ListItem\",\"position\":1,\"name\":\"Accueil\",\"item\":\"https:\/\/www.viaromana.org\/blog\/\"},{\"@type\":\"ListItem\",\"position\":2,\"name\":\"Derni\u00e8re actu toute fraiche : des \u00e9conomies pour les professionnels\"}]},{\"@type\":\"WebSite\",\"@id\":\"https:\/\/www.viaromana.org\/blog\/#website\",\"url\":\"https:\/\/www.viaromana.org\/blog\/\",\"name\":\"Viaromana et arch\u00e9ologie.\",\"description\":\"Site arch\u00e9ologique de la voie romaine (viaromana) Belgique-France-Rome\",\"publisher\":{\"@id\":\"https:\/\/www.viaromana.org\/blog\/#organization\"},\"potentialAction\":[{\"@type\":\"SearchAction\",\"target\":{\"@type\":\"EntryPoint\",\"urlTemplate\":\"https:\/\/www.viaromana.org\/blog\/?s={search_term_string}\"},\"query-input\":\"required name=search_term_string\"}],\"inLanguage\":\"fr-FR\"},{\"@type\":\"Organization\",\"@id\":\"https:\/\/www.viaromana.org\/blog\/#organization\",\"name\":\"viaromana\",\"url\":\"https:\/\/www.viaromana.org\/blog\/\",\"logo\":{\"@type\":\"ImageObject\",\"inLanguage\":\"fr-FR\",\"@id\":\"https:\/\/www.viaromana.org\/blog\/#\/schema\/logo\/image\/\",\"url\":\"https:\/\/www.viaromana.org\/blog\/wp-content\/uploads\/2021\/12\/logo-3.png\",\"contentUrl\":\"https:\/\/www.viaromana.org\/blog\/wp-content\/uploads\/2021\/12\/logo-3.png\",\"width\":300,\"height\":249,\"caption\":\"viaromana\"},\"image\":{\"@id\":\"https:\/\/www.viaromana.org\/blog\/#\/schema\/logo\/image\/\"}},{\"@type\":\"Person\",\"@id\":\"https:\/\/www.viaromana.org\/blog\/#\/schema\/person\/cde9c4655845091e1fe473fcd163c889\",\"name\":\"Robert\",\"image\":{\"@type\":\"ImageObject\",\"inLanguage\":\"fr-FR\",\"@id\":\"https:\/\/www.viaromana.org\/blog\/#\/schema\/person\/image\/\",\"url\":\"https:\/\/secure.gravatar.com\/avatar\/a168ec191013b636c2f278aec04e724b?s=96&d=mm&r=g\",\"contentUrl\":\"https:\/\/secure.gravatar.com\/avatar\/a168ec191013b636c2f278aec04e724b?s=96&d=mm&r=g\",\"caption\":\"Robert\"},\"sameAs\":[\"https:\/\/www.viaromana.org\/blog\"],\"url\":\"https:\/\/www.viaromana.org\/blog\/author\/anaadmin\/\"}]}<\/script>\n<!-- \/ Yoast SEO plugin. -->","yoast_head_json":{"title":"Derni\u00e8re actu toute fraiche : des \u00e9conomies pour les professionnels - Viaromana et arch\u00e9ologie.","description":"Derni\u00e8re actu toute fraiche : des \u00e9conomies pour les professionnels article de Viaromana et arch\u00e9ologie.","robots":{"index":"index","follow":"follow","max-snippet":"max-snippet:-1","max-image-preview":"max-image-preview:large","max-video-preview":"max-video-preview:-1"},"canonical":"https:\/\/www.viaromana.org\/blog\/derniere-actu-toute-fraiche-des-economies-pour-les-professionnels\/","og_locale":"fr_FR","og_type":"article","og_title":"Derni\u00e8re actu toute fraiche : des \u00e9conomies pour les professionnels - Viaromana et arch\u00e9ologie.","og_description":"Derni\u00e8re actu toute fraiche : des \u00e9conomies pour les professionnels article de Viaromana et arch\u00e9ologie.","og_url":"https:\/\/www.viaromana.org\/blog\/derniere-actu-toute-fraiche-des-economies-pour-les-professionnels\/","og_site_name":"Viaromana et arch\u00e9ologie.","article_published_time":"2023-05-05T07:22:55+00:00","og_image":[{"url":"https:\/\/www.viaromana.org\/blog\/wp-content\/uploads\/2023\/05\/derniere-actu-toute-fraiche-des-economies-pour-les-professionnels.jpg"}],"author":"Robert","twitter_card":"summary_large_image","twitter_misc":{"\u00c9crit par":"Robert","Dur\u00e9e de lecture estim\u00e9e":"3 minutes"},"schema":{"@context":"https:\/\/schema.org","@graph":[{"@type":"Article","@id":"https:\/\/www.viaromana.org\/blog\/derniere-actu-toute-fraiche-des-economies-pour-les-professionnels\/#article","isPartOf":{"@id":"https:\/\/www.viaromana.org\/blog\/derniere-actu-toute-fraiche-des-economies-pour-les-professionnels\/"},"author":{"name":"Robert","@id":"https:\/\/www.viaromana.org\/blog\/#\/schema\/person\/cde9c4655845091e1fe473fcd163c889"},"headline":"Derni\u00e8re actu toute fraiche : des \u00e9conomies pour les professionnels","datePublished":"2023-05-05T07:22:55+00:00","dateModified":"2023-05-05T07:22:55+00:00","mainEntityOfPage":{"@id":"https:\/\/www.viaromana.org\/blog\/derniere-actu-toute-fraiche-des-economies-pour-les-professionnels\/"},"wordCount":603,"publisher":{"@id":"https:\/\/www.viaromana.org\/blog\/#organization"},"articleSection":["Arch\u00e9ologie"],"inLanguage":"fr-FR"},{"@type":"WebPage","@id":"https:\/\/www.viaromana.org\/blog\/derniere-actu-toute-fraiche-des-economies-pour-les-professionnels\/","url":"https:\/\/www.viaromana.org\/blog\/derniere-actu-toute-fraiche-des-economies-pour-les-professionnels\/","name":"Derni\u00e8re actu toute fraiche : des \u00e9conomies pour les professionnels - Viaromana et arch\u00e9ologie.","isPartOf":{"@id":"https:\/\/www.viaromana.org\/blog\/#website"},"datePublished":"2023-05-05T07:22:55+00:00","dateModified":"2023-05-05T07:22:55+00:00","description":"Derni\u00e8re actu toute fraiche : des \u00e9conomies pour les professionnels article de Viaromana et arch\u00e9ologie.","breadcrumb":{"@id":"https:\/\/www.viaromana.org\/blog\/derniere-actu-toute-fraiche-des-economies-pour-les-professionnels\/#breadcrumb"},"inLanguage":"fr-FR","potentialAction":[{"@type":"ReadAction","target":["https:\/\/www.viaromana.org\/blog\/derniere-actu-toute-fraiche-des-economies-pour-les-professionnels\/"]}]},{"@type":"BreadcrumbList","@id":"https:\/\/www.viaromana.org\/blog\/derniere-actu-toute-fraiche-des-economies-pour-les-professionnels\/#breadcrumb","itemListElement":[{"@type":"ListItem","position":1,"name":"Accueil","item":"https:\/\/www.viaromana.org\/blog\/"},{"@type":"ListItem","position":2,"name":"Derni\u00e8re actu toute fraiche : des \u00e9conomies pour les professionnels"}]},{"@type":"WebSite","@id":"https:\/\/www.viaromana.org\/blog\/#website","url":"https:\/\/www.viaromana.org\/blog\/","name":"Viaromana et arch\u00e9ologie.","description":"Site arch\u00e9ologique de la voie romaine (viaromana) Belgique-France-Rome","publisher":{"@id":"https:\/\/www.viaromana.org\/blog\/#organization"},"potentialAction":[{"@type":"SearchAction","target":{"@type":"EntryPoint","urlTemplate":"https:\/\/www.viaromana.org\/blog\/?s={search_term_string}"},"query-input":"required name=search_term_string"}],"inLanguage":"fr-FR"},{"@type":"Organization","@id":"https:\/\/www.viaromana.org\/blog\/#organization","name":"viaromana","url":"https:\/\/www.viaromana.org\/blog\/","logo":{"@type":"ImageObject","inLanguage":"fr-FR","@id":"https:\/\/www.viaromana.org\/blog\/#\/schema\/logo\/image\/","url":"https:\/\/www.viaromana.org\/blog\/wp-content\/uploads\/2021\/12\/logo-3.png","contentUrl":"https:\/\/www.viaromana.org\/blog\/wp-content\/uploads\/2021\/12\/logo-3.png","width":300,"height":249,"caption":"viaromana"},"image":{"@id":"https:\/\/www.viaromana.org\/blog\/#\/schema\/logo\/image\/"}},{"@type":"Person","@id":"https:\/\/www.viaromana.org\/blog\/#\/schema\/person\/cde9c4655845091e1fe473fcd163c889","name":"Robert","image":{"@type":"ImageObject","inLanguage":"fr-FR","@id":"https:\/\/www.viaromana.org\/blog\/#\/schema\/person\/image\/","url":"https:\/\/secure.gravatar.com\/avatar\/a168ec191013b636c2f278aec04e724b?s=96&d=mm&r=g","contentUrl":"https:\/\/secure.gravatar.com\/avatar\/a168ec191013b636c2f278aec04e724b?s=96&d=mm&r=g","caption":"Robert"},"sameAs":["https:\/\/www.viaromana.org\/blog"],"url":"https:\/\/www.viaromana.org\/blog\/author\/anaadmin\/"}]}},"_links":{"self":[{"href":"https:\/\/www.viaromana.org\/blog\/wp-json\/wp\/v2\/posts\/1674"}],"collection":[{"href":"https:\/\/www.viaromana.org\/blog\/wp-json\/wp\/v2\/posts"}],"about":[{"href":"https:\/\/www.viaromana.org\/blog\/wp-json\/wp\/v2\/types\/post"}],"author":[{"embeddable":true,"href":"https:\/\/www.viaromana.org\/blog\/wp-json\/wp\/v2\/users\/1"}],"replies":[{"embeddable":true,"href":"https:\/\/www.viaromana.org\/blog\/wp-json\/wp\/v2\/comments?post=1674"}],"version-history":[{"count":0,"href":"https:\/\/www.viaromana.org\/blog\/wp-json\/wp\/v2\/posts\/1674\/revisions"}],"wp:attachment":[{"href":"https:\/\/www.viaromana.org\/blog\/wp-json\/wp\/v2\/media?parent=1674"}],"wp:term":[{"taxonomy":"category","embeddable":true,"href":"https:\/\/www.viaromana.org\/blog\/wp-json\/wp\/v2\/categories?post=1674"},{"taxonomy":"post_tag","embeddable":true,"href":"https:\/\/www.viaromana.org\/blog\/wp-json\/wp\/v2\/tags?post=1674"}],"curies":[{"name":"wp","href":"https:\/\/api.w.org\/{rel}","templated":true}]}}