{"id":1661,"date":"2023-04-25T15:28:51","date_gmt":"2023-04-25T13:28:51","guid":{"rendered":"https:\/\/www.site.cdcl.xyz\/2023\/04\/25\/derniere-actu-pour-vous-football-americain-les-mariners-de-vannes-au-stade-de-la-rabine\/"},"modified":"2023-04-25T15:28:51","modified_gmt":"2023-04-25T13:28:51","slug":"derniere-actu-pour-vous-football-americain-les-mariners-de-vannes-au-stade-de-la-rabine","status":"publish","type":"post","link":"https:\/\/www.viaromana.org\/blog\/derniere-actu-pour-vous-football-americain-les-mariners-de-vannes-au-stade-de-la-rabine\/","title":{"rendered":"Derni\u00e8re actu pour vous : Football am\u00e9ricain \u2013 les Mariners de Vannes au stade de la Rabine"},"content":{"rendered":"<p>Voil\u00e0 un papier que nous sommes heureux de diffuser ici sur notre site. Le th\u00e8me est \u00ab&nbsp;l\u2019arch\u00e9ologie&nbsp;\u00bb.<br \/>Son titre saisissant (Football am\u00e9ricain \u2013 les Mariners de Vannes au stade de la Rabine) est sans \u00e9quivoque.<\/p>\n<p> Pr\u00e9sent\u00e9 sous la signature \u00abOlivier_laudrin\u00bb, l\u2019\u00e9crivain est reconnu comme quelqu\u2019un de s\u00e9rieux.<\/p>\n<p>Vous pouvez ainsi faire confiance \u00e0 cette parution.<\/p>\n<p>Sachez que la date d\u2019\u00e9dition est 2023-04-25 15:28:51.<\/p>\n<p>Voil\u00e0 ll\u2019article en question : <\/p>\n<div>\n<div>\n<h3>Football am\u00e9ricain<\/h3>\n<h3>Les Mariners de Vannes au stade de la Rabine<\/h3>\n<p><strong>1er match \u00e0 14h :<\/strong> les cadets en entente avec les clubs de l\u2019Ankou de Rennes et les Celtics de Lorient affronteront l\u2019\u00e9quipe des Kangourous de Pessac (Bordeaux).<\/p>\n<p><strong>2\u00e8me match \u00e0 19h <\/strong>: les s\u00e9niors joueront face \u00e0 l\u2019\u00e9quipe des Charleroi Coal Miners (Belgique).<\/p>\n<p>De nombreuses animations sont pr\u00e9vues tout au long de la journ\u00e9e (guitariste, groupe de rock west family, zumba\u2026) avec de nombreux stands autour du stade.<\/p>\n<ul>\n<li>Ouverture du stade \u00e0 partir de 12h30<\/li>\n<li>Les billets seront en vente chez LDLC \u00e0 Vannes et la boulangerie le Fournil de Rhuys \u00e0 Noyalo. Et au Stade du Foso de Vannes du lundi au vendredi de 10h \u00e0 12h et de 16h \u00e0 18h30 et le samedi de 10h \u00e0 12h et 14h \u00e0 17h.<\/li>\n<li>Tarif plein (adulte) : 8 \u20ac \u2013 Tarif r\u00e9duit (\u00e9tudiant\/jeune) : 5 \u20ac<\/li>\n<li>Gratuit pour les moins de 12 ans<\/li>\n<\/ul>\n<p><img decoding=\"async\" alt=\"Mariners\" data-entity-type=\"file\" data-entity-uuid=\"084edaf2-e763-41e5-9012-2ba0e5944d66\" height=\"775\" src=\"https:\/\/www.viaromana.org\/blog\/wp-content\/uploads\/2023\/04\/derniere-actu-pour-vous-football-americain-les-mariners-de-vannes-au-stade-de-la-rabine.jpg\" width=\"548\" loading=\"lazy\"><\/p>\n<p><img decoding=\"async\" alt=\"Mariners\" data-entity-type=\"file\" data-entity-uuid=\"05285b9b-6f18-41fa-a7fc-635d363a6aa9\" height=\"776\" src=\"https:\/\/www.viaromana.org\/blog\/wp-content\/uploads\/2023\/04\/derniere-actu-pour-vous-football-americain-les-mariners-de-vannes-au-stade-de-la-rabine-1.jpg\" width=\"548\" loading=\"lazy\"><\/p>\n<\/div>\n<\/div>\n<p>Lecture:<\/p>\n<p>The red sea in Pharaonic times recent discoveries along the Red Sea Coast.,<a target=\"_blank\" rel=\"nofollow\" href=\"https:\/\/www.viaromana.org\/blog\/goto\/https:\/\/booknode.com\/the_red_sea_in_pharaonic_times_recent_discoveries_along_the_red_sea_coast_0946323\"  target=\"_blank\" rel=\"noopener noreferrer nofollow\">A voir et \u00e0 lire. <\/a><span><\/span>. Disponible sur internet.<\/p>\n<p>Pour une histoire de l\u2019arch\u00e9ologie XVIIIe si\u00e8cle \u2013 1945.,<a target=\"_blank\" rel=\"nofollow\" href=\"https:\/\/www.viaromana.org\/blog\/goto\/https:\/\/www.kobo.com\/de\/fr\/ebook\/pour-une-histoire-de-l-archeologie-xviiie-siecle-1945\"  target=\"_blank\" rel=\"noopener noreferrer nofollow\">Le livre <\/a><span><\/span>.<\/p>\n<p>Regency, tome 2 : Le Secret du Nil.,<a target=\"_blank\" rel=\"nofollow\" href=\"https:\/\/www.viaromana.org\/blog\/goto\/https:\/\/booknode.com\/regency_tome_2_le_secret_du_nil_061686\"  target=\"_blank\" rel=\"noopener noreferrer nofollow\">Clicker Ici <\/a><span><\/span>. Disponible dans toutes les bonnes biblioth\u00e8ques de votre d\u00e9partement.<\/p>\n<p>Monnaies du haut Moyen \u00c2ge.,<a target=\"_blank\" rel=\"nofollow\" href=\"https:\/\/www.viaromana.org\/blog\/goto\/https:\/\/www.kobo.com\/de\/fr\/ebook\/monnaies-du-haut-moyen-age\"  target=\"_blank\" rel=\"noopener noreferrer nofollow\">(la couverture) <\/a><span><\/span>.<\/p>\n","protected":false},"excerpt":{"rendered":"<p>Voil\u00e0 un papier que nous sommes heureux de diffuser ici sur notre site. Le th\u00e8me est \u00ab&nbsp;l\u2019arch\u00e9ologie&nbsp;\u00bb.Son titre saisissant (Football am\u00e9ricain \u2013 les Mariners de Vannes au stade de la Rabine) est sans \u00e9quivoque. Pr\u00e9sent\u00e9 sous la signature \u00abOlivier_laudrin\u00bb, l\u2019\u00e9crivain est reconnu comme quelqu\u2019un de s\u00e9rieux. Vous pouvez ainsi faire confiance \u00e0 cette parution. Sachez que la date d\u2019\u00e9dition est 2023-04-25 15:28:51. Voil\u00e0 ll\u2019article en question : Football am\u00e9ricain Les Mariners de Vannes au stade de la Rabine 1er match \u00e0 14h : les cadets en entente avec les clubs de l\u2019Ankou de Rennes et les Celtics de Lorient affronteront\u2026<\/p>\n","protected":false},"author":1,"featured_media":0,"comment_status":"closed","ping_status":"closed","sticky":false,"template":"","format":"standard","meta":{"footnotes":""},"categories":[2],"tags":[],"blocksy_meta":{"styles_descriptor":{"styles":{"desktop":"","tablet":"","mobile":""},"google_fonts":[],"version":4}},"yoast_head":"<!-- This site is optimized with the Yoast SEO plugin v21.1 - https:\/\/yoast.com\/wordpress\/plugins\/seo\/ -->\n<title>Derni\u00e8re actu pour vous : Football am\u00e9ricain \u2013 les Mariners de Vannes au stade de la Rabine - Viaromana et arch\u00e9ologie.<\/title>\n<meta name=\"description\" content=\"Derni\u00e8re actu pour vous : Football am\u00e9ricain \u2013 les Mariners de Vannes au stade de la Rabine article de Viaromana et arch\u00e9ologie.\" \/>\n<meta name=\"robots\" content=\"index, follow, max-snippet:-1, max-image-preview:large, max-video-preview:-1\" \/>\n<link rel=\"canonical\" href=\"https:\/\/www.viaromana.org\/blog\/derniere-actu-pour-vous-football-americain-les-mariners-de-vannes-au-stade-de-la-rabine\/\" \/>\n<meta property=\"og:locale\" content=\"fr_FR\" \/>\n<meta property=\"og:type\" content=\"article\" \/>\n<meta property=\"og:title\" content=\"Derni\u00e8re actu pour vous : Football am\u00e9ricain \u2013 les Mariners de Vannes au stade de la Rabine - Viaromana et arch\u00e9ologie.\" \/>\n<meta property=\"og:description\" content=\"Derni\u00e8re actu pour vous : Football am\u00e9ricain \u2013 les Mariners de Vannes au stade de la Rabine article de Viaromana et arch\u00e9ologie.\" \/>\n<meta property=\"og:url\" content=\"https:\/\/www.viaromana.org\/blog\/derniere-actu-pour-vous-football-americain-les-mariners-de-vannes-au-stade-de-la-rabine\/\" \/>\n<meta property=\"og:site_name\" content=\"Viaromana et arch\u00e9ologie.\" \/>\n<meta property=\"article:published_time\" content=\"2023-04-25T13:28:51+00:00\" \/>\n<meta property=\"og:image\" content=\"https:\/\/www.viaromana.org\/blog\/wp-content\/uploads\/2023\/04\/derniere-actu-pour-vous-football-americain-les-mariners-de-vannes-au-stade-de-la-rabine.jpg\" \/>\n<meta name=\"author\" content=\"Robert\" \/>\n<meta name=\"twitter:card\" content=\"summary_large_image\" \/>\n<meta name=\"twitter:label1\" content=\"\u00c9crit par\" \/>\n\t<meta name=\"twitter:data1\" content=\"Robert\" \/>\n\t<meta name=\"twitter:label2\" content=\"Dur\u00e9e de lecture estim\u00e9e\" \/>\n\t<meta name=\"twitter:data2\" content=\"1 minute\" \/>\n<script type=\"application\/ld+json\" class=\"yoast-schema-graph\">{\"@context\":\"https:\/\/schema.org\",\"@graph\":[{\"@type\":\"Article\",\"@id\":\"https:\/\/www.viaromana.org\/blog\/derniere-actu-pour-vous-football-americain-les-mariners-de-vannes-au-stade-de-la-rabine\/#article\",\"isPartOf\":{\"@id\":\"https:\/\/www.viaromana.org\/blog\/derniere-actu-pour-vous-football-americain-les-mariners-de-vannes-au-stade-de-la-rabine\/\"},\"author\":{\"name\":\"Robert\",\"@id\":\"https:\/\/www.viaromana.org\/blog\/#\/schema\/person\/cde9c4655845091e1fe473fcd163c889\"},\"headline\":\"Derni\u00e8re actu pour vous : Football am\u00e9ricain \u2013 les Mariners de Vannes au stade de la Rabine\",\"datePublished\":\"2023-04-25T13:28:51+00:00\",\"dateModified\":\"2023-04-25T13:28:51+00:00\",\"mainEntityOfPage\":{\"@id\":\"https:\/\/www.viaromana.org\/blog\/derniere-actu-pour-vous-football-americain-les-mariners-de-vannes-au-stade-de-la-rabine\/\"},\"wordCount\":299,\"publisher\":{\"@id\":\"https:\/\/www.viaromana.org\/blog\/#organization\"},\"articleSection\":[\"Arch\u00e9ologie\"],\"inLanguage\":\"fr-FR\"},{\"@type\":\"WebPage\",\"@id\":\"https:\/\/www.viaromana.org\/blog\/derniere-actu-pour-vous-football-americain-les-mariners-de-vannes-au-stade-de-la-rabine\/\",\"url\":\"https:\/\/www.viaromana.org\/blog\/derniere-actu-pour-vous-football-americain-les-mariners-de-vannes-au-stade-de-la-rabine\/\",\"name\":\"Derni\u00e8re actu pour vous : Football am\u00e9ricain \u2013 les Mariners de Vannes au stade de la Rabine - Viaromana et arch\u00e9ologie.\",\"isPartOf\":{\"@id\":\"https:\/\/www.viaromana.org\/blog\/#website\"},\"datePublished\":\"2023-04-25T13:28:51+00:00\",\"dateModified\":\"2023-04-25T13:28:51+00:00\",\"description\":\"Derni\u00e8re actu pour vous : Football am\u00e9ricain \u2013 les Mariners de Vannes au stade de la Rabine article de Viaromana et arch\u00e9ologie.\",\"breadcrumb\":{\"@id\":\"https:\/\/www.viaromana.org\/blog\/derniere-actu-pour-vous-football-americain-les-mariners-de-vannes-au-stade-de-la-rabine\/#breadcrumb\"},\"inLanguage\":\"fr-FR\",\"potentialAction\":[{\"@type\":\"ReadAction\",\"target\":[\"https:\/\/www.viaromana.org\/blog\/derniere-actu-pour-vous-football-americain-les-mariners-de-vannes-au-stade-de-la-rabine\/\"]}]},{\"@type\":\"BreadcrumbList\",\"@id\":\"https:\/\/www.viaromana.org\/blog\/derniere-actu-pour-vous-football-americain-les-mariners-de-vannes-au-stade-de-la-rabine\/#breadcrumb\",\"itemListElement\":[{\"@type\":\"ListItem\",\"position\":1,\"name\":\"Accueil\",\"item\":\"https:\/\/www.viaromana.org\/blog\/\"},{\"@type\":\"ListItem\",\"position\":2,\"name\":\"Derni\u00e8re actu pour vous : Football am\u00e9ricain \u2013 les Mariners de Vannes au stade de la Rabine\"}]},{\"@type\":\"WebSite\",\"@id\":\"https:\/\/www.viaromana.org\/blog\/#website\",\"url\":\"https:\/\/www.viaromana.org\/blog\/\",\"name\":\"Viaromana et arch\u00e9ologie.\",\"description\":\"Site arch\u00e9ologique de la voie romaine (viaromana) Belgique-France-Rome\",\"publisher\":{\"@id\":\"https:\/\/www.viaromana.org\/blog\/#organization\"},\"potentialAction\":[{\"@type\":\"SearchAction\",\"target\":{\"@type\":\"EntryPoint\",\"urlTemplate\":\"https:\/\/www.viaromana.org\/blog\/?s={search_term_string}\"},\"query-input\":\"required name=search_term_string\"}],\"inLanguage\":\"fr-FR\"},{\"@type\":\"Organization\",\"@id\":\"https:\/\/www.viaromana.org\/blog\/#organization\",\"name\":\"viaromana\",\"url\":\"https:\/\/www.viaromana.org\/blog\/\",\"logo\":{\"@type\":\"ImageObject\",\"inLanguage\":\"fr-FR\",\"@id\":\"https:\/\/www.viaromana.org\/blog\/#\/schema\/logo\/image\/\",\"url\":\"https:\/\/www.viaromana.org\/blog\/wp-content\/uploads\/2021\/12\/logo-3.png\",\"contentUrl\":\"https:\/\/www.viaromana.org\/blog\/wp-content\/uploads\/2021\/12\/logo-3.png\",\"width\":300,\"height\":249,\"caption\":\"viaromana\"},\"image\":{\"@id\":\"https:\/\/www.viaromana.org\/blog\/#\/schema\/logo\/image\/\"}},{\"@type\":\"Person\",\"@id\":\"https:\/\/www.viaromana.org\/blog\/#\/schema\/person\/cde9c4655845091e1fe473fcd163c889\",\"name\":\"Robert\",\"image\":{\"@type\":\"ImageObject\",\"inLanguage\":\"fr-FR\",\"@id\":\"https:\/\/www.viaromana.org\/blog\/#\/schema\/person\/image\/\",\"url\":\"https:\/\/secure.gravatar.com\/avatar\/a168ec191013b636c2f278aec04e724b?s=96&d=mm&r=g\",\"contentUrl\":\"https:\/\/secure.gravatar.com\/avatar\/a168ec191013b636c2f278aec04e724b?s=96&d=mm&r=g\",\"caption\":\"Robert\"},\"sameAs\":[\"https:\/\/www.viaromana.org\/blog\"],\"url\":\"https:\/\/www.viaromana.org\/blog\/author\/anaadmin\/\"}]}<\/script>\n<!-- \/ Yoast SEO plugin. -->","yoast_head_json":{"title":"Derni\u00e8re actu pour vous : Football am\u00e9ricain \u2013 les Mariners de Vannes au stade de la Rabine - Viaromana et arch\u00e9ologie.","description":"Derni\u00e8re actu pour vous : Football am\u00e9ricain \u2013 les Mariners de Vannes au stade de la Rabine article de Viaromana et arch\u00e9ologie.","robots":{"index":"index","follow":"follow","max-snippet":"max-snippet:-1","max-image-preview":"max-image-preview:large","max-video-preview":"max-video-preview:-1"},"canonical":"https:\/\/www.viaromana.org\/blog\/derniere-actu-pour-vous-football-americain-les-mariners-de-vannes-au-stade-de-la-rabine\/","og_locale":"fr_FR","og_type":"article","og_title":"Derni\u00e8re actu pour vous : Football am\u00e9ricain \u2013 les Mariners de Vannes au stade de la Rabine - Viaromana et arch\u00e9ologie.","og_description":"Derni\u00e8re actu pour vous : Football am\u00e9ricain \u2013 les Mariners de Vannes au stade de la Rabine article de Viaromana et arch\u00e9ologie.","og_url":"https:\/\/www.viaromana.org\/blog\/derniere-actu-pour-vous-football-americain-les-mariners-de-vannes-au-stade-de-la-rabine\/","og_site_name":"Viaromana et arch\u00e9ologie.","article_published_time":"2023-04-25T13:28:51+00:00","og_image":[{"url":"https:\/\/www.viaromana.org\/blog\/wp-content\/uploads\/2023\/04\/derniere-actu-pour-vous-football-americain-les-mariners-de-vannes-au-stade-de-la-rabine.jpg"}],"author":"Robert","twitter_card":"summary_large_image","twitter_misc":{"\u00c9crit par":"Robert","Dur\u00e9e de lecture estim\u00e9e":"1 minute"},"schema":{"@context":"https:\/\/schema.org","@graph":[{"@type":"Article","@id":"https:\/\/www.viaromana.org\/blog\/derniere-actu-pour-vous-football-americain-les-mariners-de-vannes-au-stade-de-la-rabine\/#article","isPartOf":{"@id":"https:\/\/www.viaromana.org\/blog\/derniere-actu-pour-vous-football-americain-les-mariners-de-vannes-au-stade-de-la-rabine\/"},"author":{"name":"Robert","@id":"https:\/\/www.viaromana.org\/blog\/#\/schema\/person\/cde9c4655845091e1fe473fcd163c889"},"headline":"Derni\u00e8re actu pour vous : Football am\u00e9ricain \u2013 les Mariners de Vannes au stade de la Rabine","datePublished":"2023-04-25T13:28:51+00:00","dateModified":"2023-04-25T13:28:51+00:00","mainEntityOfPage":{"@id":"https:\/\/www.viaromana.org\/blog\/derniere-actu-pour-vous-football-americain-les-mariners-de-vannes-au-stade-de-la-rabine\/"},"wordCount":299,"publisher":{"@id":"https:\/\/www.viaromana.org\/blog\/#organization"},"articleSection":["Arch\u00e9ologie"],"inLanguage":"fr-FR"},{"@type":"WebPage","@id":"https:\/\/www.viaromana.org\/blog\/derniere-actu-pour-vous-football-americain-les-mariners-de-vannes-au-stade-de-la-rabine\/","url":"https:\/\/www.viaromana.org\/blog\/derniere-actu-pour-vous-football-americain-les-mariners-de-vannes-au-stade-de-la-rabine\/","name":"Derni\u00e8re actu pour vous : Football am\u00e9ricain \u2013 les Mariners de Vannes au stade de la Rabine - Viaromana et arch\u00e9ologie.","isPartOf":{"@id":"https:\/\/www.viaromana.org\/blog\/#website"},"datePublished":"2023-04-25T13:28:51+00:00","dateModified":"2023-04-25T13:28:51+00:00","description":"Derni\u00e8re actu pour vous : Football am\u00e9ricain \u2013 les Mariners de Vannes au stade de la Rabine article de Viaromana et arch\u00e9ologie.","breadcrumb":{"@id":"https:\/\/www.viaromana.org\/blog\/derniere-actu-pour-vous-football-americain-les-mariners-de-vannes-au-stade-de-la-rabine\/#breadcrumb"},"inLanguage":"fr-FR","potentialAction":[{"@type":"ReadAction","target":["https:\/\/www.viaromana.org\/blog\/derniere-actu-pour-vous-football-americain-les-mariners-de-vannes-au-stade-de-la-rabine\/"]}]},{"@type":"BreadcrumbList","@id":"https:\/\/www.viaromana.org\/blog\/derniere-actu-pour-vous-football-americain-les-mariners-de-vannes-au-stade-de-la-rabine\/#breadcrumb","itemListElement":[{"@type":"ListItem","position":1,"name":"Accueil","item":"https:\/\/www.viaromana.org\/blog\/"},{"@type":"ListItem","position":2,"name":"Derni\u00e8re actu pour vous : Football am\u00e9ricain \u2013 les Mariners de Vannes au stade de la Rabine"}]},{"@type":"WebSite","@id":"https:\/\/www.viaromana.org\/blog\/#website","url":"https:\/\/www.viaromana.org\/blog\/","name":"Viaromana et arch\u00e9ologie.","description":"Site arch\u00e9ologique de la voie romaine (viaromana) Belgique-France-Rome","publisher":{"@id":"https:\/\/www.viaromana.org\/blog\/#organization"},"potentialAction":[{"@type":"SearchAction","target":{"@type":"EntryPoint","urlTemplate":"https:\/\/www.viaromana.org\/blog\/?s={search_term_string}"},"query-input":"required name=search_term_string"}],"inLanguage":"fr-FR"},{"@type":"Organization","@id":"https:\/\/www.viaromana.org\/blog\/#organization","name":"viaromana","url":"https:\/\/www.viaromana.org\/blog\/","logo":{"@type":"ImageObject","inLanguage":"fr-FR","@id":"https:\/\/www.viaromana.org\/blog\/#\/schema\/logo\/image\/","url":"https:\/\/www.viaromana.org\/blog\/wp-content\/uploads\/2021\/12\/logo-3.png","contentUrl":"https:\/\/www.viaromana.org\/blog\/wp-content\/uploads\/2021\/12\/logo-3.png","width":300,"height":249,"caption":"viaromana"},"image":{"@id":"https:\/\/www.viaromana.org\/blog\/#\/schema\/logo\/image\/"}},{"@type":"Person","@id":"https:\/\/www.viaromana.org\/blog\/#\/schema\/person\/cde9c4655845091e1fe473fcd163c889","name":"Robert","image":{"@type":"ImageObject","inLanguage":"fr-FR","@id":"https:\/\/www.viaromana.org\/blog\/#\/schema\/person\/image\/","url":"https:\/\/secure.gravatar.com\/avatar\/a168ec191013b636c2f278aec04e724b?s=96&d=mm&r=g","contentUrl":"https:\/\/secure.gravatar.com\/avatar\/a168ec191013b636c2f278aec04e724b?s=96&d=mm&r=g","caption":"Robert"},"sameAs":["https:\/\/www.viaromana.org\/blog"],"url":"https:\/\/www.viaromana.org\/blog\/author\/anaadmin\/"}]}},"_links":{"self":[{"href":"https:\/\/www.viaromana.org\/blog\/wp-json\/wp\/v2\/posts\/1661"}],"collection":[{"href":"https:\/\/www.viaromana.org\/blog\/wp-json\/wp\/v2\/posts"}],"about":[{"href":"https:\/\/www.viaromana.org\/blog\/wp-json\/wp\/v2\/types\/post"}],"author":[{"embeddable":true,"href":"https:\/\/www.viaromana.org\/blog\/wp-json\/wp\/v2\/users\/1"}],"replies":[{"embeddable":true,"href":"https:\/\/www.viaromana.org\/blog\/wp-json\/wp\/v2\/comments?post=1661"}],"version-history":[{"count":0,"href":"https:\/\/www.viaromana.org\/blog\/wp-json\/wp\/v2\/posts\/1661\/revisions"}],"wp:attachment":[{"href":"https:\/\/www.viaromana.org\/blog\/wp-json\/wp\/v2\/media?parent=1661"}],"wp:term":[{"taxonomy":"category","embeddable":true,"href":"https:\/\/www.viaromana.org\/blog\/wp-json\/wp\/v2\/categories?post=1661"},{"taxonomy":"post_tag","embeddable":true,"href":"https:\/\/www.viaromana.org\/blog\/wp-json\/wp\/v2\/tags?post=1661"}],"curies":[{"name":"wp","href":"https:\/\/api.w.org\/{rel}","templated":true}]}}