{"id":1657,"date":"2023-04-21T09:58:50","date_gmt":"2023-04-21T07:58:50","guid":{"rendered":"https:\/\/www.site.cdcl.xyz\/2023\/04\/21\/sur-internet-inauguration-du-parcours-etalonnage-au-parc-de-la-garenne\/"},"modified":"2023-04-21T09:58:50","modified_gmt":"2023-04-21T07:58:50","slug":"sur-internet-inauguration-du-parcours-etalonnage-au-parc-de-la-garenne","status":"publish","type":"post","link":"https:\/\/www.viaromana.org\/blog\/sur-internet-inauguration-du-parcours-etalonnage-au-parc-de-la-garenne\/","title":{"rendered":"Sur internet : Inauguration du parcours \u00e9talonnage au Parc de la Garenne"},"content":{"rendered":"<p>Nous pr\u00e9sentons un tout nouvel article qui va parachever notre revue de presse sur \u00ab&nbsp;l\u2019arch\u00e9ologie&nbsp;\u00bb.<\/p>\n<p>Le titre (Inauguration du parcours \u00e9talonnage au Parc de la Garenne) r\u00e9capitule tout le post.<\/p>\n<p>Sachez que l\u2019auteur (pr\u00e9sent\u00e9 sous la signature admin_vannes) est reconnu comme quelqu\u2019un de s\u00e9rieux.<\/p>\n<p>La confiance est par cons\u00e9quent parfaite concernant ce papier.<\/p>\n<p>Sachez que la date d\u2019\u00e9dition est 2023-04-21 09:58:50.<\/p>\n<div>\n<div>\n<p>Un nouveau projet de la 1\u00e8re \u00e9dition du Budget Participatif voit le jour avec l\u2019inauguration du parcours \u00e9talonnage au Parc<br \/>de la Garenne. Il s\u2019agit d\u2019un \u00e9talonnage des all\u00e9es du parc afin de permettre aux coureurs de Trail de s\u2019entra\u00eener sur un<br \/>parcours escarp\u00e9, constitu\u00e9 de 2 parcours :<\/p>\n<ul>\n<li>Un parcours d\u2019\u00e9chauffement (800 m) et plat<\/li>\n<li>Un parcours d\u2019entra\u00eenement (400 m) avec d\u00e9nivel\u00e9s et notamment un passage par le grand escalier.<\/li>\n<\/ul>\n<p>\nLe marquage est fait gr\u00e2ce \u00e0 des macarons en lave \u00e9maill\u00e9e, de 2 couleurs diff\u00e9rentes selon le parcours. Ce projet est port\u00e9<br \/>par Patrick Le Ray, cr\u00e9ateur du Marathon de Vannes, avec comme objectif de favoriser la pratique sportive.<br \/>Le budget est de 1 500 \u20ac.<\/p>\n<p>\n<strong>Voici les prochains projets du budget participatif 2022 qui seront bient\u00f4t r\u00e9alis\u00e9s<\/strong><\/p>\n<p>\n1. Projets en cours de r\u00e9alisation : Le r\u00e9cup\u00e9rateur d\u2019eau de pluie au centre-ville ; L\u2019\u00e9clairage de deux passages pi\u00e9tons bd de la Marne et Av. Mar. Delattre De Tassigny ; Jeux ext\u00e9rieur tous \u00e2ge au Parc de K\u00e9rizac<\/p>\n<p>2. Projets bient\u00f4t r\u00e9alis\u00e9s : La mise en couleurs des plaques et grilles d\u2019\u00e9gouts (la semaine prochaine) ; Les casiers solidaires pour sans-abris \u00e0 Nord Gare ; Les fontaines \u00e0 boire<\/p>\n<p>3. Projets en cours de finalisation de conception (bureau d\u2019\u00e9tude) : Le jardin du souvenir pour animaux \u00e0 Kermesquel ; Le parc \u00e9ducatif et r\u00e9cr\u00e9atif pour chiens \u00e0 M\u00e9nimur<\/p>\n<p>Rappelons que 74 projets ont \u00e9t\u00e9 d\u00e9pos\u00e9s pour la 2<sup>e<\/sup> \u00e9dition du budget participatif. Le choix des projets soumis au vote des Vannetaises et des Vannetais sera connu tr\u00e8s prochainement !<\/p>\n<\/div>\n<\/div>\n<p>Bibliographie :<\/p>\n<p>Pyramide.,<a target=\"_blank\" rel=\"nofollow\" href=\"https:\/\/www.viaromana.org\/blog\/goto\/https:\/\/booknode.com\/pyramide_01332845\"  target=\"_blank\" rel=\"noopener noreferrer nofollow\">Le livre <\/a><span><\/span>.<\/p>\n<p>Mythologie positiviste et canc\u00e9risation \u00e9pist\u00e9mologique ; une arch\u00e9ologie des impostures m\u00e9thodologiques.,<a target=\"_blank\" rel=\"nofollow\" href=\"https:\/\/www.viaromana.org\/blog\/goto\/https:\/\/www.epagine.fr\/ebook\/9782140016639-mythologie-positiviste-et-cancerisation-epistemologique-une-archeologie-des-impostures-methodologiques-lune-roc-pierre-louis\/\"  target=\"_blank\" rel=\"noopener noreferrer nofollow\">Ouvrage <\/a><span><\/span>.<\/p>\n<p>Recherches arch\u00e9ologiques en Angola ; pr\u00e9histoire, art rupestre, arch\u00e9ologie fun\u00e9raire.,<a target=\"_blank\" rel=\"nofollow\" href=\"https:\/\/www.viaromana.org\/blog\/goto\/https:\/\/www.epagine.fr\/ebook\/9782296200371-recherches-archeologiques-en-angola-prehistoire-art-rupestre-archeologie-funeraire-manuel-gutierrez\/\"  target=\"_blank\" rel=\"noopener noreferrer nofollow\">Le livre <\/a><span><\/span>.<\/p>\n<p>Pays d\u2019Islam et monde latin.,<a target=\"_blank\" rel=\"nofollow\" href=\"https:\/\/www.viaromana.org\/blog\/goto\/https:\/\/www.kobo.com\/de\/fr\/ebook\/pays-d-islam-et-monde-latin\"  target=\"_blank\" rel=\"noopener noreferrer nofollow\">Le livre <\/a><span><\/span>.<\/p>\n","protected":false},"excerpt":{"rendered":"<p>Nous pr\u00e9sentons un tout nouvel article qui va parachever notre revue de presse sur \u00ab&nbsp;l\u2019arch\u00e9ologie&nbsp;\u00bb. Le titre (Inauguration du parcours \u00e9talonnage au Parc de la Garenne) r\u00e9capitule tout le post. Sachez que l\u2019auteur (pr\u00e9sent\u00e9 sous la signature admin_vannes) est reconnu comme quelqu\u2019un de s\u00e9rieux. La confiance est par cons\u00e9quent parfaite concernant ce papier. Sachez que la date d\u2019\u00e9dition est 2023-04-21 09:58:50. Un nouveau projet de la 1\u00e8re \u00e9dition du Budget Participatif voit le jour avec l\u2019inauguration du parcours \u00e9talonnage au Parcde la Garenne. Il s\u2019agit d\u2019un \u00e9talonnage des all\u00e9es du parc afin de permettre aux coureurs de Trail de s\u2019entra\u00eener\u2026<\/p>\n","protected":false},"author":1,"featured_media":0,"comment_status":"closed","ping_status":"closed","sticky":false,"template":"","format":"standard","meta":{"footnotes":""},"categories":[2],"tags":[],"blocksy_meta":{"styles_descriptor":{"styles":{"desktop":"","tablet":"","mobile":""},"google_fonts":[],"version":4}},"yoast_head":"<!-- This site is optimized with the Yoast SEO plugin v21.1 - https:\/\/yoast.com\/wordpress\/plugins\/seo\/ -->\n<title>Sur internet : Inauguration du parcours \u00e9talonnage au Parc de la Garenne - Viaromana et arch\u00e9ologie.<\/title>\n<meta name=\"description\" content=\"Sur internet : Inauguration du parcours \u00e9talonnage au Parc de la Garenne article de Viaromana et arch\u00e9ologie.\" \/>\n<meta name=\"robots\" content=\"index, follow, max-snippet:-1, max-image-preview:large, max-video-preview:-1\" \/>\n<link rel=\"canonical\" href=\"https:\/\/www.viaromana.org\/blog\/sur-internet-inauguration-du-parcours-etalonnage-au-parc-de-la-garenne\/\" \/>\n<meta property=\"og:locale\" content=\"fr_FR\" \/>\n<meta property=\"og:type\" content=\"article\" \/>\n<meta property=\"og:title\" content=\"Sur internet : Inauguration du parcours \u00e9talonnage au Parc de la Garenne - Viaromana et arch\u00e9ologie.\" \/>\n<meta property=\"og:description\" content=\"Sur internet : Inauguration du parcours \u00e9talonnage au Parc de la Garenne article de Viaromana et arch\u00e9ologie.\" \/>\n<meta property=\"og:url\" content=\"https:\/\/www.viaromana.org\/blog\/sur-internet-inauguration-du-parcours-etalonnage-au-parc-de-la-garenne\/\" \/>\n<meta property=\"og:site_name\" content=\"Viaromana et arch\u00e9ologie.\" \/>\n<meta property=\"article:published_time\" content=\"2023-04-21T07:58:50+00:00\" \/>\n<meta name=\"author\" content=\"Robert\" \/>\n<meta name=\"twitter:card\" content=\"summary_large_image\" \/>\n<meta name=\"twitter:label1\" content=\"\u00c9crit par\" \/>\n\t<meta name=\"twitter:data1\" content=\"Robert\" \/>\n\t<meta name=\"twitter:label2\" content=\"Dur\u00e9e de lecture estim\u00e9e\" \/>\n\t<meta name=\"twitter:data2\" content=\"2 minutes\" \/>\n<script type=\"application\/ld+json\" class=\"yoast-schema-graph\">{\"@context\":\"https:\/\/schema.org\",\"@graph\":[{\"@type\":\"Article\",\"@id\":\"https:\/\/www.viaromana.org\/blog\/sur-internet-inauguration-du-parcours-etalonnage-au-parc-de-la-garenne\/#article\",\"isPartOf\":{\"@id\":\"https:\/\/www.viaromana.org\/blog\/sur-internet-inauguration-du-parcours-etalonnage-au-parc-de-la-garenne\/\"},\"author\":{\"name\":\"Robert\",\"@id\":\"https:\/\/www.viaromana.org\/blog\/#\/schema\/person\/cde9c4655845091e1fe473fcd163c889\"},\"headline\":\"Sur internet : Inauguration du parcours \u00e9talonnage au Parc de la Garenne\",\"datePublished\":\"2023-04-21T07:58:50+00:00\",\"dateModified\":\"2023-04-21T07:58:50+00:00\",\"mainEntityOfPage\":{\"@id\":\"https:\/\/www.viaromana.org\/blog\/sur-internet-inauguration-du-parcours-etalonnage-au-parc-de-la-garenne\/\"},\"wordCount\":394,\"publisher\":{\"@id\":\"https:\/\/www.viaromana.org\/blog\/#organization\"},\"articleSection\":[\"Arch\u00e9ologie\"],\"inLanguage\":\"fr-FR\"},{\"@type\":\"WebPage\",\"@id\":\"https:\/\/www.viaromana.org\/blog\/sur-internet-inauguration-du-parcours-etalonnage-au-parc-de-la-garenne\/\",\"url\":\"https:\/\/www.viaromana.org\/blog\/sur-internet-inauguration-du-parcours-etalonnage-au-parc-de-la-garenne\/\",\"name\":\"Sur internet : Inauguration du parcours \u00e9talonnage au Parc de la Garenne - Viaromana et arch\u00e9ologie.\",\"isPartOf\":{\"@id\":\"https:\/\/www.viaromana.org\/blog\/#website\"},\"datePublished\":\"2023-04-21T07:58:50+00:00\",\"dateModified\":\"2023-04-21T07:58:50+00:00\",\"description\":\"Sur internet : Inauguration du parcours \u00e9talonnage au Parc de la Garenne article de Viaromana et arch\u00e9ologie.\",\"breadcrumb\":{\"@id\":\"https:\/\/www.viaromana.org\/blog\/sur-internet-inauguration-du-parcours-etalonnage-au-parc-de-la-garenne\/#breadcrumb\"},\"inLanguage\":\"fr-FR\",\"potentialAction\":[{\"@type\":\"ReadAction\",\"target\":[\"https:\/\/www.viaromana.org\/blog\/sur-internet-inauguration-du-parcours-etalonnage-au-parc-de-la-garenne\/\"]}]},{\"@type\":\"BreadcrumbList\",\"@id\":\"https:\/\/www.viaromana.org\/blog\/sur-internet-inauguration-du-parcours-etalonnage-au-parc-de-la-garenne\/#breadcrumb\",\"itemListElement\":[{\"@type\":\"ListItem\",\"position\":1,\"name\":\"Accueil\",\"item\":\"https:\/\/www.viaromana.org\/blog\/\"},{\"@type\":\"ListItem\",\"position\":2,\"name\":\"Sur internet : Inauguration du parcours \u00e9talonnage au Parc de la Garenne\"}]},{\"@type\":\"WebSite\",\"@id\":\"https:\/\/www.viaromana.org\/blog\/#website\",\"url\":\"https:\/\/www.viaromana.org\/blog\/\",\"name\":\"Viaromana et arch\u00e9ologie.\",\"description\":\"Site arch\u00e9ologique de la voie romaine (viaromana) Belgique-France-Rome\",\"publisher\":{\"@id\":\"https:\/\/www.viaromana.org\/blog\/#organization\"},\"potentialAction\":[{\"@type\":\"SearchAction\",\"target\":{\"@type\":\"EntryPoint\",\"urlTemplate\":\"https:\/\/www.viaromana.org\/blog\/?s={search_term_string}\"},\"query-input\":\"required name=search_term_string\"}],\"inLanguage\":\"fr-FR\"},{\"@type\":\"Organization\",\"@id\":\"https:\/\/www.viaromana.org\/blog\/#organization\",\"name\":\"viaromana\",\"url\":\"https:\/\/www.viaromana.org\/blog\/\",\"logo\":{\"@type\":\"ImageObject\",\"inLanguage\":\"fr-FR\",\"@id\":\"https:\/\/www.viaromana.org\/blog\/#\/schema\/logo\/image\/\",\"url\":\"https:\/\/www.viaromana.org\/blog\/wp-content\/uploads\/2021\/12\/logo-3.png\",\"contentUrl\":\"https:\/\/www.viaromana.org\/blog\/wp-content\/uploads\/2021\/12\/logo-3.png\",\"width\":300,\"height\":249,\"caption\":\"viaromana\"},\"image\":{\"@id\":\"https:\/\/www.viaromana.org\/blog\/#\/schema\/logo\/image\/\"}},{\"@type\":\"Person\",\"@id\":\"https:\/\/www.viaromana.org\/blog\/#\/schema\/person\/cde9c4655845091e1fe473fcd163c889\",\"name\":\"Robert\",\"image\":{\"@type\":\"ImageObject\",\"inLanguage\":\"fr-FR\",\"@id\":\"https:\/\/www.viaromana.org\/blog\/#\/schema\/person\/image\/\",\"url\":\"https:\/\/secure.gravatar.com\/avatar\/a168ec191013b636c2f278aec04e724b?s=96&d=mm&r=g\",\"contentUrl\":\"https:\/\/secure.gravatar.com\/avatar\/a168ec191013b636c2f278aec04e724b?s=96&d=mm&r=g\",\"caption\":\"Robert\"},\"sameAs\":[\"https:\/\/www.viaromana.org\/blog\"],\"url\":\"https:\/\/www.viaromana.org\/blog\/author\/anaadmin\/\"}]}<\/script>\n<!-- \/ Yoast SEO plugin. -->","yoast_head_json":{"title":"Sur internet : Inauguration du parcours \u00e9talonnage au Parc de la Garenne - Viaromana et arch\u00e9ologie.","description":"Sur internet : Inauguration du parcours \u00e9talonnage au Parc de la Garenne article de Viaromana et arch\u00e9ologie.","robots":{"index":"index","follow":"follow","max-snippet":"max-snippet:-1","max-image-preview":"max-image-preview:large","max-video-preview":"max-video-preview:-1"},"canonical":"https:\/\/www.viaromana.org\/blog\/sur-internet-inauguration-du-parcours-etalonnage-au-parc-de-la-garenne\/","og_locale":"fr_FR","og_type":"article","og_title":"Sur internet : Inauguration du parcours \u00e9talonnage au Parc de la Garenne - Viaromana et arch\u00e9ologie.","og_description":"Sur internet : Inauguration du parcours \u00e9talonnage au Parc de la Garenne article de Viaromana et arch\u00e9ologie.","og_url":"https:\/\/www.viaromana.org\/blog\/sur-internet-inauguration-du-parcours-etalonnage-au-parc-de-la-garenne\/","og_site_name":"Viaromana et arch\u00e9ologie.","article_published_time":"2023-04-21T07:58:50+00:00","author":"Robert","twitter_card":"summary_large_image","twitter_misc":{"\u00c9crit par":"Robert","Dur\u00e9e de lecture estim\u00e9e":"2 minutes"},"schema":{"@context":"https:\/\/schema.org","@graph":[{"@type":"Article","@id":"https:\/\/www.viaromana.org\/blog\/sur-internet-inauguration-du-parcours-etalonnage-au-parc-de-la-garenne\/#article","isPartOf":{"@id":"https:\/\/www.viaromana.org\/blog\/sur-internet-inauguration-du-parcours-etalonnage-au-parc-de-la-garenne\/"},"author":{"name":"Robert","@id":"https:\/\/www.viaromana.org\/blog\/#\/schema\/person\/cde9c4655845091e1fe473fcd163c889"},"headline":"Sur internet : Inauguration du parcours \u00e9talonnage au Parc de la Garenne","datePublished":"2023-04-21T07:58:50+00:00","dateModified":"2023-04-21T07:58:50+00:00","mainEntityOfPage":{"@id":"https:\/\/www.viaromana.org\/blog\/sur-internet-inauguration-du-parcours-etalonnage-au-parc-de-la-garenne\/"},"wordCount":394,"publisher":{"@id":"https:\/\/www.viaromana.org\/blog\/#organization"},"articleSection":["Arch\u00e9ologie"],"inLanguage":"fr-FR"},{"@type":"WebPage","@id":"https:\/\/www.viaromana.org\/blog\/sur-internet-inauguration-du-parcours-etalonnage-au-parc-de-la-garenne\/","url":"https:\/\/www.viaromana.org\/blog\/sur-internet-inauguration-du-parcours-etalonnage-au-parc-de-la-garenne\/","name":"Sur internet : Inauguration du parcours \u00e9talonnage au Parc de la Garenne - Viaromana et arch\u00e9ologie.","isPartOf":{"@id":"https:\/\/www.viaromana.org\/blog\/#website"},"datePublished":"2023-04-21T07:58:50+00:00","dateModified":"2023-04-21T07:58:50+00:00","description":"Sur internet : Inauguration du parcours \u00e9talonnage au Parc de la Garenne article de Viaromana et arch\u00e9ologie.","breadcrumb":{"@id":"https:\/\/www.viaromana.org\/blog\/sur-internet-inauguration-du-parcours-etalonnage-au-parc-de-la-garenne\/#breadcrumb"},"inLanguage":"fr-FR","potentialAction":[{"@type":"ReadAction","target":["https:\/\/www.viaromana.org\/blog\/sur-internet-inauguration-du-parcours-etalonnage-au-parc-de-la-garenne\/"]}]},{"@type":"BreadcrumbList","@id":"https:\/\/www.viaromana.org\/blog\/sur-internet-inauguration-du-parcours-etalonnage-au-parc-de-la-garenne\/#breadcrumb","itemListElement":[{"@type":"ListItem","position":1,"name":"Accueil","item":"https:\/\/www.viaromana.org\/blog\/"},{"@type":"ListItem","position":2,"name":"Sur internet : Inauguration du parcours \u00e9talonnage au Parc de la Garenne"}]},{"@type":"WebSite","@id":"https:\/\/www.viaromana.org\/blog\/#website","url":"https:\/\/www.viaromana.org\/blog\/","name":"Viaromana et arch\u00e9ologie.","description":"Site arch\u00e9ologique de la voie romaine (viaromana) Belgique-France-Rome","publisher":{"@id":"https:\/\/www.viaromana.org\/blog\/#organization"},"potentialAction":[{"@type":"SearchAction","target":{"@type":"EntryPoint","urlTemplate":"https:\/\/www.viaromana.org\/blog\/?s={search_term_string}"},"query-input":"required name=search_term_string"}],"inLanguage":"fr-FR"},{"@type":"Organization","@id":"https:\/\/www.viaromana.org\/blog\/#organization","name":"viaromana","url":"https:\/\/www.viaromana.org\/blog\/","logo":{"@type":"ImageObject","inLanguage":"fr-FR","@id":"https:\/\/www.viaromana.org\/blog\/#\/schema\/logo\/image\/","url":"https:\/\/www.viaromana.org\/blog\/wp-content\/uploads\/2021\/12\/logo-3.png","contentUrl":"https:\/\/www.viaromana.org\/blog\/wp-content\/uploads\/2021\/12\/logo-3.png","width":300,"height":249,"caption":"viaromana"},"image":{"@id":"https:\/\/www.viaromana.org\/blog\/#\/schema\/logo\/image\/"}},{"@type":"Person","@id":"https:\/\/www.viaromana.org\/blog\/#\/schema\/person\/cde9c4655845091e1fe473fcd163c889","name":"Robert","image":{"@type":"ImageObject","inLanguage":"fr-FR","@id":"https:\/\/www.viaromana.org\/blog\/#\/schema\/person\/image\/","url":"https:\/\/secure.gravatar.com\/avatar\/a168ec191013b636c2f278aec04e724b?s=96&d=mm&r=g","contentUrl":"https:\/\/secure.gravatar.com\/avatar\/a168ec191013b636c2f278aec04e724b?s=96&d=mm&r=g","caption":"Robert"},"sameAs":["https:\/\/www.viaromana.org\/blog"],"url":"https:\/\/www.viaromana.org\/blog\/author\/anaadmin\/"}]}},"_links":{"self":[{"href":"https:\/\/www.viaromana.org\/blog\/wp-json\/wp\/v2\/posts\/1657"}],"collection":[{"href":"https:\/\/www.viaromana.org\/blog\/wp-json\/wp\/v2\/posts"}],"about":[{"href":"https:\/\/www.viaromana.org\/blog\/wp-json\/wp\/v2\/types\/post"}],"author":[{"embeddable":true,"href":"https:\/\/www.viaromana.org\/blog\/wp-json\/wp\/v2\/users\/1"}],"replies":[{"embeddable":true,"href":"https:\/\/www.viaromana.org\/blog\/wp-json\/wp\/v2\/comments?post=1657"}],"version-history":[{"count":0,"href":"https:\/\/www.viaromana.org\/blog\/wp-json\/wp\/v2\/posts\/1657\/revisions"}],"wp:attachment":[{"href":"https:\/\/www.viaromana.org\/blog\/wp-json\/wp\/v2\/media?parent=1657"}],"wp:term":[{"taxonomy":"category","embeddable":true,"href":"https:\/\/www.viaromana.org\/blog\/wp-json\/wp\/v2\/categories?post=1657"},{"taxonomy":"post_tag","embeddable":true,"href":"https:\/\/www.viaromana.org\/blog\/wp-json\/wp\/v2\/tags?post=1657"}],"curies":[{"name":"wp","href":"https:\/\/api.w.org\/{rel}","templated":true}]}}