{"id":1643,"date":"2023-04-14T14:36:26","date_gmt":"2023-04-14T12:36:26","guid":{"rendered":"https:\/\/www.site.cdcl.xyz\/2023\/04\/14\/derniere-actualite-pour-les-fans-tour-de-bretagne-solidaire-ville-de-vannes\/"},"modified":"2023-04-14T14:36:26","modified_gmt":"2023-04-14T12:36:26","slug":"derniere-actualite-pour-les-fans-tour-de-bretagne-solidaire-ville-de-vannes","status":"publish","type":"post","link":"https:\/\/www.viaromana.org\/blog\/derniere-actualite-pour-les-fans-tour-de-bretagne-solidaire-ville-de-vannes\/","title":{"rendered":"Derni\u00e8re actualit\u00e9 pour les fans : Tour de Bretagne solidaire | Ville de Vannes"},"content":{"rendered":"<p>Voil\u00e0 qui va vous satisfaire : Un nouveau texte que nous venons de identifier sur le web et que nous vous proposons ci-dessous. Le th\u00e8me est \u00ab&nbsp;l\u2019arch\u00e9ologie&nbsp;\u00bb.<\/p>\n<p>Son titre (Tour de Bretagne solidaire | Ville de Vannes) en dit long.<\/p>\n<p> Pr\u00e9sent\u00e9 sous la signature \u00abadmin_vannes\u00bb, l\u2019\u00e9ditorialiste est connu et fiable pour d\u2019autres papiers qu\u2019il a publi\u00e9s sur le web.<\/p>\n<p>Vous pouvez de ce fait vous fier aux informations qu\u2019il communique.<\/p>\n<p>Le post a \u00e9t\u00e9 publi\u00e9 \u00e0 une date mentionn\u00e9e 2023-04-14 14:36:26.<\/p>\n<div>\n<div>\n<p><strong>D\u00e9part<\/strong> de Decathlon Vannes 2 mai 9 h<\/p>\n<p><strong>Arriv\u00e9e<\/strong>&nbsp;Decathlon Vannes 5 mai 16 h<\/p>\n<p>Sensibilisation sur l\u2019insuffisance r\u00e9nale et le don d\u2019organes&nbsp;par l\u2019association france rein morbihan<\/p>\n<p>Bienfaits de l\u2019activit\u00e9 physique sur la maladie r\u00e9nale et la greffe.<\/p>\n<p>Soutenir le s\u00e9jour jeunes france rein et infos du tro-breizh&nbsp;sur france rein bretagne-nos actualit\u00e9s<\/p>\n<p>Parrain de l\u2019\u00e9v\u00e8nement : Dorian Foulon, cycliste handisport fran\u00e7ais (Champion Olympique 2020, champion du monde 2022)<\/p>\n<\/div>\n<\/div>\n<p>Publications sur le m\u00eame propos:<\/p>\n<p>Une aventure au Caire.,<a target=\"_blank\" rel=\"nofollow\" href=\"https:\/\/www.viaromana.org\/blog\/goto\/https:\/\/booknode.com\/une_aventure_au_caire_03442511\"  target=\"_blank\" rel=\"noopener noreferrer nofollow\">Le livre <\/a><span><\/span>.<\/p>\n<p>M\u00e9langes d\u2019Histoire et d\u2019arch\u00e9ologie agenaises.,<a target=\"_blank\" rel=\"nofollow\" href=\"https:\/\/www.viaromana.org\/blog\/goto\/https:\/\/www.epagine.fr\/ebook\/9782307339304-melanges-d-histoire-et-d-archeologie-agenaises-jean-r-marboutin\/\"  target=\"_blank\" rel=\"noopener noreferrer nofollow\">(Disponible) <\/a><span><\/span>.<\/p>\n<p>Un milliard d\u2019ann\u00e9es plus tard\u2026.,<a target=\"_blank\" rel=\"nofollow\" href=\"https:\/\/www.viaromana.org\/blog\/goto\/https:\/\/booknode.com\/un_milliard_dannees_plus_tard_0107972\"  target=\"_blank\" rel=\"noopener noreferrer nofollow\">(Disponible) <\/a><span><\/span>. Disponible chez votre libraire.<\/p>\n<p>M\u00e9langes d\u2019Histoire et d\u2019arch\u00e9ologie agenaises.,<a target=\"_blank\" rel=\"nofollow\" href=\"https:\/\/www.viaromana.org\/blog\/goto\/https:\/\/www.epagine.fr\/ebook\/9782307005971-melanges-d-histoire-et-d-archeologie-agenaises-jean-r-marboutin\/\"  target=\"_blank\" rel=\"noopener noreferrer nofollow\">(la couverture) <\/a><span><\/span>.<\/p>\n","protected":false},"excerpt":{"rendered":"<p>Voil\u00e0 qui va vous satisfaire : Un nouveau texte que nous venons de identifier sur le web et que nous vous proposons ci-dessous. Le th\u00e8me est \u00ab&nbsp;l\u2019arch\u00e9ologie&nbsp;\u00bb. Son titre (Tour de Bretagne solidaire | Ville de Vannes) en dit long. Pr\u00e9sent\u00e9 sous la signature \u00abadmin_vannes\u00bb, l\u2019\u00e9ditorialiste est connu et fiable pour d\u2019autres papiers qu\u2019il a publi\u00e9s sur le web. Vous pouvez de ce fait vous fier aux informations qu\u2019il communique. Le post a \u00e9t\u00e9 publi\u00e9 \u00e0 une date mentionn\u00e9e 2023-04-14 14:36:26. D\u00e9part de Decathlon Vannes 2 mai 9 h Arriv\u00e9e&nbsp;Decathlon Vannes 5 mai 16 h Sensibilisation sur l\u2019insuffisance r\u00e9nale et\u2026<\/p>\n","protected":false},"author":1,"featured_media":0,"comment_status":"closed","ping_status":"closed","sticky":false,"template":"","format":"standard","meta":{"footnotes":""},"categories":[2],"tags":[],"blocksy_meta":{"styles_descriptor":{"styles":{"desktop":"","tablet":"","mobile":""},"google_fonts":[],"version":4}},"yoast_head":"<!-- This site is optimized with the Yoast SEO plugin v21.1 - https:\/\/yoast.com\/wordpress\/plugins\/seo\/ -->\n<title>Derni\u00e8re actualit\u00e9 pour les fans : Tour de Bretagne solidaire | Ville de Vannes - Viaromana et arch\u00e9ologie.<\/title>\n<meta name=\"description\" content=\"Derni\u00e8re actualit\u00e9 pour les fans : Tour de Bretagne solidaire | Ville de Vannes article de Viaromana et arch\u00e9ologie.\" \/>\n<meta name=\"robots\" content=\"index, follow, max-snippet:-1, max-image-preview:large, max-video-preview:-1\" \/>\n<link rel=\"canonical\" href=\"https:\/\/www.viaromana.org\/blog\/derniere-actualite-pour-les-fans-tour-de-bretagne-solidaire-ville-de-vannes\/\" \/>\n<meta property=\"og:locale\" content=\"fr_FR\" \/>\n<meta property=\"og:type\" content=\"article\" \/>\n<meta property=\"og:title\" content=\"Derni\u00e8re actualit\u00e9 pour les fans : Tour de Bretagne solidaire | Ville de Vannes - Viaromana et arch\u00e9ologie.\" \/>\n<meta property=\"og:description\" content=\"Derni\u00e8re actualit\u00e9 pour les fans : Tour de Bretagne solidaire | Ville de Vannes article de Viaromana et arch\u00e9ologie.\" \/>\n<meta property=\"og:url\" content=\"https:\/\/www.viaromana.org\/blog\/derniere-actualite-pour-les-fans-tour-de-bretagne-solidaire-ville-de-vannes\/\" \/>\n<meta property=\"og:site_name\" content=\"Viaromana et arch\u00e9ologie.\" \/>\n<meta property=\"article:published_time\" content=\"2023-04-14T12:36:26+00:00\" \/>\n<meta name=\"author\" content=\"Robert\" \/>\n<meta name=\"twitter:card\" content=\"summary_large_image\" \/>\n<meta name=\"twitter:label1\" content=\"\u00c9crit par\" \/>\n\t<meta name=\"twitter:data1\" content=\"Robert\" \/>\n\t<meta name=\"twitter:label2\" content=\"Dur\u00e9e de lecture estim\u00e9e\" \/>\n\t<meta name=\"twitter:data2\" content=\"1 minute\" \/>\n<script type=\"application\/ld+json\" class=\"yoast-schema-graph\">{\"@context\":\"https:\/\/schema.org\",\"@graph\":[{\"@type\":\"Article\",\"@id\":\"https:\/\/www.viaromana.org\/blog\/derniere-actualite-pour-les-fans-tour-de-bretagne-solidaire-ville-de-vannes\/#article\",\"isPartOf\":{\"@id\":\"https:\/\/www.viaromana.org\/blog\/derniere-actualite-pour-les-fans-tour-de-bretagne-solidaire-ville-de-vannes\/\"},\"author\":{\"name\":\"Robert\",\"@id\":\"https:\/\/www.viaromana.org\/blog\/#\/schema\/person\/cde9c4655845091e1fe473fcd163c889\"},\"headline\":\"Derni\u00e8re actualit\u00e9 pour les fans : Tour de Bretagne solidaire | Ville de Vannes\",\"datePublished\":\"2023-04-14T12:36:26+00:00\",\"dateModified\":\"2023-04-14T12:36:26+00:00\",\"mainEntityOfPage\":{\"@id\":\"https:\/\/www.viaromana.org\/blog\/derniere-actualite-pour-les-fans-tour-de-bretagne-solidaire-ville-de-vannes\/\"},\"wordCount\":228,\"publisher\":{\"@id\":\"https:\/\/www.viaromana.org\/blog\/#organization\"},\"articleSection\":[\"Arch\u00e9ologie\"],\"inLanguage\":\"fr-FR\"},{\"@type\":\"WebPage\",\"@id\":\"https:\/\/www.viaromana.org\/blog\/derniere-actualite-pour-les-fans-tour-de-bretagne-solidaire-ville-de-vannes\/\",\"url\":\"https:\/\/www.viaromana.org\/blog\/derniere-actualite-pour-les-fans-tour-de-bretagne-solidaire-ville-de-vannes\/\",\"name\":\"Derni\u00e8re actualit\u00e9 pour les fans : Tour de Bretagne solidaire | Ville de Vannes - Viaromana et arch\u00e9ologie.\",\"isPartOf\":{\"@id\":\"https:\/\/www.viaromana.org\/blog\/#website\"},\"datePublished\":\"2023-04-14T12:36:26+00:00\",\"dateModified\":\"2023-04-14T12:36:26+00:00\",\"description\":\"Derni\u00e8re actualit\u00e9 pour les fans : Tour de Bretagne solidaire | Ville de Vannes article de Viaromana et arch\u00e9ologie.\",\"breadcrumb\":{\"@id\":\"https:\/\/www.viaromana.org\/blog\/derniere-actualite-pour-les-fans-tour-de-bretagne-solidaire-ville-de-vannes\/#breadcrumb\"},\"inLanguage\":\"fr-FR\",\"potentialAction\":[{\"@type\":\"ReadAction\",\"target\":[\"https:\/\/www.viaromana.org\/blog\/derniere-actualite-pour-les-fans-tour-de-bretagne-solidaire-ville-de-vannes\/\"]}]},{\"@type\":\"BreadcrumbList\",\"@id\":\"https:\/\/www.viaromana.org\/blog\/derniere-actualite-pour-les-fans-tour-de-bretagne-solidaire-ville-de-vannes\/#breadcrumb\",\"itemListElement\":[{\"@type\":\"ListItem\",\"position\":1,\"name\":\"Accueil\",\"item\":\"https:\/\/www.viaromana.org\/blog\/\"},{\"@type\":\"ListItem\",\"position\":2,\"name\":\"Derni\u00e8re actualit\u00e9 pour les fans : Tour de Bretagne solidaire | Ville de Vannes\"}]},{\"@type\":\"WebSite\",\"@id\":\"https:\/\/www.viaromana.org\/blog\/#website\",\"url\":\"https:\/\/www.viaromana.org\/blog\/\",\"name\":\"Viaromana et arch\u00e9ologie.\",\"description\":\"Site arch\u00e9ologique de la voie romaine (viaromana) Belgique-France-Rome\",\"publisher\":{\"@id\":\"https:\/\/www.viaromana.org\/blog\/#organization\"},\"potentialAction\":[{\"@type\":\"SearchAction\",\"target\":{\"@type\":\"EntryPoint\",\"urlTemplate\":\"https:\/\/www.viaromana.org\/blog\/?s={search_term_string}\"},\"query-input\":\"required name=search_term_string\"}],\"inLanguage\":\"fr-FR\"},{\"@type\":\"Organization\",\"@id\":\"https:\/\/www.viaromana.org\/blog\/#organization\",\"name\":\"viaromana\",\"url\":\"https:\/\/www.viaromana.org\/blog\/\",\"logo\":{\"@type\":\"ImageObject\",\"inLanguage\":\"fr-FR\",\"@id\":\"https:\/\/www.viaromana.org\/blog\/#\/schema\/logo\/image\/\",\"url\":\"https:\/\/www.viaromana.org\/blog\/wp-content\/uploads\/2021\/12\/logo-3.png\",\"contentUrl\":\"https:\/\/www.viaromana.org\/blog\/wp-content\/uploads\/2021\/12\/logo-3.png\",\"width\":300,\"height\":249,\"caption\":\"viaromana\"},\"image\":{\"@id\":\"https:\/\/www.viaromana.org\/blog\/#\/schema\/logo\/image\/\"}},{\"@type\":\"Person\",\"@id\":\"https:\/\/www.viaromana.org\/blog\/#\/schema\/person\/cde9c4655845091e1fe473fcd163c889\",\"name\":\"Robert\",\"image\":{\"@type\":\"ImageObject\",\"inLanguage\":\"fr-FR\",\"@id\":\"https:\/\/www.viaromana.org\/blog\/#\/schema\/person\/image\/\",\"url\":\"https:\/\/secure.gravatar.com\/avatar\/a168ec191013b636c2f278aec04e724b?s=96&d=mm&r=g\",\"contentUrl\":\"https:\/\/secure.gravatar.com\/avatar\/a168ec191013b636c2f278aec04e724b?s=96&d=mm&r=g\",\"caption\":\"Robert\"},\"sameAs\":[\"https:\/\/www.viaromana.org\/blog\"],\"url\":\"https:\/\/www.viaromana.org\/blog\/author\/anaadmin\/\"}]}<\/script>\n<!-- \/ Yoast SEO plugin. -->","yoast_head_json":{"title":"Derni\u00e8re actualit\u00e9 pour les fans : Tour de Bretagne solidaire | Ville de Vannes - Viaromana et arch\u00e9ologie.","description":"Derni\u00e8re actualit\u00e9 pour les fans : Tour de Bretagne solidaire | Ville de Vannes article de Viaromana et arch\u00e9ologie.","robots":{"index":"index","follow":"follow","max-snippet":"max-snippet:-1","max-image-preview":"max-image-preview:large","max-video-preview":"max-video-preview:-1"},"canonical":"https:\/\/www.viaromana.org\/blog\/derniere-actualite-pour-les-fans-tour-de-bretagne-solidaire-ville-de-vannes\/","og_locale":"fr_FR","og_type":"article","og_title":"Derni\u00e8re actualit\u00e9 pour les fans : Tour de Bretagne solidaire | Ville de Vannes - Viaromana et arch\u00e9ologie.","og_description":"Derni\u00e8re actualit\u00e9 pour les fans : Tour de Bretagne solidaire | Ville de Vannes article de Viaromana et arch\u00e9ologie.","og_url":"https:\/\/www.viaromana.org\/blog\/derniere-actualite-pour-les-fans-tour-de-bretagne-solidaire-ville-de-vannes\/","og_site_name":"Viaromana et arch\u00e9ologie.","article_published_time":"2023-04-14T12:36:26+00:00","author":"Robert","twitter_card":"summary_large_image","twitter_misc":{"\u00c9crit par":"Robert","Dur\u00e9e de lecture estim\u00e9e":"1 minute"},"schema":{"@context":"https:\/\/schema.org","@graph":[{"@type":"Article","@id":"https:\/\/www.viaromana.org\/blog\/derniere-actualite-pour-les-fans-tour-de-bretagne-solidaire-ville-de-vannes\/#article","isPartOf":{"@id":"https:\/\/www.viaromana.org\/blog\/derniere-actualite-pour-les-fans-tour-de-bretagne-solidaire-ville-de-vannes\/"},"author":{"name":"Robert","@id":"https:\/\/www.viaromana.org\/blog\/#\/schema\/person\/cde9c4655845091e1fe473fcd163c889"},"headline":"Derni\u00e8re actualit\u00e9 pour les fans : Tour de Bretagne solidaire | Ville de Vannes","datePublished":"2023-04-14T12:36:26+00:00","dateModified":"2023-04-14T12:36:26+00:00","mainEntityOfPage":{"@id":"https:\/\/www.viaromana.org\/blog\/derniere-actualite-pour-les-fans-tour-de-bretagne-solidaire-ville-de-vannes\/"},"wordCount":228,"publisher":{"@id":"https:\/\/www.viaromana.org\/blog\/#organization"},"articleSection":["Arch\u00e9ologie"],"inLanguage":"fr-FR"},{"@type":"WebPage","@id":"https:\/\/www.viaromana.org\/blog\/derniere-actualite-pour-les-fans-tour-de-bretagne-solidaire-ville-de-vannes\/","url":"https:\/\/www.viaromana.org\/blog\/derniere-actualite-pour-les-fans-tour-de-bretagne-solidaire-ville-de-vannes\/","name":"Derni\u00e8re actualit\u00e9 pour les fans : Tour de Bretagne solidaire | Ville de Vannes - Viaromana et arch\u00e9ologie.","isPartOf":{"@id":"https:\/\/www.viaromana.org\/blog\/#website"},"datePublished":"2023-04-14T12:36:26+00:00","dateModified":"2023-04-14T12:36:26+00:00","description":"Derni\u00e8re actualit\u00e9 pour les fans : Tour de Bretagne solidaire | Ville de Vannes article de Viaromana et arch\u00e9ologie.","breadcrumb":{"@id":"https:\/\/www.viaromana.org\/blog\/derniere-actualite-pour-les-fans-tour-de-bretagne-solidaire-ville-de-vannes\/#breadcrumb"},"inLanguage":"fr-FR","potentialAction":[{"@type":"ReadAction","target":["https:\/\/www.viaromana.org\/blog\/derniere-actualite-pour-les-fans-tour-de-bretagne-solidaire-ville-de-vannes\/"]}]},{"@type":"BreadcrumbList","@id":"https:\/\/www.viaromana.org\/blog\/derniere-actualite-pour-les-fans-tour-de-bretagne-solidaire-ville-de-vannes\/#breadcrumb","itemListElement":[{"@type":"ListItem","position":1,"name":"Accueil","item":"https:\/\/www.viaromana.org\/blog\/"},{"@type":"ListItem","position":2,"name":"Derni\u00e8re actualit\u00e9 pour les fans : Tour de Bretagne solidaire | Ville de Vannes"}]},{"@type":"WebSite","@id":"https:\/\/www.viaromana.org\/blog\/#website","url":"https:\/\/www.viaromana.org\/blog\/","name":"Viaromana et arch\u00e9ologie.","description":"Site arch\u00e9ologique de la voie romaine (viaromana) Belgique-France-Rome","publisher":{"@id":"https:\/\/www.viaromana.org\/blog\/#organization"},"potentialAction":[{"@type":"SearchAction","target":{"@type":"EntryPoint","urlTemplate":"https:\/\/www.viaromana.org\/blog\/?s={search_term_string}"},"query-input":"required name=search_term_string"}],"inLanguage":"fr-FR"},{"@type":"Organization","@id":"https:\/\/www.viaromana.org\/blog\/#organization","name":"viaromana","url":"https:\/\/www.viaromana.org\/blog\/","logo":{"@type":"ImageObject","inLanguage":"fr-FR","@id":"https:\/\/www.viaromana.org\/blog\/#\/schema\/logo\/image\/","url":"https:\/\/www.viaromana.org\/blog\/wp-content\/uploads\/2021\/12\/logo-3.png","contentUrl":"https:\/\/www.viaromana.org\/blog\/wp-content\/uploads\/2021\/12\/logo-3.png","width":300,"height":249,"caption":"viaromana"},"image":{"@id":"https:\/\/www.viaromana.org\/blog\/#\/schema\/logo\/image\/"}},{"@type":"Person","@id":"https:\/\/www.viaromana.org\/blog\/#\/schema\/person\/cde9c4655845091e1fe473fcd163c889","name":"Robert","image":{"@type":"ImageObject","inLanguage":"fr-FR","@id":"https:\/\/www.viaromana.org\/blog\/#\/schema\/person\/image\/","url":"https:\/\/secure.gravatar.com\/avatar\/a168ec191013b636c2f278aec04e724b?s=96&d=mm&r=g","contentUrl":"https:\/\/secure.gravatar.com\/avatar\/a168ec191013b636c2f278aec04e724b?s=96&d=mm&r=g","caption":"Robert"},"sameAs":["https:\/\/www.viaromana.org\/blog"],"url":"https:\/\/www.viaromana.org\/blog\/author\/anaadmin\/"}]}},"_links":{"self":[{"href":"https:\/\/www.viaromana.org\/blog\/wp-json\/wp\/v2\/posts\/1643"}],"collection":[{"href":"https:\/\/www.viaromana.org\/blog\/wp-json\/wp\/v2\/posts"}],"about":[{"href":"https:\/\/www.viaromana.org\/blog\/wp-json\/wp\/v2\/types\/post"}],"author":[{"embeddable":true,"href":"https:\/\/www.viaromana.org\/blog\/wp-json\/wp\/v2\/users\/1"}],"replies":[{"embeddable":true,"href":"https:\/\/www.viaromana.org\/blog\/wp-json\/wp\/v2\/comments?post=1643"}],"version-history":[{"count":0,"href":"https:\/\/www.viaromana.org\/blog\/wp-json\/wp\/v2\/posts\/1643\/revisions"}],"wp:attachment":[{"href":"https:\/\/www.viaromana.org\/blog\/wp-json\/wp\/v2\/media?parent=1643"}],"wp:term":[{"taxonomy":"category","embeddable":true,"href":"https:\/\/www.viaromana.org\/blog\/wp-json\/wp\/v2\/categories?post=1643"},{"taxonomy":"post_tag","embeddable":true,"href":"https:\/\/www.viaromana.org\/blog\/wp-json\/wp\/v2\/tags?post=1643"}],"curies":[{"name":"wp","href":"https:\/\/api.w.org\/{rel}","templated":true}]}}