{"id":1641,"date":"2023-04-13T09:45:47","date_gmt":"2023-04-13T07:45:47","guid":{"rendered":"https:\/\/www.site.cdcl.xyz\/2023\/04\/13\/retour-sur-ledito-cosmogonie-celtique\/"},"modified":"2023-04-13T09:45:47","modified_gmt":"2023-04-13T07:45:47","slug":"retour-sur-ledito-cosmogonie-celtique","status":"publish","type":"post","link":"https:\/\/www.viaromana.org\/blog\/retour-sur-ledito-cosmogonie-celtique\/","title":{"rendered":"Retour sur l\u2019\u00e9dito : Cosmogonie Celtique"},"content":{"rendered":"<p>En consultant internet nos r\u00e9dacteurs ont rep\u00e9r\u00e9 un texte qui va vous s\u00e9duire. Son sujet est \u00ab&nbsp;l\u2019arch\u00e9ologie&nbsp;\u00bb.<\/p>\n<p>Le titre suggestif (Cosmogonie Celtique) est parlant.<\/p>\n<p> Pr\u00e9sent\u00e9 sous le nom \u00abadmin_vannes\u00bb, l\u2019\u00e9ditorialiste est connu et fiable.<\/p>\n<p>Cet encart peut donc \u00eatre pris au s\u00e9rieux.<\/p>\n<p>L\u2019\u00e9ditorial a \u00e9t\u00e9 \u00e9dit\u00e9 \u00e0 une date mentionn\u00e9e 2023-04-13 09:45:47.<\/p>\n<p>Voici ll\u2019article : <\/p>\n<p><span>Cosmogonie Celtique <\/span><br \/><span><span lang xml:lang>admin_vannes<\/span><\/span><br \/><span>jeu 13\/04\/2023 \u2013 09:45<\/span><\/p>\n<div><img decoding=\"async\" src=\"https:\/\/www.viaromana.org\/blog\/wp-content\/uploads\/2023\/04\/retour-sur-ledito-cosmogonie-celtique.jpg\" alt><\/div>\n<div>\n<p>Par Philippe Canal et Jean-Paul Savignac<\/p>\n<p>Exposition du 15 avril au 13 mai 2023.<br \/>Tous les jours du mardi au samedi de 14h \u00e0 18h. Entr\u00e9e libre.<\/p>\n<\/div>\n<div>Expositions<\/div>\n<div>2023-04-14<\/div>\n<div>2023-05-13<\/div>\n<div>\n<div class=\"paragraph paragraph--type--texte\">\n<div>\n<p>L\u2019\u0153uvre du peintre Philippe Canal et du po\u00e8te Jean-Paul Savignac se pr\u00e9sente comme une suite de tableaux dans lesquels se mirent des po\u00e8mes, et des po\u00e8mes dans lesquels se mirent des tableaux. Ces po\u00e8mes-peintures s\u2019inspirent du texte mythologique irlandais du IXe si\u00e8cle, <em>La Veill\u00e9e de Fingen<\/em>, qui rec\u00e8le le r\u00e9cit de la cr\u00e9ation du monde telle que la voyaient les anciens Celtes.<\/p>\n<p>Ce travail est une vision, peut-\u00eatre une voyance d\u2019artistes, issue d\u2019un amour des mythes celtiques et de la m\u00e9ditation que la terre de Bretagne leur inspire.<\/p>\n<p><strong>Sites des artistes:<\/strong><\/p>\n<p><strong>Vernissage<\/strong> le vendredi 14 avril \u00e0 18h<\/p>\n<p><strong>Les dates de pr\u00e9sence des artistes \u00e0 la galerie<\/strong>: seront communiqu\u00e9es prochainement<\/p>\n<\/div>\n<\/div>\n<\/div>\n<div>\n<div class=\"paragraph paragraph--type--cartographie\">\n<h2>Galerie des Bigotes<\/h2>\n<\/p><\/div>\n<\/div>\n<div>Galerie des Bigotes <\/div>\n<div>\n<div>Date de d\u00e9publication<\/div>\n<div>sam 13\/05\/2023 \u2013 23:59<\/div>\n<\/div>\n<p>Bibliographie :<\/p>\n<p>St\u00e9r\u00e9oscopie et illusion ; arch\u00e9ologie et pratiques contemporaines : photographie, cin\u00e9ma, arts num\u00e9riques.,<a target=\"_blank\" rel=\"nofollow\" href=\"https:\/\/www.viaromana.org\/blog\/goto\/https:\/\/www.epagine.fr\/ebook\/9782757421062-stereoscopie-et-illusion-archeologie-et-pratiques-contemporaines-photographie-cinema-arts-numeriques-miguel-almiron-esther-jacopin-giusy-pisano\/\"  target=\"_blank\" rel=\"noopener noreferrer nofollow\">(Disponible) <\/a><span><\/span>.<\/p>\n<p>Papaut\u00e9, monachisme et th\u00e9ories politiques. Volume I.,<a target=\"_blank\" rel=\"nofollow\" href=\"https:\/\/www.viaromana.org\/blog\/goto\/https:\/\/www.kobo.com\/de\/fr\/ebook\/papaute-monachisme-et-theories-politiques-volume-i\"  target=\"_blank\" rel=\"noopener noreferrer nofollow\">(Disponible) <\/a><span><\/span>. Disponible chez votre libraire.<\/p>\n<p>Sanctuaire Genesis \u2013 Deuxi\u00e8me partie.,<a target=\"_blank\" rel=\"nofollow\" href=\"https:\/\/www.viaromana.org\/blog\/goto\/https:\/\/booknode.com\/sanctuaire_genesis_deuxieme_partie_01780625\"  target=\"_blank\" rel=\"noopener noreferrer nofollow\">A voir et \u00e0 lire. <\/a><span><\/span>. Disponible sur internet.<\/p>\n<p>Nouvel atlas de la Bible.,<a target=\"_blank\" rel=\"nofollow\" href=\"https:\/\/www.viaromana.org\/blog\/goto\/https:\/\/booknode.com\/nouvel_atlas_de_la_bible_01597024\"  target=\"_blank\" rel=\"noopener noreferrer nofollow\">Clicker Ici <\/a><span><\/span>. Disponible dans toutes les bonnes biblioth\u00e8ques de votre d\u00e9partement.<\/p>\n","protected":false},"excerpt":{"rendered":"<p>En consultant internet nos r\u00e9dacteurs ont rep\u00e9r\u00e9 un texte qui va vous s\u00e9duire. Son sujet est \u00ab&nbsp;l\u2019arch\u00e9ologie&nbsp;\u00bb. Le titre suggestif (Cosmogonie Celtique) est parlant. Pr\u00e9sent\u00e9 sous le nom \u00abadmin_vannes\u00bb, l\u2019\u00e9ditorialiste est connu et fiable. Cet encart peut donc \u00eatre pris au s\u00e9rieux. L\u2019\u00e9ditorial a \u00e9t\u00e9 \u00e9dit\u00e9 \u00e0 une date mentionn\u00e9e 2023-04-13 09:45:47. Voici ll\u2019article : Cosmogonie Celtique admin_vannesjeu 13\/04\/2023 \u2013 09:45 Par Philippe Canal et Jean-Paul Savignac Exposition du 15 avril au 13 mai 2023.Tous les jours du mardi au samedi de 14h \u00e0 18h. Entr\u00e9e libre. Expositions 2023-04-14 2023-05-13 L\u2019\u0153uvre du peintre Philippe Canal et du po\u00e8te Jean-Paul Savignac\u2026<\/p>\n","protected":false},"author":1,"featured_media":0,"comment_status":"closed","ping_status":"closed","sticky":false,"template":"","format":"standard","meta":{"footnotes":""},"categories":[2],"tags":[],"blocksy_meta":{"styles_descriptor":{"styles":{"desktop":"","tablet":"","mobile":""},"google_fonts":[],"version":4}},"yoast_head":"<!-- This site is optimized with the Yoast SEO plugin v21.1 - https:\/\/yoast.com\/wordpress\/plugins\/seo\/ -->\n<title>Retour sur l\u2019\u00e9dito : Cosmogonie Celtique - Viaromana et arch\u00e9ologie.<\/title>\n<meta name=\"description\" content=\"Retour sur l\u2019\u00e9dito : Cosmogonie Celtique article de Viaromana et arch\u00e9ologie.\" \/>\n<meta name=\"robots\" content=\"index, follow, max-snippet:-1, max-image-preview:large, max-video-preview:-1\" \/>\n<link rel=\"canonical\" href=\"https:\/\/www.viaromana.org\/blog\/retour-sur-ledito-cosmogonie-celtique\/\" \/>\n<meta property=\"og:locale\" content=\"fr_FR\" \/>\n<meta property=\"og:type\" content=\"article\" \/>\n<meta property=\"og:title\" content=\"Retour sur l\u2019\u00e9dito : Cosmogonie Celtique - Viaromana et arch\u00e9ologie.\" \/>\n<meta property=\"og:description\" content=\"Retour sur l\u2019\u00e9dito : Cosmogonie Celtique article de Viaromana et arch\u00e9ologie.\" \/>\n<meta property=\"og:url\" content=\"https:\/\/www.viaromana.org\/blog\/retour-sur-ledito-cosmogonie-celtique\/\" \/>\n<meta property=\"og:site_name\" content=\"Viaromana et arch\u00e9ologie.\" \/>\n<meta property=\"article:published_time\" content=\"2023-04-13T07:45:47+00:00\" \/>\n<meta property=\"og:image\" content=\"https:\/\/www.viaromana.org\/blog\/wp-content\/uploads\/2023\/04\/retour-sur-ledito-cosmogonie-celtique.jpg\" \/>\n<meta name=\"author\" content=\"Robert\" \/>\n<meta name=\"twitter:card\" content=\"summary_large_image\" \/>\n<meta name=\"twitter:label1\" content=\"\u00c9crit par\" \/>\n\t<meta name=\"twitter:data1\" content=\"Robert\" \/>\n\t<meta name=\"twitter:label2\" content=\"Dur\u00e9e de lecture estim\u00e9e\" \/>\n\t<meta name=\"twitter:data2\" content=\"1 minute\" \/>\n<script type=\"application\/ld+json\" class=\"yoast-schema-graph\">{\"@context\":\"https:\/\/schema.org\",\"@graph\":[{\"@type\":\"Article\",\"@id\":\"https:\/\/www.viaromana.org\/blog\/retour-sur-ledito-cosmogonie-celtique\/#article\",\"isPartOf\":{\"@id\":\"https:\/\/www.viaromana.org\/blog\/retour-sur-ledito-cosmogonie-celtique\/\"},\"author\":{\"name\":\"Robert\",\"@id\":\"https:\/\/www.viaromana.org\/blog\/#\/schema\/person\/cde9c4655845091e1fe473fcd163c889\"},\"headline\":\"Retour sur l\u2019\u00e9dito : Cosmogonie Celtique\",\"datePublished\":\"2023-04-13T07:45:47+00:00\",\"dateModified\":\"2023-04-13T07:45:47+00:00\",\"mainEntityOfPage\":{\"@id\":\"https:\/\/www.viaromana.org\/blog\/retour-sur-ledito-cosmogonie-celtique\/\"},\"wordCount\":304,\"publisher\":{\"@id\":\"https:\/\/www.viaromana.org\/blog\/#organization\"},\"articleSection\":[\"Arch\u00e9ologie\"],\"inLanguage\":\"fr-FR\"},{\"@type\":\"WebPage\",\"@id\":\"https:\/\/www.viaromana.org\/blog\/retour-sur-ledito-cosmogonie-celtique\/\",\"url\":\"https:\/\/www.viaromana.org\/blog\/retour-sur-ledito-cosmogonie-celtique\/\",\"name\":\"Retour sur l\u2019\u00e9dito : Cosmogonie Celtique - Viaromana et arch\u00e9ologie.\",\"isPartOf\":{\"@id\":\"https:\/\/www.viaromana.org\/blog\/#website\"},\"datePublished\":\"2023-04-13T07:45:47+00:00\",\"dateModified\":\"2023-04-13T07:45:47+00:00\",\"description\":\"Retour sur l\u2019\u00e9dito : Cosmogonie Celtique article de Viaromana et arch\u00e9ologie.\",\"breadcrumb\":{\"@id\":\"https:\/\/www.viaromana.org\/blog\/retour-sur-ledito-cosmogonie-celtique\/#breadcrumb\"},\"inLanguage\":\"fr-FR\",\"potentialAction\":[{\"@type\":\"ReadAction\",\"target\":[\"https:\/\/www.viaromana.org\/blog\/retour-sur-ledito-cosmogonie-celtique\/\"]}]},{\"@type\":\"BreadcrumbList\",\"@id\":\"https:\/\/www.viaromana.org\/blog\/retour-sur-ledito-cosmogonie-celtique\/#breadcrumb\",\"itemListElement\":[{\"@type\":\"ListItem\",\"position\":1,\"name\":\"Accueil\",\"item\":\"https:\/\/www.viaromana.org\/blog\/\"},{\"@type\":\"ListItem\",\"position\":2,\"name\":\"Retour sur l\u2019\u00e9dito : Cosmogonie Celtique\"}]},{\"@type\":\"WebSite\",\"@id\":\"https:\/\/www.viaromana.org\/blog\/#website\",\"url\":\"https:\/\/www.viaromana.org\/blog\/\",\"name\":\"Viaromana et arch\u00e9ologie.\",\"description\":\"Site arch\u00e9ologique de la voie romaine (viaromana) Belgique-France-Rome\",\"publisher\":{\"@id\":\"https:\/\/www.viaromana.org\/blog\/#organization\"},\"potentialAction\":[{\"@type\":\"SearchAction\",\"target\":{\"@type\":\"EntryPoint\",\"urlTemplate\":\"https:\/\/www.viaromana.org\/blog\/?s={search_term_string}\"},\"query-input\":\"required name=search_term_string\"}],\"inLanguage\":\"fr-FR\"},{\"@type\":\"Organization\",\"@id\":\"https:\/\/www.viaromana.org\/blog\/#organization\",\"name\":\"viaromana\",\"url\":\"https:\/\/www.viaromana.org\/blog\/\",\"logo\":{\"@type\":\"ImageObject\",\"inLanguage\":\"fr-FR\",\"@id\":\"https:\/\/www.viaromana.org\/blog\/#\/schema\/logo\/image\/\",\"url\":\"https:\/\/www.viaromana.org\/blog\/wp-content\/uploads\/2021\/12\/logo-3.png\",\"contentUrl\":\"https:\/\/www.viaromana.org\/blog\/wp-content\/uploads\/2021\/12\/logo-3.png\",\"width\":300,\"height\":249,\"caption\":\"viaromana\"},\"image\":{\"@id\":\"https:\/\/www.viaromana.org\/blog\/#\/schema\/logo\/image\/\"}},{\"@type\":\"Person\",\"@id\":\"https:\/\/www.viaromana.org\/blog\/#\/schema\/person\/cde9c4655845091e1fe473fcd163c889\",\"name\":\"Robert\",\"image\":{\"@type\":\"ImageObject\",\"inLanguage\":\"fr-FR\",\"@id\":\"https:\/\/www.viaromana.org\/blog\/#\/schema\/person\/image\/\",\"url\":\"https:\/\/secure.gravatar.com\/avatar\/a168ec191013b636c2f278aec04e724b?s=96&d=mm&r=g\",\"contentUrl\":\"https:\/\/secure.gravatar.com\/avatar\/a168ec191013b636c2f278aec04e724b?s=96&d=mm&r=g\",\"caption\":\"Robert\"},\"sameAs\":[\"https:\/\/www.viaromana.org\/blog\"],\"url\":\"https:\/\/www.viaromana.org\/blog\/author\/anaadmin\/\"}]}<\/script>\n<!-- \/ Yoast SEO plugin. -->","yoast_head_json":{"title":"Retour sur l\u2019\u00e9dito : Cosmogonie Celtique - Viaromana et arch\u00e9ologie.","description":"Retour sur l\u2019\u00e9dito : Cosmogonie Celtique article de Viaromana et arch\u00e9ologie.","robots":{"index":"index","follow":"follow","max-snippet":"max-snippet:-1","max-image-preview":"max-image-preview:large","max-video-preview":"max-video-preview:-1"},"canonical":"https:\/\/www.viaromana.org\/blog\/retour-sur-ledito-cosmogonie-celtique\/","og_locale":"fr_FR","og_type":"article","og_title":"Retour sur l\u2019\u00e9dito : Cosmogonie Celtique - Viaromana et arch\u00e9ologie.","og_description":"Retour sur l\u2019\u00e9dito : Cosmogonie Celtique article de Viaromana et arch\u00e9ologie.","og_url":"https:\/\/www.viaromana.org\/blog\/retour-sur-ledito-cosmogonie-celtique\/","og_site_name":"Viaromana et arch\u00e9ologie.","article_published_time":"2023-04-13T07:45:47+00:00","og_image":[{"url":"https:\/\/www.viaromana.org\/blog\/wp-content\/uploads\/2023\/04\/retour-sur-ledito-cosmogonie-celtique.jpg"}],"author":"Robert","twitter_card":"summary_large_image","twitter_misc":{"\u00c9crit par":"Robert","Dur\u00e9e de lecture estim\u00e9e":"1 minute"},"schema":{"@context":"https:\/\/schema.org","@graph":[{"@type":"Article","@id":"https:\/\/www.viaromana.org\/blog\/retour-sur-ledito-cosmogonie-celtique\/#article","isPartOf":{"@id":"https:\/\/www.viaromana.org\/blog\/retour-sur-ledito-cosmogonie-celtique\/"},"author":{"name":"Robert","@id":"https:\/\/www.viaromana.org\/blog\/#\/schema\/person\/cde9c4655845091e1fe473fcd163c889"},"headline":"Retour sur l\u2019\u00e9dito : Cosmogonie Celtique","datePublished":"2023-04-13T07:45:47+00:00","dateModified":"2023-04-13T07:45:47+00:00","mainEntityOfPage":{"@id":"https:\/\/www.viaromana.org\/blog\/retour-sur-ledito-cosmogonie-celtique\/"},"wordCount":304,"publisher":{"@id":"https:\/\/www.viaromana.org\/blog\/#organization"},"articleSection":["Arch\u00e9ologie"],"inLanguage":"fr-FR"},{"@type":"WebPage","@id":"https:\/\/www.viaromana.org\/blog\/retour-sur-ledito-cosmogonie-celtique\/","url":"https:\/\/www.viaromana.org\/blog\/retour-sur-ledito-cosmogonie-celtique\/","name":"Retour sur l\u2019\u00e9dito : Cosmogonie Celtique - Viaromana et arch\u00e9ologie.","isPartOf":{"@id":"https:\/\/www.viaromana.org\/blog\/#website"},"datePublished":"2023-04-13T07:45:47+00:00","dateModified":"2023-04-13T07:45:47+00:00","description":"Retour sur l\u2019\u00e9dito : Cosmogonie Celtique article de Viaromana et arch\u00e9ologie.","breadcrumb":{"@id":"https:\/\/www.viaromana.org\/blog\/retour-sur-ledito-cosmogonie-celtique\/#breadcrumb"},"inLanguage":"fr-FR","potentialAction":[{"@type":"ReadAction","target":["https:\/\/www.viaromana.org\/blog\/retour-sur-ledito-cosmogonie-celtique\/"]}]},{"@type":"BreadcrumbList","@id":"https:\/\/www.viaromana.org\/blog\/retour-sur-ledito-cosmogonie-celtique\/#breadcrumb","itemListElement":[{"@type":"ListItem","position":1,"name":"Accueil","item":"https:\/\/www.viaromana.org\/blog\/"},{"@type":"ListItem","position":2,"name":"Retour sur l\u2019\u00e9dito : Cosmogonie Celtique"}]},{"@type":"WebSite","@id":"https:\/\/www.viaromana.org\/blog\/#website","url":"https:\/\/www.viaromana.org\/blog\/","name":"Viaromana et arch\u00e9ologie.","description":"Site arch\u00e9ologique de la voie romaine (viaromana) Belgique-France-Rome","publisher":{"@id":"https:\/\/www.viaromana.org\/blog\/#organization"},"potentialAction":[{"@type":"SearchAction","target":{"@type":"EntryPoint","urlTemplate":"https:\/\/www.viaromana.org\/blog\/?s={search_term_string}"},"query-input":"required name=search_term_string"}],"inLanguage":"fr-FR"},{"@type":"Organization","@id":"https:\/\/www.viaromana.org\/blog\/#organization","name":"viaromana","url":"https:\/\/www.viaromana.org\/blog\/","logo":{"@type":"ImageObject","inLanguage":"fr-FR","@id":"https:\/\/www.viaromana.org\/blog\/#\/schema\/logo\/image\/","url":"https:\/\/www.viaromana.org\/blog\/wp-content\/uploads\/2021\/12\/logo-3.png","contentUrl":"https:\/\/www.viaromana.org\/blog\/wp-content\/uploads\/2021\/12\/logo-3.png","width":300,"height":249,"caption":"viaromana"},"image":{"@id":"https:\/\/www.viaromana.org\/blog\/#\/schema\/logo\/image\/"}},{"@type":"Person","@id":"https:\/\/www.viaromana.org\/blog\/#\/schema\/person\/cde9c4655845091e1fe473fcd163c889","name":"Robert","image":{"@type":"ImageObject","inLanguage":"fr-FR","@id":"https:\/\/www.viaromana.org\/blog\/#\/schema\/person\/image\/","url":"https:\/\/secure.gravatar.com\/avatar\/a168ec191013b636c2f278aec04e724b?s=96&d=mm&r=g","contentUrl":"https:\/\/secure.gravatar.com\/avatar\/a168ec191013b636c2f278aec04e724b?s=96&d=mm&r=g","caption":"Robert"},"sameAs":["https:\/\/www.viaromana.org\/blog"],"url":"https:\/\/www.viaromana.org\/blog\/author\/anaadmin\/"}]}},"_links":{"self":[{"href":"https:\/\/www.viaromana.org\/blog\/wp-json\/wp\/v2\/posts\/1641"}],"collection":[{"href":"https:\/\/www.viaromana.org\/blog\/wp-json\/wp\/v2\/posts"}],"about":[{"href":"https:\/\/www.viaromana.org\/blog\/wp-json\/wp\/v2\/types\/post"}],"author":[{"embeddable":true,"href":"https:\/\/www.viaromana.org\/blog\/wp-json\/wp\/v2\/users\/1"}],"replies":[{"embeddable":true,"href":"https:\/\/www.viaromana.org\/blog\/wp-json\/wp\/v2\/comments?post=1641"}],"version-history":[{"count":0,"href":"https:\/\/www.viaromana.org\/blog\/wp-json\/wp\/v2\/posts\/1641\/revisions"}],"wp:attachment":[{"href":"https:\/\/www.viaromana.org\/blog\/wp-json\/wp\/v2\/media?parent=1641"}],"wp:term":[{"taxonomy":"category","embeddable":true,"href":"https:\/\/www.viaromana.org\/blog\/wp-json\/wp\/v2\/categories?post=1641"},{"taxonomy":"post_tag","embeddable":true,"href":"https:\/\/www.viaromana.org\/blog\/wp-json\/wp\/v2\/tags?post=1641"}],"curies":[{"name":"wp","href":"https:\/\/api.w.org\/{rel}","templated":true}]}}