{"id":1630,"date":"2023-04-04T13:36:10","date_gmt":"2023-04-04T11:36:10","guid":{"rendered":"https:\/\/www.site.cdcl.xyz\/2023\/04\/04\/ne-manquez-pas-cet-editorial-nouvelle-campagne-daffichage-ville-de-vannes\/"},"modified":"2023-04-04T13:36:10","modified_gmt":"2023-04-04T11:36:10","slug":"ne-manquez-pas-cet-editorial-nouvelle-campagne-daffichage-ville-de-vannes","status":"publish","type":"post","link":"https:\/\/www.viaromana.org\/blog\/ne-manquez-pas-cet-editorial-nouvelle-campagne-daffichage-ville-de-vannes\/","title":{"rendered":"Ne manquez pas cet \u00e9ditorial : Nouvelle campagne d\u2019affichage | Ville de Vannes"},"content":{"rendered":"<p>Voici un papier que notre staff est heureuse de communiquer ici sur notre site. Le propos est \u00ab&nbsp;l\u2019arch\u00e9ologie&nbsp;\u00bb.<br \/>Son titre suggestif (Nouvelle campagne d\u2019affichage | Ville de Vannes) est parlant.<\/p>\n<p>Sachez que l\u2019auteur (pr\u00e9sent\u00e9 sous le nom admin_vannes) est reconnu comme quelqu\u2019un de s\u00e9rieux.<\/p>\n<p>La confiance est de ce fait s\u00e9rieuse concernant cet encart.<\/p>\n<div>\n<div>\n<p>\u00c0 l\u2019occasion de sa nouvelle campagne propret\u00e9 \u2013 en versions fran\u00e7aise et bretonne \u2013 d\u00e9di\u00e9e aux m\u00e9gots, parfois \u00e9pars dans nos rues et \u00e0 proximit\u00e9 du port, donc pouvant rejoindre l\u2019oc\u00e9an, elle a repens\u00e9 le positionnement de ses cendriers-sondages, en les d\u00e9pla\u00e7ant notamment au stade de la Rabine. Pourquoi ? Pour \u00e9viter qu\u2019\u00e0 la mi-temps des matchs ou \u00e0 la fin des rencontres, des m\u00e9gots ne soient parfois jet\u00e9s par terre malgr\u00e9 les cendriers mis \u00e0 disposition. L\u2019id\u00e9e ? Que le fumeur ne jette plus son m\u00e9got mais vote en s\u2019amusant tout en prenant conscience que le changement commence aussi par ce simple geste. Dans un esprit supporter, elle cr\u00e9\u00e9 pour chaque rencontre disput\u00e9e au stade, des panneaux sis au-dessus des cendriers en soutien \u00e0 son \u00e9quipe VS l\u2019adversaire du jour : votez bien.<\/p>\n<\/div>\n<\/div>\n<div>\n<div>\n<p>44 cendriers (sis \u00e0 proximit\u00e9 des corbeilles) sont \u00e9galement disponibles dans la ville intramuros pour r\u00e9cup\u00e9rer les m\u00e9gots qui sont ensuite plac\u00e9s dans un fut de collecte. L\u2019objectif ? Les recycler. En 2022, ce sont 354 840 m\u00e9gots de cigarettes qui ont \u00e9t\u00e9 collect\u00e9s. Cette d\u00e9marche de valorisation de ces milliers de m\u00e9gots est possible car la ville s\u2019appuie sur&nbsp;M\u00e9GO!&nbsp;, qui en assure le traitement et les r\u00e9introduit dans un nouveau circuit de production.<\/p>\n<\/div>\n<\/div>\n<div>\n<div>\n<p>Situ\u00e9 dans le Finist\u00e8re \u2013 les Bretons ont du talent ! \u2013, M\u00e9go ! a d\u00e9velopp\u00e9 une solution de recyclage unique en Europe qui permet le recyclage des m\u00e9gots de cigarettes, permettant ainsi afin de faire de nos villes et de nos milieux naturels des lieux z\u00e9ro m\u00e9got tout en acc\u00e9l\u00e9rant la transition vers une \u00e9conomie circulaire avec le r\u00e9emploi de la mati\u00e8re plastique du m\u00e9got en mobilier urbain.<br \/>La mer commence ici, ne \u00ab m\u00e9got-tons \u00bb pas avec la propret\u00e9.<\/p>\n<\/div>\n<\/div>\n<p>Ce propos correspond \u00e0 vos investigations vous appr\u00e9cierez tout autant ces publications :<\/p>\n<p>Tresors de l\u2019archeologie \u2013 petites et grandes decouvertes pour eclairer le present.,<a target=\"_blank\" rel=\"nofollow\" href=\"https:\/\/www.viaromana.org\/blog\/goto\/https:\/\/www.epagine.fr\/ebook\/9782080266040-tresors-de-l-archeologie-petites-et-grandes-decouvertes-pour-eclairer-le-present-jean-paul-demoule\/\"  target=\"_blank\" rel=\"noopener noreferrer nofollow\">A voir et \u00e0 lire. <\/a><span><\/span>.<\/p>\n<p>Notre-Dame de Paris. Histoire et arch\u00e9ologie d\u2019une cath\u00e9drale (XIIe-XIVe si\u00e8cle).,<a target=\"_blank\" rel=\"nofollow\" href=\"https:\/\/www.viaromana.org\/blog\/goto\/https:\/\/www.kobo.com\/de\/fr\/ebook\/notre-dame-de-paris-histoire-et-archeologie-d-une-cathedrale-xiie-xive-siecle\"  target=\"_blank\" rel=\"noopener noreferrer nofollow\">A voir et \u00e0 lire. <\/a><span><\/span>. Disponible sur internet.<\/p>\n<p>Tr\u00e9sors ; les petites et grandes d\u00e9couvertes qui font l\u2019arch\u00e9ologie.,<a target=\"_blank\" rel=\"nofollow\" href=\"https:\/\/www.viaromana.org\/blog\/goto\/https:\/\/www.epagine.fr\/ebook\/9782081491052-tresors-les-petites-et-grandes-decouvertes-qui-font-l-archeologie-jean-paul-demoule\/\"  target=\"_blank\" rel=\"noopener noreferrer nofollow\">Le livre <\/a><span><\/span>. Disponible dans toutes les bonnes librairies.<\/p>\n<p>Manuel d\u2019arch\u00e9ologie m\u00e9di\u00e9vale et moderne.,<a target=\"_blank\" rel=\"nofollow\" href=\"https:\/\/www.viaromana.org\/blog\/goto\/https:\/\/www.epagine.fr\/ebook\/9782200628888-manuel-d-archeologie-medievale-et-moderne-2e-edition-joelle-burnouf-danielle-arribet-deroin-bruno-desachy-florence-journot-anne-nissen-jaubert\/\"  target=\"_blank\" rel=\"noopener noreferrer nofollow\">Le livre <\/a><span><\/span>. Disponible dans toutes les bonnes librairies.<\/p>\n","protected":false},"excerpt":{"rendered":"<p>Voici un papier que notre staff est heureuse de communiquer ici sur notre site. Le propos est \u00ab&nbsp;l\u2019arch\u00e9ologie&nbsp;\u00bb.Son titre suggestif (Nouvelle campagne d\u2019affichage | Ville de Vannes) est parlant. Sachez que l\u2019auteur (pr\u00e9sent\u00e9 sous le nom admin_vannes) est reconnu comme quelqu\u2019un de s\u00e9rieux. La confiance est de ce fait s\u00e9rieuse concernant cet encart. \u00c0 l\u2019occasion de sa nouvelle campagne propret\u00e9 \u2013 en versions fran\u00e7aise et bretonne \u2013 d\u00e9di\u00e9e aux m\u00e9gots, parfois \u00e9pars dans nos rues et \u00e0 proximit\u00e9 du port, donc pouvant rejoindre l\u2019oc\u00e9an, elle a repens\u00e9 le positionnement de ses cendriers-sondages, en les d\u00e9pla\u00e7ant notamment au stade de la\u2026<\/p>\n","protected":false},"author":1,"featured_media":0,"comment_status":"closed","ping_status":"closed","sticky":false,"template":"","format":"standard","meta":{"footnotes":""},"categories":[2],"tags":[],"blocksy_meta":{"styles_descriptor":{"styles":{"desktop":"","tablet":"","mobile":""},"google_fonts":[],"version":4}},"yoast_head":"<!-- This site is optimized with the Yoast SEO plugin v21.1 - https:\/\/yoast.com\/wordpress\/plugins\/seo\/ -->\n<title>Ne manquez pas cet \u00e9ditorial : Nouvelle campagne d\u2019affichage | Ville de Vannes - Viaromana et arch\u00e9ologie.<\/title>\n<meta name=\"description\" content=\"Ne manquez pas cet \u00e9ditorial : Nouvelle campagne d\u2019affichage | Ville de Vannes article de Viaromana et arch\u00e9ologie.\" \/>\n<meta name=\"robots\" content=\"index, follow, max-snippet:-1, max-image-preview:large, max-video-preview:-1\" \/>\n<link rel=\"canonical\" href=\"https:\/\/www.viaromana.org\/blog\/ne-manquez-pas-cet-editorial-nouvelle-campagne-daffichage-ville-de-vannes\/\" \/>\n<meta property=\"og:locale\" content=\"fr_FR\" \/>\n<meta property=\"og:type\" content=\"article\" \/>\n<meta property=\"og:title\" content=\"Ne manquez pas cet \u00e9ditorial : Nouvelle campagne d\u2019affichage | Ville de Vannes - Viaromana et arch\u00e9ologie.\" \/>\n<meta property=\"og:description\" content=\"Ne manquez pas cet \u00e9ditorial : Nouvelle campagne d\u2019affichage | Ville de Vannes article de Viaromana et arch\u00e9ologie.\" \/>\n<meta property=\"og:url\" content=\"https:\/\/www.viaromana.org\/blog\/ne-manquez-pas-cet-editorial-nouvelle-campagne-daffichage-ville-de-vannes\/\" \/>\n<meta property=\"og:site_name\" content=\"Viaromana et arch\u00e9ologie.\" \/>\n<meta property=\"article:published_time\" content=\"2023-04-04T11:36:10+00:00\" \/>\n<meta name=\"author\" content=\"Robert\" \/>\n<meta name=\"twitter:card\" content=\"summary_large_image\" \/>\n<meta name=\"twitter:label1\" content=\"\u00c9crit par\" \/>\n\t<meta name=\"twitter:data1\" content=\"Robert\" \/>\n\t<meta name=\"twitter:label2\" content=\"Dur\u00e9e de lecture estim\u00e9e\" \/>\n\t<meta name=\"twitter:data2\" content=\"2 minutes\" \/>\n<script type=\"application\/ld+json\" class=\"yoast-schema-graph\">{\"@context\":\"https:\/\/schema.org\",\"@graph\":[{\"@type\":\"Article\",\"@id\":\"https:\/\/www.viaromana.org\/blog\/ne-manquez-pas-cet-editorial-nouvelle-campagne-daffichage-ville-de-vannes\/#article\",\"isPartOf\":{\"@id\":\"https:\/\/www.viaromana.org\/blog\/ne-manquez-pas-cet-editorial-nouvelle-campagne-daffichage-ville-de-vannes\/\"},\"author\":{\"name\":\"Robert\",\"@id\":\"https:\/\/www.viaromana.org\/blog\/#\/schema\/person\/cde9c4655845091e1fe473fcd163c889\"},\"headline\":\"Ne manquez pas cet \u00e9ditorial : Nouvelle campagne d\u2019affichage | Ville de Vannes\",\"datePublished\":\"2023-04-04T11:36:10+00:00\",\"dateModified\":\"2023-04-04T11:36:10+00:00\",\"mainEntityOfPage\":{\"@id\":\"https:\/\/www.viaromana.org\/blog\/ne-manquez-pas-cet-editorial-nouvelle-campagne-daffichage-ville-de-vannes\/\"},\"wordCount\":474,\"publisher\":{\"@id\":\"https:\/\/www.viaromana.org\/blog\/#organization\"},\"articleSection\":[\"Arch\u00e9ologie\"],\"inLanguage\":\"fr-FR\"},{\"@type\":\"WebPage\",\"@id\":\"https:\/\/www.viaromana.org\/blog\/ne-manquez-pas-cet-editorial-nouvelle-campagne-daffichage-ville-de-vannes\/\",\"url\":\"https:\/\/www.viaromana.org\/blog\/ne-manquez-pas-cet-editorial-nouvelle-campagne-daffichage-ville-de-vannes\/\",\"name\":\"Ne manquez pas cet \u00e9ditorial : Nouvelle campagne d\u2019affichage | Ville de Vannes - Viaromana et arch\u00e9ologie.\",\"isPartOf\":{\"@id\":\"https:\/\/www.viaromana.org\/blog\/#website\"},\"datePublished\":\"2023-04-04T11:36:10+00:00\",\"dateModified\":\"2023-04-04T11:36:10+00:00\",\"description\":\"Ne manquez pas cet \u00e9ditorial : Nouvelle campagne d\u2019affichage | Ville de Vannes article de Viaromana et arch\u00e9ologie.\",\"breadcrumb\":{\"@id\":\"https:\/\/www.viaromana.org\/blog\/ne-manquez-pas-cet-editorial-nouvelle-campagne-daffichage-ville-de-vannes\/#breadcrumb\"},\"inLanguage\":\"fr-FR\",\"potentialAction\":[{\"@type\":\"ReadAction\",\"target\":[\"https:\/\/www.viaromana.org\/blog\/ne-manquez-pas-cet-editorial-nouvelle-campagne-daffichage-ville-de-vannes\/\"]}]},{\"@type\":\"BreadcrumbList\",\"@id\":\"https:\/\/www.viaromana.org\/blog\/ne-manquez-pas-cet-editorial-nouvelle-campagne-daffichage-ville-de-vannes\/#breadcrumb\",\"itemListElement\":[{\"@type\":\"ListItem\",\"position\":1,\"name\":\"Accueil\",\"item\":\"https:\/\/www.viaromana.org\/blog\/\"},{\"@type\":\"ListItem\",\"position\":2,\"name\":\"Ne manquez pas cet \u00e9ditorial : Nouvelle campagne d\u2019affichage | Ville de Vannes\"}]},{\"@type\":\"WebSite\",\"@id\":\"https:\/\/www.viaromana.org\/blog\/#website\",\"url\":\"https:\/\/www.viaromana.org\/blog\/\",\"name\":\"Viaromana et arch\u00e9ologie.\",\"description\":\"Site arch\u00e9ologique de la voie romaine (viaromana) Belgique-France-Rome\",\"publisher\":{\"@id\":\"https:\/\/www.viaromana.org\/blog\/#organization\"},\"potentialAction\":[{\"@type\":\"SearchAction\",\"target\":{\"@type\":\"EntryPoint\",\"urlTemplate\":\"https:\/\/www.viaromana.org\/blog\/?s={search_term_string}\"},\"query-input\":\"required name=search_term_string\"}],\"inLanguage\":\"fr-FR\"},{\"@type\":\"Organization\",\"@id\":\"https:\/\/www.viaromana.org\/blog\/#organization\",\"name\":\"viaromana\",\"url\":\"https:\/\/www.viaromana.org\/blog\/\",\"logo\":{\"@type\":\"ImageObject\",\"inLanguage\":\"fr-FR\",\"@id\":\"https:\/\/www.viaromana.org\/blog\/#\/schema\/logo\/image\/\",\"url\":\"https:\/\/www.viaromana.org\/blog\/wp-content\/uploads\/2021\/12\/logo-3.png\",\"contentUrl\":\"https:\/\/www.viaromana.org\/blog\/wp-content\/uploads\/2021\/12\/logo-3.png\",\"width\":300,\"height\":249,\"caption\":\"viaromana\"},\"image\":{\"@id\":\"https:\/\/www.viaromana.org\/blog\/#\/schema\/logo\/image\/\"}},{\"@type\":\"Person\",\"@id\":\"https:\/\/www.viaromana.org\/blog\/#\/schema\/person\/cde9c4655845091e1fe473fcd163c889\",\"name\":\"Robert\",\"image\":{\"@type\":\"ImageObject\",\"inLanguage\":\"fr-FR\",\"@id\":\"https:\/\/www.viaromana.org\/blog\/#\/schema\/person\/image\/\",\"url\":\"https:\/\/secure.gravatar.com\/avatar\/a168ec191013b636c2f278aec04e724b?s=96&d=mm&r=g\",\"contentUrl\":\"https:\/\/secure.gravatar.com\/avatar\/a168ec191013b636c2f278aec04e724b?s=96&d=mm&r=g\",\"caption\":\"Robert\"},\"sameAs\":[\"https:\/\/www.viaromana.org\/blog\"],\"url\":\"https:\/\/www.viaromana.org\/blog\/author\/anaadmin\/\"}]}<\/script>\n<!-- \/ Yoast SEO plugin. -->","yoast_head_json":{"title":"Ne manquez pas cet \u00e9ditorial : Nouvelle campagne d\u2019affichage | Ville de Vannes - Viaromana et arch\u00e9ologie.","description":"Ne manquez pas cet \u00e9ditorial : Nouvelle campagne d\u2019affichage | Ville de Vannes article de Viaromana et arch\u00e9ologie.","robots":{"index":"index","follow":"follow","max-snippet":"max-snippet:-1","max-image-preview":"max-image-preview:large","max-video-preview":"max-video-preview:-1"},"canonical":"https:\/\/www.viaromana.org\/blog\/ne-manquez-pas-cet-editorial-nouvelle-campagne-daffichage-ville-de-vannes\/","og_locale":"fr_FR","og_type":"article","og_title":"Ne manquez pas cet \u00e9ditorial : Nouvelle campagne d\u2019affichage | Ville de Vannes - Viaromana et arch\u00e9ologie.","og_description":"Ne manquez pas cet \u00e9ditorial : Nouvelle campagne d\u2019affichage | Ville de Vannes article de Viaromana et arch\u00e9ologie.","og_url":"https:\/\/www.viaromana.org\/blog\/ne-manquez-pas-cet-editorial-nouvelle-campagne-daffichage-ville-de-vannes\/","og_site_name":"Viaromana et arch\u00e9ologie.","article_published_time":"2023-04-04T11:36:10+00:00","author":"Robert","twitter_card":"summary_large_image","twitter_misc":{"\u00c9crit par":"Robert","Dur\u00e9e de lecture estim\u00e9e":"2 minutes"},"schema":{"@context":"https:\/\/schema.org","@graph":[{"@type":"Article","@id":"https:\/\/www.viaromana.org\/blog\/ne-manquez-pas-cet-editorial-nouvelle-campagne-daffichage-ville-de-vannes\/#article","isPartOf":{"@id":"https:\/\/www.viaromana.org\/blog\/ne-manquez-pas-cet-editorial-nouvelle-campagne-daffichage-ville-de-vannes\/"},"author":{"name":"Robert","@id":"https:\/\/www.viaromana.org\/blog\/#\/schema\/person\/cde9c4655845091e1fe473fcd163c889"},"headline":"Ne manquez pas cet \u00e9ditorial : Nouvelle campagne d\u2019affichage | Ville de Vannes","datePublished":"2023-04-04T11:36:10+00:00","dateModified":"2023-04-04T11:36:10+00:00","mainEntityOfPage":{"@id":"https:\/\/www.viaromana.org\/blog\/ne-manquez-pas-cet-editorial-nouvelle-campagne-daffichage-ville-de-vannes\/"},"wordCount":474,"publisher":{"@id":"https:\/\/www.viaromana.org\/blog\/#organization"},"articleSection":["Arch\u00e9ologie"],"inLanguage":"fr-FR"},{"@type":"WebPage","@id":"https:\/\/www.viaromana.org\/blog\/ne-manquez-pas-cet-editorial-nouvelle-campagne-daffichage-ville-de-vannes\/","url":"https:\/\/www.viaromana.org\/blog\/ne-manquez-pas-cet-editorial-nouvelle-campagne-daffichage-ville-de-vannes\/","name":"Ne manquez pas cet \u00e9ditorial : Nouvelle campagne d\u2019affichage | Ville de Vannes - Viaromana et arch\u00e9ologie.","isPartOf":{"@id":"https:\/\/www.viaromana.org\/blog\/#website"},"datePublished":"2023-04-04T11:36:10+00:00","dateModified":"2023-04-04T11:36:10+00:00","description":"Ne manquez pas cet \u00e9ditorial : Nouvelle campagne d\u2019affichage | Ville de Vannes article de Viaromana et arch\u00e9ologie.","breadcrumb":{"@id":"https:\/\/www.viaromana.org\/blog\/ne-manquez-pas-cet-editorial-nouvelle-campagne-daffichage-ville-de-vannes\/#breadcrumb"},"inLanguage":"fr-FR","potentialAction":[{"@type":"ReadAction","target":["https:\/\/www.viaromana.org\/blog\/ne-manquez-pas-cet-editorial-nouvelle-campagne-daffichage-ville-de-vannes\/"]}]},{"@type":"BreadcrumbList","@id":"https:\/\/www.viaromana.org\/blog\/ne-manquez-pas-cet-editorial-nouvelle-campagne-daffichage-ville-de-vannes\/#breadcrumb","itemListElement":[{"@type":"ListItem","position":1,"name":"Accueil","item":"https:\/\/www.viaromana.org\/blog\/"},{"@type":"ListItem","position":2,"name":"Ne manquez pas cet \u00e9ditorial : Nouvelle campagne d\u2019affichage | Ville de Vannes"}]},{"@type":"WebSite","@id":"https:\/\/www.viaromana.org\/blog\/#website","url":"https:\/\/www.viaromana.org\/blog\/","name":"Viaromana et arch\u00e9ologie.","description":"Site arch\u00e9ologique de la voie romaine (viaromana) Belgique-France-Rome","publisher":{"@id":"https:\/\/www.viaromana.org\/blog\/#organization"},"potentialAction":[{"@type":"SearchAction","target":{"@type":"EntryPoint","urlTemplate":"https:\/\/www.viaromana.org\/blog\/?s={search_term_string}"},"query-input":"required name=search_term_string"}],"inLanguage":"fr-FR"},{"@type":"Organization","@id":"https:\/\/www.viaromana.org\/blog\/#organization","name":"viaromana","url":"https:\/\/www.viaromana.org\/blog\/","logo":{"@type":"ImageObject","inLanguage":"fr-FR","@id":"https:\/\/www.viaromana.org\/blog\/#\/schema\/logo\/image\/","url":"https:\/\/www.viaromana.org\/blog\/wp-content\/uploads\/2021\/12\/logo-3.png","contentUrl":"https:\/\/www.viaromana.org\/blog\/wp-content\/uploads\/2021\/12\/logo-3.png","width":300,"height":249,"caption":"viaromana"},"image":{"@id":"https:\/\/www.viaromana.org\/blog\/#\/schema\/logo\/image\/"}},{"@type":"Person","@id":"https:\/\/www.viaromana.org\/blog\/#\/schema\/person\/cde9c4655845091e1fe473fcd163c889","name":"Robert","image":{"@type":"ImageObject","inLanguage":"fr-FR","@id":"https:\/\/www.viaromana.org\/blog\/#\/schema\/person\/image\/","url":"https:\/\/secure.gravatar.com\/avatar\/a168ec191013b636c2f278aec04e724b?s=96&d=mm&r=g","contentUrl":"https:\/\/secure.gravatar.com\/avatar\/a168ec191013b636c2f278aec04e724b?s=96&d=mm&r=g","caption":"Robert"},"sameAs":["https:\/\/www.viaromana.org\/blog"],"url":"https:\/\/www.viaromana.org\/blog\/author\/anaadmin\/"}]}},"_links":{"self":[{"href":"https:\/\/www.viaromana.org\/blog\/wp-json\/wp\/v2\/posts\/1630"}],"collection":[{"href":"https:\/\/www.viaromana.org\/blog\/wp-json\/wp\/v2\/posts"}],"about":[{"href":"https:\/\/www.viaromana.org\/blog\/wp-json\/wp\/v2\/types\/post"}],"author":[{"embeddable":true,"href":"https:\/\/www.viaromana.org\/blog\/wp-json\/wp\/v2\/users\/1"}],"replies":[{"embeddable":true,"href":"https:\/\/www.viaromana.org\/blog\/wp-json\/wp\/v2\/comments?post=1630"}],"version-history":[{"count":0,"href":"https:\/\/www.viaromana.org\/blog\/wp-json\/wp\/v2\/posts\/1630\/revisions"}],"wp:attachment":[{"href":"https:\/\/www.viaromana.org\/blog\/wp-json\/wp\/v2\/media?parent=1630"}],"wp:term":[{"taxonomy":"category","embeddable":true,"href":"https:\/\/www.viaromana.org\/blog\/wp-json\/wp\/v2\/categories?post=1630"},{"taxonomy":"post_tag","embeddable":true,"href":"https:\/\/www.viaromana.org\/blog\/wp-json\/wp\/v2\/tags?post=1630"}],"curies":[{"name":"wp","href":"https:\/\/api.w.org\/{rel}","templated":true}]}}