{"id":1626,"date":"2023-04-03T14:34:23","date_gmt":"2023-04-03T12:34:23","guid":{"rendered":"https:\/\/www.site.cdcl.xyz\/2023\/04\/03\/sur-le-web-memoire-vive-doliver-laric-quand-le-contemporain-sinvite-au-musee-de-la-romanite\/"},"modified":"2023-04-03T14:34:23","modified_gmt":"2023-04-03T12:34:23","slug":"sur-le-web-memoire-vive-doliver-laric-quand-le-contemporain-sinvite-au-musee-de-la-romanite","status":"publish","type":"post","link":"https:\/\/www.viaromana.org\/blog\/sur-le-web-memoire-vive-doliver-laric-quand-le-contemporain-sinvite-au-musee-de-la-romanite\/","title":{"rendered":"Sur le web : M\u00e9moire vive d\u2019Oliver Laric, quand le contemporain s\u2019invite au Mus\u00e9e de la Romanit\u00e9."},"content":{"rendered":"<p>Ce papier ayant pour propos \u00ab&nbsp;l\u2019arch\u00e9ologie&nbsp;\u00bb a \u00e9t\u00e9 vu sur internet, nous avons voulu vous le divulguer dans cette publication.<\/p>\n<p>Le titre (M\u00e9moire vive d\u2019Oliver Laric, quand le contemporain s\u2019invite au Mus\u00e9e de la Romanit\u00e9.) est sans ambages.<\/p>\n<p>Sachez que le chroniqueur (identifi\u00e9 sous le nom dev) est reconnu comme quelqu\u2019un de s\u00e9rieux pour plusieurs autres encarts qu\u2019il a publi\u00e9s sur le web.<\/p>\n<p>La cr\u00e9dibilit\u00e9 est ainsi \u00e9lev\u00e9e en ce qui concerne cet \u00e9ditorial.<\/p>\n<p>Voici lle texte : <\/p>\n<div>\n<h3 class=\"p1 content__subtitle\">Oliver Laric, sa d\u00e9marche et l\u2019art post-internet<\/h3>\n<p class=\"p1\">La notion d\u2019hybridit\u00e9 chez Oliver Laric est l\u2019inverse de celle de l\u2019Antiquit\u00e9 o\u00f9 l\u2019homme civilis\u00e9 se d\u00e9finit en opposition \u00e0 l\u2019univers barbare et dangereux des cr\u00e9atures hybrides qui peuplent la mythologie.<br \/>Il ch\u00e9rit tout particuli\u00e8rement le sujet de la relation humain-animal, qui peut prendre diff\u00e9rentes formes et utilise diff\u00e9rentes techniques pour \u00e9laborer ses mod\u00e8les en 3D.<\/p>\n<p class=\"p1\"><strong>L\u2019hybridit\u00e9 au coeur de son travail<\/strong><br \/>Lorsqu\u2019on se balade parmi les oeuvres de l\u2019exposition, on s\u2019aper\u00e7oit que la relation humain-animal et la th\u00e9matique de l\u2019hybridit\u00e9 reviennent souvent.<br \/>On peut observer Cupidon jouant avec un chien et Neptune avec son dauphin ou encore Hermanubis ou la statuette de Pan et Bacchus.<br \/>Oliver Laric cherche \u00e0 d\u00e9montrer que l\u2019existence se d\u00e9cline en possibilit\u00e9s infinies et qu\u2019il n\u2019existe pas seulement deux conditions qui s\u2019opposent&nbsp;: humain ou animal, tout comme on n\u2019est pas homme ou femme avec Hermaphrodite et qu\u2019il y a, au contraire, de nombreuses mani\u00e8res d\u2019\u00eatre humain, animal, homme, femme, qui s\u2019entrecroisent et se m\u00e9langent.<br \/>Travailler avec des personnages hybrides permet donc \u00e0 Oliver Laric d\u2019\u00e9voquer sa vision fluide de l\u2019existence et d\u2019abolir les fronti\u00e8res.<br \/>Le choix de la r\u00e9interpr\u00e9tation de la statue d\u2019Hermanubis est un clin d\u2019oeil au Mus\u00e9e de la Romanit\u00e9 puisqu\u2019elle avait d\u00e9j\u00e0 \u00e9t\u00e9 expos\u00e9e dans le cadre de l\u2019exposition Pomp\u00e9i en 2019.<\/p>\n<p class=\"p1\"><strong>La sculpture selon Oliver Laric<br \/><\/strong>Oliver Laric utilise la technique de la photogramm\u00e9trie. Il s\u2019agit de prendre des photos d\u2019un objet avec un appareil quelconque (t\u00e9l\u00e9phone, appareil photo etc\u2026) sous plusieurs points de vue diff\u00e9rents. Ensuite, il entre les images dans un logiciel et c\u2019est un algorithme qui va reconnaitre tous les pixels homologues dans les images.<br \/>Il associe toutes les images entre elles et il \u00e9labore le mod\u00e8le en 3D.<br \/>Suite \u00e0 cette premi\u00e8re \u00e9tape, il effectue un travail de post-production sur les fichiers imprim\u00e9s. Il va pouvoir modifier les proportions, r\u00e9gler la lumi\u00e8re, cr\u00e9er de nouvelles formes, ajouter des parties \u00e0 la sculpture et ainsi de suite. Enfin, il pourra imprimer la statue avec une imprimante 3D.<br \/>Pour ce faire, il peut utiliser des mati\u00e8res diff\u00e9rentes\u2026 du polyur\u00e9thane, de la r\u00e9sine, de l\u2019aluminium, de la poudre de verre, du nylon etc\u2026<br \/>En revanche, son travail est bien diff\u00e9rent par rapport \u00e0 celui d\u2019un sculpteur dans l\u2019antiquit\u00e9.<br \/>Le sculpteur grec enl\u00e8ve de la mati\u00e8re en sculptant son bloc alors qu\u2019avec une imprimante 3D Oliver rajoute couche par couche de la mati\u00e8re.<br \/>De plus, dans l\u2019antiquit\u00e9, le sculpteur \u00e9tait souvent confront\u00e9 \u00e0 la difficult\u00e9 de sculpter des pierres diff\u00e9rentes avec de multiples qualit\u00e9s de marbre ou de calcaire existants, certains plus faciles et mall\u00e9ables que d\u2019autres.<\/p>\n<\/div>\n<p>Parutions sur un objet similaire:<\/p>\n<p>Toutankhamon : Tr\u00e9sors et secrets du pharaon.,<a target=\"_blank\" rel=\"nofollow\" href=\"https:\/\/www.viaromana.org\/blog\/goto\/https:\/\/booknode.com\/toutankhamon_tresors_et_secrets_du_pharaon_02920264\"  target=\"_blank\" rel=\"noopener noreferrer nofollow\">Ouvrage <\/a><span><\/span>.<\/p>\n<p>Manuel d\u2019arch\u00e9ologie.,<a target=\"_blank\" rel=\"nofollow\" href=\"https:\/\/www.viaromana.org\/blog\/goto\/https:\/\/www.epagine.fr\/ebook\/9782200619169-manuel-d-archeologie-francois-djindjian\/\"  target=\"_blank\" rel=\"noopener noreferrer nofollow\">Le livre <\/a><span><\/span>.<\/p>\n<p>Promenades d\u2019arch\u00e9ologie sous-marine.,<a target=\"_blank\" rel=\"nofollow\" href=\"https:\/\/www.viaromana.org\/blog\/goto\/https:\/\/www.epagine.fr\/ebook\/9782307495413-promenades-d-archeologie-sous-marine-philippe-diole\/\"  target=\"_blank\" rel=\"noopener noreferrer nofollow\">(la couverture) <\/a><span><\/span>. Disponible Sur AMAZON.<\/p>\n<p>Papaut\u00e9, monachisme et th\u00e9ories politiques. Volume I.,<a target=\"_blank\" rel=\"nofollow\" href=\"https:\/\/www.viaromana.org\/blog\/goto\/https:\/\/www.kobo.com\/de\/fr\/ebook\/papaute-monachisme-et-theories-politiques-volume-i\"  target=\"_blank\" rel=\"noopener noreferrer nofollow\">(Disponible) <\/a><span><\/span>.<\/p>\n","protected":false},"excerpt":{"rendered":"<p>Ce papier ayant pour propos \u00ab&nbsp;l\u2019arch\u00e9ologie&nbsp;\u00bb a \u00e9t\u00e9 vu sur internet, nous avons voulu vous le divulguer dans cette publication. Le titre (M\u00e9moire vive d\u2019Oliver Laric, quand le contemporain s\u2019invite au Mus\u00e9e de la Romanit\u00e9.) est sans ambages. Sachez que le chroniqueur (identifi\u00e9 sous le nom dev) est reconnu comme quelqu\u2019un de s\u00e9rieux pour plusieurs autres encarts qu\u2019il a publi\u00e9s sur le web. La cr\u00e9dibilit\u00e9 est ainsi \u00e9lev\u00e9e en ce qui concerne cet \u00e9ditorial. Voici lle texte : Oliver Laric, sa d\u00e9marche et l\u2019art post-internet La notion d\u2019hybridit\u00e9 chez Oliver Laric est l\u2019inverse de celle de l\u2019Antiquit\u00e9 o\u00f9 l\u2019homme civilis\u00e9\u2026<\/p>\n","protected":false},"author":1,"featured_media":0,"comment_status":"closed","ping_status":"closed","sticky":false,"template":"","format":"standard","meta":{"footnotes":""},"categories":[2],"tags":[],"blocksy_meta":{"styles_descriptor":{"styles":{"desktop":"","tablet":"","mobile":""},"google_fonts":[],"version":4}},"yoast_head":"<!-- This site is optimized with the Yoast SEO plugin v21.1 - https:\/\/yoast.com\/wordpress\/plugins\/seo\/ -->\n<title>Sur le web : M\u00e9moire vive d\u2019Oliver Laric, quand le contemporain s\u2019invite au Mus\u00e9e de la Romanit\u00e9. - Viaromana et arch\u00e9ologie.<\/title>\n<meta name=\"description\" content=\"Sur le web : M\u00e9moire vive d\u2019Oliver Laric, quand le contemporain s\u2019invite au Mus\u00e9e de la Romanit\u00e9. article de Viaromana et arch\u00e9ologie.\" \/>\n<meta name=\"robots\" content=\"index, follow, max-snippet:-1, max-image-preview:large, max-video-preview:-1\" \/>\n<link rel=\"canonical\" href=\"https:\/\/www.viaromana.org\/blog\/sur-le-web-memoire-vive-doliver-laric-quand-le-contemporain-sinvite-au-musee-de-la-romanite\/\" \/>\n<meta property=\"og:locale\" content=\"fr_FR\" \/>\n<meta property=\"og:type\" content=\"article\" \/>\n<meta property=\"og:title\" content=\"Sur le web : M\u00e9moire vive d\u2019Oliver Laric, quand le contemporain s\u2019invite au Mus\u00e9e de la Romanit\u00e9. - Viaromana et arch\u00e9ologie.\" \/>\n<meta property=\"og:description\" content=\"Sur le web : M\u00e9moire vive d\u2019Oliver Laric, quand le contemporain s\u2019invite au Mus\u00e9e de la Romanit\u00e9. article de Viaromana et arch\u00e9ologie.\" \/>\n<meta property=\"og:url\" content=\"https:\/\/www.viaromana.org\/blog\/sur-le-web-memoire-vive-doliver-laric-quand-le-contemporain-sinvite-au-musee-de-la-romanite\/\" \/>\n<meta property=\"og:site_name\" content=\"Viaromana et arch\u00e9ologie.\" \/>\n<meta property=\"article:published_time\" content=\"2023-04-03T12:34:23+00:00\" \/>\n<meta name=\"author\" content=\"Robert\" \/>\n<meta name=\"twitter:card\" content=\"summary_large_image\" \/>\n<meta name=\"twitter:label1\" content=\"\u00c9crit par\" \/>\n\t<meta name=\"twitter:data1\" content=\"Robert\" \/>\n\t<meta name=\"twitter:label2\" content=\"Dur\u00e9e de lecture estim\u00e9e\" \/>\n\t<meta name=\"twitter:data2\" content=\"3 minutes\" \/>\n<script type=\"application\/ld+json\" class=\"yoast-schema-graph\">{\"@context\":\"https:\/\/schema.org\",\"@graph\":[{\"@type\":\"Article\",\"@id\":\"https:\/\/www.viaromana.org\/blog\/sur-le-web-memoire-vive-doliver-laric-quand-le-contemporain-sinvite-au-musee-de-la-romanite\/#article\",\"isPartOf\":{\"@id\":\"https:\/\/www.viaromana.org\/blog\/sur-le-web-memoire-vive-doliver-laric-quand-le-contemporain-sinvite-au-musee-de-la-romanite\/\"},\"author\":{\"name\":\"Robert\",\"@id\":\"https:\/\/www.viaromana.org\/blog\/#\/schema\/person\/cde9c4655845091e1fe473fcd163c889\"},\"headline\":\"Sur le web : M\u00e9moire vive d\u2019Oliver Laric, quand le contemporain s\u2019invite au Mus\u00e9e de la Romanit\u00e9.\",\"datePublished\":\"2023-04-03T12:34:23+00:00\",\"dateModified\":\"2023-04-03T12:34:23+00:00\",\"mainEntityOfPage\":{\"@id\":\"https:\/\/www.viaromana.org\/blog\/sur-le-web-memoire-vive-doliver-laric-quand-le-contemporain-sinvite-au-musee-de-la-romanite\/\"},\"wordCount\":653,\"publisher\":{\"@id\":\"https:\/\/www.viaromana.org\/blog\/#organization\"},\"articleSection\":[\"Arch\u00e9ologie\"],\"inLanguage\":\"fr-FR\"},{\"@type\":\"WebPage\",\"@id\":\"https:\/\/www.viaromana.org\/blog\/sur-le-web-memoire-vive-doliver-laric-quand-le-contemporain-sinvite-au-musee-de-la-romanite\/\",\"url\":\"https:\/\/www.viaromana.org\/blog\/sur-le-web-memoire-vive-doliver-laric-quand-le-contemporain-sinvite-au-musee-de-la-romanite\/\",\"name\":\"Sur le web : M\u00e9moire vive d\u2019Oliver Laric, quand le contemporain s\u2019invite au Mus\u00e9e de la Romanit\u00e9. - Viaromana et arch\u00e9ologie.\",\"isPartOf\":{\"@id\":\"https:\/\/www.viaromana.org\/blog\/#website\"},\"datePublished\":\"2023-04-03T12:34:23+00:00\",\"dateModified\":\"2023-04-03T12:34:23+00:00\",\"description\":\"Sur le web : M\u00e9moire vive d\u2019Oliver Laric, quand le contemporain s\u2019invite au Mus\u00e9e de la Romanit\u00e9. article de Viaromana et arch\u00e9ologie.\",\"breadcrumb\":{\"@id\":\"https:\/\/www.viaromana.org\/blog\/sur-le-web-memoire-vive-doliver-laric-quand-le-contemporain-sinvite-au-musee-de-la-romanite\/#breadcrumb\"},\"inLanguage\":\"fr-FR\",\"potentialAction\":[{\"@type\":\"ReadAction\",\"target\":[\"https:\/\/www.viaromana.org\/blog\/sur-le-web-memoire-vive-doliver-laric-quand-le-contemporain-sinvite-au-musee-de-la-romanite\/\"]}]},{\"@type\":\"BreadcrumbList\",\"@id\":\"https:\/\/www.viaromana.org\/blog\/sur-le-web-memoire-vive-doliver-laric-quand-le-contemporain-sinvite-au-musee-de-la-romanite\/#breadcrumb\",\"itemListElement\":[{\"@type\":\"ListItem\",\"position\":1,\"name\":\"Accueil\",\"item\":\"https:\/\/www.viaromana.org\/blog\/\"},{\"@type\":\"ListItem\",\"position\":2,\"name\":\"Sur le web : M\u00e9moire vive d\u2019Oliver Laric, quand le contemporain s\u2019invite au Mus\u00e9e de la Romanit\u00e9.\"}]},{\"@type\":\"WebSite\",\"@id\":\"https:\/\/www.viaromana.org\/blog\/#website\",\"url\":\"https:\/\/www.viaromana.org\/blog\/\",\"name\":\"Viaromana et arch\u00e9ologie.\",\"description\":\"Site arch\u00e9ologique de la voie romaine (viaromana) Belgique-France-Rome\",\"publisher\":{\"@id\":\"https:\/\/www.viaromana.org\/blog\/#organization\"},\"potentialAction\":[{\"@type\":\"SearchAction\",\"target\":{\"@type\":\"EntryPoint\",\"urlTemplate\":\"https:\/\/www.viaromana.org\/blog\/?s={search_term_string}\"},\"query-input\":\"required name=search_term_string\"}],\"inLanguage\":\"fr-FR\"},{\"@type\":\"Organization\",\"@id\":\"https:\/\/www.viaromana.org\/blog\/#organization\",\"name\":\"viaromana\",\"url\":\"https:\/\/www.viaromana.org\/blog\/\",\"logo\":{\"@type\":\"ImageObject\",\"inLanguage\":\"fr-FR\",\"@id\":\"https:\/\/www.viaromana.org\/blog\/#\/schema\/logo\/image\/\",\"url\":\"https:\/\/www.viaromana.org\/blog\/wp-content\/uploads\/2021\/12\/logo-3.png\",\"contentUrl\":\"https:\/\/www.viaromana.org\/blog\/wp-content\/uploads\/2021\/12\/logo-3.png\",\"width\":300,\"height\":249,\"caption\":\"viaromana\"},\"image\":{\"@id\":\"https:\/\/www.viaromana.org\/blog\/#\/schema\/logo\/image\/\"}},{\"@type\":\"Person\",\"@id\":\"https:\/\/www.viaromana.org\/blog\/#\/schema\/person\/cde9c4655845091e1fe473fcd163c889\",\"name\":\"Robert\",\"image\":{\"@type\":\"ImageObject\",\"inLanguage\":\"fr-FR\",\"@id\":\"https:\/\/www.viaromana.org\/blog\/#\/schema\/person\/image\/\",\"url\":\"https:\/\/secure.gravatar.com\/avatar\/a168ec191013b636c2f278aec04e724b?s=96&d=mm&r=g\",\"contentUrl\":\"https:\/\/secure.gravatar.com\/avatar\/a168ec191013b636c2f278aec04e724b?s=96&d=mm&r=g\",\"caption\":\"Robert\"},\"sameAs\":[\"https:\/\/www.viaromana.org\/blog\"],\"url\":\"https:\/\/www.viaromana.org\/blog\/author\/anaadmin\/\"}]}<\/script>\n<!-- \/ Yoast SEO plugin. -->","yoast_head_json":{"title":"Sur le web : M\u00e9moire vive d\u2019Oliver Laric, quand le contemporain s\u2019invite au Mus\u00e9e de la Romanit\u00e9. - Viaromana et arch\u00e9ologie.","description":"Sur le web : M\u00e9moire vive d\u2019Oliver Laric, quand le contemporain s\u2019invite au Mus\u00e9e de la Romanit\u00e9. article de Viaromana et arch\u00e9ologie.","robots":{"index":"index","follow":"follow","max-snippet":"max-snippet:-1","max-image-preview":"max-image-preview:large","max-video-preview":"max-video-preview:-1"},"canonical":"https:\/\/www.viaromana.org\/blog\/sur-le-web-memoire-vive-doliver-laric-quand-le-contemporain-sinvite-au-musee-de-la-romanite\/","og_locale":"fr_FR","og_type":"article","og_title":"Sur le web : M\u00e9moire vive d\u2019Oliver Laric, quand le contemporain s\u2019invite au Mus\u00e9e de la Romanit\u00e9. - Viaromana et arch\u00e9ologie.","og_description":"Sur le web : M\u00e9moire vive d\u2019Oliver Laric, quand le contemporain s\u2019invite au Mus\u00e9e de la Romanit\u00e9. article de Viaromana et arch\u00e9ologie.","og_url":"https:\/\/www.viaromana.org\/blog\/sur-le-web-memoire-vive-doliver-laric-quand-le-contemporain-sinvite-au-musee-de-la-romanite\/","og_site_name":"Viaromana et arch\u00e9ologie.","article_published_time":"2023-04-03T12:34:23+00:00","author":"Robert","twitter_card":"summary_large_image","twitter_misc":{"\u00c9crit par":"Robert","Dur\u00e9e de lecture estim\u00e9e":"3 minutes"},"schema":{"@context":"https:\/\/schema.org","@graph":[{"@type":"Article","@id":"https:\/\/www.viaromana.org\/blog\/sur-le-web-memoire-vive-doliver-laric-quand-le-contemporain-sinvite-au-musee-de-la-romanite\/#article","isPartOf":{"@id":"https:\/\/www.viaromana.org\/blog\/sur-le-web-memoire-vive-doliver-laric-quand-le-contemporain-sinvite-au-musee-de-la-romanite\/"},"author":{"name":"Robert","@id":"https:\/\/www.viaromana.org\/blog\/#\/schema\/person\/cde9c4655845091e1fe473fcd163c889"},"headline":"Sur le web : M\u00e9moire vive d\u2019Oliver Laric, quand le contemporain s\u2019invite au Mus\u00e9e de la Romanit\u00e9.","datePublished":"2023-04-03T12:34:23+00:00","dateModified":"2023-04-03T12:34:23+00:00","mainEntityOfPage":{"@id":"https:\/\/www.viaromana.org\/blog\/sur-le-web-memoire-vive-doliver-laric-quand-le-contemporain-sinvite-au-musee-de-la-romanite\/"},"wordCount":653,"publisher":{"@id":"https:\/\/www.viaromana.org\/blog\/#organization"},"articleSection":["Arch\u00e9ologie"],"inLanguage":"fr-FR"},{"@type":"WebPage","@id":"https:\/\/www.viaromana.org\/blog\/sur-le-web-memoire-vive-doliver-laric-quand-le-contemporain-sinvite-au-musee-de-la-romanite\/","url":"https:\/\/www.viaromana.org\/blog\/sur-le-web-memoire-vive-doliver-laric-quand-le-contemporain-sinvite-au-musee-de-la-romanite\/","name":"Sur le web : M\u00e9moire vive d\u2019Oliver Laric, quand le contemporain s\u2019invite au Mus\u00e9e de la Romanit\u00e9. - Viaromana et arch\u00e9ologie.","isPartOf":{"@id":"https:\/\/www.viaromana.org\/blog\/#website"},"datePublished":"2023-04-03T12:34:23+00:00","dateModified":"2023-04-03T12:34:23+00:00","description":"Sur le web : M\u00e9moire vive d\u2019Oliver Laric, quand le contemporain s\u2019invite au Mus\u00e9e de la Romanit\u00e9. article de Viaromana et arch\u00e9ologie.","breadcrumb":{"@id":"https:\/\/www.viaromana.org\/blog\/sur-le-web-memoire-vive-doliver-laric-quand-le-contemporain-sinvite-au-musee-de-la-romanite\/#breadcrumb"},"inLanguage":"fr-FR","potentialAction":[{"@type":"ReadAction","target":["https:\/\/www.viaromana.org\/blog\/sur-le-web-memoire-vive-doliver-laric-quand-le-contemporain-sinvite-au-musee-de-la-romanite\/"]}]},{"@type":"BreadcrumbList","@id":"https:\/\/www.viaromana.org\/blog\/sur-le-web-memoire-vive-doliver-laric-quand-le-contemporain-sinvite-au-musee-de-la-romanite\/#breadcrumb","itemListElement":[{"@type":"ListItem","position":1,"name":"Accueil","item":"https:\/\/www.viaromana.org\/blog\/"},{"@type":"ListItem","position":2,"name":"Sur le web : M\u00e9moire vive d\u2019Oliver Laric, quand le contemporain s\u2019invite au Mus\u00e9e de la Romanit\u00e9."}]},{"@type":"WebSite","@id":"https:\/\/www.viaromana.org\/blog\/#website","url":"https:\/\/www.viaromana.org\/blog\/","name":"Viaromana et arch\u00e9ologie.","description":"Site arch\u00e9ologique de la voie romaine (viaromana) Belgique-France-Rome","publisher":{"@id":"https:\/\/www.viaromana.org\/blog\/#organization"},"potentialAction":[{"@type":"SearchAction","target":{"@type":"EntryPoint","urlTemplate":"https:\/\/www.viaromana.org\/blog\/?s={search_term_string}"},"query-input":"required name=search_term_string"}],"inLanguage":"fr-FR"},{"@type":"Organization","@id":"https:\/\/www.viaromana.org\/blog\/#organization","name":"viaromana","url":"https:\/\/www.viaromana.org\/blog\/","logo":{"@type":"ImageObject","inLanguage":"fr-FR","@id":"https:\/\/www.viaromana.org\/blog\/#\/schema\/logo\/image\/","url":"https:\/\/www.viaromana.org\/blog\/wp-content\/uploads\/2021\/12\/logo-3.png","contentUrl":"https:\/\/www.viaromana.org\/blog\/wp-content\/uploads\/2021\/12\/logo-3.png","width":300,"height":249,"caption":"viaromana"},"image":{"@id":"https:\/\/www.viaromana.org\/blog\/#\/schema\/logo\/image\/"}},{"@type":"Person","@id":"https:\/\/www.viaromana.org\/blog\/#\/schema\/person\/cde9c4655845091e1fe473fcd163c889","name":"Robert","image":{"@type":"ImageObject","inLanguage":"fr-FR","@id":"https:\/\/www.viaromana.org\/blog\/#\/schema\/person\/image\/","url":"https:\/\/secure.gravatar.com\/avatar\/a168ec191013b636c2f278aec04e724b?s=96&d=mm&r=g","contentUrl":"https:\/\/secure.gravatar.com\/avatar\/a168ec191013b636c2f278aec04e724b?s=96&d=mm&r=g","caption":"Robert"},"sameAs":["https:\/\/www.viaromana.org\/blog"],"url":"https:\/\/www.viaromana.org\/blog\/author\/anaadmin\/"}]}},"_links":{"self":[{"href":"https:\/\/www.viaromana.org\/blog\/wp-json\/wp\/v2\/posts\/1626"}],"collection":[{"href":"https:\/\/www.viaromana.org\/blog\/wp-json\/wp\/v2\/posts"}],"about":[{"href":"https:\/\/www.viaromana.org\/blog\/wp-json\/wp\/v2\/types\/post"}],"author":[{"embeddable":true,"href":"https:\/\/www.viaromana.org\/blog\/wp-json\/wp\/v2\/users\/1"}],"replies":[{"embeddable":true,"href":"https:\/\/www.viaromana.org\/blog\/wp-json\/wp\/v2\/comments?post=1626"}],"version-history":[{"count":0,"href":"https:\/\/www.viaromana.org\/blog\/wp-json\/wp\/v2\/posts\/1626\/revisions"}],"wp:attachment":[{"href":"https:\/\/www.viaromana.org\/blog\/wp-json\/wp\/v2\/media?parent=1626"}],"wp:term":[{"taxonomy":"category","embeddable":true,"href":"https:\/\/www.viaromana.org\/blog\/wp-json\/wp\/v2\/categories?post=1626"},{"taxonomy":"post_tag","embeddable":true,"href":"https:\/\/www.viaromana.org\/blog\/wp-json\/wp\/v2\/tags?post=1626"}],"curies":[{"name":"wp","href":"https:\/\/api.w.org\/{rel}","templated":true}]}}