{"id":1620,"date":"2023-03-28T10:27:46","date_gmt":"2023-03-28T08:27:46","guid":{"rendered":"https:\/\/www.site.cdcl.xyz\/2023\/03\/28\/sur-le-web-les-samedis-dart-et-dhistoire\/"},"modified":"2023-03-28T10:27:46","modified_gmt":"2023-03-28T08:27:46","slug":"sur-le-web-les-samedis-dart-et-dhistoire","status":"publish","type":"post","link":"https:\/\/www.viaromana.org\/blog\/sur-le-web-les-samedis-dart-et-dhistoire\/","title":{"rendered":"Sur le web : Les Samedis d&rsquo;art et d&rsquo;histoire"},"content":{"rendered":"<p>A mentionner, cet \u00e9ditorial sur le web dont la th\u00e9matique est \u00ab&nbsp;l\u2019arch\u00e9ologie&nbsp;\u00bb et qui a des chances de vous int\u00e9resser.<\/p>\n<p>Le titre (Les Samedis d&rsquo;art et d&rsquo;histoire) est sans confusion.<\/p>\n<p> Identifi\u00e9 sous le nom \u00abOlivier_laudrin\u00bb, l\u2019\u00e9ditorialiste est connu et fiable.<\/p>\n<p>Les r\u00e9v\u00e9lations concern\u00e9es sont par cons\u00e9quent jug\u00e9es v\u00e9ridiques.<\/p>\n<p>L\u2019\u00e9ditorial a \u00e9t\u00e9 publi\u00e9 \u00e0 une date indiqu\u00e9e 2023-03-28 10:27:46.<\/p>\n<p>L\u2019article : <\/p>\n<p><span>Les Samedis d\u2019art et d\u2019histoire<\/span><br \/><span><span lang xml:lang>Olivier_laudrin<\/span><\/span><br \/><span>mar 28\/03\/2023 \u2013 10:27<\/span><\/p>\n<div><img decoding=\"async\" src=\"https:\/\/www.viaromana.org\/blog\/wp-content\/uploads\/2023\/03\/sur-le-web-les-samedis-dart-et-dhistoire.jpg\" alt><\/div>\n<div>\n<p>Parcs et jardins<br \/>&nbsp;<\/p>\n<\/div>\n<div>Visites guid\u00e9es<\/div>\n<div>2023-06-10<\/div>\n<div>2023-06-10<\/div>\n<div>\n<div class=\"paragraph paragraph--type--texte\">\n<div>\n<p>Balade bucolique pour retracer l\u2019histoire des espaces verts en ville. Jardins autrefois priv\u00e9s de grandes demeures, zones humides transform\u00e9es, grandes promenades bois\u00e9es ou espaces naturels am\u00e9nag\u00e9s autour de nouveaux logements, la nature prend ses quartiers en ville et revisite sa fonction d\u2019agr\u00e9ment.<\/p>\n<p><strong>Rendez-vous : H\u00f4tel de Limur 31 rue Thiers \u00e0 15h<\/strong><\/p>\n<p>Tarif plein : 6 \u20ac \/ Tarif r\u00e9duit : 3,60 \u20ac<\/p>\n<p>Gratuit pour les moins de 18 ans<\/p>\n<p>Pass Patrimoine : 45 \u20ac (pour 10 visites, valable 2 ans)<\/p>\n<\/div>\n<\/div>\n<div class=\"paragraph paragraph--type--lien paragraph--view-mode--default\">\n<p> <span class=\"svg\"><\/span><br \/><span class=\"intitule\">Mus\u00e9e patrimoine Vannes<\/span><\/p>\n<\/div>\n<div class=\"paragraph paragraph--type--mise-en-avant paragraph--type--exergue\">\n<div>\n<p>Achat et retrait des billets au mus\u00e9e des beaux-arts, La Cohue, 15 place Saint-Pierre,&nbsp;\u00e0 l\u2019Office du tourisme, rive droite du port,&nbsp;sur place aupr\u00e8s du&nbsp;guide-conf\u00e9rencier le jour de la visite ou via la billetterie en ligne.<\/p>\n<\/div>\n<\/div>\n<div class=\"paragraph paragraph--type--lien paragraph--view-mode--default\">\n<p> <span class=\"svg\"><\/span><br \/><span class=\"intitule\">Billetterie en ligne<\/span><\/p>\n<\/div>\n<\/div>\n<div>\n<div class=\"paragraph paragraph--type--cartographie\">\n<h2>H\u00f4tel de Limur<\/h2>\n<\/p><\/div>\n<\/div>\n<div> H\u00f4tel de Limur<\/div>\n<div>Renseignements<\/div>\n<div>\n<div>Date de d\u00e9publication<\/div>\n<div>sam 10\/06\/2023 \u2013 23:59<\/div>\n<\/div>\n<p>A lire:<\/p>\n<p>Regency, Tome 1 : Le mari\u00e9 maudit.,<a target=\"_blank\" rel=\"nofollow\" href=\"https:\/\/www.viaromana.org\/blog\/goto\/https:\/\/booknode.com\/regency_tome_1_le_marie_maudit_074154\"  target=\"_blank\" rel=\"noopener noreferrer nofollow\">A voir et \u00e0 lire. <\/a><span><\/span>.<\/p>\n<p>Manuel d\u2019arch\u00e9ologie \u00e9trusque et romaine.,<a target=\"_blank\" rel=\"nofollow\" href=\"https:\/\/www.viaromana.org\/blog\/goto\/https:\/\/www.epagine.fr\/ebook\/9782346060832-manuel-d-archeologie-etrusque-et-romaine-jules-martha\/\"  target=\"_blank\" rel=\"noopener noreferrer nofollow\">Ouvrage <\/a><span><\/span>.<\/p>\n<p>REVUE ARCHEOLOGIQUE DE L\u2019EST n.40 ; l\u2019homme et son environnement : des lacs, des montagnes et des rivi\u00e8res ; bulles d\u2019arch\u00e9ologie offertes \u00e0 Andr\u00e9 Marguet.,<a target=\"_blank\" rel=\"nofollow\" href=\"https:\/\/www.viaromana.org\/blog\/goto\/https:\/\/www.epagine.fr\/ebook\/9782915544763-revue-archeologique-de-l-est-n-40-l-homme-et-son-environnement-des-lacs-des-montagnes-et-des-rivieres-bulles-d-archeologie-offertes-a-andre-marguet-revue-archeologique-de-l-est\/\"  target=\"_blank\" rel=\"noopener noreferrer nofollow\">Ouvrage <\/a><span><\/span>.<\/p>\n<p>Nouvel atlas de la Bible.,<a target=\"_blank\" rel=\"nofollow\" href=\"https:\/\/www.viaromana.org\/blog\/goto\/https:\/\/booknode.com\/nouvel_atlas_de_la_bible_01597024\"  target=\"_blank\" rel=\"noopener noreferrer nofollow\">Clicker Ici <\/a><span><\/span>.<\/p>\n","protected":false},"excerpt":{"rendered":"<p>A mentionner, cet \u00e9ditorial sur le web dont la th\u00e9matique est \u00ab&nbsp;l\u2019arch\u00e9ologie&nbsp;\u00bb et qui a des chances de vous int\u00e9resser. Le titre (Les Samedis d&rsquo;art et d&rsquo;histoire) est sans confusion. Identifi\u00e9 sous le nom \u00abOlivier_laudrin\u00bb, l\u2019\u00e9ditorialiste est connu et fiable. Les r\u00e9v\u00e9lations concern\u00e9es sont par cons\u00e9quent jug\u00e9es v\u00e9ridiques. L\u2019\u00e9ditorial a \u00e9t\u00e9 publi\u00e9 \u00e0 une date indiqu\u00e9e 2023-03-28 10:27:46. L\u2019article : Les Samedis d\u2019art et d\u2019histoireOlivier_laudrinmar 28\/03\/2023 \u2013 10:27 Parcs et jardins&nbsp; Visites guid\u00e9es 2023-06-10 2023-06-10 Balade bucolique pour retracer l\u2019histoire des espaces verts en ville. Jardins autrefois priv\u00e9s de grandes demeures, zones humides transform\u00e9es, grandes promenades bois\u00e9es ou espaces naturels\u2026<\/p>\n","protected":false},"author":1,"featured_media":0,"comment_status":"closed","ping_status":"closed","sticky":false,"template":"","format":"standard","meta":{"footnotes":""},"categories":[2],"tags":[],"blocksy_meta":{"styles_descriptor":{"styles":{"desktop":"","tablet":"","mobile":""},"google_fonts":[],"version":4}},"yoast_head":"<!-- This site is optimized with the Yoast SEO plugin v21.1 - https:\/\/yoast.com\/wordpress\/plugins\/seo\/ -->\n<title>Sur le web : Les Samedis d&#039;art et d&#039;histoire - Viaromana et arch\u00e9ologie.<\/title>\n<meta name=\"description\" content=\"Sur le web : Les Samedis d&#039;art et d&#039;histoire article de Viaromana et arch\u00e9ologie.\" \/>\n<meta name=\"robots\" content=\"index, follow, max-snippet:-1, max-image-preview:large, max-video-preview:-1\" \/>\n<link rel=\"canonical\" href=\"https:\/\/www.viaromana.org\/blog\/sur-le-web-les-samedis-dart-et-dhistoire\/\" \/>\n<meta property=\"og:locale\" content=\"fr_FR\" \/>\n<meta property=\"og:type\" content=\"article\" \/>\n<meta property=\"og:title\" content=\"Sur le web : Les Samedis d&#039;art et d&#039;histoire - Viaromana et arch\u00e9ologie.\" \/>\n<meta property=\"og:description\" content=\"Sur le web : Les Samedis d&#039;art et d&#039;histoire article de Viaromana et arch\u00e9ologie.\" \/>\n<meta property=\"og:url\" content=\"https:\/\/www.viaromana.org\/blog\/sur-le-web-les-samedis-dart-et-dhistoire\/\" \/>\n<meta property=\"og:site_name\" content=\"Viaromana et arch\u00e9ologie.\" \/>\n<meta property=\"article:published_time\" content=\"2023-03-28T08:27:46+00:00\" \/>\n<meta property=\"og:image\" content=\"https:\/\/www.viaromana.org\/blog\/wp-content\/uploads\/2023\/03\/sur-le-web-les-samedis-dart-et-dhistoire.jpg\" \/>\n<meta name=\"author\" content=\"Robert\" \/>\n<meta name=\"twitter:card\" content=\"summary_large_image\" \/>\n<meta name=\"twitter:label1\" content=\"\u00c9crit par\" \/>\n\t<meta name=\"twitter:data1\" content=\"Robert\" \/>\n\t<meta name=\"twitter:label2\" content=\"Dur\u00e9e de lecture estim\u00e9e\" \/>\n\t<meta name=\"twitter:data2\" content=\"1 minute\" \/>\n<script type=\"application\/ld+json\" class=\"yoast-schema-graph\">{\"@context\":\"https:\/\/schema.org\",\"@graph\":[{\"@type\":\"Article\",\"@id\":\"https:\/\/www.viaromana.org\/blog\/sur-le-web-les-samedis-dart-et-dhistoire\/#article\",\"isPartOf\":{\"@id\":\"https:\/\/www.viaromana.org\/blog\/sur-le-web-les-samedis-dart-et-dhistoire\/\"},\"author\":{\"name\":\"Robert\",\"@id\":\"https:\/\/www.viaromana.org\/blog\/#\/schema\/person\/cde9c4655845091e1fe473fcd163c889\"},\"headline\":\"Sur le web : Les Samedis d&rsquo;art et d&rsquo;histoire\",\"datePublished\":\"2023-03-28T08:27:46+00:00\",\"dateModified\":\"2023-03-28T08:27:46+00:00\",\"mainEntityOfPage\":{\"@id\":\"https:\/\/www.viaromana.org\/blog\/sur-le-web-les-samedis-dart-et-dhistoire\/\"},\"wordCount\":300,\"publisher\":{\"@id\":\"https:\/\/www.viaromana.org\/blog\/#organization\"},\"articleSection\":[\"Arch\u00e9ologie\"],\"inLanguage\":\"fr-FR\"},{\"@type\":\"WebPage\",\"@id\":\"https:\/\/www.viaromana.org\/blog\/sur-le-web-les-samedis-dart-et-dhistoire\/\",\"url\":\"https:\/\/www.viaromana.org\/blog\/sur-le-web-les-samedis-dart-et-dhistoire\/\",\"name\":\"Sur le web : Les Samedis d'art et d'histoire - Viaromana et arch\u00e9ologie.\",\"isPartOf\":{\"@id\":\"https:\/\/www.viaromana.org\/blog\/#website\"},\"datePublished\":\"2023-03-28T08:27:46+00:00\",\"dateModified\":\"2023-03-28T08:27:46+00:00\",\"description\":\"Sur le web : Les Samedis d'art et d'histoire article de Viaromana et arch\u00e9ologie.\",\"breadcrumb\":{\"@id\":\"https:\/\/www.viaromana.org\/blog\/sur-le-web-les-samedis-dart-et-dhistoire\/#breadcrumb\"},\"inLanguage\":\"fr-FR\",\"potentialAction\":[{\"@type\":\"ReadAction\",\"target\":[\"https:\/\/www.viaromana.org\/blog\/sur-le-web-les-samedis-dart-et-dhistoire\/\"]}]},{\"@type\":\"BreadcrumbList\",\"@id\":\"https:\/\/www.viaromana.org\/blog\/sur-le-web-les-samedis-dart-et-dhistoire\/#breadcrumb\",\"itemListElement\":[{\"@type\":\"ListItem\",\"position\":1,\"name\":\"Accueil\",\"item\":\"https:\/\/www.viaromana.org\/blog\/\"},{\"@type\":\"ListItem\",\"position\":2,\"name\":\"Sur le web : Les Samedis d&rsquo;art et d&rsquo;histoire\"}]},{\"@type\":\"WebSite\",\"@id\":\"https:\/\/www.viaromana.org\/blog\/#website\",\"url\":\"https:\/\/www.viaromana.org\/blog\/\",\"name\":\"Viaromana et arch\u00e9ologie.\",\"description\":\"Site arch\u00e9ologique de la voie romaine (viaromana) Belgique-France-Rome\",\"publisher\":{\"@id\":\"https:\/\/www.viaromana.org\/blog\/#organization\"},\"potentialAction\":[{\"@type\":\"SearchAction\",\"target\":{\"@type\":\"EntryPoint\",\"urlTemplate\":\"https:\/\/www.viaromana.org\/blog\/?s={search_term_string}\"},\"query-input\":\"required name=search_term_string\"}],\"inLanguage\":\"fr-FR\"},{\"@type\":\"Organization\",\"@id\":\"https:\/\/www.viaromana.org\/blog\/#organization\",\"name\":\"viaromana\",\"url\":\"https:\/\/www.viaromana.org\/blog\/\",\"logo\":{\"@type\":\"ImageObject\",\"inLanguage\":\"fr-FR\",\"@id\":\"https:\/\/www.viaromana.org\/blog\/#\/schema\/logo\/image\/\",\"url\":\"https:\/\/www.viaromana.org\/blog\/wp-content\/uploads\/2021\/12\/logo-3.png\",\"contentUrl\":\"https:\/\/www.viaromana.org\/blog\/wp-content\/uploads\/2021\/12\/logo-3.png\",\"width\":300,\"height\":249,\"caption\":\"viaromana\"},\"image\":{\"@id\":\"https:\/\/www.viaromana.org\/blog\/#\/schema\/logo\/image\/\"}},{\"@type\":\"Person\",\"@id\":\"https:\/\/www.viaromana.org\/blog\/#\/schema\/person\/cde9c4655845091e1fe473fcd163c889\",\"name\":\"Robert\",\"image\":{\"@type\":\"ImageObject\",\"inLanguage\":\"fr-FR\",\"@id\":\"https:\/\/www.viaromana.org\/blog\/#\/schema\/person\/image\/\",\"url\":\"https:\/\/secure.gravatar.com\/avatar\/a168ec191013b636c2f278aec04e724b?s=96&d=mm&r=g\",\"contentUrl\":\"https:\/\/secure.gravatar.com\/avatar\/a168ec191013b636c2f278aec04e724b?s=96&d=mm&r=g\",\"caption\":\"Robert\"},\"sameAs\":[\"https:\/\/www.viaromana.org\/blog\"],\"url\":\"https:\/\/www.viaromana.org\/blog\/author\/anaadmin\/\"}]}<\/script>\n<!-- \/ Yoast SEO plugin. -->","yoast_head_json":{"title":"Sur le web : Les Samedis d'art et d'histoire - Viaromana et arch\u00e9ologie.","description":"Sur le web : Les Samedis d'art et d'histoire article de Viaromana et arch\u00e9ologie.","robots":{"index":"index","follow":"follow","max-snippet":"max-snippet:-1","max-image-preview":"max-image-preview:large","max-video-preview":"max-video-preview:-1"},"canonical":"https:\/\/www.viaromana.org\/blog\/sur-le-web-les-samedis-dart-et-dhistoire\/","og_locale":"fr_FR","og_type":"article","og_title":"Sur le web : Les Samedis d'art et d'histoire - Viaromana et arch\u00e9ologie.","og_description":"Sur le web : Les Samedis d'art et d'histoire article de Viaromana et arch\u00e9ologie.","og_url":"https:\/\/www.viaromana.org\/blog\/sur-le-web-les-samedis-dart-et-dhistoire\/","og_site_name":"Viaromana et arch\u00e9ologie.","article_published_time":"2023-03-28T08:27:46+00:00","og_image":[{"url":"https:\/\/www.viaromana.org\/blog\/wp-content\/uploads\/2023\/03\/sur-le-web-les-samedis-dart-et-dhistoire.jpg"}],"author":"Robert","twitter_card":"summary_large_image","twitter_misc":{"\u00c9crit par":"Robert","Dur\u00e9e de lecture estim\u00e9e":"1 minute"},"schema":{"@context":"https:\/\/schema.org","@graph":[{"@type":"Article","@id":"https:\/\/www.viaromana.org\/blog\/sur-le-web-les-samedis-dart-et-dhistoire\/#article","isPartOf":{"@id":"https:\/\/www.viaromana.org\/blog\/sur-le-web-les-samedis-dart-et-dhistoire\/"},"author":{"name":"Robert","@id":"https:\/\/www.viaromana.org\/blog\/#\/schema\/person\/cde9c4655845091e1fe473fcd163c889"},"headline":"Sur le web : Les Samedis d&rsquo;art et d&rsquo;histoire","datePublished":"2023-03-28T08:27:46+00:00","dateModified":"2023-03-28T08:27:46+00:00","mainEntityOfPage":{"@id":"https:\/\/www.viaromana.org\/blog\/sur-le-web-les-samedis-dart-et-dhistoire\/"},"wordCount":300,"publisher":{"@id":"https:\/\/www.viaromana.org\/blog\/#organization"},"articleSection":["Arch\u00e9ologie"],"inLanguage":"fr-FR"},{"@type":"WebPage","@id":"https:\/\/www.viaromana.org\/blog\/sur-le-web-les-samedis-dart-et-dhistoire\/","url":"https:\/\/www.viaromana.org\/blog\/sur-le-web-les-samedis-dart-et-dhistoire\/","name":"Sur le web : Les Samedis d'art et d'histoire - Viaromana et arch\u00e9ologie.","isPartOf":{"@id":"https:\/\/www.viaromana.org\/blog\/#website"},"datePublished":"2023-03-28T08:27:46+00:00","dateModified":"2023-03-28T08:27:46+00:00","description":"Sur le web : Les Samedis d'art et d'histoire article de Viaromana et arch\u00e9ologie.","breadcrumb":{"@id":"https:\/\/www.viaromana.org\/blog\/sur-le-web-les-samedis-dart-et-dhistoire\/#breadcrumb"},"inLanguage":"fr-FR","potentialAction":[{"@type":"ReadAction","target":["https:\/\/www.viaromana.org\/blog\/sur-le-web-les-samedis-dart-et-dhistoire\/"]}]},{"@type":"BreadcrumbList","@id":"https:\/\/www.viaromana.org\/blog\/sur-le-web-les-samedis-dart-et-dhistoire\/#breadcrumb","itemListElement":[{"@type":"ListItem","position":1,"name":"Accueil","item":"https:\/\/www.viaromana.org\/blog\/"},{"@type":"ListItem","position":2,"name":"Sur le web : Les Samedis d&rsquo;art et d&rsquo;histoire"}]},{"@type":"WebSite","@id":"https:\/\/www.viaromana.org\/blog\/#website","url":"https:\/\/www.viaromana.org\/blog\/","name":"Viaromana et arch\u00e9ologie.","description":"Site arch\u00e9ologique de la voie romaine (viaromana) Belgique-France-Rome","publisher":{"@id":"https:\/\/www.viaromana.org\/blog\/#organization"},"potentialAction":[{"@type":"SearchAction","target":{"@type":"EntryPoint","urlTemplate":"https:\/\/www.viaromana.org\/blog\/?s={search_term_string}"},"query-input":"required name=search_term_string"}],"inLanguage":"fr-FR"},{"@type":"Organization","@id":"https:\/\/www.viaromana.org\/blog\/#organization","name":"viaromana","url":"https:\/\/www.viaromana.org\/blog\/","logo":{"@type":"ImageObject","inLanguage":"fr-FR","@id":"https:\/\/www.viaromana.org\/blog\/#\/schema\/logo\/image\/","url":"https:\/\/www.viaromana.org\/blog\/wp-content\/uploads\/2021\/12\/logo-3.png","contentUrl":"https:\/\/www.viaromana.org\/blog\/wp-content\/uploads\/2021\/12\/logo-3.png","width":300,"height":249,"caption":"viaromana"},"image":{"@id":"https:\/\/www.viaromana.org\/blog\/#\/schema\/logo\/image\/"}},{"@type":"Person","@id":"https:\/\/www.viaromana.org\/blog\/#\/schema\/person\/cde9c4655845091e1fe473fcd163c889","name":"Robert","image":{"@type":"ImageObject","inLanguage":"fr-FR","@id":"https:\/\/www.viaromana.org\/blog\/#\/schema\/person\/image\/","url":"https:\/\/secure.gravatar.com\/avatar\/a168ec191013b636c2f278aec04e724b?s=96&d=mm&r=g","contentUrl":"https:\/\/secure.gravatar.com\/avatar\/a168ec191013b636c2f278aec04e724b?s=96&d=mm&r=g","caption":"Robert"},"sameAs":["https:\/\/www.viaromana.org\/blog"],"url":"https:\/\/www.viaromana.org\/blog\/author\/anaadmin\/"}]}},"_links":{"self":[{"href":"https:\/\/www.viaromana.org\/blog\/wp-json\/wp\/v2\/posts\/1620"}],"collection":[{"href":"https:\/\/www.viaromana.org\/blog\/wp-json\/wp\/v2\/posts"}],"about":[{"href":"https:\/\/www.viaromana.org\/blog\/wp-json\/wp\/v2\/types\/post"}],"author":[{"embeddable":true,"href":"https:\/\/www.viaromana.org\/blog\/wp-json\/wp\/v2\/users\/1"}],"replies":[{"embeddable":true,"href":"https:\/\/www.viaromana.org\/blog\/wp-json\/wp\/v2\/comments?post=1620"}],"version-history":[{"count":0,"href":"https:\/\/www.viaromana.org\/blog\/wp-json\/wp\/v2\/posts\/1620\/revisions"}],"wp:attachment":[{"href":"https:\/\/www.viaromana.org\/blog\/wp-json\/wp\/v2\/media?parent=1620"}],"wp:term":[{"taxonomy":"category","embeddable":true,"href":"https:\/\/www.viaromana.org\/blog\/wp-json\/wp\/v2\/categories?post=1620"},{"taxonomy":"post_tag","embeddable":true,"href":"https:\/\/www.viaromana.org\/blog\/wp-json\/wp\/v2\/tags?post=1620"}],"curies":[{"name":"wp","href":"https:\/\/api.w.org\/{rel}","templated":true}]}}