{"id":1609,"date":"2023-03-24T11:40:56","date_gmt":"2023-03-24T10:40:56","guid":{"rendered":"https:\/\/www.site.cdcl.xyz\/2023\/03\/24\/derniere-actu-toute-fraiche-projet-pedagogique-au-musee-de-la-romanite-quand-le-culturel-se-met-au-service-de-lenseignement\/"},"modified":"2023-03-24T11:40:56","modified_gmt":"2023-03-24T10:40:56","slug":"derniere-actu-toute-fraiche-projet-pedagogique-au-musee-de-la-romanite-quand-le-culturel-se-met-au-service-de-lenseignement","status":"publish","type":"post","link":"https:\/\/www.viaromana.org\/blog\/derniere-actu-toute-fraiche-projet-pedagogique-au-musee-de-la-romanite-quand-le-culturel-se-met-au-service-de-lenseignement\/","title":{"rendered":"Derni\u00e8re actu toute fraiche : Projet p\u00e9dagogique au Mus\u00e9e de la Romanit\u00e9 : quand le culturel se met au service de l\u2019enseignement.\u00a0"},"content":{"rendered":"<p>Fid\u00e8le \u00e0 sa vocation, ce blog va porter \u00e0 votre connaissance un texte qui a \u00e9t\u00e9 vu sur internet. La th\u00e9matique est \u00abl\u2019arch\u00e9ologie\u00bb.<\/p>\n<p>Son titre s\u00e9duisant (Projet p\u00e9dagogique au Mus\u00e9e de la Romanit\u00e9 : quand le culturel se met au service de l\u2019enseignement.&nbsp;) est \u00e9vocateur.<\/p>\n<p>L\u2019\u00e9crivain (identifi\u00e9 sous le nom dev) est connu et fiable.<\/p>\n<p>Les informations concern\u00e9es sont ainsi jug\u00e9es v\u00e9ridiques.<\/p>\n<div>\n<p class=\"p1\">Cette ann\u00e9e, le Mus\u00e9e de la Romanit\u00e9 et le lyc\u00e9e Philippe Lamour se sont associ\u00e9s dans le but de d\u00e9construire les croyances et les id\u00e9es re\u00e7ues des femmes dans l\u2019antiquit\u00e9 romaine en d\u00e9couvrant une d\u00e9marche scientifique historique.<\/p>\n<h3 class=\"p1 content__title content__subtitle\"><b>Reflexion et sensibilisation des \u00e9l\u00e8ves \u00e0 la m\u00e9thodologie historique.<\/b><\/h3>\n<p class=\"p1\">R\u00e9fl\u00e9chir, d\u00e9construire, reconstruire \u2026 Le projet, nomm\u00e9 \u00ab Esprit Critique \u00bb implique deux classes du lyc\u00e9e Philippe Lamour; des secondes et des premi\u00e8res qui ont pour cas pratique, l\u2019imp\u00e9ratrice Julia Domna.<\/p>\n<p class=\"p1\"><b><span class=\"content__title-subtext\">1\u00e8re \u00e9tape : S\u00e9ance de r\u00e9flexion avec les professeurs dans la classe<br \/><\/span><br \/><\/b>Dans un premier temps, l\u2019objectif \u00e9tait de commencer \u00e0 sensibiliser les \u00e9l\u00e8ves \u00e0 la m\u00e9thodologie historique. De leur apprendre comment mener rigoureusement des recherches historiques dans le but d\u2019\u00e9tudier et de comprendre l\u2019Histoire. Pour cela, diff\u00e9rents documents\/sources \u00e0 disposition des historiens leurs ont \u00e9t\u00e9 pr\u00e9sent\u00e9s :<br \/>-Les sources muettes (pas d\u2019\u00e9crit, objets arch\u00e9ologiques)<br \/>-Les sources \u00e9crites, litt\u00e9raires : textes des auteurs anciens, textes de lois, religieux\u2026<br \/>\u2022 \u00c9pigraphiques : les inscriptions sur les mat\u00e9riaux non p\u00e9rissables (pierre, argile ou m\u00e9tal\u2026)<br \/>\u2022 Les sources iconographiques : image, statuaires, dessins, gravures<br \/>\u2022 Numismatiques : les pi\u00e8ces de monnaie<\/p>\n<p class=\"p1\">Dans un second temps, ils ont appris comment diff\u00e9rencier les sources primaires qui datent de l\u2019\u00e9poque \u00e9tudi\u00e9e, et les sources secondaires, \u00e9crites par quelqu\u2019un qui n\u2019\u00e9tait pas l\u00e0 au moment des faits ou bien qui va analyser les sources primaires, plus tardivement. Cela leur a permis de comprendre l\u2019importance de recontextualiser chaque source ainsi que la n\u00e9cessit\u00e9 de croiser les sources pour confirmer ou infirmer les hypoth\u00e8ses et se poser les bonnes questions.<\/p>\n<p class=\"p1\"><b><span class=\"content__title-subtext\">2\u00e8me \u00e9tape : Intervention en classe de Marion, m\u00e9diatrice du Mus\u00e9e de la Romanit\u00e9.<br \/><\/span><br \/><\/b>Guid\u00e9e par Marion, m\u00e9diatrice du mus\u00e9e, les \u00e9l\u00e8ves ont r\u00e9fl\u00e9chis sur leurs a priori et des id\u00e9es re\u00e7ues sur le sujet.<br \/>Pourquoi ces pr\u00e9jug\u00e9s ? Quelles places pour les femmes romaines dans le domaine priv\u00e9 ? Public ? Politique ? Economique ? Religieux ?<br \/>Une fois l\u2019\u00e9change termin\u00e9, ils ont pu faire l\u2019\u00e9tat des lieux de tout ce qui existait pour parler des femmes \u00e0 cette \u00e9poque.<br \/>L\u2019objectif ici \u00e9tait, une nouvelle fois, de les sensibiliser aux sources (travail d\u00e9j\u00e0 initi\u00e9e par les professeurs dans l\u2019\u00e9tape 1) :<br \/>Quelles sont les sources dont on dispose pour parler des femmes romaines ? De quelles traces du pass\u00e9 dispose-t-on ? Suite \u00e0 ces premi\u00e8res \u00e9tapes de r\u00e9flexion, de nombreuses questions ont \u00e9t\u00e9 pos\u00e9es aux \u00e9l\u00e8ves afin de d\u00e9construire leurs croyances et leurs pr\u00e9jug\u00e9s : Ont-ils pu affiner leurs pens\u00e9es ? D\u00e9construire leurs croyances ? Ont-ils trouv\u00e9 des sources qui allaient \u00e0 l\u2019encontre des pr\u00e9jug\u00e9s ? Si oui, lesquelles ? Et finalement quelle est leur conclusion ? Quels r\u00e9sultats tirer de cette \u00e9tude ? Quelle est leur nouvelle vision des femmes de l\u2019antiquit\u00e9 romaine et de Julia Domna ?<\/p>\n<\/div>\n<p>Publications sur le m\u00eame sujet:<\/p>\n<p>Villa 4. Histoire et arch\u00e9ologie de l\u2019occident musulman (viie-xve si\u00e8cle).,<a target=\"_blank\" rel=\"nofollow\" href=\"https:\/\/www.viaromana.org\/blog\/goto\/https:\/\/www.epagine.fr\/ebook\/9782810709878-villa-4-histoire-et-archeologie-de-l-occident-musulman-viie-xve-siecle-philippe-senac\/\"  target=\"_blank\" rel=\"noopener noreferrer nofollow\">Ouvrage <\/a><span><\/span>. A emprunter en biblioth\u00e8que.<\/p>\n<p>Mines et pouvoir au Moyen \u00c2ge.,<a target=\"_blank\" rel=\"nofollow\" href=\"https:\/\/www.viaromana.org\/blog\/goto\/https:\/\/www.kobo.com\/de\/fr\/ebook\/mines-et-pouvoir-au-moyen-age\"  target=\"_blank\" rel=\"noopener noreferrer nofollow\">(Disponible) <\/a><span><\/span>.<\/p>\n<p>Villa 3. Histoire et arch\u00e9ologie des soci\u00e9t\u00e9s de la Vall\u00e9e de L\u2019\u00c8bre (vii-xie si\u00e8cles).,<a target=\"_blank\" rel=\"nofollow\" href=\"https:\/\/www.viaromana.org\/blog\/goto\/https:\/\/www.epagine.fr\/ebook\/9782810709885-villa-3-histoire-et-archeologie-des-societes-de-la-vallee-de-l-ebre-vii-xie-siecles-philippe-senac\/\"  target=\"_blank\" rel=\"noopener noreferrer nofollow\">(la couverture) <\/a><span><\/span>.<\/p>\n<p>Plaisirs coupables, Tome 1 : Les Tr\u00e9sors de Daphn\u00e9.,<a target=\"_blank\" rel=\"nofollow\" href=\"https:\/\/www.viaromana.org\/blog\/goto\/https:\/\/booknode.com\/plaisirs_coupables_tome_1_les_tresors_de_daphne_074232\"  target=\"_blank\" rel=\"noopener noreferrer nofollow\">Le livre <\/a><span><\/span>.<\/p>\n","protected":false},"excerpt":{"rendered":"<p>Fid\u00e8le \u00e0 sa vocation, ce blog va porter \u00e0 votre connaissance un texte qui a \u00e9t\u00e9 vu sur internet. La th\u00e9matique est \u00abl\u2019arch\u00e9ologie\u00bb. Son titre s\u00e9duisant (Projet p\u00e9dagogique au Mus\u00e9e de la Romanit\u00e9 : quand le culturel se met au service de l\u2019enseignement.&nbsp;) est \u00e9vocateur. L\u2019\u00e9crivain (identifi\u00e9 sous le nom dev) est connu et fiable. Les informations concern\u00e9es sont ainsi jug\u00e9es v\u00e9ridiques. Cette ann\u00e9e, le Mus\u00e9e de la Romanit\u00e9 et le lyc\u00e9e Philippe Lamour se sont associ\u00e9s dans le but de d\u00e9construire les croyances et les id\u00e9es re\u00e7ues des femmes dans l\u2019antiquit\u00e9 romaine en d\u00e9couvrant une d\u00e9marche scientifique historique. Reflexion\u2026<\/p>\n","protected":false},"author":1,"featured_media":0,"comment_status":"closed","ping_status":"closed","sticky":false,"template":"","format":"standard","meta":{"footnotes":""},"categories":[2],"tags":[],"blocksy_meta":{"styles_descriptor":{"styles":{"desktop":"","tablet":"","mobile":""},"google_fonts":[],"version":4}},"yoast_head":"<!-- This site is optimized with the Yoast SEO plugin v21.1 - https:\/\/yoast.com\/wordpress\/plugins\/seo\/ -->\n<title>Derni\u00e8re actu toute fraiche : Projet p\u00e9dagogique au Mus\u00e9e de la Romanit\u00e9 : quand le culturel se met au service de l\u2019enseignement.\u00a0 - Viaromana et arch\u00e9ologie.<\/title>\n<meta name=\"description\" content=\"Derni\u00e8re actu toute fraiche : Projet p\u00e9dagogique au Mus\u00e9e de la Romanit\u00e9 : quand le culturel se met au service de l\u2019enseignement.\u00a0 article de Viaromana et arch\u00e9ologie.\" \/>\n<meta name=\"robots\" content=\"index, follow, max-snippet:-1, max-image-preview:large, max-video-preview:-1\" \/>\n<link rel=\"canonical\" href=\"https:\/\/www.viaromana.org\/blog\/derniere-actu-toute-fraiche-projet-pedagogique-au-musee-de-la-romanite-quand-le-culturel-se-met-au-service-de-lenseignement\/\" \/>\n<meta property=\"og:locale\" content=\"fr_FR\" \/>\n<meta property=\"og:type\" content=\"article\" \/>\n<meta property=\"og:title\" content=\"Derni\u00e8re actu toute fraiche : Projet p\u00e9dagogique au Mus\u00e9e de la Romanit\u00e9 : quand le culturel se met au service de l\u2019enseignement.\u00a0 - Viaromana et arch\u00e9ologie.\" \/>\n<meta property=\"og:description\" content=\"Derni\u00e8re actu toute fraiche : Projet p\u00e9dagogique au Mus\u00e9e de la Romanit\u00e9 : quand le culturel se met au service de l\u2019enseignement.\u00a0 article de Viaromana et arch\u00e9ologie.\" \/>\n<meta property=\"og:url\" content=\"https:\/\/www.viaromana.org\/blog\/derniere-actu-toute-fraiche-projet-pedagogique-au-musee-de-la-romanite-quand-le-culturel-se-met-au-service-de-lenseignement\/\" \/>\n<meta property=\"og:site_name\" content=\"Viaromana et arch\u00e9ologie.\" \/>\n<meta property=\"article:published_time\" content=\"2023-03-24T10:40:56+00:00\" \/>\n<meta name=\"author\" content=\"Robert\" \/>\n<meta name=\"twitter:card\" content=\"summary_large_image\" \/>\n<meta name=\"twitter:label1\" content=\"\u00c9crit par\" \/>\n\t<meta name=\"twitter:data1\" content=\"Robert\" \/>\n\t<meta name=\"twitter:label2\" content=\"Dur\u00e9e de lecture estim\u00e9e\" \/>\n\t<meta name=\"twitter:data2\" content=\"3 minutes\" \/>\n<script type=\"application\/ld+json\" class=\"yoast-schema-graph\">{\"@context\":\"https:\/\/schema.org\",\"@graph\":[{\"@type\":\"Article\",\"@id\":\"https:\/\/www.viaromana.org\/blog\/derniere-actu-toute-fraiche-projet-pedagogique-au-musee-de-la-romanite-quand-le-culturel-se-met-au-service-de-lenseignement\/#article\",\"isPartOf\":{\"@id\":\"https:\/\/www.viaromana.org\/blog\/derniere-actu-toute-fraiche-projet-pedagogique-au-musee-de-la-romanite-quand-le-culturel-se-met-au-service-de-lenseignement\/\"},\"author\":{\"name\":\"Robert\",\"@id\":\"https:\/\/www.viaromana.org\/blog\/#\/schema\/person\/cde9c4655845091e1fe473fcd163c889\"},\"headline\":\"Derni\u00e8re actu toute fraiche : Projet p\u00e9dagogique au Mus\u00e9e de la Romanit\u00e9 : quand le culturel se met au service de l\u2019enseignement.\u00a0\",\"datePublished\":\"2023-03-24T10:40:56+00:00\",\"dateModified\":\"2023-03-24T10:40:56+00:00\",\"mainEntityOfPage\":{\"@id\":\"https:\/\/www.viaromana.org\/blog\/derniere-actu-toute-fraiche-projet-pedagogique-au-musee-de-la-romanite-quand-le-culturel-se-met-au-service-de-lenseignement\/\"},\"wordCount\":655,\"publisher\":{\"@id\":\"https:\/\/www.viaromana.org\/blog\/#organization\"},\"articleSection\":[\"Arch\u00e9ologie\"],\"inLanguage\":\"fr-FR\"},{\"@type\":\"WebPage\",\"@id\":\"https:\/\/www.viaromana.org\/blog\/derniere-actu-toute-fraiche-projet-pedagogique-au-musee-de-la-romanite-quand-le-culturel-se-met-au-service-de-lenseignement\/\",\"url\":\"https:\/\/www.viaromana.org\/blog\/derniere-actu-toute-fraiche-projet-pedagogique-au-musee-de-la-romanite-quand-le-culturel-se-met-au-service-de-lenseignement\/\",\"name\":\"Derni\u00e8re actu toute fraiche : Projet p\u00e9dagogique au Mus\u00e9e de la Romanit\u00e9 : quand le culturel se met au service de l\u2019enseignement.\u00a0 - Viaromana et arch\u00e9ologie.\",\"isPartOf\":{\"@id\":\"https:\/\/www.viaromana.org\/blog\/#website\"},\"datePublished\":\"2023-03-24T10:40:56+00:00\",\"dateModified\":\"2023-03-24T10:40:56+00:00\",\"description\":\"Derni\u00e8re actu toute fraiche : Projet p\u00e9dagogique au Mus\u00e9e de la Romanit\u00e9 : quand le culturel se met au service de l\u2019enseignement.\u00a0 article de Viaromana et arch\u00e9ologie.\",\"breadcrumb\":{\"@id\":\"https:\/\/www.viaromana.org\/blog\/derniere-actu-toute-fraiche-projet-pedagogique-au-musee-de-la-romanite-quand-le-culturel-se-met-au-service-de-lenseignement\/#breadcrumb\"},\"inLanguage\":\"fr-FR\",\"potentialAction\":[{\"@type\":\"ReadAction\",\"target\":[\"https:\/\/www.viaromana.org\/blog\/derniere-actu-toute-fraiche-projet-pedagogique-au-musee-de-la-romanite-quand-le-culturel-se-met-au-service-de-lenseignement\/\"]}]},{\"@type\":\"BreadcrumbList\",\"@id\":\"https:\/\/www.viaromana.org\/blog\/derniere-actu-toute-fraiche-projet-pedagogique-au-musee-de-la-romanite-quand-le-culturel-se-met-au-service-de-lenseignement\/#breadcrumb\",\"itemListElement\":[{\"@type\":\"ListItem\",\"position\":1,\"name\":\"Accueil\",\"item\":\"https:\/\/www.viaromana.org\/blog\/\"},{\"@type\":\"ListItem\",\"position\":2,\"name\":\"Derni\u00e8re actu toute fraiche : Projet p\u00e9dagogique au Mus\u00e9e de la Romanit\u00e9 : quand le culturel se met au service de l\u2019enseignement.\u00a0\"}]},{\"@type\":\"WebSite\",\"@id\":\"https:\/\/www.viaromana.org\/blog\/#website\",\"url\":\"https:\/\/www.viaromana.org\/blog\/\",\"name\":\"Viaromana et arch\u00e9ologie.\",\"description\":\"Site arch\u00e9ologique de la voie romaine (viaromana) Belgique-France-Rome\",\"publisher\":{\"@id\":\"https:\/\/www.viaromana.org\/blog\/#organization\"},\"potentialAction\":[{\"@type\":\"SearchAction\",\"target\":{\"@type\":\"EntryPoint\",\"urlTemplate\":\"https:\/\/www.viaromana.org\/blog\/?s={search_term_string}\"},\"query-input\":\"required name=search_term_string\"}],\"inLanguage\":\"fr-FR\"},{\"@type\":\"Organization\",\"@id\":\"https:\/\/www.viaromana.org\/blog\/#organization\",\"name\":\"viaromana\",\"url\":\"https:\/\/www.viaromana.org\/blog\/\",\"logo\":{\"@type\":\"ImageObject\",\"inLanguage\":\"fr-FR\",\"@id\":\"https:\/\/www.viaromana.org\/blog\/#\/schema\/logo\/image\/\",\"url\":\"https:\/\/www.viaromana.org\/blog\/wp-content\/uploads\/2021\/12\/logo-3.png\",\"contentUrl\":\"https:\/\/www.viaromana.org\/blog\/wp-content\/uploads\/2021\/12\/logo-3.png\",\"width\":300,\"height\":249,\"caption\":\"viaromana\"},\"image\":{\"@id\":\"https:\/\/www.viaromana.org\/blog\/#\/schema\/logo\/image\/\"}},{\"@type\":\"Person\",\"@id\":\"https:\/\/www.viaromana.org\/blog\/#\/schema\/person\/cde9c4655845091e1fe473fcd163c889\",\"name\":\"Robert\",\"image\":{\"@type\":\"ImageObject\",\"inLanguage\":\"fr-FR\",\"@id\":\"https:\/\/www.viaromana.org\/blog\/#\/schema\/person\/image\/\",\"url\":\"https:\/\/secure.gravatar.com\/avatar\/a168ec191013b636c2f278aec04e724b?s=96&d=mm&r=g\",\"contentUrl\":\"https:\/\/secure.gravatar.com\/avatar\/a168ec191013b636c2f278aec04e724b?s=96&d=mm&r=g\",\"caption\":\"Robert\"},\"sameAs\":[\"https:\/\/www.viaromana.org\/blog\"],\"url\":\"https:\/\/www.viaromana.org\/blog\/author\/anaadmin\/\"}]}<\/script>\n<!-- \/ Yoast SEO plugin. -->","yoast_head_json":{"title":"Derni\u00e8re actu toute fraiche : Projet p\u00e9dagogique au Mus\u00e9e de la Romanit\u00e9 : quand le culturel se met au service de l\u2019enseignement.\u00a0 - Viaromana et arch\u00e9ologie.","description":"Derni\u00e8re actu toute fraiche : Projet p\u00e9dagogique au Mus\u00e9e de la Romanit\u00e9 : quand le culturel se met au service de l\u2019enseignement.\u00a0 article de Viaromana et arch\u00e9ologie.","robots":{"index":"index","follow":"follow","max-snippet":"max-snippet:-1","max-image-preview":"max-image-preview:large","max-video-preview":"max-video-preview:-1"},"canonical":"https:\/\/www.viaromana.org\/blog\/derniere-actu-toute-fraiche-projet-pedagogique-au-musee-de-la-romanite-quand-le-culturel-se-met-au-service-de-lenseignement\/","og_locale":"fr_FR","og_type":"article","og_title":"Derni\u00e8re actu toute fraiche : Projet p\u00e9dagogique au Mus\u00e9e de la Romanit\u00e9 : quand le culturel se met au service de l\u2019enseignement.\u00a0 - Viaromana et arch\u00e9ologie.","og_description":"Derni\u00e8re actu toute fraiche : Projet p\u00e9dagogique au Mus\u00e9e de la Romanit\u00e9 : quand le culturel se met au service de l\u2019enseignement.\u00a0 article de Viaromana et arch\u00e9ologie.","og_url":"https:\/\/www.viaromana.org\/blog\/derniere-actu-toute-fraiche-projet-pedagogique-au-musee-de-la-romanite-quand-le-culturel-se-met-au-service-de-lenseignement\/","og_site_name":"Viaromana et arch\u00e9ologie.","article_published_time":"2023-03-24T10:40:56+00:00","author":"Robert","twitter_card":"summary_large_image","twitter_misc":{"\u00c9crit par":"Robert","Dur\u00e9e de lecture estim\u00e9e":"3 minutes"},"schema":{"@context":"https:\/\/schema.org","@graph":[{"@type":"Article","@id":"https:\/\/www.viaromana.org\/blog\/derniere-actu-toute-fraiche-projet-pedagogique-au-musee-de-la-romanite-quand-le-culturel-se-met-au-service-de-lenseignement\/#article","isPartOf":{"@id":"https:\/\/www.viaromana.org\/blog\/derniere-actu-toute-fraiche-projet-pedagogique-au-musee-de-la-romanite-quand-le-culturel-se-met-au-service-de-lenseignement\/"},"author":{"name":"Robert","@id":"https:\/\/www.viaromana.org\/blog\/#\/schema\/person\/cde9c4655845091e1fe473fcd163c889"},"headline":"Derni\u00e8re actu toute fraiche : Projet p\u00e9dagogique au Mus\u00e9e de la Romanit\u00e9 : quand le culturel se met au service de l\u2019enseignement.\u00a0","datePublished":"2023-03-24T10:40:56+00:00","dateModified":"2023-03-24T10:40:56+00:00","mainEntityOfPage":{"@id":"https:\/\/www.viaromana.org\/blog\/derniere-actu-toute-fraiche-projet-pedagogique-au-musee-de-la-romanite-quand-le-culturel-se-met-au-service-de-lenseignement\/"},"wordCount":655,"publisher":{"@id":"https:\/\/www.viaromana.org\/blog\/#organization"},"articleSection":["Arch\u00e9ologie"],"inLanguage":"fr-FR"},{"@type":"WebPage","@id":"https:\/\/www.viaromana.org\/blog\/derniere-actu-toute-fraiche-projet-pedagogique-au-musee-de-la-romanite-quand-le-culturel-se-met-au-service-de-lenseignement\/","url":"https:\/\/www.viaromana.org\/blog\/derniere-actu-toute-fraiche-projet-pedagogique-au-musee-de-la-romanite-quand-le-culturel-se-met-au-service-de-lenseignement\/","name":"Derni\u00e8re actu toute fraiche : Projet p\u00e9dagogique au Mus\u00e9e de la Romanit\u00e9 : quand le culturel se met au service de l\u2019enseignement.\u00a0 - Viaromana et arch\u00e9ologie.","isPartOf":{"@id":"https:\/\/www.viaromana.org\/blog\/#website"},"datePublished":"2023-03-24T10:40:56+00:00","dateModified":"2023-03-24T10:40:56+00:00","description":"Derni\u00e8re actu toute fraiche : Projet p\u00e9dagogique au Mus\u00e9e de la Romanit\u00e9 : quand le culturel se met au service de l\u2019enseignement.\u00a0 article de Viaromana et arch\u00e9ologie.","breadcrumb":{"@id":"https:\/\/www.viaromana.org\/blog\/derniere-actu-toute-fraiche-projet-pedagogique-au-musee-de-la-romanite-quand-le-culturel-se-met-au-service-de-lenseignement\/#breadcrumb"},"inLanguage":"fr-FR","potentialAction":[{"@type":"ReadAction","target":["https:\/\/www.viaromana.org\/blog\/derniere-actu-toute-fraiche-projet-pedagogique-au-musee-de-la-romanite-quand-le-culturel-se-met-au-service-de-lenseignement\/"]}]},{"@type":"BreadcrumbList","@id":"https:\/\/www.viaromana.org\/blog\/derniere-actu-toute-fraiche-projet-pedagogique-au-musee-de-la-romanite-quand-le-culturel-se-met-au-service-de-lenseignement\/#breadcrumb","itemListElement":[{"@type":"ListItem","position":1,"name":"Accueil","item":"https:\/\/www.viaromana.org\/blog\/"},{"@type":"ListItem","position":2,"name":"Derni\u00e8re actu toute fraiche : Projet p\u00e9dagogique au Mus\u00e9e de la Romanit\u00e9 : quand le culturel se met au service de l\u2019enseignement.\u00a0"}]},{"@type":"WebSite","@id":"https:\/\/www.viaromana.org\/blog\/#website","url":"https:\/\/www.viaromana.org\/blog\/","name":"Viaromana et arch\u00e9ologie.","description":"Site arch\u00e9ologique de la voie romaine (viaromana) Belgique-France-Rome","publisher":{"@id":"https:\/\/www.viaromana.org\/blog\/#organization"},"potentialAction":[{"@type":"SearchAction","target":{"@type":"EntryPoint","urlTemplate":"https:\/\/www.viaromana.org\/blog\/?s={search_term_string}"},"query-input":"required name=search_term_string"}],"inLanguage":"fr-FR"},{"@type":"Organization","@id":"https:\/\/www.viaromana.org\/blog\/#organization","name":"viaromana","url":"https:\/\/www.viaromana.org\/blog\/","logo":{"@type":"ImageObject","inLanguage":"fr-FR","@id":"https:\/\/www.viaromana.org\/blog\/#\/schema\/logo\/image\/","url":"https:\/\/www.viaromana.org\/blog\/wp-content\/uploads\/2021\/12\/logo-3.png","contentUrl":"https:\/\/www.viaromana.org\/blog\/wp-content\/uploads\/2021\/12\/logo-3.png","width":300,"height":249,"caption":"viaromana"},"image":{"@id":"https:\/\/www.viaromana.org\/blog\/#\/schema\/logo\/image\/"}},{"@type":"Person","@id":"https:\/\/www.viaromana.org\/blog\/#\/schema\/person\/cde9c4655845091e1fe473fcd163c889","name":"Robert","image":{"@type":"ImageObject","inLanguage":"fr-FR","@id":"https:\/\/www.viaromana.org\/blog\/#\/schema\/person\/image\/","url":"https:\/\/secure.gravatar.com\/avatar\/a168ec191013b636c2f278aec04e724b?s=96&d=mm&r=g","contentUrl":"https:\/\/secure.gravatar.com\/avatar\/a168ec191013b636c2f278aec04e724b?s=96&d=mm&r=g","caption":"Robert"},"sameAs":["https:\/\/www.viaromana.org\/blog"],"url":"https:\/\/www.viaromana.org\/blog\/author\/anaadmin\/"}]}},"_links":{"self":[{"href":"https:\/\/www.viaromana.org\/blog\/wp-json\/wp\/v2\/posts\/1609"}],"collection":[{"href":"https:\/\/www.viaromana.org\/blog\/wp-json\/wp\/v2\/posts"}],"about":[{"href":"https:\/\/www.viaromana.org\/blog\/wp-json\/wp\/v2\/types\/post"}],"author":[{"embeddable":true,"href":"https:\/\/www.viaromana.org\/blog\/wp-json\/wp\/v2\/users\/1"}],"replies":[{"embeddable":true,"href":"https:\/\/www.viaromana.org\/blog\/wp-json\/wp\/v2\/comments?post=1609"}],"version-history":[{"count":0,"href":"https:\/\/www.viaromana.org\/blog\/wp-json\/wp\/v2\/posts\/1609\/revisions"}],"wp:attachment":[{"href":"https:\/\/www.viaromana.org\/blog\/wp-json\/wp\/v2\/media?parent=1609"}],"wp:term":[{"taxonomy":"category","embeddable":true,"href":"https:\/\/www.viaromana.org\/blog\/wp-json\/wp\/v2\/categories?post=1609"},{"taxonomy":"post_tag","embeddable":true,"href":"https:\/\/www.viaromana.org\/blog\/wp-json\/wp\/v2\/tags?post=1609"}],"curies":[{"name":"wp","href":"https:\/\/api.w.org\/{rel}","templated":true}]}}