{"id":1605,"date":"2023-03-22T15:35:48","date_gmt":"2023-03-22T14:35:48","guid":{"rendered":"https:\/\/www.site.cdcl.xyz\/2023\/03\/22\/retour-sur-ledito-atelier-mon-petit-theatre-dobjets\/"},"modified":"2023-03-22T15:35:48","modified_gmt":"2023-03-22T14:35:48","slug":"retour-sur-ledito-atelier-mon-petit-theatre-dobjets","status":"publish","type":"post","link":"https:\/\/www.viaromana.org\/blog\/retour-sur-ledito-atelier-mon-petit-theatre-dobjets\/","title":{"rendered":"Retour sur l\u2019\u00e9dito : Atelier Mon petit th\u00e9\u00e2tre d\u2019objets"},"content":{"rendered":"<p>En visitant le web notre \u00e9quipe a d\u00e9couvert un \u00e9ditorial qui risque de vous interpeller. Son th\u00e8me est \u00ab&nbsp;l\u2019arch\u00e9ologie&nbsp;\u00bb.<\/p>\n<p>Le titre (Atelier Mon petit th\u00e9\u00e2tre d\u2019objets) est \u00e9vocateur.<\/p>\n<p> Pr\u00e9sent\u00e9 sous la signature \u00abOlivier_laudrin\u00bb, le journaliste est reconnu comme quelqu\u2019un de s\u00e9rieux pour d\u2019autres articles qu\u2019il a publi\u00e9s sur internet.<\/p>\n<p>Vous pouvez en cons\u00e9quence vous fier aux r\u00e9v\u00e9lations qu\u2019il diffuse.<\/p>\n<div>\n<div>\n<p><strong>Atelier Mon petit th\u00e9\u00e2tre d\u2019objets<\/strong><\/p>\n<p>Les objets peints par Genevi\u00e8ve Asse sont magiques. Donnez vie \u00e0 ces derniers et venez fabriquer un petit th\u00e9\u00e2tre o\u00f9 les tableaux deviendront les d\u00e9cors d\u2019un r\u00e9cit incroyable.<br \/>&nbsp;<\/p>\n<ul>\n<li>Vendredi 21&nbsp;\u00e0 10h<\/li>\n<li>Dur\u00e9e : 2h<\/li>\n<li>Tarif adulte : 6 \u20ac<\/li>\n<li>Tarif enfant (\u00e0 partir de 6 ans) : 4 \u20ac<\/li>\n<\/ul>\n<\/div>\n<\/div>\n<p>Bibliographie :<\/p>\n<p>Recherches arch\u00e9ologiques en Angola ; pr\u00e9histoire, art rupestre, arch\u00e9ologie fun\u00e9raire.,<a target=\"_blank\" rel=\"nofollow\" href=\"https:\/\/www.viaromana.org\/blog\/goto\/https:\/\/www.epagine.fr\/ebook\/9782296200371-recherches-archeologiques-en-angola-prehistoire-art-rupestre-archeologie-funeraire-manuel-gutierrez\/\"  target=\"_blank\" rel=\"noopener noreferrer nofollow\">Le livre <\/a><span><\/span>.<\/p>\n<p>Pour une histoire de l\u2019arch\u00e9ologie XVIIIe si\u00e8cle \u2013 1945.,<a target=\"_blank\" rel=\"nofollow\" href=\"https:\/\/www.viaromana.org\/blog\/goto\/https:\/\/www.kobo.com\/de\/fr\/ebook\/pour-une-histoire-de-l-archeologie-xviiie-siecle-1945\"  target=\"_blank\" rel=\"noopener noreferrer nofollow\">Le livre <\/a><span><\/span>.<\/p>\n<p>Verdun.,<a target=\"_blank\" rel=\"nofollow\" href=\"https:\/\/www.viaromana.org\/blog\/goto\/https:\/\/www.epagine.fr\/ebook\/9782307447436-verdun-centre-national-d-archeologie-urbaine-franck-gama\/\"  target=\"_blank\" rel=\"noopener noreferrer nofollow\">Le livre <\/a><span><\/span>.<\/p>\n<p>Observations critiques sur l\u2019arch\u00e9ologie dite pr\u00e9historique.,<a target=\"_blank\" rel=\"nofollow\" href=\"https:\/\/www.viaromana.org\/blog\/goto\/https:\/\/www.epagine.fr\/ebook\/9782346082339-observations-critiques-sur-l-archeologie-dite-prehistorique-felix-robiou\/\"  target=\"_blank\" rel=\"noopener noreferrer nofollow\">A voir et \u00e0 lire. <\/a><span><\/span>.<\/p>\n","protected":false},"excerpt":{"rendered":"<p>En visitant le web notre \u00e9quipe a d\u00e9couvert un \u00e9ditorial qui risque de vous interpeller. Son th\u00e8me est \u00ab&nbsp;l\u2019arch\u00e9ologie&nbsp;\u00bb. Le titre (Atelier Mon petit th\u00e9\u00e2tre d\u2019objets) est \u00e9vocateur. Pr\u00e9sent\u00e9 sous la signature \u00abOlivier_laudrin\u00bb, le journaliste est reconnu comme quelqu\u2019un de s\u00e9rieux pour d\u2019autres articles qu\u2019il a publi\u00e9s sur internet. Vous pouvez en cons\u00e9quence vous fier aux r\u00e9v\u00e9lations qu\u2019il diffuse. Atelier Mon petit th\u00e9\u00e2tre d\u2019objets Les objets peints par Genevi\u00e8ve Asse sont magiques. Donnez vie \u00e0 ces derniers et venez fabriquer un petit th\u00e9\u00e2tre o\u00f9 les tableaux deviendront les d\u00e9cors d\u2019un r\u00e9cit incroyable.&nbsp; Vendredi 21&nbsp;\u00e0 10h Dur\u00e9e : 2h Tarif adulte\u2026<\/p>\n","protected":false},"author":1,"featured_media":0,"comment_status":"closed","ping_status":"closed","sticky":false,"template":"","format":"standard","meta":{"footnotes":""},"categories":[2],"tags":[],"blocksy_meta":{"styles_descriptor":{"styles":{"desktop":"","tablet":"","mobile":""},"google_fonts":[],"version":4}},"yoast_head":"<!-- This site is optimized with the Yoast SEO plugin v21.1 - https:\/\/yoast.com\/wordpress\/plugins\/seo\/ -->\n<title>Retour sur l\u2019\u00e9dito : Atelier Mon petit th\u00e9\u00e2tre d\u2019objets - Viaromana et arch\u00e9ologie.<\/title>\n<meta name=\"description\" content=\"Retour sur l\u2019\u00e9dito : Atelier Mon petit th\u00e9\u00e2tre d\u2019objets article de Viaromana et arch\u00e9ologie.\" \/>\n<meta name=\"robots\" content=\"index, follow, max-snippet:-1, max-image-preview:large, max-video-preview:-1\" \/>\n<link rel=\"canonical\" href=\"https:\/\/www.viaromana.org\/blog\/retour-sur-ledito-atelier-mon-petit-theatre-dobjets\/\" \/>\n<meta property=\"og:locale\" content=\"fr_FR\" \/>\n<meta property=\"og:type\" content=\"article\" \/>\n<meta property=\"og:title\" content=\"Retour sur l\u2019\u00e9dito : Atelier Mon petit th\u00e9\u00e2tre d\u2019objets - Viaromana et arch\u00e9ologie.\" \/>\n<meta property=\"og:description\" content=\"Retour sur l\u2019\u00e9dito : Atelier Mon petit th\u00e9\u00e2tre d\u2019objets article de Viaromana et arch\u00e9ologie.\" \/>\n<meta property=\"og:url\" content=\"https:\/\/www.viaromana.org\/blog\/retour-sur-ledito-atelier-mon-petit-theatre-dobjets\/\" \/>\n<meta property=\"og:site_name\" content=\"Viaromana et arch\u00e9ologie.\" \/>\n<meta property=\"article:published_time\" content=\"2023-03-22T14:35:48+00:00\" \/>\n<meta name=\"author\" content=\"Robert\" \/>\n<meta name=\"twitter:card\" content=\"summary_large_image\" \/>\n<meta name=\"twitter:label1\" content=\"\u00c9crit par\" \/>\n\t<meta name=\"twitter:data1\" content=\"Robert\" \/>\n\t<meta name=\"twitter:label2\" content=\"Dur\u00e9e de lecture estim\u00e9e\" \/>\n\t<meta name=\"twitter:data2\" content=\"1 minute\" \/>\n<script type=\"application\/ld+json\" class=\"yoast-schema-graph\">{\"@context\":\"https:\/\/schema.org\",\"@graph\":[{\"@type\":\"Article\",\"@id\":\"https:\/\/www.viaromana.org\/blog\/retour-sur-ledito-atelier-mon-petit-theatre-dobjets\/#article\",\"isPartOf\":{\"@id\":\"https:\/\/www.viaromana.org\/blog\/retour-sur-ledito-atelier-mon-petit-theatre-dobjets\/\"},\"author\":{\"name\":\"Robert\",\"@id\":\"https:\/\/www.viaromana.org\/blog\/#\/schema\/person\/cde9c4655845091e1fe473fcd163c889\"},\"headline\":\"Retour sur l\u2019\u00e9dito : Atelier Mon petit th\u00e9\u00e2tre d\u2019objets\",\"datePublished\":\"2023-03-22T14:35:48+00:00\",\"dateModified\":\"2023-03-22T14:35:48+00:00\",\"mainEntityOfPage\":{\"@id\":\"https:\/\/www.viaromana.org\/blog\/retour-sur-ledito-atelier-mon-petit-theatre-dobjets\/\"},\"wordCount\":186,\"publisher\":{\"@id\":\"https:\/\/www.viaromana.org\/blog\/#organization\"},\"articleSection\":[\"Arch\u00e9ologie\"],\"inLanguage\":\"fr-FR\"},{\"@type\":\"WebPage\",\"@id\":\"https:\/\/www.viaromana.org\/blog\/retour-sur-ledito-atelier-mon-petit-theatre-dobjets\/\",\"url\":\"https:\/\/www.viaromana.org\/blog\/retour-sur-ledito-atelier-mon-petit-theatre-dobjets\/\",\"name\":\"Retour sur l\u2019\u00e9dito : Atelier Mon petit th\u00e9\u00e2tre d\u2019objets - Viaromana et arch\u00e9ologie.\",\"isPartOf\":{\"@id\":\"https:\/\/www.viaromana.org\/blog\/#website\"},\"datePublished\":\"2023-03-22T14:35:48+00:00\",\"dateModified\":\"2023-03-22T14:35:48+00:00\",\"description\":\"Retour sur l\u2019\u00e9dito : Atelier Mon petit th\u00e9\u00e2tre d\u2019objets article de Viaromana et arch\u00e9ologie.\",\"breadcrumb\":{\"@id\":\"https:\/\/www.viaromana.org\/blog\/retour-sur-ledito-atelier-mon-petit-theatre-dobjets\/#breadcrumb\"},\"inLanguage\":\"fr-FR\",\"potentialAction\":[{\"@type\":\"ReadAction\",\"target\":[\"https:\/\/www.viaromana.org\/blog\/retour-sur-ledito-atelier-mon-petit-theatre-dobjets\/\"]}]},{\"@type\":\"BreadcrumbList\",\"@id\":\"https:\/\/www.viaromana.org\/blog\/retour-sur-ledito-atelier-mon-petit-theatre-dobjets\/#breadcrumb\",\"itemListElement\":[{\"@type\":\"ListItem\",\"position\":1,\"name\":\"Accueil\",\"item\":\"https:\/\/www.viaromana.org\/blog\/\"},{\"@type\":\"ListItem\",\"position\":2,\"name\":\"Retour sur l\u2019\u00e9dito : Atelier Mon petit th\u00e9\u00e2tre d\u2019objets\"}]},{\"@type\":\"WebSite\",\"@id\":\"https:\/\/www.viaromana.org\/blog\/#website\",\"url\":\"https:\/\/www.viaromana.org\/blog\/\",\"name\":\"Viaromana et arch\u00e9ologie.\",\"description\":\"Site arch\u00e9ologique de la voie romaine (viaromana) Belgique-France-Rome\",\"publisher\":{\"@id\":\"https:\/\/www.viaromana.org\/blog\/#organization\"},\"potentialAction\":[{\"@type\":\"SearchAction\",\"target\":{\"@type\":\"EntryPoint\",\"urlTemplate\":\"https:\/\/www.viaromana.org\/blog\/?s={search_term_string}\"},\"query-input\":\"required name=search_term_string\"}],\"inLanguage\":\"fr-FR\"},{\"@type\":\"Organization\",\"@id\":\"https:\/\/www.viaromana.org\/blog\/#organization\",\"name\":\"viaromana\",\"url\":\"https:\/\/www.viaromana.org\/blog\/\",\"logo\":{\"@type\":\"ImageObject\",\"inLanguage\":\"fr-FR\",\"@id\":\"https:\/\/www.viaromana.org\/blog\/#\/schema\/logo\/image\/\",\"url\":\"https:\/\/www.viaromana.org\/blog\/wp-content\/uploads\/2021\/12\/logo-3.png\",\"contentUrl\":\"https:\/\/www.viaromana.org\/blog\/wp-content\/uploads\/2021\/12\/logo-3.png\",\"width\":300,\"height\":249,\"caption\":\"viaromana\"},\"image\":{\"@id\":\"https:\/\/www.viaromana.org\/blog\/#\/schema\/logo\/image\/\"}},{\"@type\":\"Person\",\"@id\":\"https:\/\/www.viaromana.org\/blog\/#\/schema\/person\/cde9c4655845091e1fe473fcd163c889\",\"name\":\"Robert\",\"image\":{\"@type\":\"ImageObject\",\"inLanguage\":\"fr-FR\",\"@id\":\"https:\/\/www.viaromana.org\/blog\/#\/schema\/person\/image\/\",\"url\":\"https:\/\/secure.gravatar.com\/avatar\/a168ec191013b636c2f278aec04e724b?s=96&d=mm&r=g\",\"contentUrl\":\"https:\/\/secure.gravatar.com\/avatar\/a168ec191013b636c2f278aec04e724b?s=96&d=mm&r=g\",\"caption\":\"Robert\"},\"sameAs\":[\"https:\/\/www.viaromana.org\/blog\"],\"url\":\"https:\/\/www.viaromana.org\/blog\/author\/anaadmin\/\"}]}<\/script>\n<!-- \/ Yoast SEO plugin. -->","yoast_head_json":{"title":"Retour sur l\u2019\u00e9dito : Atelier Mon petit th\u00e9\u00e2tre d\u2019objets - Viaromana et arch\u00e9ologie.","description":"Retour sur l\u2019\u00e9dito : Atelier Mon petit th\u00e9\u00e2tre d\u2019objets article de Viaromana et arch\u00e9ologie.","robots":{"index":"index","follow":"follow","max-snippet":"max-snippet:-1","max-image-preview":"max-image-preview:large","max-video-preview":"max-video-preview:-1"},"canonical":"https:\/\/www.viaromana.org\/blog\/retour-sur-ledito-atelier-mon-petit-theatre-dobjets\/","og_locale":"fr_FR","og_type":"article","og_title":"Retour sur l\u2019\u00e9dito : Atelier Mon petit th\u00e9\u00e2tre d\u2019objets - Viaromana et arch\u00e9ologie.","og_description":"Retour sur l\u2019\u00e9dito : Atelier Mon petit th\u00e9\u00e2tre d\u2019objets article de Viaromana et arch\u00e9ologie.","og_url":"https:\/\/www.viaromana.org\/blog\/retour-sur-ledito-atelier-mon-petit-theatre-dobjets\/","og_site_name":"Viaromana et arch\u00e9ologie.","article_published_time":"2023-03-22T14:35:48+00:00","author":"Robert","twitter_card":"summary_large_image","twitter_misc":{"\u00c9crit par":"Robert","Dur\u00e9e de lecture estim\u00e9e":"1 minute"},"schema":{"@context":"https:\/\/schema.org","@graph":[{"@type":"Article","@id":"https:\/\/www.viaromana.org\/blog\/retour-sur-ledito-atelier-mon-petit-theatre-dobjets\/#article","isPartOf":{"@id":"https:\/\/www.viaromana.org\/blog\/retour-sur-ledito-atelier-mon-petit-theatre-dobjets\/"},"author":{"name":"Robert","@id":"https:\/\/www.viaromana.org\/blog\/#\/schema\/person\/cde9c4655845091e1fe473fcd163c889"},"headline":"Retour sur l\u2019\u00e9dito : Atelier Mon petit th\u00e9\u00e2tre d\u2019objets","datePublished":"2023-03-22T14:35:48+00:00","dateModified":"2023-03-22T14:35:48+00:00","mainEntityOfPage":{"@id":"https:\/\/www.viaromana.org\/blog\/retour-sur-ledito-atelier-mon-petit-theatre-dobjets\/"},"wordCount":186,"publisher":{"@id":"https:\/\/www.viaromana.org\/blog\/#organization"},"articleSection":["Arch\u00e9ologie"],"inLanguage":"fr-FR"},{"@type":"WebPage","@id":"https:\/\/www.viaromana.org\/blog\/retour-sur-ledito-atelier-mon-petit-theatre-dobjets\/","url":"https:\/\/www.viaromana.org\/blog\/retour-sur-ledito-atelier-mon-petit-theatre-dobjets\/","name":"Retour sur l\u2019\u00e9dito : Atelier Mon petit th\u00e9\u00e2tre d\u2019objets - Viaromana et arch\u00e9ologie.","isPartOf":{"@id":"https:\/\/www.viaromana.org\/blog\/#website"},"datePublished":"2023-03-22T14:35:48+00:00","dateModified":"2023-03-22T14:35:48+00:00","description":"Retour sur l\u2019\u00e9dito : Atelier Mon petit th\u00e9\u00e2tre d\u2019objets article de Viaromana et arch\u00e9ologie.","breadcrumb":{"@id":"https:\/\/www.viaromana.org\/blog\/retour-sur-ledito-atelier-mon-petit-theatre-dobjets\/#breadcrumb"},"inLanguage":"fr-FR","potentialAction":[{"@type":"ReadAction","target":["https:\/\/www.viaromana.org\/blog\/retour-sur-ledito-atelier-mon-petit-theatre-dobjets\/"]}]},{"@type":"BreadcrumbList","@id":"https:\/\/www.viaromana.org\/blog\/retour-sur-ledito-atelier-mon-petit-theatre-dobjets\/#breadcrumb","itemListElement":[{"@type":"ListItem","position":1,"name":"Accueil","item":"https:\/\/www.viaromana.org\/blog\/"},{"@type":"ListItem","position":2,"name":"Retour sur l\u2019\u00e9dito : Atelier Mon petit th\u00e9\u00e2tre d\u2019objets"}]},{"@type":"WebSite","@id":"https:\/\/www.viaromana.org\/blog\/#website","url":"https:\/\/www.viaromana.org\/blog\/","name":"Viaromana et arch\u00e9ologie.","description":"Site arch\u00e9ologique de la voie romaine (viaromana) Belgique-France-Rome","publisher":{"@id":"https:\/\/www.viaromana.org\/blog\/#organization"},"potentialAction":[{"@type":"SearchAction","target":{"@type":"EntryPoint","urlTemplate":"https:\/\/www.viaromana.org\/blog\/?s={search_term_string}"},"query-input":"required name=search_term_string"}],"inLanguage":"fr-FR"},{"@type":"Organization","@id":"https:\/\/www.viaromana.org\/blog\/#organization","name":"viaromana","url":"https:\/\/www.viaromana.org\/blog\/","logo":{"@type":"ImageObject","inLanguage":"fr-FR","@id":"https:\/\/www.viaromana.org\/blog\/#\/schema\/logo\/image\/","url":"https:\/\/www.viaromana.org\/blog\/wp-content\/uploads\/2021\/12\/logo-3.png","contentUrl":"https:\/\/www.viaromana.org\/blog\/wp-content\/uploads\/2021\/12\/logo-3.png","width":300,"height":249,"caption":"viaromana"},"image":{"@id":"https:\/\/www.viaromana.org\/blog\/#\/schema\/logo\/image\/"}},{"@type":"Person","@id":"https:\/\/www.viaromana.org\/blog\/#\/schema\/person\/cde9c4655845091e1fe473fcd163c889","name":"Robert","image":{"@type":"ImageObject","inLanguage":"fr-FR","@id":"https:\/\/www.viaromana.org\/blog\/#\/schema\/person\/image\/","url":"https:\/\/secure.gravatar.com\/avatar\/a168ec191013b636c2f278aec04e724b?s=96&d=mm&r=g","contentUrl":"https:\/\/secure.gravatar.com\/avatar\/a168ec191013b636c2f278aec04e724b?s=96&d=mm&r=g","caption":"Robert"},"sameAs":["https:\/\/www.viaromana.org\/blog"],"url":"https:\/\/www.viaromana.org\/blog\/author\/anaadmin\/"}]}},"_links":{"self":[{"href":"https:\/\/www.viaromana.org\/blog\/wp-json\/wp\/v2\/posts\/1605"}],"collection":[{"href":"https:\/\/www.viaromana.org\/blog\/wp-json\/wp\/v2\/posts"}],"about":[{"href":"https:\/\/www.viaromana.org\/blog\/wp-json\/wp\/v2\/types\/post"}],"author":[{"embeddable":true,"href":"https:\/\/www.viaromana.org\/blog\/wp-json\/wp\/v2\/users\/1"}],"replies":[{"embeddable":true,"href":"https:\/\/www.viaromana.org\/blog\/wp-json\/wp\/v2\/comments?post=1605"}],"version-history":[{"count":0,"href":"https:\/\/www.viaromana.org\/blog\/wp-json\/wp\/v2\/posts\/1605\/revisions"}],"wp:attachment":[{"href":"https:\/\/www.viaromana.org\/blog\/wp-json\/wp\/v2\/media?parent=1605"}],"wp:term":[{"taxonomy":"category","embeddable":true,"href":"https:\/\/www.viaromana.org\/blog\/wp-json\/wp\/v2\/categories?post=1605"},{"taxonomy":"post_tag","embeddable":true,"href":"https:\/\/www.viaromana.org\/blog\/wp-json\/wp\/v2\/tags?post=1605"}],"curies":[{"name":"wp","href":"https:\/\/api.w.org\/{rel}","templated":true}]}}