{"id":1604,"date":"2023-03-23T11:50:52","date_gmt":"2023-03-23T10:50:52","guid":{"rendered":"https:\/\/www.site.cdcl.xyz\/2023\/03\/23\/derniere-actu-pour-les-passionnes-la-police-municipale-a-la-rencontre-des-enfants-du-centre-aere-de-montciel\/"},"modified":"2023-03-23T11:50:52","modified_gmt":"2023-03-23T10:50:52","slug":"derniere-actu-pour-les-passionnes-la-police-municipale-a-la-rencontre-des-enfants-du-centre-aere-de-montciel","status":"publish","type":"post","link":"https:\/\/www.viaromana.org\/blog\/derniere-actu-pour-les-passionnes-la-police-municipale-a-la-rencontre-des-enfants-du-centre-aere-de-montciel\/","title":{"rendered":"Derni\u00e8re actu pour les passionn\u00e9s : La Police Municipale \u00e0 la rencontre des enfants du centre a\u00e9r\u00e9 de Montciel"},"content":{"rendered":"<p>Ce papier ayant pour propos \u00ab&nbsp;l\u2019arch\u00e9ologie&nbsp;\u00bb circule sur internet, nous avons voulu vous le d\u00e9voiler ci-dessous.<\/p>\n<p>Son titre (La Police Municipale \u00e0 la rencontre des enfants du centre a\u00e9r\u00e9 de Montciel) est \u00e9vocateur.<\/p>\n<p>Le journaliste (identifi\u00e9 sous la signature Clement) est reconnu comme quelqu\u2019un de s\u00e9rieux pour plusieurs autres posts qu\u2019il a publi\u00e9s sur le web.<\/p>\n<p>Vous pouvez prendre connaissance de ces infos en toute tranquillit\u00e9.<\/p>\n<p>L\u2019article a \u00e9t\u00e9 diffus\u00e9 \u00e0 une date mentionn\u00e9e 2023-03-23 11:50:52.<\/p>\n<p id=\"breadcrumbs\"><span><span>Accueil \u00bb <span>Actualit\u00e9s \u00bb <span>Actu. \u00bb <span class=\"breadcrumb_last\">La Police Municipale \u00e0 la rencontre des enfants du centre a\u00e9r\u00e9 de Montciel<\/span><\/span><\/span><\/span><\/span><\/p>\n<p>Ce objet vous a fascin\u00e9 vous adorerez aussi ces ouvrages:<\/p>\n<p>R\u00e9v\u00e9lations de l\u2019arch\u00e9ologie.,<a target=\"_blank\" rel=\"nofollow\" href=\"https:\/\/www.viaromana.org\/blog\/goto\/https:\/\/www.epagine.fr\/ebook\/9782706266348-revelations-de-l-archeologie-henri-paul-eydoux\/\"  target=\"_blank\" rel=\"noopener noreferrer nofollow\">Le livre <\/a><span><\/span>.<\/p>\n<p>Note sur le monument des sources de la Seine \u2013 Lue \u00e0 la Soci\u00e9t\u00e9 parisienne d\u2019arch\u00e9ologie et d\u2019histoire.,<a target=\"_blank\" rel=\"nofollow\" href=\"https:\/\/www.viaromana.org\/blog\/goto\/https:\/\/www.kobo.com\/de\/fr\/ebook\/note-sur-le-monument-des-sources-de-la-seine-lue-a-la-societe-parisienne-d-archeologie-et-d-histoire\"  target=\"_blank\" rel=\"noopener noreferrer nofollow\">Le livre <\/a><span><\/span>.<\/p>\n<p>Problemes d\u2019archeologie developpementale en afrique.,<a target=\"_blank\" rel=\"nofollow\" href=\"https:\/\/www.viaromana.org\/blog\/goto\/https:\/\/www.epagine.fr\/ebook\/9782140005398-problemes-d-archeologie-developpementale-en-afrique-alain-marliac\/\"  target=\"_blank\" rel=\"noopener noreferrer nofollow\">(Disponible) <\/a><span><\/span>.<\/p>\n<p>Paris en 1200 ; histoire et arch\u00e9ologie d\u2019une capitale fortifi\u00e9e par Philippe Auguste.,<a target=\"_blank\" rel=\"nofollow\" href=\"https:\/\/www.viaromana.org\/blog\/goto\/https:\/\/www.epagine.fr\/ebook\/9782271123084-paris-en-1200-histoire-et-archeologie-d-une-capitale-fortifiee-par-philippe-auguste-denis-hayot\/\"  target=\"_blank\" rel=\"noopener noreferrer nofollow\">(la couverture) <\/a><span><\/span>.<\/p>\n","protected":false},"excerpt":{"rendered":"<p>Ce papier ayant pour propos \u00ab&nbsp;l\u2019arch\u00e9ologie&nbsp;\u00bb circule sur internet, nous avons voulu vous le d\u00e9voiler ci-dessous. Son titre (La Police Municipale \u00e0 la rencontre des enfants du centre a\u00e9r\u00e9 de Montciel) est \u00e9vocateur. Le journaliste (identifi\u00e9 sous la signature Clement) est reconnu comme quelqu\u2019un de s\u00e9rieux pour plusieurs autres posts qu\u2019il a publi\u00e9s sur le web. Vous pouvez prendre connaissance de ces infos en toute tranquillit\u00e9. L\u2019article a \u00e9t\u00e9 diffus\u00e9 \u00e0 une date mentionn\u00e9e 2023-03-23 11:50:52. Accueil \u00bb Actualit\u00e9s \u00bb Actu. \u00bb La Police Municipale \u00e0 la rencontre des enfants du centre a\u00e9r\u00e9 de Montciel Ce objet vous a fascin\u00e9\u2026<\/p>\n","protected":false},"author":1,"featured_media":0,"comment_status":"closed","ping_status":"closed","sticky":false,"template":"","format":"standard","meta":{"footnotes":""},"categories":[2],"tags":[],"blocksy_meta":{"styles_descriptor":{"styles":{"desktop":"","tablet":"","mobile":""},"google_fonts":[],"version":4}},"yoast_head":"<!-- This site is optimized with the Yoast SEO plugin v21.1 - https:\/\/yoast.com\/wordpress\/plugins\/seo\/ -->\n<title>Derni\u00e8re actu pour les passionn\u00e9s : La Police Municipale \u00e0 la rencontre des enfants du centre a\u00e9r\u00e9 de Montciel - Viaromana et arch\u00e9ologie.<\/title>\n<meta name=\"description\" content=\"Derni\u00e8re actu pour les passionn\u00e9s : La Police Municipale \u00e0 la rencontre des enfants du centre a\u00e9r\u00e9 de Montciel article de Viaromana et arch\u00e9ologie.\" \/>\n<meta name=\"robots\" content=\"index, follow, max-snippet:-1, max-image-preview:large, max-video-preview:-1\" \/>\n<link rel=\"canonical\" href=\"https:\/\/www.viaromana.org\/blog\/derniere-actu-pour-les-passionnes-la-police-municipale-a-la-rencontre-des-enfants-du-centre-aere-de-montciel\/\" \/>\n<meta property=\"og:locale\" content=\"fr_FR\" \/>\n<meta property=\"og:type\" content=\"article\" \/>\n<meta property=\"og:title\" content=\"Derni\u00e8re actu pour les passionn\u00e9s : La Police Municipale \u00e0 la rencontre des enfants du centre a\u00e9r\u00e9 de Montciel - Viaromana et arch\u00e9ologie.\" \/>\n<meta property=\"og:description\" content=\"Derni\u00e8re actu pour les passionn\u00e9s : La Police Municipale \u00e0 la rencontre des enfants du centre a\u00e9r\u00e9 de Montciel article de Viaromana et arch\u00e9ologie.\" \/>\n<meta property=\"og:url\" content=\"https:\/\/www.viaromana.org\/blog\/derniere-actu-pour-les-passionnes-la-police-municipale-a-la-rencontre-des-enfants-du-centre-aere-de-montciel\/\" \/>\n<meta property=\"og:site_name\" content=\"Viaromana et arch\u00e9ologie.\" \/>\n<meta property=\"article:published_time\" content=\"2023-03-23T10:50:52+00:00\" \/>\n<meta name=\"author\" content=\"Robert\" \/>\n<meta name=\"twitter:card\" content=\"summary_large_image\" \/>\n<meta name=\"twitter:label1\" content=\"\u00c9crit par\" \/>\n\t<meta name=\"twitter:data1\" content=\"Robert\" \/>\n\t<meta name=\"twitter:label2\" content=\"Dur\u00e9e de lecture estim\u00e9e\" \/>\n\t<meta name=\"twitter:data2\" content=\"1 minute\" \/>\n<script type=\"application\/ld+json\" class=\"yoast-schema-graph\">{\"@context\":\"https:\/\/schema.org\",\"@graph\":[{\"@type\":\"Article\",\"@id\":\"https:\/\/www.viaromana.org\/blog\/derniere-actu-pour-les-passionnes-la-police-municipale-a-la-rencontre-des-enfants-du-centre-aere-de-montciel\/#article\",\"isPartOf\":{\"@id\":\"https:\/\/www.viaromana.org\/blog\/derniere-actu-pour-les-passionnes-la-police-municipale-a-la-rencontre-des-enfants-du-centre-aere-de-montciel\/\"},\"author\":{\"name\":\"Robert\",\"@id\":\"https:\/\/www.viaromana.org\/blog\/#\/schema\/person\/cde9c4655845091e1fe473fcd163c889\"},\"headline\":\"Derni\u00e8re actu pour les passionn\u00e9s : La Police Municipale \u00e0 la rencontre des enfants du centre a\u00e9r\u00e9 de Montciel\",\"datePublished\":\"2023-03-23T10:50:52+00:00\",\"dateModified\":\"2023-03-23T10:50:52+00:00\",\"mainEntityOfPage\":{\"@id\":\"https:\/\/www.viaromana.org\/blog\/derniere-actu-pour-les-passionnes-la-police-municipale-a-la-rencontre-des-enfants-du-centre-aere-de-montciel\/\"},\"wordCount\":187,\"publisher\":{\"@id\":\"https:\/\/www.viaromana.org\/blog\/#organization\"},\"articleSection\":[\"Arch\u00e9ologie\"],\"inLanguage\":\"fr-FR\"},{\"@type\":\"WebPage\",\"@id\":\"https:\/\/www.viaromana.org\/blog\/derniere-actu-pour-les-passionnes-la-police-municipale-a-la-rencontre-des-enfants-du-centre-aere-de-montciel\/\",\"url\":\"https:\/\/www.viaromana.org\/blog\/derniere-actu-pour-les-passionnes-la-police-municipale-a-la-rencontre-des-enfants-du-centre-aere-de-montciel\/\",\"name\":\"Derni\u00e8re actu pour les passionn\u00e9s : La Police Municipale \u00e0 la rencontre des enfants du centre a\u00e9r\u00e9 de Montciel - Viaromana et arch\u00e9ologie.\",\"isPartOf\":{\"@id\":\"https:\/\/www.viaromana.org\/blog\/#website\"},\"datePublished\":\"2023-03-23T10:50:52+00:00\",\"dateModified\":\"2023-03-23T10:50:52+00:00\",\"description\":\"Derni\u00e8re actu pour les passionn\u00e9s : La Police Municipale \u00e0 la rencontre des enfants du centre a\u00e9r\u00e9 de Montciel article de Viaromana et arch\u00e9ologie.\",\"breadcrumb\":{\"@id\":\"https:\/\/www.viaromana.org\/blog\/derniere-actu-pour-les-passionnes-la-police-municipale-a-la-rencontre-des-enfants-du-centre-aere-de-montciel\/#breadcrumb\"},\"inLanguage\":\"fr-FR\",\"potentialAction\":[{\"@type\":\"ReadAction\",\"target\":[\"https:\/\/www.viaromana.org\/blog\/derniere-actu-pour-les-passionnes-la-police-municipale-a-la-rencontre-des-enfants-du-centre-aere-de-montciel\/\"]}]},{\"@type\":\"BreadcrumbList\",\"@id\":\"https:\/\/www.viaromana.org\/blog\/derniere-actu-pour-les-passionnes-la-police-municipale-a-la-rencontre-des-enfants-du-centre-aere-de-montciel\/#breadcrumb\",\"itemListElement\":[{\"@type\":\"ListItem\",\"position\":1,\"name\":\"Accueil\",\"item\":\"https:\/\/www.viaromana.org\/blog\/\"},{\"@type\":\"ListItem\",\"position\":2,\"name\":\"Derni\u00e8re actu pour les passionn\u00e9s : La Police Municipale \u00e0 la rencontre des enfants du centre a\u00e9r\u00e9 de Montciel\"}]},{\"@type\":\"WebSite\",\"@id\":\"https:\/\/www.viaromana.org\/blog\/#website\",\"url\":\"https:\/\/www.viaromana.org\/blog\/\",\"name\":\"Viaromana et arch\u00e9ologie.\",\"description\":\"Site arch\u00e9ologique de la voie romaine (viaromana) Belgique-France-Rome\",\"publisher\":{\"@id\":\"https:\/\/www.viaromana.org\/blog\/#organization\"},\"potentialAction\":[{\"@type\":\"SearchAction\",\"target\":{\"@type\":\"EntryPoint\",\"urlTemplate\":\"https:\/\/www.viaromana.org\/blog\/?s={search_term_string}\"},\"query-input\":\"required name=search_term_string\"}],\"inLanguage\":\"fr-FR\"},{\"@type\":\"Organization\",\"@id\":\"https:\/\/www.viaromana.org\/blog\/#organization\",\"name\":\"viaromana\",\"url\":\"https:\/\/www.viaromana.org\/blog\/\",\"logo\":{\"@type\":\"ImageObject\",\"inLanguage\":\"fr-FR\",\"@id\":\"https:\/\/www.viaromana.org\/blog\/#\/schema\/logo\/image\/\",\"url\":\"https:\/\/www.viaromana.org\/blog\/wp-content\/uploads\/2021\/12\/logo-3.png\",\"contentUrl\":\"https:\/\/www.viaromana.org\/blog\/wp-content\/uploads\/2021\/12\/logo-3.png\",\"width\":300,\"height\":249,\"caption\":\"viaromana\"},\"image\":{\"@id\":\"https:\/\/www.viaromana.org\/blog\/#\/schema\/logo\/image\/\"}},{\"@type\":\"Person\",\"@id\":\"https:\/\/www.viaromana.org\/blog\/#\/schema\/person\/cde9c4655845091e1fe473fcd163c889\",\"name\":\"Robert\",\"image\":{\"@type\":\"ImageObject\",\"inLanguage\":\"fr-FR\",\"@id\":\"https:\/\/www.viaromana.org\/blog\/#\/schema\/person\/image\/\",\"url\":\"https:\/\/secure.gravatar.com\/avatar\/a168ec191013b636c2f278aec04e724b?s=96&d=mm&r=g\",\"contentUrl\":\"https:\/\/secure.gravatar.com\/avatar\/a168ec191013b636c2f278aec04e724b?s=96&d=mm&r=g\",\"caption\":\"Robert\"},\"sameAs\":[\"https:\/\/www.viaromana.org\/blog\"],\"url\":\"https:\/\/www.viaromana.org\/blog\/author\/anaadmin\/\"}]}<\/script>\n<!-- \/ Yoast SEO plugin. -->","yoast_head_json":{"title":"Derni\u00e8re actu pour les passionn\u00e9s : La Police Municipale \u00e0 la rencontre des enfants du centre a\u00e9r\u00e9 de Montciel - Viaromana et arch\u00e9ologie.","description":"Derni\u00e8re actu pour les passionn\u00e9s : La Police Municipale \u00e0 la rencontre des enfants du centre a\u00e9r\u00e9 de Montciel article de Viaromana et arch\u00e9ologie.","robots":{"index":"index","follow":"follow","max-snippet":"max-snippet:-1","max-image-preview":"max-image-preview:large","max-video-preview":"max-video-preview:-1"},"canonical":"https:\/\/www.viaromana.org\/blog\/derniere-actu-pour-les-passionnes-la-police-municipale-a-la-rencontre-des-enfants-du-centre-aere-de-montciel\/","og_locale":"fr_FR","og_type":"article","og_title":"Derni\u00e8re actu pour les passionn\u00e9s : La Police Municipale \u00e0 la rencontre des enfants du centre a\u00e9r\u00e9 de Montciel - Viaromana et arch\u00e9ologie.","og_description":"Derni\u00e8re actu pour les passionn\u00e9s : La Police Municipale \u00e0 la rencontre des enfants du centre a\u00e9r\u00e9 de Montciel article de Viaromana et arch\u00e9ologie.","og_url":"https:\/\/www.viaromana.org\/blog\/derniere-actu-pour-les-passionnes-la-police-municipale-a-la-rencontre-des-enfants-du-centre-aere-de-montciel\/","og_site_name":"Viaromana et arch\u00e9ologie.","article_published_time":"2023-03-23T10:50:52+00:00","author":"Robert","twitter_card":"summary_large_image","twitter_misc":{"\u00c9crit par":"Robert","Dur\u00e9e de lecture estim\u00e9e":"1 minute"},"schema":{"@context":"https:\/\/schema.org","@graph":[{"@type":"Article","@id":"https:\/\/www.viaromana.org\/blog\/derniere-actu-pour-les-passionnes-la-police-municipale-a-la-rencontre-des-enfants-du-centre-aere-de-montciel\/#article","isPartOf":{"@id":"https:\/\/www.viaromana.org\/blog\/derniere-actu-pour-les-passionnes-la-police-municipale-a-la-rencontre-des-enfants-du-centre-aere-de-montciel\/"},"author":{"name":"Robert","@id":"https:\/\/www.viaromana.org\/blog\/#\/schema\/person\/cde9c4655845091e1fe473fcd163c889"},"headline":"Derni\u00e8re actu pour les passionn\u00e9s : La Police Municipale \u00e0 la rencontre des enfants du centre a\u00e9r\u00e9 de Montciel","datePublished":"2023-03-23T10:50:52+00:00","dateModified":"2023-03-23T10:50:52+00:00","mainEntityOfPage":{"@id":"https:\/\/www.viaromana.org\/blog\/derniere-actu-pour-les-passionnes-la-police-municipale-a-la-rencontre-des-enfants-du-centre-aere-de-montciel\/"},"wordCount":187,"publisher":{"@id":"https:\/\/www.viaromana.org\/blog\/#organization"},"articleSection":["Arch\u00e9ologie"],"inLanguage":"fr-FR"},{"@type":"WebPage","@id":"https:\/\/www.viaromana.org\/blog\/derniere-actu-pour-les-passionnes-la-police-municipale-a-la-rencontre-des-enfants-du-centre-aere-de-montciel\/","url":"https:\/\/www.viaromana.org\/blog\/derniere-actu-pour-les-passionnes-la-police-municipale-a-la-rencontre-des-enfants-du-centre-aere-de-montciel\/","name":"Derni\u00e8re actu pour les passionn\u00e9s : La Police Municipale \u00e0 la rencontre des enfants du centre a\u00e9r\u00e9 de Montciel - Viaromana et arch\u00e9ologie.","isPartOf":{"@id":"https:\/\/www.viaromana.org\/blog\/#website"},"datePublished":"2023-03-23T10:50:52+00:00","dateModified":"2023-03-23T10:50:52+00:00","description":"Derni\u00e8re actu pour les passionn\u00e9s : La Police Municipale \u00e0 la rencontre des enfants du centre a\u00e9r\u00e9 de Montciel article de Viaromana et arch\u00e9ologie.","breadcrumb":{"@id":"https:\/\/www.viaromana.org\/blog\/derniere-actu-pour-les-passionnes-la-police-municipale-a-la-rencontre-des-enfants-du-centre-aere-de-montciel\/#breadcrumb"},"inLanguage":"fr-FR","potentialAction":[{"@type":"ReadAction","target":["https:\/\/www.viaromana.org\/blog\/derniere-actu-pour-les-passionnes-la-police-municipale-a-la-rencontre-des-enfants-du-centre-aere-de-montciel\/"]}]},{"@type":"BreadcrumbList","@id":"https:\/\/www.viaromana.org\/blog\/derniere-actu-pour-les-passionnes-la-police-municipale-a-la-rencontre-des-enfants-du-centre-aere-de-montciel\/#breadcrumb","itemListElement":[{"@type":"ListItem","position":1,"name":"Accueil","item":"https:\/\/www.viaromana.org\/blog\/"},{"@type":"ListItem","position":2,"name":"Derni\u00e8re actu pour les passionn\u00e9s : La Police Municipale \u00e0 la rencontre des enfants du centre a\u00e9r\u00e9 de Montciel"}]},{"@type":"WebSite","@id":"https:\/\/www.viaromana.org\/blog\/#website","url":"https:\/\/www.viaromana.org\/blog\/","name":"Viaromana et arch\u00e9ologie.","description":"Site arch\u00e9ologique de la voie romaine (viaromana) Belgique-France-Rome","publisher":{"@id":"https:\/\/www.viaromana.org\/blog\/#organization"},"potentialAction":[{"@type":"SearchAction","target":{"@type":"EntryPoint","urlTemplate":"https:\/\/www.viaromana.org\/blog\/?s={search_term_string}"},"query-input":"required name=search_term_string"}],"inLanguage":"fr-FR"},{"@type":"Organization","@id":"https:\/\/www.viaromana.org\/blog\/#organization","name":"viaromana","url":"https:\/\/www.viaromana.org\/blog\/","logo":{"@type":"ImageObject","inLanguage":"fr-FR","@id":"https:\/\/www.viaromana.org\/blog\/#\/schema\/logo\/image\/","url":"https:\/\/www.viaromana.org\/blog\/wp-content\/uploads\/2021\/12\/logo-3.png","contentUrl":"https:\/\/www.viaromana.org\/blog\/wp-content\/uploads\/2021\/12\/logo-3.png","width":300,"height":249,"caption":"viaromana"},"image":{"@id":"https:\/\/www.viaromana.org\/blog\/#\/schema\/logo\/image\/"}},{"@type":"Person","@id":"https:\/\/www.viaromana.org\/blog\/#\/schema\/person\/cde9c4655845091e1fe473fcd163c889","name":"Robert","image":{"@type":"ImageObject","inLanguage":"fr-FR","@id":"https:\/\/www.viaromana.org\/blog\/#\/schema\/person\/image\/","url":"https:\/\/secure.gravatar.com\/avatar\/a168ec191013b636c2f278aec04e724b?s=96&d=mm&r=g","contentUrl":"https:\/\/secure.gravatar.com\/avatar\/a168ec191013b636c2f278aec04e724b?s=96&d=mm&r=g","caption":"Robert"},"sameAs":["https:\/\/www.viaromana.org\/blog"],"url":"https:\/\/www.viaromana.org\/blog\/author\/anaadmin\/"}]}},"_links":{"self":[{"href":"https:\/\/www.viaromana.org\/blog\/wp-json\/wp\/v2\/posts\/1604"}],"collection":[{"href":"https:\/\/www.viaromana.org\/blog\/wp-json\/wp\/v2\/posts"}],"about":[{"href":"https:\/\/www.viaromana.org\/blog\/wp-json\/wp\/v2\/types\/post"}],"author":[{"embeddable":true,"href":"https:\/\/www.viaromana.org\/blog\/wp-json\/wp\/v2\/users\/1"}],"replies":[{"embeddable":true,"href":"https:\/\/www.viaromana.org\/blog\/wp-json\/wp\/v2\/comments?post=1604"}],"version-history":[{"count":0,"href":"https:\/\/www.viaromana.org\/blog\/wp-json\/wp\/v2\/posts\/1604\/revisions"}],"wp:attachment":[{"href":"https:\/\/www.viaromana.org\/blog\/wp-json\/wp\/v2\/media?parent=1604"}],"wp:term":[{"taxonomy":"category","embeddable":true,"href":"https:\/\/www.viaromana.org\/blog\/wp-json\/wp\/v2\/categories?post=1604"},{"taxonomy":"post_tag","embeddable":true,"href":"https:\/\/www.viaromana.org\/blog\/wp-json\/wp\/v2\/tags?post=1604"}],"curies":[{"name":"wp","href":"https:\/\/api.w.org\/{rel}","templated":true}]}}