{"id":1603,"date":"2023-01-11T14:45:45","date_gmt":"2023-01-11T13:45:45","guid":{"rendered":"https:\/\/www.site.cdcl.xyz\/2023\/01\/11\/relecture-de-larticle-table-ronde-lart-urbain-a-bordeaux-exposition-etres-a-st-michel\/"},"modified":"2023-01-11T14:45:45","modified_gmt":"2023-01-11T13:45:45","slug":"relecture-de-larticle-table-ronde-lart-urbain-a-bordeaux-exposition-etres-a-st-michel","status":"publish","type":"post","link":"https:\/\/www.viaromana.org\/blog\/relecture-de-larticle-table-ronde-lart-urbain-a-bordeaux-exposition-etres-a-st-michel\/","title":{"rendered":"Relecture de l\u2019article : Table ronde L\u2019art urbain \u00e0 Bordeaux | Exposition \u00catre(s) \u00e0 St-Michel"},"content":{"rendered":"<p>Notre staff va mettre en pleine lumi\u00e8re ce papier qui vient de para\u00eetre, dont le th\u00e8me est \u00abl\u2019arch\u00e9ologie\u00bb.<\/p>\n<p>Son titre saisissant (Table ronde L\u2019art urbain \u00e0 Bordeaux | Exposition \u00catre(s) \u00e0 St-Michel) est parlant.<\/p>\n<p> Annonc\u00e9 sous la signature \u00abMus\u00e9e d\u2019Aquitaine\u00bb, l\u2019\u00e9crivain est reconnu comme quelqu\u2019un de s\u00e9rieux.<\/p>\n<p>Vous pouvez en cons\u00e9quence vous fier aux infos qu\u2019il publie.<\/p>\n<p>La date de publication est 2023-01-11 14:45:45.<\/p>\n<div>\n<p><span>Table ronde avec <strong>Nathalie Man<\/strong>, po\u00e9tesse, \u00e9crivaine et street artiste, <strong>Epis<\/strong>, street artiste et membre fondateur du collectif Le cocktail, et <strong>Jonas Laclasse<\/strong>, graphiste et street artiste.<\/span><br \/><span>Les \u00e9changes seront anim\u00e9s par <strong>Adriana Sotrop<\/strong>a, ma\u00eetre de conf\u00e9rence en histoire de l\u2019art de l\u2019art \u00e0 l\u2019Universit\u00e9 Bordeaux-Montaigne et <strong>Th\u00e9o Cazeauvieilh<\/strong>, auteur d\u2019un m\u00e9moire de recherche sur le street art \u00e0 Bordeaux.<\/span><\/p>\n<p><span>Dans le cadre de&nbsp; l\u2019<strong>exposition \u00catre(s) \u00e0 St-Michel<\/strong><\/span><\/p>\n<p><span><strong><img decoding=\"async\" alt src=\"https:\/\/www.viaromana.org\/blog\/wp-content\/uploads\/2023\/03\/relecture-de-larticle-table-ronde-lart-urbain-a-bordeaux-exposition-etres-a-st-michel.jpg\"><\/strong><\/span><br \/><em><span>Nathalie Man Walid Salem (Bordeaux, place Gambetta)<\/span><\/em><\/p>\n<\/p><\/div>\n<p>Publications sur un th\u00e8me comparable:<\/p>\n<p>Villes, r\u00e9seaux et syst\u00e8mes de villes ; contribution de l\u2019arch\u00e9ologie.,<a target=\"_blank\" rel=\"nofollow\" href=\"https:\/\/www.viaromana.org\/blog\/goto\/https:\/\/www.epagine.fr\/ebook\/9782877727914-villes-reseaux-et-systemes-de-villes-pierre-garmy\/\"  target=\"_blank\" rel=\"noopener noreferrer nofollow\">Le livre <\/a><span><\/span>.<\/p>\n<p>M\u00e9langes d\u2019Histoire et d\u2019arch\u00e9ologie agenaises.,<a target=\"_blank\" rel=\"nofollow\" href=\"https:\/\/www.viaromana.org\/blog\/goto\/https:\/\/www.epagine.fr\/ebook\/9782307005971-melanges-d-histoire-et-d-archeologie-agenaises-jean-r-marboutin\/\"  target=\"_blank\" rel=\"noopener noreferrer nofollow\">(la couverture) <\/a><span><\/span>.<\/p>\n<p>Ville, espace urbain et arch\u00e9ologie.,<a target=\"_blank\" rel=\"nofollow\" href=\"https:\/\/www.viaromana.org\/blog\/goto\/https:\/\/www.epagine.fr\/ebook\/9782869063501-ville-espace-urbain-et-archeologie-henri-galnie\/\"  target=\"_blank\" rel=\"noopener noreferrer nofollow\">Clicker Ici <\/a><span><\/span>. Disponible dans toutes les bonnes biblioth\u00e8ques de votre d\u00e9partement.<\/p>\n<p>Machines et magie, tome 1 : La chasseuse de livres.,<a target=\"_blank\" rel=\"nofollow\" href=\"https:\/\/www.viaromana.org\/blog\/goto\/https:\/\/booknode.com\/machines_et_magie_tome_1_la_chasseuse_de_livres_01265624\"  target=\"_blank\" rel=\"noopener noreferrer nofollow\">Clicker Ici <\/a><span><\/span>. Disponible dans toutes les bonnes biblioth\u00e8ques de votre d\u00e9partement.<\/p>\n","protected":false},"excerpt":{"rendered":"<p>Notre staff va mettre en pleine lumi\u00e8re ce papier qui vient de para\u00eetre, dont le th\u00e8me est \u00abl\u2019arch\u00e9ologie\u00bb. Son titre saisissant (Table ronde L\u2019art urbain \u00e0 Bordeaux | Exposition \u00catre(s) \u00e0 St-Michel) est parlant. Annonc\u00e9 sous la signature \u00abMus\u00e9e d\u2019Aquitaine\u00bb, l\u2019\u00e9crivain est reconnu comme quelqu\u2019un de s\u00e9rieux. Vous pouvez en cons\u00e9quence vous fier aux infos qu\u2019il publie. La date de publication est 2023-01-11 14:45:45. Table ronde avec Nathalie Man, po\u00e9tesse, \u00e9crivaine et street artiste, Epis, street artiste et membre fondateur du collectif Le cocktail, et Jonas Laclasse, graphiste et street artiste.Les \u00e9changes seront anim\u00e9s par Adriana Sotropa, ma\u00eetre de conf\u00e9rence\u2026<\/p>\n","protected":false},"author":1,"featured_media":0,"comment_status":"closed","ping_status":"closed","sticky":false,"template":"","format":"standard","meta":{"footnotes":""},"categories":[2],"tags":[],"blocksy_meta":{"styles_descriptor":{"styles":{"desktop":"","tablet":"","mobile":""},"google_fonts":[],"version":4}},"yoast_head":"<!-- This site is optimized with the Yoast SEO plugin v21.1 - https:\/\/yoast.com\/wordpress\/plugins\/seo\/ -->\n<title>Relecture de l\u2019article : Table ronde L\u2019art urbain \u00e0 Bordeaux | Exposition \u00catre(s) \u00e0 St-Michel - Viaromana et arch\u00e9ologie.<\/title>\n<meta name=\"description\" content=\"Relecture de l\u2019article : Table ronde L\u2019art urbain \u00e0 Bordeaux | Exposition \u00catre(s) \u00e0 St-Michel article de Viaromana et arch\u00e9ologie.\" \/>\n<meta name=\"robots\" content=\"index, follow, max-snippet:-1, max-image-preview:large, max-video-preview:-1\" \/>\n<link rel=\"canonical\" href=\"https:\/\/www.viaromana.org\/blog\/relecture-de-larticle-table-ronde-lart-urbain-a-bordeaux-exposition-etres-a-st-michel\/\" \/>\n<meta property=\"og:locale\" content=\"fr_FR\" \/>\n<meta property=\"og:type\" content=\"article\" \/>\n<meta property=\"og:title\" content=\"Relecture de l\u2019article : Table ronde L\u2019art urbain \u00e0 Bordeaux | Exposition \u00catre(s) \u00e0 St-Michel - Viaromana et arch\u00e9ologie.\" \/>\n<meta property=\"og:description\" content=\"Relecture de l\u2019article : Table ronde L\u2019art urbain \u00e0 Bordeaux | Exposition \u00catre(s) \u00e0 St-Michel article de Viaromana et arch\u00e9ologie.\" \/>\n<meta property=\"og:url\" content=\"https:\/\/www.viaromana.org\/blog\/relecture-de-larticle-table-ronde-lart-urbain-a-bordeaux-exposition-etres-a-st-michel\/\" \/>\n<meta property=\"og:site_name\" content=\"Viaromana et arch\u00e9ologie.\" \/>\n<meta property=\"article:published_time\" content=\"2023-01-11T13:45:45+00:00\" \/>\n<meta property=\"og:image\" content=\"https:\/\/www.viaromana.org\/blog\/wp-content\/uploads\/2023\/03\/relecture-de-larticle-table-ronde-lart-urbain-a-bordeaux-exposition-etres-a-st-michel.jpg\" \/>\n<meta name=\"author\" content=\"Robert\" \/>\n<meta name=\"twitter:card\" content=\"summary_large_image\" \/>\n<meta name=\"twitter:label1\" content=\"\u00c9crit par\" \/>\n\t<meta name=\"twitter:data1\" content=\"Robert\" \/>\n\t<meta name=\"twitter:label2\" content=\"Dur\u00e9e de lecture estim\u00e9e\" \/>\n\t<meta name=\"twitter:data2\" content=\"1 minute\" \/>\n<script type=\"application\/ld+json\" class=\"yoast-schema-graph\">{\"@context\":\"https:\/\/schema.org\",\"@graph\":[{\"@type\":\"Article\",\"@id\":\"https:\/\/www.viaromana.org\/blog\/relecture-de-larticle-table-ronde-lart-urbain-a-bordeaux-exposition-etres-a-st-michel\/#article\",\"isPartOf\":{\"@id\":\"https:\/\/www.viaromana.org\/blog\/relecture-de-larticle-table-ronde-lart-urbain-a-bordeaux-exposition-etres-a-st-michel\/\"},\"author\":{\"name\":\"Robert\",\"@id\":\"https:\/\/www.viaromana.org\/blog\/#\/schema\/person\/cde9c4655845091e1fe473fcd163c889\"},\"headline\":\"Relecture de l\u2019article : Table ronde L\u2019art urbain \u00e0 Bordeaux | Exposition \u00catre(s) \u00e0 St-Michel\",\"datePublished\":\"2023-01-11T13:45:45+00:00\",\"dateModified\":\"2023-01-11T13:45:45+00:00\",\"mainEntityOfPage\":{\"@id\":\"https:\/\/www.viaromana.org\/blog\/relecture-de-larticle-table-ronde-lart-urbain-a-bordeaux-exposition-etres-a-st-michel\/\"},\"wordCount\":246,\"publisher\":{\"@id\":\"https:\/\/www.viaromana.org\/blog\/#organization\"},\"articleSection\":[\"Arch\u00e9ologie\"],\"inLanguage\":\"fr-FR\"},{\"@type\":\"WebPage\",\"@id\":\"https:\/\/www.viaromana.org\/blog\/relecture-de-larticle-table-ronde-lart-urbain-a-bordeaux-exposition-etres-a-st-michel\/\",\"url\":\"https:\/\/www.viaromana.org\/blog\/relecture-de-larticle-table-ronde-lart-urbain-a-bordeaux-exposition-etres-a-st-michel\/\",\"name\":\"Relecture de l\u2019article : Table ronde L\u2019art urbain \u00e0 Bordeaux | Exposition \u00catre(s) \u00e0 St-Michel - Viaromana et arch\u00e9ologie.\",\"isPartOf\":{\"@id\":\"https:\/\/www.viaromana.org\/blog\/#website\"},\"datePublished\":\"2023-01-11T13:45:45+00:00\",\"dateModified\":\"2023-01-11T13:45:45+00:00\",\"description\":\"Relecture de l\u2019article : Table ronde L\u2019art urbain \u00e0 Bordeaux | Exposition \u00catre(s) \u00e0 St-Michel article de Viaromana et arch\u00e9ologie.\",\"breadcrumb\":{\"@id\":\"https:\/\/www.viaromana.org\/blog\/relecture-de-larticle-table-ronde-lart-urbain-a-bordeaux-exposition-etres-a-st-michel\/#breadcrumb\"},\"inLanguage\":\"fr-FR\",\"potentialAction\":[{\"@type\":\"ReadAction\",\"target\":[\"https:\/\/www.viaromana.org\/blog\/relecture-de-larticle-table-ronde-lart-urbain-a-bordeaux-exposition-etres-a-st-michel\/\"]}]},{\"@type\":\"BreadcrumbList\",\"@id\":\"https:\/\/www.viaromana.org\/blog\/relecture-de-larticle-table-ronde-lart-urbain-a-bordeaux-exposition-etres-a-st-michel\/#breadcrumb\",\"itemListElement\":[{\"@type\":\"ListItem\",\"position\":1,\"name\":\"Accueil\",\"item\":\"https:\/\/www.viaromana.org\/blog\/\"},{\"@type\":\"ListItem\",\"position\":2,\"name\":\"Relecture de l\u2019article : Table ronde L\u2019art urbain \u00e0 Bordeaux | Exposition \u00catre(s) \u00e0 St-Michel\"}]},{\"@type\":\"WebSite\",\"@id\":\"https:\/\/www.viaromana.org\/blog\/#website\",\"url\":\"https:\/\/www.viaromana.org\/blog\/\",\"name\":\"Viaromana et arch\u00e9ologie.\",\"description\":\"Site arch\u00e9ologique de la voie romaine (viaromana) Belgique-France-Rome\",\"publisher\":{\"@id\":\"https:\/\/www.viaromana.org\/blog\/#organization\"},\"potentialAction\":[{\"@type\":\"SearchAction\",\"target\":{\"@type\":\"EntryPoint\",\"urlTemplate\":\"https:\/\/www.viaromana.org\/blog\/?s={search_term_string}\"},\"query-input\":\"required name=search_term_string\"}],\"inLanguage\":\"fr-FR\"},{\"@type\":\"Organization\",\"@id\":\"https:\/\/www.viaromana.org\/blog\/#organization\",\"name\":\"viaromana\",\"url\":\"https:\/\/www.viaromana.org\/blog\/\",\"logo\":{\"@type\":\"ImageObject\",\"inLanguage\":\"fr-FR\",\"@id\":\"https:\/\/www.viaromana.org\/blog\/#\/schema\/logo\/image\/\",\"url\":\"https:\/\/www.viaromana.org\/blog\/wp-content\/uploads\/2021\/12\/logo-3.png\",\"contentUrl\":\"https:\/\/www.viaromana.org\/blog\/wp-content\/uploads\/2021\/12\/logo-3.png\",\"width\":300,\"height\":249,\"caption\":\"viaromana\"},\"image\":{\"@id\":\"https:\/\/www.viaromana.org\/blog\/#\/schema\/logo\/image\/\"}},{\"@type\":\"Person\",\"@id\":\"https:\/\/www.viaromana.org\/blog\/#\/schema\/person\/cde9c4655845091e1fe473fcd163c889\",\"name\":\"Robert\",\"image\":{\"@type\":\"ImageObject\",\"inLanguage\":\"fr-FR\",\"@id\":\"https:\/\/www.viaromana.org\/blog\/#\/schema\/person\/image\/\",\"url\":\"https:\/\/secure.gravatar.com\/avatar\/a168ec191013b636c2f278aec04e724b?s=96&d=mm&r=g\",\"contentUrl\":\"https:\/\/secure.gravatar.com\/avatar\/a168ec191013b636c2f278aec04e724b?s=96&d=mm&r=g\",\"caption\":\"Robert\"},\"sameAs\":[\"https:\/\/www.viaromana.org\/blog\"],\"url\":\"https:\/\/www.viaromana.org\/blog\/author\/anaadmin\/\"}]}<\/script>\n<!-- \/ Yoast SEO plugin. -->","yoast_head_json":{"title":"Relecture de l\u2019article : Table ronde L\u2019art urbain \u00e0 Bordeaux | Exposition \u00catre(s) \u00e0 St-Michel - Viaromana et arch\u00e9ologie.","description":"Relecture de l\u2019article : Table ronde L\u2019art urbain \u00e0 Bordeaux | Exposition \u00catre(s) \u00e0 St-Michel article de Viaromana et arch\u00e9ologie.","robots":{"index":"index","follow":"follow","max-snippet":"max-snippet:-1","max-image-preview":"max-image-preview:large","max-video-preview":"max-video-preview:-1"},"canonical":"https:\/\/www.viaromana.org\/blog\/relecture-de-larticle-table-ronde-lart-urbain-a-bordeaux-exposition-etres-a-st-michel\/","og_locale":"fr_FR","og_type":"article","og_title":"Relecture de l\u2019article : Table ronde L\u2019art urbain \u00e0 Bordeaux | Exposition \u00catre(s) \u00e0 St-Michel - Viaromana et arch\u00e9ologie.","og_description":"Relecture de l\u2019article : Table ronde L\u2019art urbain \u00e0 Bordeaux | Exposition \u00catre(s) \u00e0 St-Michel article de Viaromana et arch\u00e9ologie.","og_url":"https:\/\/www.viaromana.org\/blog\/relecture-de-larticle-table-ronde-lart-urbain-a-bordeaux-exposition-etres-a-st-michel\/","og_site_name":"Viaromana et arch\u00e9ologie.","article_published_time":"2023-01-11T13:45:45+00:00","og_image":[{"url":"https:\/\/www.viaromana.org\/blog\/wp-content\/uploads\/2023\/03\/relecture-de-larticle-table-ronde-lart-urbain-a-bordeaux-exposition-etres-a-st-michel.jpg"}],"author":"Robert","twitter_card":"summary_large_image","twitter_misc":{"\u00c9crit par":"Robert","Dur\u00e9e de lecture estim\u00e9e":"1 minute"},"schema":{"@context":"https:\/\/schema.org","@graph":[{"@type":"Article","@id":"https:\/\/www.viaromana.org\/blog\/relecture-de-larticle-table-ronde-lart-urbain-a-bordeaux-exposition-etres-a-st-michel\/#article","isPartOf":{"@id":"https:\/\/www.viaromana.org\/blog\/relecture-de-larticle-table-ronde-lart-urbain-a-bordeaux-exposition-etres-a-st-michel\/"},"author":{"name":"Robert","@id":"https:\/\/www.viaromana.org\/blog\/#\/schema\/person\/cde9c4655845091e1fe473fcd163c889"},"headline":"Relecture de l\u2019article : Table ronde L\u2019art urbain \u00e0 Bordeaux | Exposition \u00catre(s) \u00e0 St-Michel","datePublished":"2023-01-11T13:45:45+00:00","dateModified":"2023-01-11T13:45:45+00:00","mainEntityOfPage":{"@id":"https:\/\/www.viaromana.org\/blog\/relecture-de-larticle-table-ronde-lart-urbain-a-bordeaux-exposition-etres-a-st-michel\/"},"wordCount":246,"publisher":{"@id":"https:\/\/www.viaromana.org\/blog\/#organization"},"articleSection":["Arch\u00e9ologie"],"inLanguage":"fr-FR"},{"@type":"WebPage","@id":"https:\/\/www.viaromana.org\/blog\/relecture-de-larticle-table-ronde-lart-urbain-a-bordeaux-exposition-etres-a-st-michel\/","url":"https:\/\/www.viaromana.org\/blog\/relecture-de-larticle-table-ronde-lart-urbain-a-bordeaux-exposition-etres-a-st-michel\/","name":"Relecture de l\u2019article : Table ronde L\u2019art urbain \u00e0 Bordeaux | Exposition \u00catre(s) \u00e0 St-Michel - Viaromana et arch\u00e9ologie.","isPartOf":{"@id":"https:\/\/www.viaromana.org\/blog\/#website"},"datePublished":"2023-01-11T13:45:45+00:00","dateModified":"2023-01-11T13:45:45+00:00","description":"Relecture de l\u2019article : Table ronde L\u2019art urbain \u00e0 Bordeaux | Exposition \u00catre(s) \u00e0 St-Michel article de Viaromana et arch\u00e9ologie.","breadcrumb":{"@id":"https:\/\/www.viaromana.org\/blog\/relecture-de-larticle-table-ronde-lart-urbain-a-bordeaux-exposition-etres-a-st-michel\/#breadcrumb"},"inLanguage":"fr-FR","potentialAction":[{"@type":"ReadAction","target":["https:\/\/www.viaromana.org\/blog\/relecture-de-larticle-table-ronde-lart-urbain-a-bordeaux-exposition-etres-a-st-michel\/"]}]},{"@type":"BreadcrumbList","@id":"https:\/\/www.viaromana.org\/blog\/relecture-de-larticle-table-ronde-lart-urbain-a-bordeaux-exposition-etres-a-st-michel\/#breadcrumb","itemListElement":[{"@type":"ListItem","position":1,"name":"Accueil","item":"https:\/\/www.viaromana.org\/blog\/"},{"@type":"ListItem","position":2,"name":"Relecture de l\u2019article : Table ronde L\u2019art urbain \u00e0 Bordeaux | Exposition \u00catre(s) \u00e0 St-Michel"}]},{"@type":"WebSite","@id":"https:\/\/www.viaromana.org\/blog\/#website","url":"https:\/\/www.viaromana.org\/blog\/","name":"Viaromana et arch\u00e9ologie.","description":"Site arch\u00e9ologique de la voie romaine (viaromana) Belgique-France-Rome","publisher":{"@id":"https:\/\/www.viaromana.org\/blog\/#organization"},"potentialAction":[{"@type":"SearchAction","target":{"@type":"EntryPoint","urlTemplate":"https:\/\/www.viaromana.org\/blog\/?s={search_term_string}"},"query-input":"required name=search_term_string"}],"inLanguage":"fr-FR"},{"@type":"Organization","@id":"https:\/\/www.viaromana.org\/blog\/#organization","name":"viaromana","url":"https:\/\/www.viaromana.org\/blog\/","logo":{"@type":"ImageObject","inLanguage":"fr-FR","@id":"https:\/\/www.viaromana.org\/blog\/#\/schema\/logo\/image\/","url":"https:\/\/www.viaromana.org\/blog\/wp-content\/uploads\/2021\/12\/logo-3.png","contentUrl":"https:\/\/www.viaromana.org\/blog\/wp-content\/uploads\/2021\/12\/logo-3.png","width":300,"height":249,"caption":"viaromana"},"image":{"@id":"https:\/\/www.viaromana.org\/blog\/#\/schema\/logo\/image\/"}},{"@type":"Person","@id":"https:\/\/www.viaromana.org\/blog\/#\/schema\/person\/cde9c4655845091e1fe473fcd163c889","name":"Robert","image":{"@type":"ImageObject","inLanguage":"fr-FR","@id":"https:\/\/www.viaromana.org\/blog\/#\/schema\/person\/image\/","url":"https:\/\/secure.gravatar.com\/avatar\/a168ec191013b636c2f278aec04e724b?s=96&d=mm&r=g","contentUrl":"https:\/\/secure.gravatar.com\/avatar\/a168ec191013b636c2f278aec04e724b?s=96&d=mm&r=g","caption":"Robert"},"sameAs":["https:\/\/www.viaromana.org\/blog"],"url":"https:\/\/www.viaromana.org\/blog\/author\/anaadmin\/"}]}},"_links":{"self":[{"href":"https:\/\/www.viaromana.org\/blog\/wp-json\/wp\/v2\/posts\/1603"}],"collection":[{"href":"https:\/\/www.viaromana.org\/blog\/wp-json\/wp\/v2\/posts"}],"about":[{"href":"https:\/\/www.viaromana.org\/blog\/wp-json\/wp\/v2\/types\/post"}],"author":[{"embeddable":true,"href":"https:\/\/www.viaromana.org\/blog\/wp-json\/wp\/v2\/users\/1"}],"replies":[{"embeddable":true,"href":"https:\/\/www.viaromana.org\/blog\/wp-json\/wp\/v2\/comments?post=1603"}],"version-history":[{"count":0,"href":"https:\/\/www.viaromana.org\/blog\/wp-json\/wp\/v2\/posts\/1603\/revisions"}],"wp:attachment":[{"href":"https:\/\/www.viaromana.org\/blog\/wp-json\/wp\/v2\/media?parent=1603"}],"wp:term":[{"taxonomy":"category","embeddable":true,"href":"https:\/\/www.viaromana.org\/blog\/wp-json\/wp\/v2\/categories?post=1603"},{"taxonomy":"post_tag","embeddable":true,"href":"https:\/\/www.viaromana.org\/blog\/wp-json\/wp\/v2\/tags?post=1603"}],"curies":[{"name":"wp","href":"https:\/\/api.w.org\/{rel}","templated":true}]}}