{"id":1598,"date":"2023-03-21T17:04:38","date_gmt":"2023-03-21T16:04:38","guid":{"rendered":"https:\/\/www.site.cdcl.xyz\/2023\/03\/21\/cela-circule-sur-internet-mouvement-de-greve-jeudi-23-mars\/"},"modified":"2023-03-21T17:04:38","modified_gmt":"2023-03-21T16:04:38","slug":"cela-circule-sur-internet-mouvement-de-greve-jeudi-23-mars","status":"publish","type":"post","link":"https:\/\/www.viaromana.org\/blog\/cela-circule-sur-internet-mouvement-de-greve-jeudi-23-mars\/","title":{"rendered":"Cela circule sur internet : Mouvement de gr\u00e8ve | Jeudi 23 mars"},"content":{"rendered":"<p>Voici le plus important d\u2019un dossier que notre \u00e9quipe vient de d\u00e9couvrir sur le web. Le th\u00e8me va assur\u00e9ment vous convenir. Car le propos est \u00ab&nbsp;l\u2019arch\u00e9ologie&nbsp;\u00bb.<\/p>\n<p>Son titre troublant (Mouvement de gr\u00e8ve | Jeudi 23 mars) en dit long.<\/p>\n<p> Annonc\u00e9 sous le nom \u00abadmin_vannes\u00bb, l\u2019auteur est positivement connu.<\/p>\n<p>Vous pouvez ainsi faire confiance \u00e0 cette \u00e9dition.<\/p>\n<p>Sachez que la date d\u2019\u00e9dition est 2023-03-21 17:04:38.<\/p>\n<div>\n<div>\n<p>Un appel national \u00e0 la gr\u00e8ve est annonc\u00e9 pour la journ\u00e9e du jeudi 23 mars 2023.<\/p>\n<p>Concernant les enfants scolaris\u00e9s en \u00e9cole publique, nous vous prions de noter les informations indiqu\u00e9es dans le tableau joint.<\/p>\n<p><strong>Restauration scolaire :<\/strong><br \/>Seuls les d\u00e9jeuners pris par les enfants pr\u00e9sents seront factur\u00e9s.<\/p>\n<p>\nVous voudrez bien noter qu\u2019\u00e0 ce jour la mise en place du service d\u2019accueil minimum n\u2019est pas garantie.<\/p>\n<\/div>\n<\/div>\n<p>Ouvrages sur un th\u00e8me identique:<\/p>\n<p>Tremplin d\u2019\u00e9toiles.,<a target=\"_blank\" rel=\"nofollow\" href=\"https:\/\/www.viaromana.org\/blog\/goto\/https:\/\/booknode.com\/tremplin_detoiles_0148772\"  target=\"_blank\" rel=\"noopener noreferrer nofollow\">Clicker Ici <\/a><span><\/span>.<\/p>\n<p>Manuel d\u2019arch\u00e9ologie biblique (2).,<a target=\"_blank\" rel=\"nofollow\" href=\"https:\/\/www.viaromana.org\/blog\/goto\/https:\/\/www.epagine.fr\/ebook\/9782307506850-manuel-d-archeologie-biblique-2-augustin-georges-barrois\/\"  target=\"_blank\" rel=\"noopener noreferrer nofollow\">(la couverture) <\/a><span><\/span>.<\/p>\n<p>Problemes d\u2019archeologie developpementale en afrique.,<a target=\"_blank\" rel=\"nofollow\" href=\"https:\/\/www.viaromana.org\/blog\/goto\/https:\/\/www.epagine.fr\/ebook\/9782140005398-problemes-d-archeologie-developpementale-en-afrique-alain-marliac\/\"  target=\"_blank\" rel=\"noopener noreferrer nofollow\">(Disponible) <\/a><span><\/span>.<\/p>\n<p>Manuel d\u2019arch\u00e9ologie \u00e9trusque et romaine.,<a target=\"_blank\" rel=\"nofollow\" href=\"https:\/\/www.viaromana.org\/blog\/goto\/https:\/\/www.epagine.fr\/ebook\/9782346060832-manuel-d-archeologie-etrusque-et-romaine-jules-martha\/\"  target=\"_blank\" rel=\"noopener noreferrer nofollow\">Ouvrage <\/a><span><\/span>. A emprunter en biblioth\u00e8que.<\/p>\n","protected":false},"excerpt":{"rendered":"<p>Voici le plus important d\u2019un dossier que notre \u00e9quipe vient de d\u00e9couvrir sur le web. Le th\u00e8me va assur\u00e9ment vous convenir. Car le propos est \u00ab&nbsp;l\u2019arch\u00e9ologie&nbsp;\u00bb. Son titre troublant (Mouvement de gr\u00e8ve | Jeudi 23 mars) en dit long. Annonc\u00e9 sous le nom \u00abadmin_vannes\u00bb, l\u2019auteur est positivement connu. Vous pouvez ainsi faire confiance \u00e0 cette \u00e9dition. Sachez que la date d\u2019\u00e9dition est 2023-03-21 17:04:38. Un appel national \u00e0 la gr\u00e8ve est annonc\u00e9 pour la journ\u00e9e du jeudi 23 mars 2023. Concernant les enfants scolaris\u00e9s en \u00e9cole publique, nous vous prions de noter les informations indiqu\u00e9es dans le tableau joint. Restauration\u2026<\/p>\n","protected":false},"author":1,"featured_media":0,"comment_status":"closed","ping_status":"closed","sticky":false,"template":"","format":"standard","meta":{"footnotes":""},"categories":[2],"tags":[],"blocksy_meta":{"styles_descriptor":{"styles":{"desktop":"","tablet":"","mobile":""},"google_fonts":[],"version":4}},"yoast_head":"<!-- This site is optimized with the Yoast SEO plugin v21.1 - https:\/\/yoast.com\/wordpress\/plugins\/seo\/ -->\n<title>Cela circule sur internet : Mouvement de gr\u00e8ve | Jeudi 23 mars - Viaromana et arch\u00e9ologie.<\/title>\n<meta name=\"description\" content=\"Cela circule sur internet : Mouvement de gr\u00e8ve | Jeudi 23 mars article de Viaromana et arch\u00e9ologie.\" \/>\n<meta name=\"robots\" content=\"index, follow, max-snippet:-1, max-image-preview:large, max-video-preview:-1\" \/>\n<link rel=\"canonical\" href=\"https:\/\/www.viaromana.org\/blog\/cela-circule-sur-internet-mouvement-de-greve-jeudi-23-mars\/\" \/>\n<meta property=\"og:locale\" content=\"fr_FR\" \/>\n<meta property=\"og:type\" content=\"article\" \/>\n<meta property=\"og:title\" content=\"Cela circule sur internet : Mouvement de gr\u00e8ve | Jeudi 23 mars - Viaromana et arch\u00e9ologie.\" \/>\n<meta property=\"og:description\" content=\"Cela circule sur internet : Mouvement de gr\u00e8ve | Jeudi 23 mars article de Viaromana et arch\u00e9ologie.\" \/>\n<meta property=\"og:url\" content=\"https:\/\/www.viaromana.org\/blog\/cela-circule-sur-internet-mouvement-de-greve-jeudi-23-mars\/\" \/>\n<meta property=\"og:site_name\" content=\"Viaromana et arch\u00e9ologie.\" \/>\n<meta property=\"article:published_time\" content=\"2023-03-21T16:04:38+00:00\" \/>\n<meta name=\"author\" content=\"Robert\" \/>\n<meta name=\"twitter:card\" content=\"summary_large_image\" \/>\n<meta name=\"twitter:label1\" content=\"\u00c9crit par\" \/>\n\t<meta name=\"twitter:data1\" content=\"Robert\" \/>\n\t<meta name=\"twitter:label2\" content=\"Dur\u00e9e de lecture estim\u00e9e\" \/>\n\t<meta name=\"twitter:data2\" content=\"1 minute\" \/>\n<script type=\"application\/ld+json\" class=\"yoast-schema-graph\">{\"@context\":\"https:\/\/schema.org\",\"@graph\":[{\"@type\":\"Article\",\"@id\":\"https:\/\/www.viaromana.org\/blog\/cela-circule-sur-internet-mouvement-de-greve-jeudi-23-mars\/#article\",\"isPartOf\":{\"@id\":\"https:\/\/www.viaromana.org\/blog\/cela-circule-sur-internet-mouvement-de-greve-jeudi-23-mars\/\"},\"author\":{\"name\":\"Robert\",\"@id\":\"https:\/\/www.viaromana.org\/blog\/#\/schema\/person\/cde9c4655845091e1fe473fcd163c889\"},\"headline\":\"Cela circule sur internet : Mouvement de gr\u00e8ve | Jeudi 23 mars\",\"datePublished\":\"2023-03-21T16:04:38+00:00\",\"dateModified\":\"2023-03-21T16:04:38+00:00\",\"mainEntityOfPage\":{\"@id\":\"https:\/\/www.viaromana.org\/blog\/cela-circule-sur-internet-mouvement-de-greve-jeudi-23-mars\/\"},\"wordCount\":192,\"publisher\":{\"@id\":\"https:\/\/www.viaromana.org\/blog\/#organization\"},\"articleSection\":[\"Arch\u00e9ologie\"],\"inLanguage\":\"fr-FR\"},{\"@type\":\"WebPage\",\"@id\":\"https:\/\/www.viaromana.org\/blog\/cela-circule-sur-internet-mouvement-de-greve-jeudi-23-mars\/\",\"url\":\"https:\/\/www.viaromana.org\/blog\/cela-circule-sur-internet-mouvement-de-greve-jeudi-23-mars\/\",\"name\":\"Cela circule sur internet : Mouvement de gr\u00e8ve | Jeudi 23 mars - Viaromana et arch\u00e9ologie.\",\"isPartOf\":{\"@id\":\"https:\/\/www.viaromana.org\/blog\/#website\"},\"datePublished\":\"2023-03-21T16:04:38+00:00\",\"dateModified\":\"2023-03-21T16:04:38+00:00\",\"description\":\"Cela circule sur internet : Mouvement de gr\u00e8ve | Jeudi 23 mars article de Viaromana et arch\u00e9ologie.\",\"breadcrumb\":{\"@id\":\"https:\/\/www.viaromana.org\/blog\/cela-circule-sur-internet-mouvement-de-greve-jeudi-23-mars\/#breadcrumb\"},\"inLanguage\":\"fr-FR\",\"potentialAction\":[{\"@type\":\"ReadAction\",\"target\":[\"https:\/\/www.viaromana.org\/blog\/cela-circule-sur-internet-mouvement-de-greve-jeudi-23-mars\/\"]}]},{\"@type\":\"BreadcrumbList\",\"@id\":\"https:\/\/www.viaromana.org\/blog\/cela-circule-sur-internet-mouvement-de-greve-jeudi-23-mars\/#breadcrumb\",\"itemListElement\":[{\"@type\":\"ListItem\",\"position\":1,\"name\":\"Accueil\",\"item\":\"https:\/\/www.viaromana.org\/blog\/\"},{\"@type\":\"ListItem\",\"position\":2,\"name\":\"Cela circule sur internet : Mouvement de gr\u00e8ve | Jeudi 23 mars\"}]},{\"@type\":\"WebSite\",\"@id\":\"https:\/\/www.viaromana.org\/blog\/#website\",\"url\":\"https:\/\/www.viaromana.org\/blog\/\",\"name\":\"Viaromana et arch\u00e9ologie.\",\"description\":\"Site arch\u00e9ologique de la voie romaine (viaromana) Belgique-France-Rome\",\"publisher\":{\"@id\":\"https:\/\/www.viaromana.org\/blog\/#organization\"},\"potentialAction\":[{\"@type\":\"SearchAction\",\"target\":{\"@type\":\"EntryPoint\",\"urlTemplate\":\"https:\/\/www.viaromana.org\/blog\/?s={search_term_string}\"},\"query-input\":\"required name=search_term_string\"}],\"inLanguage\":\"fr-FR\"},{\"@type\":\"Organization\",\"@id\":\"https:\/\/www.viaromana.org\/blog\/#organization\",\"name\":\"viaromana\",\"url\":\"https:\/\/www.viaromana.org\/blog\/\",\"logo\":{\"@type\":\"ImageObject\",\"inLanguage\":\"fr-FR\",\"@id\":\"https:\/\/www.viaromana.org\/blog\/#\/schema\/logo\/image\/\",\"url\":\"https:\/\/www.viaromana.org\/blog\/wp-content\/uploads\/2021\/12\/logo-3.png\",\"contentUrl\":\"https:\/\/www.viaromana.org\/blog\/wp-content\/uploads\/2021\/12\/logo-3.png\",\"width\":300,\"height\":249,\"caption\":\"viaromana\"},\"image\":{\"@id\":\"https:\/\/www.viaromana.org\/blog\/#\/schema\/logo\/image\/\"}},{\"@type\":\"Person\",\"@id\":\"https:\/\/www.viaromana.org\/blog\/#\/schema\/person\/cde9c4655845091e1fe473fcd163c889\",\"name\":\"Robert\",\"image\":{\"@type\":\"ImageObject\",\"inLanguage\":\"fr-FR\",\"@id\":\"https:\/\/www.viaromana.org\/blog\/#\/schema\/person\/image\/\",\"url\":\"https:\/\/secure.gravatar.com\/avatar\/a168ec191013b636c2f278aec04e724b?s=96&d=mm&r=g\",\"contentUrl\":\"https:\/\/secure.gravatar.com\/avatar\/a168ec191013b636c2f278aec04e724b?s=96&d=mm&r=g\",\"caption\":\"Robert\"},\"sameAs\":[\"https:\/\/www.viaromana.org\/blog\"],\"url\":\"https:\/\/www.viaromana.org\/blog\/author\/anaadmin\/\"}]}<\/script>\n<!-- \/ Yoast SEO plugin. -->","yoast_head_json":{"title":"Cela circule sur internet : Mouvement de gr\u00e8ve | Jeudi 23 mars - Viaromana et arch\u00e9ologie.","description":"Cela circule sur internet : Mouvement de gr\u00e8ve | Jeudi 23 mars article de Viaromana et arch\u00e9ologie.","robots":{"index":"index","follow":"follow","max-snippet":"max-snippet:-1","max-image-preview":"max-image-preview:large","max-video-preview":"max-video-preview:-1"},"canonical":"https:\/\/www.viaromana.org\/blog\/cela-circule-sur-internet-mouvement-de-greve-jeudi-23-mars\/","og_locale":"fr_FR","og_type":"article","og_title":"Cela circule sur internet : Mouvement de gr\u00e8ve | Jeudi 23 mars - Viaromana et arch\u00e9ologie.","og_description":"Cela circule sur internet : Mouvement de gr\u00e8ve | Jeudi 23 mars article de Viaromana et arch\u00e9ologie.","og_url":"https:\/\/www.viaromana.org\/blog\/cela-circule-sur-internet-mouvement-de-greve-jeudi-23-mars\/","og_site_name":"Viaromana et arch\u00e9ologie.","article_published_time":"2023-03-21T16:04:38+00:00","author":"Robert","twitter_card":"summary_large_image","twitter_misc":{"\u00c9crit par":"Robert","Dur\u00e9e de lecture estim\u00e9e":"1 minute"},"schema":{"@context":"https:\/\/schema.org","@graph":[{"@type":"Article","@id":"https:\/\/www.viaromana.org\/blog\/cela-circule-sur-internet-mouvement-de-greve-jeudi-23-mars\/#article","isPartOf":{"@id":"https:\/\/www.viaromana.org\/blog\/cela-circule-sur-internet-mouvement-de-greve-jeudi-23-mars\/"},"author":{"name":"Robert","@id":"https:\/\/www.viaromana.org\/blog\/#\/schema\/person\/cde9c4655845091e1fe473fcd163c889"},"headline":"Cela circule sur internet : Mouvement de gr\u00e8ve | Jeudi 23 mars","datePublished":"2023-03-21T16:04:38+00:00","dateModified":"2023-03-21T16:04:38+00:00","mainEntityOfPage":{"@id":"https:\/\/www.viaromana.org\/blog\/cela-circule-sur-internet-mouvement-de-greve-jeudi-23-mars\/"},"wordCount":192,"publisher":{"@id":"https:\/\/www.viaromana.org\/blog\/#organization"},"articleSection":["Arch\u00e9ologie"],"inLanguage":"fr-FR"},{"@type":"WebPage","@id":"https:\/\/www.viaromana.org\/blog\/cela-circule-sur-internet-mouvement-de-greve-jeudi-23-mars\/","url":"https:\/\/www.viaromana.org\/blog\/cela-circule-sur-internet-mouvement-de-greve-jeudi-23-mars\/","name":"Cela circule sur internet : Mouvement de gr\u00e8ve | Jeudi 23 mars - Viaromana et arch\u00e9ologie.","isPartOf":{"@id":"https:\/\/www.viaromana.org\/blog\/#website"},"datePublished":"2023-03-21T16:04:38+00:00","dateModified":"2023-03-21T16:04:38+00:00","description":"Cela circule sur internet : Mouvement de gr\u00e8ve | Jeudi 23 mars article de Viaromana et arch\u00e9ologie.","breadcrumb":{"@id":"https:\/\/www.viaromana.org\/blog\/cela-circule-sur-internet-mouvement-de-greve-jeudi-23-mars\/#breadcrumb"},"inLanguage":"fr-FR","potentialAction":[{"@type":"ReadAction","target":["https:\/\/www.viaromana.org\/blog\/cela-circule-sur-internet-mouvement-de-greve-jeudi-23-mars\/"]}]},{"@type":"BreadcrumbList","@id":"https:\/\/www.viaromana.org\/blog\/cela-circule-sur-internet-mouvement-de-greve-jeudi-23-mars\/#breadcrumb","itemListElement":[{"@type":"ListItem","position":1,"name":"Accueil","item":"https:\/\/www.viaromana.org\/blog\/"},{"@type":"ListItem","position":2,"name":"Cela circule sur internet : Mouvement de gr\u00e8ve | Jeudi 23 mars"}]},{"@type":"WebSite","@id":"https:\/\/www.viaromana.org\/blog\/#website","url":"https:\/\/www.viaromana.org\/blog\/","name":"Viaromana et arch\u00e9ologie.","description":"Site arch\u00e9ologique de la voie romaine (viaromana) Belgique-France-Rome","publisher":{"@id":"https:\/\/www.viaromana.org\/blog\/#organization"},"potentialAction":[{"@type":"SearchAction","target":{"@type":"EntryPoint","urlTemplate":"https:\/\/www.viaromana.org\/blog\/?s={search_term_string}"},"query-input":"required name=search_term_string"}],"inLanguage":"fr-FR"},{"@type":"Organization","@id":"https:\/\/www.viaromana.org\/blog\/#organization","name":"viaromana","url":"https:\/\/www.viaromana.org\/blog\/","logo":{"@type":"ImageObject","inLanguage":"fr-FR","@id":"https:\/\/www.viaromana.org\/blog\/#\/schema\/logo\/image\/","url":"https:\/\/www.viaromana.org\/blog\/wp-content\/uploads\/2021\/12\/logo-3.png","contentUrl":"https:\/\/www.viaromana.org\/blog\/wp-content\/uploads\/2021\/12\/logo-3.png","width":300,"height":249,"caption":"viaromana"},"image":{"@id":"https:\/\/www.viaromana.org\/blog\/#\/schema\/logo\/image\/"}},{"@type":"Person","@id":"https:\/\/www.viaromana.org\/blog\/#\/schema\/person\/cde9c4655845091e1fe473fcd163c889","name":"Robert","image":{"@type":"ImageObject","inLanguage":"fr-FR","@id":"https:\/\/www.viaromana.org\/blog\/#\/schema\/person\/image\/","url":"https:\/\/secure.gravatar.com\/avatar\/a168ec191013b636c2f278aec04e724b?s=96&d=mm&r=g","contentUrl":"https:\/\/secure.gravatar.com\/avatar\/a168ec191013b636c2f278aec04e724b?s=96&d=mm&r=g","caption":"Robert"},"sameAs":["https:\/\/www.viaromana.org\/blog"],"url":"https:\/\/www.viaromana.org\/blog\/author\/anaadmin\/"}]}},"_links":{"self":[{"href":"https:\/\/www.viaromana.org\/blog\/wp-json\/wp\/v2\/posts\/1598"}],"collection":[{"href":"https:\/\/www.viaromana.org\/blog\/wp-json\/wp\/v2\/posts"}],"about":[{"href":"https:\/\/www.viaromana.org\/blog\/wp-json\/wp\/v2\/types\/post"}],"author":[{"embeddable":true,"href":"https:\/\/www.viaromana.org\/blog\/wp-json\/wp\/v2\/users\/1"}],"replies":[{"embeddable":true,"href":"https:\/\/www.viaromana.org\/blog\/wp-json\/wp\/v2\/comments?post=1598"}],"version-history":[{"count":0,"href":"https:\/\/www.viaromana.org\/blog\/wp-json\/wp\/v2\/posts\/1598\/revisions"}],"wp:attachment":[{"href":"https:\/\/www.viaromana.org\/blog\/wp-json\/wp\/v2\/media?parent=1598"}],"wp:term":[{"taxonomy":"category","embeddable":true,"href":"https:\/\/www.viaromana.org\/blog\/wp-json\/wp\/v2\/categories?post=1598"},{"taxonomy":"post_tag","embeddable":true,"href":"https:\/\/www.viaromana.org\/blog\/wp-json\/wp\/v2\/tags?post=1598"}],"curies":[{"name":"wp","href":"https:\/\/api.w.org\/{rel}","templated":true}]}}