{"id":1597,"date":"2023-03-17T11:19:41","date_gmt":"2023-03-17T10:19:41","guid":{"rendered":"https:\/\/www.site.cdcl.xyz\/2023\/03\/17\/revue-de-presse-internet-escale-ceramique-de-vannes-lete-des-potiers\/"},"modified":"2023-03-17T11:19:41","modified_gmt":"2023-03-17T10:19:41","slug":"revue-de-presse-internet-escale-ceramique-de-vannes-lete-des-potiers","status":"publish","type":"post","link":"https:\/\/www.viaromana.org\/blog\/revue-de-presse-internet-escale-ceramique-de-vannes-lete-des-potiers\/","title":{"rendered":"Revue de presse internet : Escale c\u00e9ramique de Vannes \u00ab l\u2019\u00e9t\u00e9 des potiers \u00bb"},"content":{"rendered":"<p>Nous avons relev\u00e9 un \u00e9ditorial sur le web dont le sujet est \u00abl\u2019arch\u00e9ologie\u00bb.<\/p>\n<p>Le titre (Escale c\u00e9ramique de Vannes \u00ab l\u2019\u00e9t\u00e9 des potiers \u00bb) est sans ambigu\u00eft\u00e9.<\/p>\n<p> Pr\u00e9sent\u00e9 sous le nom \u00abOlivier_laudrin\u00bb, l\u2019\u00e9crivain est positivement connu pour d\u2019autres textes qu\u2019il a publi\u00e9s sur internet.<\/p>\n<p>Sachez que la date de parution est 2023-03-17 11:19:41.<\/p>\n<p>Voici ll\u2019article : <\/p>\n<div>\n<div>\n<p><strong>Escale c\u00e9ramique de Vannes \u00ab l\u2019\u00e9t\u00e9 des potiers \u00bb<\/strong><\/p>\n<p>Une quarantaine de c\u00e9ramistes professionnels seront pr\u00e9sents pour vous pr\u00e9senter le meilleur de la c\u00e9ramique actuelle, de la sculpture \u00e0 l\u2019objet du quotidien.&nbsp;<\/p>\n<p>Ateliers modelage pour petits et grands (sans inscription et gratuit).&nbsp;<\/p>\n<p>D\u00e9monstrations de tournage \u00e0 la corde avec Pascal Laristan.<\/p>\n<p>Exposition collective sur le th\u00e8me \u00ab Au-dessus des nuages \u00bb<\/p>\n<ul>\n<li>Entr\u00e9e libre<\/li>\n<li>Renseignements :&nbsp;Olivier Ruaud 06 15 23 42 04 \u2013 etedespotiers@gmail.com<\/li>\n<\/ul>\n<\/div>\n<\/div>\n<p>Parutions sur le m\u00eame propos:<\/p>\n<p>Tremplin d\u2019\u00e9toiles.,<a target=\"_blank\" rel=\"nofollow\" href=\"https:\/\/www.viaromana.org\/blog\/goto\/https:\/\/booknode.com\/tremplin_detoiles_0148772\"  target=\"_blank\" rel=\"noopener noreferrer nofollow\">Clicker Ici <\/a><span><\/span>.<\/p>\n<p>Novgorod : histoire et arch\u00e9ologie d\u2019une r\u00e9publique russe m\u00e9di\u00e9vale (970-1478).,<a target=\"_blank\" rel=\"nofollow\" href=\"https:\/\/www.viaromana.org\/blog\/goto\/https:\/\/www.epagine.fr\/ebook\/9782271138330-novgorod-histoire-et-archeologie-d-une-republique-russe-medievale-970-1478-pierre-gonneau\/\"  target=\"_blank\" rel=\"noopener noreferrer nofollow\">Le livre <\/a><span><\/span>. Disponible dans toutes les bonnes librairies.<\/p>\n<p>Regency, tome 2 : Le Secret du Nil.,<a target=\"_blank\" rel=\"nofollow\" href=\"https:\/\/www.viaromana.org\/blog\/goto\/https:\/\/booknode.com\/regency_tome_2_le_secret_du_nil_061686\"  target=\"_blank\" rel=\"noopener noreferrer nofollow\">Clicker Ici <\/a><span><\/span>. Disponible dans toutes les bonnes biblioth\u00e8ques de votre d\u00e9partement.<\/p>\n<p>Pour une histoire de la pr\u00e9histoire oc\u00e9anienne.,<a target=\"_blank\" rel=\"nofollow\" href=\"https:\/\/www.viaromana.org\/blog\/goto\/https:\/\/www.kobo.com\/de\/fr\/ebook\/pour-une-histoire-de-la-prehistoire-oceanienne\"  target=\"_blank\" rel=\"noopener noreferrer nofollow\">Clicker Ici <\/a><span><\/span>. Disponible dans toutes les bonnes biblioth\u00e8ques de votre d\u00e9partement.<\/p>\n","protected":false},"excerpt":{"rendered":"<p>Nous avons relev\u00e9 un \u00e9ditorial sur le web dont le sujet est \u00abl\u2019arch\u00e9ologie\u00bb. Le titre (Escale c\u00e9ramique de Vannes \u00ab l\u2019\u00e9t\u00e9 des potiers \u00bb) est sans ambigu\u00eft\u00e9. Pr\u00e9sent\u00e9 sous le nom \u00abOlivier_laudrin\u00bb, l\u2019\u00e9crivain est positivement connu pour d\u2019autres textes qu\u2019il a publi\u00e9s sur internet. Sachez que la date de parution est 2023-03-17 11:19:41. Voici ll\u2019article : Escale c\u00e9ramique de Vannes \u00ab l\u2019\u00e9t\u00e9 des potiers \u00bb Une quarantaine de c\u00e9ramistes professionnels seront pr\u00e9sents pour vous pr\u00e9senter le meilleur de la c\u00e9ramique actuelle, de la sculpture \u00e0 l\u2019objet du quotidien.&nbsp; Ateliers modelage pour petits et grands (sans inscription et gratuit).&nbsp; D\u00e9monstrations de\u2026<\/p>\n","protected":false},"author":1,"featured_media":0,"comment_status":"closed","ping_status":"closed","sticky":false,"template":"","format":"standard","meta":{"footnotes":""},"categories":[2],"tags":[],"blocksy_meta":{"styles_descriptor":{"styles":{"desktop":"","tablet":"","mobile":""},"google_fonts":[],"version":4}},"yoast_head":"<!-- This site is optimized with the Yoast SEO plugin v21.1 - https:\/\/yoast.com\/wordpress\/plugins\/seo\/ -->\n<title>Revue de presse internet : Escale c\u00e9ramique de Vannes \u00ab l\u2019\u00e9t\u00e9 des potiers \u00bb - Viaromana et arch\u00e9ologie.<\/title>\n<meta name=\"description\" content=\"Revue de presse internet : Escale c\u00e9ramique de Vannes \u00ab l\u2019\u00e9t\u00e9 des potiers \u00bb article de Viaromana et arch\u00e9ologie.\" \/>\n<meta name=\"robots\" content=\"index, follow, max-snippet:-1, max-image-preview:large, max-video-preview:-1\" \/>\n<link rel=\"canonical\" href=\"https:\/\/www.viaromana.org\/blog\/revue-de-presse-internet-escale-ceramique-de-vannes-lete-des-potiers\/\" \/>\n<meta property=\"og:locale\" content=\"fr_FR\" \/>\n<meta property=\"og:type\" content=\"article\" \/>\n<meta property=\"og:title\" content=\"Revue de presse internet : Escale c\u00e9ramique de Vannes \u00ab l\u2019\u00e9t\u00e9 des potiers \u00bb - Viaromana et arch\u00e9ologie.\" \/>\n<meta property=\"og:description\" content=\"Revue de presse internet : Escale c\u00e9ramique de Vannes \u00ab l\u2019\u00e9t\u00e9 des potiers \u00bb article de Viaromana et arch\u00e9ologie.\" \/>\n<meta property=\"og:url\" content=\"https:\/\/www.viaromana.org\/blog\/revue-de-presse-internet-escale-ceramique-de-vannes-lete-des-potiers\/\" \/>\n<meta property=\"og:site_name\" content=\"Viaromana et arch\u00e9ologie.\" \/>\n<meta property=\"article:published_time\" content=\"2023-03-17T10:19:41+00:00\" \/>\n<meta name=\"author\" content=\"Robert\" \/>\n<meta name=\"twitter:card\" content=\"summary_large_image\" \/>\n<meta name=\"twitter:label1\" content=\"\u00c9crit par\" \/>\n\t<meta name=\"twitter:data1\" content=\"Robert\" \/>\n\t<meta name=\"twitter:label2\" content=\"Dur\u00e9e de lecture estim\u00e9e\" \/>\n\t<meta name=\"twitter:data2\" content=\"1 minute\" \/>\n<script type=\"application\/ld+json\" class=\"yoast-schema-graph\">{\"@context\":\"https:\/\/schema.org\",\"@graph\":[{\"@type\":\"Article\",\"@id\":\"https:\/\/www.viaromana.org\/blog\/revue-de-presse-internet-escale-ceramique-de-vannes-lete-des-potiers\/#article\",\"isPartOf\":{\"@id\":\"https:\/\/www.viaromana.org\/blog\/revue-de-presse-internet-escale-ceramique-de-vannes-lete-des-potiers\/\"},\"author\":{\"name\":\"Robert\",\"@id\":\"https:\/\/www.viaromana.org\/blog\/#\/schema\/person\/cde9c4655845091e1fe473fcd163c889\"},\"headline\":\"Revue de presse internet : Escale c\u00e9ramique de Vannes \u00ab l\u2019\u00e9t\u00e9 des potiers \u00bb\",\"datePublished\":\"2023-03-17T10:19:41+00:00\",\"dateModified\":\"2023-03-17T10:19:41+00:00\",\"mainEntityOfPage\":{\"@id\":\"https:\/\/www.viaromana.org\/blog\/revue-de-presse-internet-escale-ceramique-de-vannes-lete-des-potiers\/\"},\"wordCount\":228,\"publisher\":{\"@id\":\"https:\/\/www.viaromana.org\/blog\/#organization\"},\"articleSection\":[\"Arch\u00e9ologie\"],\"inLanguage\":\"fr-FR\"},{\"@type\":\"WebPage\",\"@id\":\"https:\/\/www.viaromana.org\/blog\/revue-de-presse-internet-escale-ceramique-de-vannes-lete-des-potiers\/\",\"url\":\"https:\/\/www.viaromana.org\/blog\/revue-de-presse-internet-escale-ceramique-de-vannes-lete-des-potiers\/\",\"name\":\"Revue de presse internet : Escale c\u00e9ramique de Vannes \u00ab l\u2019\u00e9t\u00e9 des potiers \u00bb - Viaromana et arch\u00e9ologie.\",\"isPartOf\":{\"@id\":\"https:\/\/www.viaromana.org\/blog\/#website\"},\"datePublished\":\"2023-03-17T10:19:41+00:00\",\"dateModified\":\"2023-03-17T10:19:41+00:00\",\"description\":\"Revue de presse internet : Escale c\u00e9ramique de Vannes \u00ab l\u2019\u00e9t\u00e9 des potiers \u00bb article de Viaromana et arch\u00e9ologie.\",\"breadcrumb\":{\"@id\":\"https:\/\/www.viaromana.org\/blog\/revue-de-presse-internet-escale-ceramique-de-vannes-lete-des-potiers\/#breadcrumb\"},\"inLanguage\":\"fr-FR\",\"potentialAction\":[{\"@type\":\"ReadAction\",\"target\":[\"https:\/\/www.viaromana.org\/blog\/revue-de-presse-internet-escale-ceramique-de-vannes-lete-des-potiers\/\"]}]},{\"@type\":\"BreadcrumbList\",\"@id\":\"https:\/\/www.viaromana.org\/blog\/revue-de-presse-internet-escale-ceramique-de-vannes-lete-des-potiers\/#breadcrumb\",\"itemListElement\":[{\"@type\":\"ListItem\",\"position\":1,\"name\":\"Accueil\",\"item\":\"https:\/\/www.viaromana.org\/blog\/\"},{\"@type\":\"ListItem\",\"position\":2,\"name\":\"Revue de presse internet : Escale c\u00e9ramique de Vannes \u00ab l\u2019\u00e9t\u00e9 des potiers \u00bb\"}]},{\"@type\":\"WebSite\",\"@id\":\"https:\/\/www.viaromana.org\/blog\/#website\",\"url\":\"https:\/\/www.viaromana.org\/blog\/\",\"name\":\"Viaromana et arch\u00e9ologie.\",\"description\":\"Site arch\u00e9ologique de la voie romaine (viaromana) Belgique-France-Rome\",\"publisher\":{\"@id\":\"https:\/\/www.viaromana.org\/blog\/#organization\"},\"potentialAction\":[{\"@type\":\"SearchAction\",\"target\":{\"@type\":\"EntryPoint\",\"urlTemplate\":\"https:\/\/www.viaromana.org\/blog\/?s={search_term_string}\"},\"query-input\":\"required name=search_term_string\"}],\"inLanguage\":\"fr-FR\"},{\"@type\":\"Organization\",\"@id\":\"https:\/\/www.viaromana.org\/blog\/#organization\",\"name\":\"viaromana\",\"url\":\"https:\/\/www.viaromana.org\/blog\/\",\"logo\":{\"@type\":\"ImageObject\",\"inLanguage\":\"fr-FR\",\"@id\":\"https:\/\/www.viaromana.org\/blog\/#\/schema\/logo\/image\/\",\"url\":\"https:\/\/www.viaromana.org\/blog\/wp-content\/uploads\/2021\/12\/logo-3.png\",\"contentUrl\":\"https:\/\/www.viaromana.org\/blog\/wp-content\/uploads\/2021\/12\/logo-3.png\",\"width\":300,\"height\":249,\"caption\":\"viaromana\"},\"image\":{\"@id\":\"https:\/\/www.viaromana.org\/blog\/#\/schema\/logo\/image\/\"}},{\"@type\":\"Person\",\"@id\":\"https:\/\/www.viaromana.org\/blog\/#\/schema\/person\/cde9c4655845091e1fe473fcd163c889\",\"name\":\"Robert\",\"image\":{\"@type\":\"ImageObject\",\"inLanguage\":\"fr-FR\",\"@id\":\"https:\/\/www.viaromana.org\/blog\/#\/schema\/person\/image\/\",\"url\":\"https:\/\/secure.gravatar.com\/avatar\/a168ec191013b636c2f278aec04e724b?s=96&d=mm&r=g\",\"contentUrl\":\"https:\/\/secure.gravatar.com\/avatar\/a168ec191013b636c2f278aec04e724b?s=96&d=mm&r=g\",\"caption\":\"Robert\"},\"sameAs\":[\"https:\/\/www.viaromana.org\/blog\"],\"url\":\"https:\/\/www.viaromana.org\/blog\/author\/anaadmin\/\"}]}<\/script>\n<!-- \/ Yoast SEO plugin. -->","yoast_head_json":{"title":"Revue de presse internet : Escale c\u00e9ramique de Vannes \u00ab l\u2019\u00e9t\u00e9 des potiers \u00bb - Viaromana et arch\u00e9ologie.","description":"Revue de presse internet : Escale c\u00e9ramique de Vannes \u00ab l\u2019\u00e9t\u00e9 des potiers \u00bb article de Viaromana et arch\u00e9ologie.","robots":{"index":"index","follow":"follow","max-snippet":"max-snippet:-1","max-image-preview":"max-image-preview:large","max-video-preview":"max-video-preview:-1"},"canonical":"https:\/\/www.viaromana.org\/blog\/revue-de-presse-internet-escale-ceramique-de-vannes-lete-des-potiers\/","og_locale":"fr_FR","og_type":"article","og_title":"Revue de presse internet : Escale c\u00e9ramique de Vannes \u00ab l\u2019\u00e9t\u00e9 des potiers \u00bb - Viaromana et arch\u00e9ologie.","og_description":"Revue de presse internet : Escale c\u00e9ramique de Vannes \u00ab l\u2019\u00e9t\u00e9 des potiers \u00bb article de Viaromana et arch\u00e9ologie.","og_url":"https:\/\/www.viaromana.org\/blog\/revue-de-presse-internet-escale-ceramique-de-vannes-lete-des-potiers\/","og_site_name":"Viaromana et arch\u00e9ologie.","article_published_time":"2023-03-17T10:19:41+00:00","author":"Robert","twitter_card":"summary_large_image","twitter_misc":{"\u00c9crit par":"Robert","Dur\u00e9e de lecture estim\u00e9e":"1 minute"},"schema":{"@context":"https:\/\/schema.org","@graph":[{"@type":"Article","@id":"https:\/\/www.viaromana.org\/blog\/revue-de-presse-internet-escale-ceramique-de-vannes-lete-des-potiers\/#article","isPartOf":{"@id":"https:\/\/www.viaromana.org\/blog\/revue-de-presse-internet-escale-ceramique-de-vannes-lete-des-potiers\/"},"author":{"name":"Robert","@id":"https:\/\/www.viaromana.org\/blog\/#\/schema\/person\/cde9c4655845091e1fe473fcd163c889"},"headline":"Revue de presse internet : Escale c\u00e9ramique de Vannes \u00ab l\u2019\u00e9t\u00e9 des potiers \u00bb","datePublished":"2023-03-17T10:19:41+00:00","dateModified":"2023-03-17T10:19:41+00:00","mainEntityOfPage":{"@id":"https:\/\/www.viaromana.org\/blog\/revue-de-presse-internet-escale-ceramique-de-vannes-lete-des-potiers\/"},"wordCount":228,"publisher":{"@id":"https:\/\/www.viaromana.org\/blog\/#organization"},"articleSection":["Arch\u00e9ologie"],"inLanguage":"fr-FR"},{"@type":"WebPage","@id":"https:\/\/www.viaromana.org\/blog\/revue-de-presse-internet-escale-ceramique-de-vannes-lete-des-potiers\/","url":"https:\/\/www.viaromana.org\/blog\/revue-de-presse-internet-escale-ceramique-de-vannes-lete-des-potiers\/","name":"Revue de presse internet : Escale c\u00e9ramique de Vannes \u00ab l\u2019\u00e9t\u00e9 des potiers \u00bb - Viaromana et arch\u00e9ologie.","isPartOf":{"@id":"https:\/\/www.viaromana.org\/blog\/#website"},"datePublished":"2023-03-17T10:19:41+00:00","dateModified":"2023-03-17T10:19:41+00:00","description":"Revue de presse internet : Escale c\u00e9ramique de Vannes \u00ab l\u2019\u00e9t\u00e9 des potiers \u00bb article de Viaromana et arch\u00e9ologie.","breadcrumb":{"@id":"https:\/\/www.viaromana.org\/blog\/revue-de-presse-internet-escale-ceramique-de-vannes-lete-des-potiers\/#breadcrumb"},"inLanguage":"fr-FR","potentialAction":[{"@type":"ReadAction","target":["https:\/\/www.viaromana.org\/blog\/revue-de-presse-internet-escale-ceramique-de-vannes-lete-des-potiers\/"]}]},{"@type":"BreadcrumbList","@id":"https:\/\/www.viaromana.org\/blog\/revue-de-presse-internet-escale-ceramique-de-vannes-lete-des-potiers\/#breadcrumb","itemListElement":[{"@type":"ListItem","position":1,"name":"Accueil","item":"https:\/\/www.viaromana.org\/blog\/"},{"@type":"ListItem","position":2,"name":"Revue de presse internet : Escale c\u00e9ramique de Vannes \u00ab l\u2019\u00e9t\u00e9 des potiers \u00bb"}]},{"@type":"WebSite","@id":"https:\/\/www.viaromana.org\/blog\/#website","url":"https:\/\/www.viaromana.org\/blog\/","name":"Viaromana et arch\u00e9ologie.","description":"Site arch\u00e9ologique de la voie romaine (viaromana) Belgique-France-Rome","publisher":{"@id":"https:\/\/www.viaromana.org\/blog\/#organization"},"potentialAction":[{"@type":"SearchAction","target":{"@type":"EntryPoint","urlTemplate":"https:\/\/www.viaromana.org\/blog\/?s={search_term_string}"},"query-input":"required name=search_term_string"}],"inLanguage":"fr-FR"},{"@type":"Organization","@id":"https:\/\/www.viaromana.org\/blog\/#organization","name":"viaromana","url":"https:\/\/www.viaromana.org\/blog\/","logo":{"@type":"ImageObject","inLanguage":"fr-FR","@id":"https:\/\/www.viaromana.org\/blog\/#\/schema\/logo\/image\/","url":"https:\/\/www.viaromana.org\/blog\/wp-content\/uploads\/2021\/12\/logo-3.png","contentUrl":"https:\/\/www.viaromana.org\/blog\/wp-content\/uploads\/2021\/12\/logo-3.png","width":300,"height":249,"caption":"viaromana"},"image":{"@id":"https:\/\/www.viaromana.org\/blog\/#\/schema\/logo\/image\/"}},{"@type":"Person","@id":"https:\/\/www.viaromana.org\/blog\/#\/schema\/person\/cde9c4655845091e1fe473fcd163c889","name":"Robert","image":{"@type":"ImageObject","inLanguage":"fr-FR","@id":"https:\/\/www.viaromana.org\/blog\/#\/schema\/person\/image\/","url":"https:\/\/secure.gravatar.com\/avatar\/a168ec191013b636c2f278aec04e724b?s=96&d=mm&r=g","contentUrl":"https:\/\/secure.gravatar.com\/avatar\/a168ec191013b636c2f278aec04e724b?s=96&d=mm&r=g","caption":"Robert"},"sameAs":["https:\/\/www.viaromana.org\/blog"],"url":"https:\/\/www.viaromana.org\/blog\/author\/anaadmin\/"}]}},"_links":{"self":[{"href":"https:\/\/www.viaromana.org\/blog\/wp-json\/wp\/v2\/posts\/1597"}],"collection":[{"href":"https:\/\/www.viaromana.org\/blog\/wp-json\/wp\/v2\/posts"}],"about":[{"href":"https:\/\/www.viaromana.org\/blog\/wp-json\/wp\/v2\/types\/post"}],"author":[{"embeddable":true,"href":"https:\/\/www.viaromana.org\/blog\/wp-json\/wp\/v2\/users\/1"}],"replies":[{"embeddable":true,"href":"https:\/\/www.viaromana.org\/blog\/wp-json\/wp\/v2\/comments?post=1597"}],"version-history":[{"count":0,"href":"https:\/\/www.viaromana.org\/blog\/wp-json\/wp\/v2\/posts\/1597\/revisions"}],"wp:attachment":[{"href":"https:\/\/www.viaromana.org\/blog\/wp-json\/wp\/v2\/media?parent=1597"}],"wp:term":[{"taxonomy":"category","embeddable":true,"href":"https:\/\/www.viaromana.org\/blog\/wp-json\/wp\/v2\/categories?post=1597"},{"taxonomy":"post_tag","embeddable":true,"href":"https:\/\/www.viaromana.org\/blog\/wp-json\/wp\/v2\/tags?post=1597"}],"curies":[{"name":"wp","href":"https:\/\/api.w.org\/{rel}","templated":true}]}}