{"id":1595,"date":"2023-03-16T15:56:27","date_gmt":"2023-03-16T14:56:27","guid":{"rendered":"https:\/\/www.site.cdcl.xyz\/2023\/03\/16\/derniere-actualite-pour-les-fans-remise-officielle-dun-don-au-musee-de-vannes\/"},"modified":"2023-03-16T15:56:27","modified_gmt":"2023-03-16T14:56:27","slug":"derniere-actualite-pour-les-fans-remise-officielle-dun-don-au-musee-de-vannes","status":"publish","type":"post","link":"https:\/\/www.viaromana.org\/blog\/derniere-actualite-pour-les-fans-remise-officielle-dun-don-au-musee-de-vannes\/","title":{"rendered":"Derni\u00e8re actualit\u00e9 pour les fans : Remise officielle d\u2019un don au Mus\u00e9e de Vannes"},"content":{"rendered":"<p>Fid\u00e8le \u00e0 sa vocation, ce site va porter \u00e0 votre connaissance un article qui a \u00e9t\u00e9 trouv\u00e9 sur internet. Le sujet est \u00abl\u2019arch\u00e9ologie\u00bb.<\/p>\n<p>Son titre (Remise officielle d\u2019un don au Mus\u00e9e de Vannes) est \u00e9vocateur.<\/p>\n<p> Annonc\u00e9 sous la signature \u00abadmin_vannes\u00bb, le r\u00e9dacteur est connu et fiable.<\/p>\n<p>Vous pouvez de ce fait faire confiance \u00e0 cette information.<\/p>\n<p>Texte dont il s\u2019agit : <\/p>\n<div>\n<div>\n<p><strong>La Ville de Vannes est honor\u00e9e de recevoir un don des Amis de l\u2019art contemporain du Mus\u00e9e de Vannes dans le cadre de leur op\u00e9ration de m\u00e9c\u00e9nat.<\/strong> Il s\u2019agit d\u2019une \u0153uvre de l\u2019artiste Sylvain Le Corre, intitul\u00e9e Arbre mort n\u00b0 2, triptyque 2018, r\u00e9alis\u00e9e au graphite et \u00e0 l\u2019aquarelle. Elle est officiellement remise aujourd\u2019hui \u00e0 l\u2019H\u00f4tel de Ville. Sylvain Le Corre est un jeune artiste de la r\u00e9gion, qui a fait l\u2019Ecole europ\u00e9enne sup\u00e9rieure d\u2019Art de Bretagne.<\/p>\n<p>Le m\u00e9c\u00e9nat consiste pour l\u2019association des Amis de l\u2019Art contemporain du Mus\u00e9e de Vannes de r\u00e9colter des dons, gr\u00e2ce aux adh\u00e9rents, et d\u2019acheter une cr\u00e9ation ou de restaurer une \u0153uvre ancienne. &nbsp;<\/p>\n<\/p><\/div>\n<\/div>\n<p>Parutions sur le m\u00eame th\u00e8me:<\/p>\n<p>Recherches arch\u00e9ologiques au coeur de Forum Iulii : Les fouilles dans le groupe \u00e9piscopal de Fr\u00e9jus et ses abords (1979-1989).,<a target=\"_blank\" rel=\"nofollow\" href=\"https:\/\/www.viaromana.org\/blog\/goto\/https:\/\/booknode.com\/recherches_archeologiques_au_coeur_de_forum_iulii_les_fouilles_dans_le_groupe_episcopal_de_frejus_et_ses_abords_1979_1989_01293133\"  target=\"_blank\" rel=\"noopener noreferrer nofollow\">(la couverture) <\/a><span><\/span>. Disponible \u00e0 l\u2019achat sur les plateformes Amazon, Fnac, Cultura \u2026.<\/p>\n<p>Manuel d\u2019arch\u00e9ologie: M\u00e9thodes, objets et concepts.,<a target=\"_blank\" rel=\"nofollow\" href=\"https:\/\/www.viaromana.org\/blog\/goto\/https:\/\/booknode.com\/manuel_darcheologie_methodes_objets_et_concepts_0619572\"  target=\"_blank\" rel=\"noopener noreferrer nofollow\">Ouvrage <\/a><span><\/span>.<\/p>\n<p>Promenades d\u2019arch\u00e9ologie sous-marine.,<a target=\"_blank\" rel=\"nofollow\" href=\"https:\/\/www.viaromana.org\/blog\/goto\/https:\/\/www.epagine.fr\/ebook\/9782307495413-promenades-d-archeologie-sous-marine-philippe-diole\/\"  target=\"_blank\" rel=\"noopener noreferrer nofollow\">(la couverture) <\/a><span><\/span>.<\/p>\n<p>Notre-Dame de Paris ; histoire et arch\u00e9ologie d\u2019une cath\u00e9drale (XIIe-XIVe si\u00e8cle).,<a target=\"_blank\" rel=\"nofollow\" href=\"https:\/\/www.viaromana.org\/blog\/goto\/https:\/\/www.epagine.fr\/ebook\/9782271129185-notre-dame-de-paris-histoire-et-archeologie-d-une-cathedrale-xiie-xive-siecle-dany-sandron\/\"  target=\"_blank\" rel=\"noopener noreferrer nofollow\">Ouvrage <\/a><span><\/span>.<\/p>\n","protected":false},"excerpt":{"rendered":"<p>Fid\u00e8le \u00e0 sa vocation, ce site va porter \u00e0 votre connaissance un article qui a \u00e9t\u00e9 trouv\u00e9 sur internet. Le sujet est \u00abl\u2019arch\u00e9ologie\u00bb. Son titre (Remise officielle d\u2019un don au Mus\u00e9e de Vannes) est \u00e9vocateur. Annonc\u00e9 sous la signature \u00abadmin_vannes\u00bb, le r\u00e9dacteur est connu et fiable. Vous pouvez de ce fait faire confiance \u00e0 cette information. Texte dont il s\u2019agit : La Ville de Vannes est honor\u00e9e de recevoir un don des Amis de l\u2019art contemporain du Mus\u00e9e de Vannes dans le cadre de leur op\u00e9ration de m\u00e9c\u00e9nat. Il s\u2019agit d\u2019une \u0153uvre de l\u2019artiste Sylvain Le Corre, intitul\u00e9e Arbre mort\u2026<\/p>\n","protected":false},"author":1,"featured_media":0,"comment_status":"closed","ping_status":"closed","sticky":false,"template":"","format":"standard","meta":{"footnotes":""},"categories":[2],"tags":[],"blocksy_meta":{"styles_descriptor":{"styles":{"desktop":"","tablet":"","mobile":""},"google_fonts":[],"version":4}},"yoast_head":"<!-- This site is optimized with the Yoast SEO plugin v21.1 - https:\/\/yoast.com\/wordpress\/plugins\/seo\/ -->\n<title>Derni\u00e8re actualit\u00e9 pour les fans : Remise officielle d\u2019un don au Mus\u00e9e de Vannes - Viaromana et arch\u00e9ologie.<\/title>\n<meta name=\"description\" content=\"Derni\u00e8re actualit\u00e9 pour les fans : Remise officielle d\u2019un don au Mus\u00e9e de Vannes article de Viaromana et arch\u00e9ologie.\" \/>\n<meta name=\"robots\" content=\"index, follow, max-snippet:-1, max-image-preview:large, max-video-preview:-1\" \/>\n<link rel=\"canonical\" href=\"https:\/\/www.viaromana.org\/blog\/derniere-actualite-pour-les-fans-remise-officielle-dun-don-au-musee-de-vannes\/\" \/>\n<meta property=\"og:locale\" content=\"fr_FR\" \/>\n<meta property=\"og:type\" content=\"article\" \/>\n<meta property=\"og:title\" content=\"Derni\u00e8re actualit\u00e9 pour les fans : Remise officielle d\u2019un don au Mus\u00e9e de Vannes - Viaromana et arch\u00e9ologie.\" \/>\n<meta property=\"og:description\" content=\"Derni\u00e8re actualit\u00e9 pour les fans : Remise officielle d\u2019un don au Mus\u00e9e de Vannes article de Viaromana et arch\u00e9ologie.\" \/>\n<meta property=\"og:url\" content=\"https:\/\/www.viaromana.org\/blog\/derniere-actualite-pour-les-fans-remise-officielle-dun-don-au-musee-de-vannes\/\" \/>\n<meta property=\"og:site_name\" content=\"Viaromana et arch\u00e9ologie.\" \/>\n<meta property=\"article:published_time\" content=\"2023-03-16T14:56:27+00:00\" \/>\n<meta name=\"author\" content=\"Robert\" \/>\n<meta name=\"twitter:card\" content=\"summary_large_image\" \/>\n<meta name=\"twitter:label1\" content=\"\u00c9crit par\" \/>\n\t<meta name=\"twitter:data1\" content=\"Robert\" \/>\n\t<meta name=\"twitter:label2\" content=\"Dur\u00e9e de lecture estim\u00e9e\" \/>\n\t<meta name=\"twitter:data2\" content=\"1 minute\" \/>\n<script type=\"application\/ld+json\" class=\"yoast-schema-graph\">{\"@context\":\"https:\/\/schema.org\",\"@graph\":[{\"@type\":\"Article\",\"@id\":\"https:\/\/www.viaromana.org\/blog\/derniere-actualite-pour-les-fans-remise-officielle-dun-don-au-musee-de-vannes\/#article\",\"isPartOf\":{\"@id\":\"https:\/\/www.viaromana.org\/blog\/derniere-actualite-pour-les-fans-remise-officielle-dun-don-au-musee-de-vannes\/\"},\"author\":{\"name\":\"Robert\",\"@id\":\"https:\/\/www.viaromana.org\/blog\/#\/schema\/person\/cde9c4655845091e1fe473fcd163c889\"},\"headline\":\"Derni\u00e8re actualit\u00e9 pour les fans : Remise officielle d\u2019un don au Mus\u00e9e de Vannes\",\"datePublished\":\"2023-03-16T14:56:27+00:00\",\"dateModified\":\"2023-03-16T14:56:27+00:00\",\"mainEntityOfPage\":{\"@id\":\"https:\/\/www.viaromana.org\/blog\/derniere-actualite-pour-les-fans-remise-officielle-dun-don-au-musee-de-vannes\/\"},\"wordCount\":288,\"publisher\":{\"@id\":\"https:\/\/www.viaromana.org\/blog\/#organization\"},\"articleSection\":[\"Arch\u00e9ologie\"],\"inLanguage\":\"fr-FR\"},{\"@type\":\"WebPage\",\"@id\":\"https:\/\/www.viaromana.org\/blog\/derniere-actualite-pour-les-fans-remise-officielle-dun-don-au-musee-de-vannes\/\",\"url\":\"https:\/\/www.viaromana.org\/blog\/derniere-actualite-pour-les-fans-remise-officielle-dun-don-au-musee-de-vannes\/\",\"name\":\"Derni\u00e8re actualit\u00e9 pour les fans : Remise officielle d\u2019un don au Mus\u00e9e de Vannes - Viaromana et arch\u00e9ologie.\",\"isPartOf\":{\"@id\":\"https:\/\/www.viaromana.org\/blog\/#website\"},\"datePublished\":\"2023-03-16T14:56:27+00:00\",\"dateModified\":\"2023-03-16T14:56:27+00:00\",\"description\":\"Derni\u00e8re actualit\u00e9 pour les fans : Remise officielle d\u2019un don au Mus\u00e9e de Vannes article de Viaromana et arch\u00e9ologie.\",\"breadcrumb\":{\"@id\":\"https:\/\/www.viaromana.org\/blog\/derniere-actualite-pour-les-fans-remise-officielle-dun-don-au-musee-de-vannes\/#breadcrumb\"},\"inLanguage\":\"fr-FR\",\"potentialAction\":[{\"@type\":\"ReadAction\",\"target\":[\"https:\/\/www.viaromana.org\/blog\/derniere-actualite-pour-les-fans-remise-officielle-dun-don-au-musee-de-vannes\/\"]}]},{\"@type\":\"BreadcrumbList\",\"@id\":\"https:\/\/www.viaromana.org\/blog\/derniere-actualite-pour-les-fans-remise-officielle-dun-don-au-musee-de-vannes\/#breadcrumb\",\"itemListElement\":[{\"@type\":\"ListItem\",\"position\":1,\"name\":\"Accueil\",\"item\":\"https:\/\/www.viaromana.org\/blog\/\"},{\"@type\":\"ListItem\",\"position\":2,\"name\":\"Derni\u00e8re actualit\u00e9 pour les fans : Remise officielle d\u2019un don au Mus\u00e9e de Vannes\"}]},{\"@type\":\"WebSite\",\"@id\":\"https:\/\/www.viaromana.org\/blog\/#website\",\"url\":\"https:\/\/www.viaromana.org\/blog\/\",\"name\":\"Viaromana et arch\u00e9ologie.\",\"description\":\"Site arch\u00e9ologique de la voie romaine (viaromana) Belgique-France-Rome\",\"publisher\":{\"@id\":\"https:\/\/www.viaromana.org\/blog\/#organization\"},\"potentialAction\":[{\"@type\":\"SearchAction\",\"target\":{\"@type\":\"EntryPoint\",\"urlTemplate\":\"https:\/\/www.viaromana.org\/blog\/?s={search_term_string}\"},\"query-input\":\"required name=search_term_string\"}],\"inLanguage\":\"fr-FR\"},{\"@type\":\"Organization\",\"@id\":\"https:\/\/www.viaromana.org\/blog\/#organization\",\"name\":\"viaromana\",\"url\":\"https:\/\/www.viaromana.org\/blog\/\",\"logo\":{\"@type\":\"ImageObject\",\"inLanguage\":\"fr-FR\",\"@id\":\"https:\/\/www.viaromana.org\/blog\/#\/schema\/logo\/image\/\",\"url\":\"https:\/\/www.viaromana.org\/blog\/wp-content\/uploads\/2021\/12\/logo-3.png\",\"contentUrl\":\"https:\/\/www.viaromana.org\/blog\/wp-content\/uploads\/2021\/12\/logo-3.png\",\"width\":300,\"height\":249,\"caption\":\"viaromana\"},\"image\":{\"@id\":\"https:\/\/www.viaromana.org\/blog\/#\/schema\/logo\/image\/\"}},{\"@type\":\"Person\",\"@id\":\"https:\/\/www.viaromana.org\/blog\/#\/schema\/person\/cde9c4655845091e1fe473fcd163c889\",\"name\":\"Robert\",\"image\":{\"@type\":\"ImageObject\",\"inLanguage\":\"fr-FR\",\"@id\":\"https:\/\/www.viaromana.org\/blog\/#\/schema\/person\/image\/\",\"url\":\"https:\/\/secure.gravatar.com\/avatar\/a168ec191013b636c2f278aec04e724b?s=96&d=mm&r=g\",\"contentUrl\":\"https:\/\/secure.gravatar.com\/avatar\/a168ec191013b636c2f278aec04e724b?s=96&d=mm&r=g\",\"caption\":\"Robert\"},\"sameAs\":[\"https:\/\/www.viaromana.org\/blog\"],\"url\":\"https:\/\/www.viaromana.org\/blog\/author\/anaadmin\/\"}]}<\/script>\n<!-- \/ Yoast SEO plugin. -->","yoast_head_json":{"title":"Derni\u00e8re actualit\u00e9 pour les fans : Remise officielle d\u2019un don au Mus\u00e9e de Vannes - Viaromana et arch\u00e9ologie.","description":"Derni\u00e8re actualit\u00e9 pour les fans : Remise officielle d\u2019un don au Mus\u00e9e de Vannes article de Viaromana et arch\u00e9ologie.","robots":{"index":"index","follow":"follow","max-snippet":"max-snippet:-1","max-image-preview":"max-image-preview:large","max-video-preview":"max-video-preview:-1"},"canonical":"https:\/\/www.viaromana.org\/blog\/derniere-actualite-pour-les-fans-remise-officielle-dun-don-au-musee-de-vannes\/","og_locale":"fr_FR","og_type":"article","og_title":"Derni\u00e8re actualit\u00e9 pour les fans : Remise officielle d\u2019un don au Mus\u00e9e de Vannes - Viaromana et arch\u00e9ologie.","og_description":"Derni\u00e8re actualit\u00e9 pour les fans : Remise officielle d\u2019un don au Mus\u00e9e de Vannes article de Viaromana et arch\u00e9ologie.","og_url":"https:\/\/www.viaromana.org\/blog\/derniere-actualite-pour-les-fans-remise-officielle-dun-don-au-musee-de-vannes\/","og_site_name":"Viaromana et arch\u00e9ologie.","article_published_time":"2023-03-16T14:56:27+00:00","author":"Robert","twitter_card":"summary_large_image","twitter_misc":{"\u00c9crit par":"Robert","Dur\u00e9e de lecture estim\u00e9e":"1 minute"},"schema":{"@context":"https:\/\/schema.org","@graph":[{"@type":"Article","@id":"https:\/\/www.viaromana.org\/blog\/derniere-actualite-pour-les-fans-remise-officielle-dun-don-au-musee-de-vannes\/#article","isPartOf":{"@id":"https:\/\/www.viaromana.org\/blog\/derniere-actualite-pour-les-fans-remise-officielle-dun-don-au-musee-de-vannes\/"},"author":{"name":"Robert","@id":"https:\/\/www.viaromana.org\/blog\/#\/schema\/person\/cde9c4655845091e1fe473fcd163c889"},"headline":"Derni\u00e8re actualit\u00e9 pour les fans : Remise officielle d\u2019un don au Mus\u00e9e de Vannes","datePublished":"2023-03-16T14:56:27+00:00","dateModified":"2023-03-16T14:56:27+00:00","mainEntityOfPage":{"@id":"https:\/\/www.viaromana.org\/blog\/derniere-actualite-pour-les-fans-remise-officielle-dun-don-au-musee-de-vannes\/"},"wordCount":288,"publisher":{"@id":"https:\/\/www.viaromana.org\/blog\/#organization"},"articleSection":["Arch\u00e9ologie"],"inLanguage":"fr-FR"},{"@type":"WebPage","@id":"https:\/\/www.viaromana.org\/blog\/derniere-actualite-pour-les-fans-remise-officielle-dun-don-au-musee-de-vannes\/","url":"https:\/\/www.viaromana.org\/blog\/derniere-actualite-pour-les-fans-remise-officielle-dun-don-au-musee-de-vannes\/","name":"Derni\u00e8re actualit\u00e9 pour les fans : Remise officielle d\u2019un don au Mus\u00e9e de Vannes - Viaromana et arch\u00e9ologie.","isPartOf":{"@id":"https:\/\/www.viaromana.org\/blog\/#website"},"datePublished":"2023-03-16T14:56:27+00:00","dateModified":"2023-03-16T14:56:27+00:00","description":"Derni\u00e8re actualit\u00e9 pour les fans : Remise officielle d\u2019un don au Mus\u00e9e de Vannes article de Viaromana et arch\u00e9ologie.","breadcrumb":{"@id":"https:\/\/www.viaromana.org\/blog\/derniere-actualite-pour-les-fans-remise-officielle-dun-don-au-musee-de-vannes\/#breadcrumb"},"inLanguage":"fr-FR","potentialAction":[{"@type":"ReadAction","target":["https:\/\/www.viaromana.org\/blog\/derniere-actualite-pour-les-fans-remise-officielle-dun-don-au-musee-de-vannes\/"]}]},{"@type":"BreadcrumbList","@id":"https:\/\/www.viaromana.org\/blog\/derniere-actualite-pour-les-fans-remise-officielle-dun-don-au-musee-de-vannes\/#breadcrumb","itemListElement":[{"@type":"ListItem","position":1,"name":"Accueil","item":"https:\/\/www.viaromana.org\/blog\/"},{"@type":"ListItem","position":2,"name":"Derni\u00e8re actualit\u00e9 pour les fans : Remise officielle d\u2019un don au Mus\u00e9e de Vannes"}]},{"@type":"WebSite","@id":"https:\/\/www.viaromana.org\/blog\/#website","url":"https:\/\/www.viaromana.org\/blog\/","name":"Viaromana et arch\u00e9ologie.","description":"Site arch\u00e9ologique de la voie romaine (viaromana) Belgique-France-Rome","publisher":{"@id":"https:\/\/www.viaromana.org\/blog\/#organization"},"potentialAction":[{"@type":"SearchAction","target":{"@type":"EntryPoint","urlTemplate":"https:\/\/www.viaromana.org\/blog\/?s={search_term_string}"},"query-input":"required name=search_term_string"}],"inLanguage":"fr-FR"},{"@type":"Organization","@id":"https:\/\/www.viaromana.org\/blog\/#organization","name":"viaromana","url":"https:\/\/www.viaromana.org\/blog\/","logo":{"@type":"ImageObject","inLanguage":"fr-FR","@id":"https:\/\/www.viaromana.org\/blog\/#\/schema\/logo\/image\/","url":"https:\/\/www.viaromana.org\/blog\/wp-content\/uploads\/2021\/12\/logo-3.png","contentUrl":"https:\/\/www.viaromana.org\/blog\/wp-content\/uploads\/2021\/12\/logo-3.png","width":300,"height":249,"caption":"viaromana"},"image":{"@id":"https:\/\/www.viaromana.org\/blog\/#\/schema\/logo\/image\/"}},{"@type":"Person","@id":"https:\/\/www.viaromana.org\/blog\/#\/schema\/person\/cde9c4655845091e1fe473fcd163c889","name":"Robert","image":{"@type":"ImageObject","inLanguage":"fr-FR","@id":"https:\/\/www.viaromana.org\/blog\/#\/schema\/person\/image\/","url":"https:\/\/secure.gravatar.com\/avatar\/a168ec191013b636c2f278aec04e724b?s=96&d=mm&r=g","contentUrl":"https:\/\/secure.gravatar.com\/avatar\/a168ec191013b636c2f278aec04e724b?s=96&d=mm&r=g","caption":"Robert"},"sameAs":["https:\/\/www.viaromana.org\/blog"],"url":"https:\/\/www.viaromana.org\/blog\/author\/anaadmin\/"}]}},"_links":{"self":[{"href":"https:\/\/www.viaromana.org\/blog\/wp-json\/wp\/v2\/posts\/1595"}],"collection":[{"href":"https:\/\/www.viaromana.org\/blog\/wp-json\/wp\/v2\/posts"}],"about":[{"href":"https:\/\/www.viaromana.org\/blog\/wp-json\/wp\/v2\/types\/post"}],"author":[{"embeddable":true,"href":"https:\/\/www.viaromana.org\/blog\/wp-json\/wp\/v2\/users\/1"}],"replies":[{"embeddable":true,"href":"https:\/\/www.viaromana.org\/blog\/wp-json\/wp\/v2\/comments?post=1595"}],"version-history":[{"count":0,"href":"https:\/\/www.viaromana.org\/blog\/wp-json\/wp\/v2\/posts\/1595\/revisions"}],"wp:attachment":[{"href":"https:\/\/www.viaromana.org\/blog\/wp-json\/wp\/v2\/media?parent=1595"}],"wp:term":[{"taxonomy":"category","embeddable":true,"href":"https:\/\/www.viaromana.org\/blog\/wp-json\/wp\/v2\/categories?post=1595"},{"taxonomy":"post_tag","embeddable":true,"href":"https:\/\/www.viaromana.org\/blog\/wp-json\/wp\/v2\/tags?post=1595"}],"curies":[{"name":"wp","href":"https:\/\/api.w.org\/{rel}","templated":true}]}}