{"id":1593,"date":"2023-03-16T15:50:27","date_gmt":"2023-03-16T14:50:27","guid":{"rendered":"https:\/\/www.site.cdcl.xyz\/2023\/03\/16\/retour-sur-leditorial-qi-gong-du-coeur-ville-de-vannes\/"},"modified":"2023-03-16T15:50:27","modified_gmt":"2023-03-16T14:50:27","slug":"retour-sur-leditorial-qi-gong-du-coeur-ville-de-vannes","status":"publish","type":"post","link":"https:\/\/www.viaromana.org\/blog\/retour-sur-leditorial-qi-gong-du-coeur-ville-de-vannes\/","title":{"rendered":"Retour sur l\u2019\u00e9ditorial : Qi Gong du Coeur | Ville de Vannes"},"content":{"rendered":"<p>Voici le plus marquant d\u2019un post que je viens de trouver sur internet. Le th\u00e8me va ind\u00e9niablement vous int\u00e9resser. Car la th\u00e9matique est \u00ab&nbsp;l\u2019arch\u00e9ologie&nbsp;\u00bb.<\/p>\n<p>Le titre suggestif (Qi Gong du Coeur | Ville de Vannes) en dit long.<\/p>\n<p> Annonc\u00e9 sous le nom \u00abOlivier_laudrin\u00bb, l\u2019\u00e9ditorialiste est reconnu comme quelqu\u2019un de s\u00e9rieux pour plusieurs autres \u00e9ditoriaux qu\u2019il a publi\u00e9s sur le web.<\/p>\n<p>Il n\u2019y a pas de raison de ne pas croire de la fiabilit\u00e9 de ces informations.<\/p>\n<p>La date d\u2019\u00e9dition est 2023-03-16 15:50:27.<\/p>\n<div>\n<div>\n<h3>S\u00e9ance de Qi Gong du Coeur<\/h3>\n<p>Il s\u2019agit d\u2019un qi gong qui permet de r\u00e9guler et \u00e9quilibrer l\u2019\u00e9nergie du C\u0153ur. Le C\u0153ur abrite l\u2019Esprit, mais \u00ab gouverne aussi le sang et les vaisseaux \u00bb L\u2019esprit est donc v\u00e9hicul\u00e9 par le sang dans le corps : c\u2019est la conscience corporelle ! La saison qui lui est associ\u00e9e est l\u2019\u00e9t\u00e9, la couleur le rouge et l\u2019\u00e9l\u00e9ment \u2026 le feu !<\/p>\n<ul>\n<li>Tarif : 10 \u20ac<\/li>\n<li>Rendez-vous au parking de la maison de la nature<\/li>\n<li>S\u00e9ance annul\u00e9e si trop forte pluie<\/li>\n<li>Renseignements : Marilyn Paquet 06 18 20 66 83 \u2013 marilynpaquet@hotmail.com<\/li>\n<\/ul>\n<p><img decoding=\"async\" alt=\"QI GONG DU COEUR\" data-entity-type=\"file\" data-entity-uuid=\"4cf3be15-004f-4f90-9dfe-313b78ff3031\" src=\"https:\/\/www.viaromana.org\/blog\/wp-content\/uploads\/2023\/03\/retour-sur-leditorial-qi-gong-du-coeur-ville-de-vannes.png\" width=\"133\" height=\"220\" loading=\"lazy\"><\/p>\n<\/p><\/div>\n<\/div>\n<p>Bibliographie :<\/p>\n<p>Regency, Tome 1 : Le mari\u00e9 maudit.,<a target=\"_blank\" rel=\"nofollow\" href=\"https:\/\/www.viaromana.org\/blog\/goto\/https:\/\/booknode.com\/regency_tome_1_le_marie_maudit_074154\"  target=\"_blank\" rel=\"noopener noreferrer nofollow\">A voir et \u00e0 lire. <\/a><span><\/span>.<\/p>\n<p>Mines et pouvoir au Moyen \u00c2ge.,<a target=\"_blank\" rel=\"nofollow\" href=\"https:\/\/www.viaromana.org\/blog\/goto\/https:\/\/www.kobo.com\/de\/fr\/ebook\/mines-et-pouvoir-au-moyen-age\"  target=\"_blank\" rel=\"noopener noreferrer nofollow\">(Disponible) <\/a><span><\/span>. Disponible chez votre libraire.<\/p>\n<p>Sur les pas de Rams\u00e8s.,<a target=\"_blank\" rel=\"nofollow\" href=\"https:\/\/www.viaromana.org\/blog\/goto\/https:\/\/booknode.com\/sur_les_pas_de_ramses_0116106\"  target=\"_blank\" rel=\"noopener noreferrer nofollow\">Le livre <\/a><span><\/span>.<\/p>\n<p>Pour une histoire de l\u2019arch\u00e9ologie XVIIIe si\u00e8cle \u2013 1945.,<a target=\"_blank\" rel=\"nofollow\" href=\"https:\/\/www.viaromana.org\/blog\/goto\/https:\/\/www.kobo.com\/de\/fr\/ebook\/pour-une-histoire-de-l-archeologie-xviiie-siecle-1945\"  target=\"_blank\" rel=\"noopener noreferrer nofollow\">Le livre <\/a><span><\/span>.<\/p>\n","protected":false},"excerpt":{"rendered":"<p>Voici le plus marquant d\u2019un post que je viens de trouver sur internet. Le th\u00e8me va ind\u00e9niablement vous int\u00e9resser. Car la th\u00e9matique est \u00ab&nbsp;l\u2019arch\u00e9ologie&nbsp;\u00bb. Le titre suggestif (Qi Gong du Coeur | Ville de Vannes) en dit long. Annonc\u00e9 sous le nom \u00abOlivier_laudrin\u00bb, l\u2019\u00e9ditorialiste est reconnu comme quelqu\u2019un de s\u00e9rieux pour plusieurs autres \u00e9ditoriaux qu\u2019il a publi\u00e9s sur le web. Il n\u2019y a pas de raison de ne pas croire de la fiabilit\u00e9 de ces informations. La date d\u2019\u00e9dition est 2023-03-16 15:50:27. S\u00e9ance de Qi Gong du Coeur Il s\u2019agit d\u2019un qi gong qui permet de r\u00e9guler et \u00e9quilibrer l\u2019\u00e9nergie\u2026<\/p>\n","protected":false},"author":1,"featured_media":0,"comment_status":"closed","ping_status":"closed","sticky":false,"template":"","format":"standard","meta":{"footnotes":""},"categories":[2],"tags":[],"blocksy_meta":{"styles_descriptor":{"styles":{"desktop":"","tablet":"","mobile":""},"google_fonts":[],"version":4}},"yoast_head":"<!-- This site is optimized with the Yoast SEO plugin v21.1 - https:\/\/yoast.com\/wordpress\/plugins\/seo\/ -->\n<title>Retour sur l\u2019\u00e9ditorial : Qi Gong du Coeur | Ville de Vannes - Viaromana et arch\u00e9ologie.<\/title>\n<meta name=\"description\" content=\"Retour sur l\u2019\u00e9ditorial : Qi Gong du Coeur | Ville de Vannes article de Viaromana et arch\u00e9ologie.\" \/>\n<meta name=\"robots\" content=\"index, follow, max-snippet:-1, max-image-preview:large, max-video-preview:-1\" \/>\n<link rel=\"canonical\" href=\"https:\/\/www.viaromana.org\/blog\/retour-sur-leditorial-qi-gong-du-coeur-ville-de-vannes\/\" \/>\n<meta property=\"og:locale\" content=\"fr_FR\" \/>\n<meta property=\"og:type\" content=\"article\" \/>\n<meta property=\"og:title\" content=\"Retour sur l\u2019\u00e9ditorial : Qi Gong du Coeur | Ville de Vannes - Viaromana et arch\u00e9ologie.\" \/>\n<meta property=\"og:description\" content=\"Retour sur l\u2019\u00e9ditorial : Qi Gong du Coeur | Ville de Vannes article de Viaromana et arch\u00e9ologie.\" \/>\n<meta property=\"og:url\" content=\"https:\/\/www.viaromana.org\/blog\/retour-sur-leditorial-qi-gong-du-coeur-ville-de-vannes\/\" \/>\n<meta property=\"og:site_name\" content=\"Viaromana et arch\u00e9ologie.\" \/>\n<meta property=\"article:published_time\" content=\"2023-03-16T14:50:27+00:00\" \/>\n<meta property=\"og:image\" content=\"https:\/\/www.viaromana.org\/blog\/wp-content\/uploads\/2023\/03\/retour-sur-leditorial-qi-gong-du-coeur-ville-de-vannes.png\" \/>\n<meta name=\"author\" content=\"Robert\" \/>\n<meta name=\"twitter:card\" content=\"summary_large_image\" \/>\n<meta name=\"twitter:label1\" content=\"\u00c9crit par\" \/>\n\t<meta name=\"twitter:data1\" content=\"Robert\" \/>\n\t<meta name=\"twitter:label2\" content=\"Dur\u00e9e de lecture estim\u00e9e\" \/>\n\t<meta name=\"twitter:data2\" content=\"1 minute\" \/>\n<script type=\"application\/ld+json\" class=\"yoast-schema-graph\">{\"@context\":\"https:\/\/schema.org\",\"@graph\":[{\"@type\":\"Article\",\"@id\":\"https:\/\/www.viaromana.org\/blog\/retour-sur-leditorial-qi-gong-du-coeur-ville-de-vannes\/#article\",\"isPartOf\":{\"@id\":\"https:\/\/www.viaromana.org\/blog\/retour-sur-leditorial-qi-gong-du-coeur-ville-de-vannes\/\"},\"author\":{\"name\":\"Robert\",\"@id\":\"https:\/\/www.viaromana.org\/blog\/#\/schema\/person\/cde9c4655845091e1fe473fcd163c889\"},\"headline\":\"Retour sur l\u2019\u00e9ditorial : Qi Gong du Coeur | Ville de Vannes\",\"datePublished\":\"2023-03-16T14:50:27+00:00\",\"dateModified\":\"2023-03-16T14:50:27+00:00\",\"mainEntityOfPage\":{\"@id\":\"https:\/\/www.viaromana.org\/blog\/retour-sur-leditorial-qi-gong-du-coeur-ville-de-vannes\/\"},\"wordCount\":251,\"publisher\":{\"@id\":\"https:\/\/www.viaromana.org\/blog\/#organization\"},\"articleSection\":[\"Arch\u00e9ologie\"],\"inLanguage\":\"fr-FR\"},{\"@type\":\"WebPage\",\"@id\":\"https:\/\/www.viaromana.org\/blog\/retour-sur-leditorial-qi-gong-du-coeur-ville-de-vannes\/\",\"url\":\"https:\/\/www.viaromana.org\/blog\/retour-sur-leditorial-qi-gong-du-coeur-ville-de-vannes\/\",\"name\":\"Retour sur l\u2019\u00e9ditorial : Qi Gong du Coeur | Ville de Vannes - Viaromana et arch\u00e9ologie.\",\"isPartOf\":{\"@id\":\"https:\/\/www.viaromana.org\/blog\/#website\"},\"datePublished\":\"2023-03-16T14:50:27+00:00\",\"dateModified\":\"2023-03-16T14:50:27+00:00\",\"description\":\"Retour sur l\u2019\u00e9ditorial : Qi Gong du Coeur | Ville de Vannes article de Viaromana et arch\u00e9ologie.\",\"breadcrumb\":{\"@id\":\"https:\/\/www.viaromana.org\/blog\/retour-sur-leditorial-qi-gong-du-coeur-ville-de-vannes\/#breadcrumb\"},\"inLanguage\":\"fr-FR\",\"potentialAction\":[{\"@type\":\"ReadAction\",\"target\":[\"https:\/\/www.viaromana.org\/blog\/retour-sur-leditorial-qi-gong-du-coeur-ville-de-vannes\/\"]}]},{\"@type\":\"BreadcrumbList\",\"@id\":\"https:\/\/www.viaromana.org\/blog\/retour-sur-leditorial-qi-gong-du-coeur-ville-de-vannes\/#breadcrumb\",\"itemListElement\":[{\"@type\":\"ListItem\",\"position\":1,\"name\":\"Accueil\",\"item\":\"https:\/\/www.viaromana.org\/blog\/\"},{\"@type\":\"ListItem\",\"position\":2,\"name\":\"Retour sur l\u2019\u00e9ditorial : Qi Gong du Coeur | Ville de Vannes\"}]},{\"@type\":\"WebSite\",\"@id\":\"https:\/\/www.viaromana.org\/blog\/#website\",\"url\":\"https:\/\/www.viaromana.org\/blog\/\",\"name\":\"Viaromana et arch\u00e9ologie.\",\"description\":\"Site arch\u00e9ologique de la voie romaine (viaromana) Belgique-France-Rome\",\"publisher\":{\"@id\":\"https:\/\/www.viaromana.org\/blog\/#organization\"},\"potentialAction\":[{\"@type\":\"SearchAction\",\"target\":{\"@type\":\"EntryPoint\",\"urlTemplate\":\"https:\/\/www.viaromana.org\/blog\/?s={search_term_string}\"},\"query-input\":\"required name=search_term_string\"}],\"inLanguage\":\"fr-FR\"},{\"@type\":\"Organization\",\"@id\":\"https:\/\/www.viaromana.org\/blog\/#organization\",\"name\":\"viaromana\",\"url\":\"https:\/\/www.viaromana.org\/blog\/\",\"logo\":{\"@type\":\"ImageObject\",\"inLanguage\":\"fr-FR\",\"@id\":\"https:\/\/www.viaromana.org\/blog\/#\/schema\/logo\/image\/\",\"url\":\"https:\/\/www.viaromana.org\/blog\/wp-content\/uploads\/2021\/12\/logo-3.png\",\"contentUrl\":\"https:\/\/www.viaromana.org\/blog\/wp-content\/uploads\/2021\/12\/logo-3.png\",\"width\":300,\"height\":249,\"caption\":\"viaromana\"},\"image\":{\"@id\":\"https:\/\/www.viaromana.org\/blog\/#\/schema\/logo\/image\/\"}},{\"@type\":\"Person\",\"@id\":\"https:\/\/www.viaromana.org\/blog\/#\/schema\/person\/cde9c4655845091e1fe473fcd163c889\",\"name\":\"Robert\",\"image\":{\"@type\":\"ImageObject\",\"inLanguage\":\"fr-FR\",\"@id\":\"https:\/\/www.viaromana.org\/blog\/#\/schema\/person\/image\/\",\"url\":\"https:\/\/secure.gravatar.com\/avatar\/a168ec191013b636c2f278aec04e724b?s=96&d=mm&r=g\",\"contentUrl\":\"https:\/\/secure.gravatar.com\/avatar\/a168ec191013b636c2f278aec04e724b?s=96&d=mm&r=g\",\"caption\":\"Robert\"},\"sameAs\":[\"https:\/\/www.viaromana.org\/blog\"],\"url\":\"https:\/\/www.viaromana.org\/blog\/author\/anaadmin\/\"}]}<\/script>\n<!-- \/ Yoast SEO plugin. -->","yoast_head_json":{"title":"Retour sur l\u2019\u00e9ditorial : Qi Gong du Coeur | Ville de Vannes - Viaromana et arch\u00e9ologie.","description":"Retour sur l\u2019\u00e9ditorial : Qi Gong du Coeur | Ville de Vannes article de Viaromana et arch\u00e9ologie.","robots":{"index":"index","follow":"follow","max-snippet":"max-snippet:-1","max-image-preview":"max-image-preview:large","max-video-preview":"max-video-preview:-1"},"canonical":"https:\/\/www.viaromana.org\/blog\/retour-sur-leditorial-qi-gong-du-coeur-ville-de-vannes\/","og_locale":"fr_FR","og_type":"article","og_title":"Retour sur l\u2019\u00e9ditorial : Qi Gong du Coeur | Ville de Vannes - Viaromana et arch\u00e9ologie.","og_description":"Retour sur l\u2019\u00e9ditorial : Qi Gong du Coeur | Ville de Vannes article de Viaromana et arch\u00e9ologie.","og_url":"https:\/\/www.viaromana.org\/blog\/retour-sur-leditorial-qi-gong-du-coeur-ville-de-vannes\/","og_site_name":"Viaromana et arch\u00e9ologie.","article_published_time":"2023-03-16T14:50:27+00:00","og_image":[{"url":"https:\/\/www.viaromana.org\/blog\/wp-content\/uploads\/2023\/03\/retour-sur-leditorial-qi-gong-du-coeur-ville-de-vannes.png"}],"author":"Robert","twitter_card":"summary_large_image","twitter_misc":{"\u00c9crit par":"Robert","Dur\u00e9e de lecture estim\u00e9e":"1 minute"},"schema":{"@context":"https:\/\/schema.org","@graph":[{"@type":"Article","@id":"https:\/\/www.viaromana.org\/blog\/retour-sur-leditorial-qi-gong-du-coeur-ville-de-vannes\/#article","isPartOf":{"@id":"https:\/\/www.viaromana.org\/blog\/retour-sur-leditorial-qi-gong-du-coeur-ville-de-vannes\/"},"author":{"name":"Robert","@id":"https:\/\/www.viaromana.org\/blog\/#\/schema\/person\/cde9c4655845091e1fe473fcd163c889"},"headline":"Retour sur l\u2019\u00e9ditorial : Qi Gong du Coeur | Ville de Vannes","datePublished":"2023-03-16T14:50:27+00:00","dateModified":"2023-03-16T14:50:27+00:00","mainEntityOfPage":{"@id":"https:\/\/www.viaromana.org\/blog\/retour-sur-leditorial-qi-gong-du-coeur-ville-de-vannes\/"},"wordCount":251,"publisher":{"@id":"https:\/\/www.viaromana.org\/blog\/#organization"},"articleSection":["Arch\u00e9ologie"],"inLanguage":"fr-FR"},{"@type":"WebPage","@id":"https:\/\/www.viaromana.org\/blog\/retour-sur-leditorial-qi-gong-du-coeur-ville-de-vannes\/","url":"https:\/\/www.viaromana.org\/blog\/retour-sur-leditorial-qi-gong-du-coeur-ville-de-vannes\/","name":"Retour sur l\u2019\u00e9ditorial : Qi Gong du Coeur | Ville de Vannes - Viaromana et arch\u00e9ologie.","isPartOf":{"@id":"https:\/\/www.viaromana.org\/blog\/#website"},"datePublished":"2023-03-16T14:50:27+00:00","dateModified":"2023-03-16T14:50:27+00:00","description":"Retour sur l\u2019\u00e9ditorial : Qi Gong du Coeur | Ville de Vannes article de Viaromana et arch\u00e9ologie.","breadcrumb":{"@id":"https:\/\/www.viaromana.org\/blog\/retour-sur-leditorial-qi-gong-du-coeur-ville-de-vannes\/#breadcrumb"},"inLanguage":"fr-FR","potentialAction":[{"@type":"ReadAction","target":["https:\/\/www.viaromana.org\/blog\/retour-sur-leditorial-qi-gong-du-coeur-ville-de-vannes\/"]}]},{"@type":"BreadcrumbList","@id":"https:\/\/www.viaromana.org\/blog\/retour-sur-leditorial-qi-gong-du-coeur-ville-de-vannes\/#breadcrumb","itemListElement":[{"@type":"ListItem","position":1,"name":"Accueil","item":"https:\/\/www.viaromana.org\/blog\/"},{"@type":"ListItem","position":2,"name":"Retour sur l\u2019\u00e9ditorial : Qi Gong du Coeur | Ville de Vannes"}]},{"@type":"WebSite","@id":"https:\/\/www.viaromana.org\/blog\/#website","url":"https:\/\/www.viaromana.org\/blog\/","name":"Viaromana et arch\u00e9ologie.","description":"Site arch\u00e9ologique de la voie romaine (viaromana) Belgique-France-Rome","publisher":{"@id":"https:\/\/www.viaromana.org\/blog\/#organization"},"potentialAction":[{"@type":"SearchAction","target":{"@type":"EntryPoint","urlTemplate":"https:\/\/www.viaromana.org\/blog\/?s={search_term_string}"},"query-input":"required name=search_term_string"}],"inLanguage":"fr-FR"},{"@type":"Organization","@id":"https:\/\/www.viaromana.org\/blog\/#organization","name":"viaromana","url":"https:\/\/www.viaromana.org\/blog\/","logo":{"@type":"ImageObject","inLanguage":"fr-FR","@id":"https:\/\/www.viaromana.org\/blog\/#\/schema\/logo\/image\/","url":"https:\/\/www.viaromana.org\/blog\/wp-content\/uploads\/2021\/12\/logo-3.png","contentUrl":"https:\/\/www.viaromana.org\/blog\/wp-content\/uploads\/2021\/12\/logo-3.png","width":300,"height":249,"caption":"viaromana"},"image":{"@id":"https:\/\/www.viaromana.org\/blog\/#\/schema\/logo\/image\/"}},{"@type":"Person","@id":"https:\/\/www.viaromana.org\/blog\/#\/schema\/person\/cde9c4655845091e1fe473fcd163c889","name":"Robert","image":{"@type":"ImageObject","inLanguage":"fr-FR","@id":"https:\/\/www.viaromana.org\/blog\/#\/schema\/person\/image\/","url":"https:\/\/secure.gravatar.com\/avatar\/a168ec191013b636c2f278aec04e724b?s=96&d=mm&r=g","contentUrl":"https:\/\/secure.gravatar.com\/avatar\/a168ec191013b636c2f278aec04e724b?s=96&d=mm&r=g","caption":"Robert"},"sameAs":["https:\/\/www.viaromana.org\/blog"],"url":"https:\/\/www.viaromana.org\/blog\/author\/anaadmin\/"}]}},"_links":{"self":[{"href":"https:\/\/www.viaromana.org\/blog\/wp-json\/wp\/v2\/posts\/1593"}],"collection":[{"href":"https:\/\/www.viaromana.org\/blog\/wp-json\/wp\/v2\/posts"}],"about":[{"href":"https:\/\/www.viaromana.org\/blog\/wp-json\/wp\/v2\/types\/post"}],"author":[{"embeddable":true,"href":"https:\/\/www.viaromana.org\/blog\/wp-json\/wp\/v2\/users\/1"}],"replies":[{"embeddable":true,"href":"https:\/\/www.viaromana.org\/blog\/wp-json\/wp\/v2\/comments?post=1593"}],"version-history":[{"count":0,"href":"https:\/\/www.viaromana.org\/blog\/wp-json\/wp\/v2\/posts\/1593\/revisions"}],"wp:attachment":[{"href":"https:\/\/www.viaromana.org\/blog\/wp-json\/wp\/v2\/media?parent=1593"}],"wp:term":[{"taxonomy":"category","embeddable":true,"href":"https:\/\/www.viaromana.org\/blog\/wp-json\/wp\/v2\/categories?post=1593"},{"taxonomy":"post_tag","embeddable":true,"href":"https:\/\/www.viaromana.org\/blog\/wp-json\/wp\/v2\/tags?post=1593"}],"curies":[{"name":"wp","href":"https:\/\/api.w.org\/{rel}","templated":true}]}}