{"id":1592,"date":"2023-03-16T16:35:21","date_gmt":"2023-03-16T15:35:21","guid":{"rendered":"https:\/\/www.site.cdcl.xyz\/2023\/03\/16\/infos-pour-vous-inauguration-des-rendez-vous-de-laventure\/"},"modified":"2023-03-16T16:35:21","modified_gmt":"2023-03-16T15:35:21","slug":"infos-pour-vous-inauguration-des-rendez-vous-de-laventure","status":"publish","type":"post","link":"https:\/\/www.viaromana.org\/blog\/infos-pour-vous-inauguration-des-rendez-vous-de-laventure\/","title":{"rendered":"Infos pour vous : Inauguration des Rendez vous de l\u2019Aventure"},"content":{"rendered":"<p>A voir, ce post sur internet dont la th\u00e9matique est \u00ab&nbsp;l\u2019arch\u00e9ologie&nbsp;\u00bb et qui a des chances de vous int\u00e9resser.<\/p>\n<p>Le titre (Inauguration des Rendez vous de l\u2019Aventure) en dit long.<\/p>\n<p> Annonc\u00e9 sous le nom \u00abTiffany Cappellina\u00bb, l\u2019auteur est connu et fiable.<\/p>\n<p>Vous pouvez de ce fait vous fier aux infos qu\u2019il \u00e9dite.<\/p>\n<p>La date de publication est 2023-03-16 16:35:21.<\/p>\n<div>\n<p id=\"breadcrumbs\" class=\"breadcrumbs\"><span><span>Accueil \u00bb <span>Actualit\u00e9s \u00bb <span>Actu. \u00bb <span class=\"breadcrumb_last\">Inauguration des Rendez vous de l\u2019Aventure<\/span><\/span><\/span><\/span><\/span><\/p>\n<div class=\"bloc-editor\">\n<p class=\"lead\">Hier, le coup d\u2019envoi a \u00e9t\u00e9 donn\u00e9 pour le festival les Rendez-vous de l\u2019Aventure !<\/p>\n<p>Avec le soutien de la ville de Lons et de l\u2019agglom\u00e9ration depuis sa cr\u00e9ation, l\u2019\u00e9v\u00e8nement est devenu incontournable dans le Jura. Durant quatre jours, du 16 au 19 mars 2023, cin\u00e9astes, explorateurs, \u00e9crivains de tous horizons se r\u00e9unissent \u00e0 Lons-le-Saunier et vous permettent de vous \u00e9vader en explorant les richesses insoup\u00e7onn\u00e9es de la Terre.<\/p>\n<p>Cin\u00e9-rencontre, expositions, conf\u00e9rences, ateliers, sorties nature, spectacles vivants, librairie de voyage et d\u00e9dicaces, de quoi ravir petits et grands aventuriers !<\/p>\n<p>En pr\u00e9sence de M le Maire et afin d\u2019inaugurer cette 8e \u00e9dition, la compagnie Couleurs de Chap\u2019 a ouvert le bal avec du th\u00e9\u00e2tre d\u2019improvisation. Ce fut \u00e9galement l\u2019occasion de d\u00e9couvrir le spectacle \u00ab&nbsp;Tracer la route&nbsp;\u00bb par Marie Bobin et Fran\u00e7ois Gaillard. Ce concert dessin\u00e9 sur le th\u00e8me du voyage, qui m\u00e9lange chansons \u00e0 l\u2019accord\u00e9on, dessins en live et projections vid\u00e9o interpelle sur l\u2019envie d\u2019ailleurs, le pourquoi des d\u00e9parts et l\u2019ivresse de la route\u2026<\/p>\n<p>Retrouvez l\u2019ensemble du programme des Rendez-vous de l\u2019Aventure ici : <\/p>\n<p><img decoding=\"async\" loading=\"lazy\" width=\"2560\" height=\"1707\" class=\"alignnone size-full wp-image-27302\" src=\"https:\/\/www.viaromana.org\/blog\/wp-content\/uploads\/2023\/03\/infos-pour-vous-inauguration-des-rendez-vous-de-laventure.jpg\" alt> <img decoding=\"async\" loading=\"lazy\" width=\"2560\" height=\"1707\" class=\"alignnone size-full wp-image-27303\" src=\"https:\/\/www.viaromana.org\/blog\/wp-content\/uploads\/2023\/03\/infos-pour-vous-inauguration-des-rendez-vous-de-laventure-1.jpg\" alt> <img decoding=\"async\" loading=\"lazy\" width=\"2560\" height=\"1707\" class=\"alignnone size-full wp-image-27304\" src=\"https:\/\/www.viaromana.org\/blog\/wp-content\/uploads\/2023\/03\/infos-pour-vous-inauguration-des-rendez-vous-de-laventure-2.jpg\" alt> <img decoding=\"async\" loading=\"lazy\" width=\"2560\" height=\"1707\" class=\"alignnone size-full wp-image-27305\" src=\"https:\/\/www.viaromana.org\/blog\/wp-content\/uploads\/2023\/03\/infos-pour-vous-inauguration-des-rendez-vous-de-laventure-3.jpg\" alt> <img decoding=\"async\" loading=\"lazy\" width=\"2560\" height=\"1707\" class=\"alignnone size-full wp-image-27306\" src=\"https:\/\/www.viaromana.org\/blog\/wp-content\/uploads\/2023\/03\/infos-pour-vous-inauguration-des-rendez-vous-de-laventure-4.jpg\" alt> <img decoding=\"async\" loading=\"lazy\" width=\"2560\" height=\"1707\" class=\"alignnone size-full wp-image-27307\" src=\"https:\/\/www.viaromana.org\/blog\/wp-content\/uploads\/2023\/03\/infos-pour-vous-inauguration-des-rendez-vous-de-laventure-5.jpg\" alt> <img decoding=\"async\" loading=\"lazy\" width=\"2560\" height=\"1707\" class=\"alignnone size-full wp-image-27308\" src=\"https:\/\/www.viaromana.org\/blog\/wp-content\/uploads\/2023\/03\/infos-pour-vous-inauguration-des-rendez-vous-de-laventure-6.jpg\" alt> <img decoding=\"async\" loading=\"lazy\" width=\"2560\" height=\"1707\" class=\"alignnone size-full wp-image-27309\" src=\"https:\/\/www.viaromana.org\/blog\/wp-content\/uploads\/2023\/03\/infos-pour-vous-inauguration-des-rendez-vous-de-laventure-7.jpg\" alt> <img decoding=\"async\" loading=\"lazy\" width=\"2560\" height=\"1707\" class=\"alignnone size-full wp-image-27310\" src=\"https:\/\/www.viaromana.org\/blog\/wp-content\/uploads\/2023\/03\/infos-pour-vous-inauguration-des-rendez-vous-de-laventure-8.jpg\" alt> <img decoding=\"async\" loading=\"lazy\" width=\"2560\" height=\"1707\" class=\"alignnone size-full wp-image-27311\" src=\"https:\/\/www.viaromana.org\/blog\/wp-content\/uploads\/2023\/03\/infos-pour-vous-inauguration-des-rendez-vous-de-laventure-9.jpg\" alt><\/p>\n<p><b>\u00a9 <\/b>Jean-Marc Baudet<\/p>\n<\/div>\n<\/div>\n<p>Ce th\u00e8me apporte des r\u00e9ponses \u00e0 vos recherches vous appr\u00e9cierez tout autant ces publications :<\/p>\n<p>Villa 3. Histoire et arch\u00e9ologie des soci\u00e9t\u00e9s de la Vall\u00e9e de L\u2019\u00c8bre (VII-XIe si\u00e8cles).,<a target=\"_blank\" rel=\"nofollow\" href=\"https:\/\/www.viaromana.org\/blog\/goto\/https:\/\/www.kobo.com\/de\/fr\/ebook\/villa-3-histoire-et-archeologie-des-societes-de-la-vallee-de-l-ebre-vii-xie-siecles\"  target=\"_blank\" rel=\"noopener noreferrer nofollow\">Le livre <\/a><span><\/span>.<\/p>\n<p>M\u00e9langes d\u2019Histoire et d\u2019arch\u00e9ologie agenaises.,<a target=\"_blank\" rel=\"nofollow\" href=\"https:\/\/www.viaromana.org\/blog\/goto\/https:\/\/www.epagine.fr\/ebook\/9782307339304-melanges-d-histoire-et-d-archeologie-agenaises-jean-r-marboutin\/\"  target=\"_blank\" rel=\"noopener noreferrer nofollow\">(Disponible) <\/a><span><\/span>. Disponible chez votre libraire.<\/p>\n<p>Une histoire des repr\u00e9sentations mentales ; contribution \u00e0 une arch\u00e9ologie de la soci\u00e9t\u00e9 de la connaissance.,<a target=\"_blank\" rel=\"nofollow\" href=\"https:\/\/www.viaromana.org\/blog\/goto\/https:\/\/www.epagine.fr\/ebook\/9782296175846-une-histoire-des-representations-mentales-contribution-a-une-archeologie-de-la-societe-de-la-connaissance-claude-meyer\/\"  target=\"_blank\" rel=\"noopener noreferrer nofollow\">A voir et \u00e0 lire. <\/a><span><\/span>. Disponible sur internet.<\/p>\n<p>Novgorod : histoire et arch\u00e9ologie d\u2019une r\u00e9publique russe m\u00e9di\u00e9vale (970-1478).,<a target=\"_blank\" rel=\"nofollow\" href=\"https:\/\/www.viaromana.org\/blog\/goto\/https:\/\/www.epagine.fr\/ebook\/9782271138330-novgorod-histoire-et-archeologie-d-une-republique-russe-medievale-970-1478-pierre-gonneau\/\"  target=\"_blank\" rel=\"noopener noreferrer nofollow\">Le livre <\/a><span><\/span>.<\/p>\n","protected":false},"excerpt":{"rendered":"<p>A voir, ce post sur internet dont la th\u00e9matique est \u00ab&nbsp;l\u2019arch\u00e9ologie&nbsp;\u00bb et qui a des chances de vous int\u00e9resser. Le titre (Inauguration des Rendez vous de l\u2019Aventure) en dit long. Annonc\u00e9 sous le nom \u00abTiffany Cappellina\u00bb, l\u2019auteur est connu et fiable. Vous pouvez de ce fait vous fier aux infos qu\u2019il \u00e9dite. La date de publication est 2023-03-16 16:35:21. Accueil \u00bb Actualit\u00e9s \u00bb Actu. \u00bb Inauguration des Rendez vous de l\u2019Aventure Hier, le coup d\u2019envoi a \u00e9t\u00e9 donn\u00e9 pour le festival les Rendez-vous de l\u2019Aventure ! Avec le soutien de la ville de Lons et de l\u2019agglom\u00e9ration depuis sa cr\u00e9ation,\u2026<\/p>\n","protected":false},"author":1,"featured_media":0,"comment_status":"closed","ping_status":"closed","sticky":false,"template":"","format":"standard","meta":{"footnotes":""},"categories":[2],"tags":[],"blocksy_meta":{"styles_descriptor":{"styles":{"desktop":"","tablet":"","mobile":""},"google_fonts":[],"version":4}},"yoast_head":"<!-- This site is optimized with the Yoast SEO plugin v21.1 - https:\/\/yoast.com\/wordpress\/plugins\/seo\/ -->\n<title>Infos pour vous : Inauguration des Rendez vous de l\u2019Aventure - Viaromana et arch\u00e9ologie.<\/title>\n<meta name=\"description\" content=\"Infos pour vous : Inauguration des Rendez vous de l\u2019Aventure article de Viaromana et arch\u00e9ologie.\" \/>\n<meta name=\"robots\" content=\"index, follow, max-snippet:-1, max-image-preview:large, max-video-preview:-1\" \/>\n<link rel=\"canonical\" href=\"https:\/\/www.viaromana.org\/blog\/infos-pour-vous-inauguration-des-rendez-vous-de-laventure\/\" \/>\n<meta property=\"og:locale\" content=\"fr_FR\" \/>\n<meta property=\"og:type\" content=\"article\" \/>\n<meta property=\"og:title\" content=\"Infos pour vous : Inauguration des Rendez vous de l\u2019Aventure - Viaromana et arch\u00e9ologie.\" \/>\n<meta property=\"og:description\" content=\"Infos pour vous : Inauguration des Rendez vous de l\u2019Aventure article de Viaromana et arch\u00e9ologie.\" \/>\n<meta property=\"og:url\" content=\"https:\/\/www.viaromana.org\/blog\/infos-pour-vous-inauguration-des-rendez-vous-de-laventure\/\" \/>\n<meta property=\"og:site_name\" content=\"Viaromana et arch\u00e9ologie.\" \/>\n<meta property=\"article:published_time\" content=\"2023-03-16T15:35:21+00:00\" \/>\n<meta property=\"og:image\" content=\"https:\/\/www.viaromana.org\/blog\/wp-content\/uploads\/2023\/03\/infos-pour-vous-inauguration-des-rendez-vous-de-laventure.jpg\" \/>\n<meta name=\"author\" content=\"Robert\" \/>\n<meta name=\"twitter:card\" content=\"summary_large_image\" \/>\n<meta name=\"twitter:label1\" content=\"\u00c9crit par\" \/>\n\t<meta name=\"twitter:data1\" content=\"Robert\" \/>\n\t<meta name=\"twitter:label2\" content=\"Dur\u00e9e de lecture estim\u00e9e\" \/>\n\t<meta name=\"twitter:data2\" content=\"2 minutes\" \/>\n<script type=\"application\/ld+json\" class=\"yoast-schema-graph\">{\"@context\":\"https:\/\/schema.org\",\"@graph\":[{\"@type\":\"Article\",\"@id\":\"https:\/\/www.viaromana.org\/blog\/infos-pour-vous-inauguration-des-rendez-vous-de-laventure\/#article\",\"isPartOf\":{\"@id\":\"https:\/\/www.viaromana.org\/blog\/infos-pour-vous-inauguration-des-rendez-vous-de-laventure\/\"},\"author\":{\"name\":\"Robert\",\"@id\":\"https:\/\/www.viaromana.org\/blog\/#\/schema\/person\/cde9c4655845091e1fe473fcd163c889\"},\"headline\":\"Infos pour vous : Inauguration des Rendez vous de l\u2019Aventure\",\"datePublished\":\"2023-03-16T15:35:21+00:00\",\"dateModified\":\"2023-03-16T15:35:21+00:00\",\"mainEntityOfPage\":{\"@id\":\"https:\/\/www.viaromana.org\/blog\/infos-pour-vous-inauguration-des-rendez-vous-de-laventure\/\"},\"wordCount\":382,\"publisher\":{\"@id\":\"https:\/\/www.viaromana.org\/blog\/#organization\"},\"articleSection\":[\"Arch\u00e9ologie\"],\"inLanguage\":\"fr-FR\"},{\"@type\":\"WebPage\",\"@id\":\"https:\/\/www.viaromana.org\/blog\/infos-pour-vous-inauguration-des-rendez-vous-de-laventure\/\",\"url\":\"https:\/\/www.viaromana.org\/blog\/infos-pour-vous-inauguration-des-rendez-vous-de-laventure\/\",\"name\":\"Infos pour vous : Inauguration des Rendez vous de l\u2019Aventure - Viaromana et arch\u00e9ologie.\",\"isPartOf\":{\"@id\":\"https:\/\/www.viaromana.org\/blog\/#website\"},\"datePublished\":\"2023-03-16T15:35:21+00:00\",\"dateModified\":\"2023-03-16T15:35:21+00:00\",\"description\":\"Infos pour vous : Inauguration des Rendez vous de l\u2019Aventure article de Viaromana et arch\u00e9ologie.\",\"breadcrumb\":{\"@id\":\"https:\/\/www.viaromana.org\/blog\/infos-pour-vous-inauguration-des-rendez-vous-de-laventure\/#breadcrumb\"},\"inLanguage\":\"fr-FR\",\"potentialAction\":[{\"@type\":\"ReadAction\",\"target\":[\"https:\/\/www.viaromana.org\/blog\/infos-pour-vous-inauguration-des-rendez-vous-de-laventure\/\"]}]},{\"@type\":\"BreadcrumbList\",\"@id\":\"https:\/\/www.viaromana.org\/blog\/infos-pour-vous-inauguration-des-rendez-vous-de-laventure\/#breadcrumb\",\"itemListElement\":[{\"@type\":\"ListItem\",\"position\":1,\"name\":\"Accueil\",\"item\":\"https:\/\/www.viaromana.org\/blog\/\"},{\"@type\":\"ListItem\",\"position\":2,\"name\":\"Infos pour vous : Inauguration des Rendez vous de l\u2019Aventure\"}]},{\"@type\":\"WebSite\",\"@id\":\"https:\/\/www.viaromana.org\/blog\/#website\",\"url\":\"https:\/\/www.viaromana.org\/blog\/\",\"name\":\"Viaromana et arch\u00e9ologie.\",\"description\":\"Site arch\u00e9ologique de la voie romaine (viaromana) Belgique-France-Rome\",\"publisher\":{\"@id\":\"https:\/\/www.viaromana.org\/blog\/#organization\"},\"potentialAction\":[{\"@type\":\"SearchAction\",\"target\":{\"@type\":\"EntryPoint\",\"urlTemplate\":\"https:\/\/www.viaromana.org\/blog\/?s={search_term_string}\"},\"query-input\":\"required name=search_term_string\"}],\"inLanguage\":\"fr-FR\"},{\"@type\":\"Organization\",\"@id\":\"https:\/\/www.viaromana.org\/blog\/#organization\",\"name\":\"viaromana\",\"url\":\"https:\/\/www.viaromana.org\/blog\/\",\"logo\":{\"@type\":\"ImageObject\",\"inLanguage\":\"fr-FR\",\"@id\":\"https:\/\/www.viaromana.org\/blog\/#\/schema\/logo\/image\/\",\"url\":\"https:\/\/www.viaromana.org\/blog\/wp-content\/uploads\/2021\/12\/logo-3.png\",\"contentUrl\":\"https:\/\/www.viaromana.org\/blog\/wp-content\/uploads\/2021\/12\/logo-3.png\",\"width\":300,\"height\":249,\"caption\":\"viaromana\"},\"image\":{\"@id\":\"https:\/\/www.viaromana.org\/blog\/#\/schema\/logo\/image\/\"}},{\"@type\":\"Person\",\"@id\":\"https:\/\/www.viaromana.org\/blog\/#\/schema\/person\/cde9c4655845091e1fe473fcd163c889\",\"name\":\"Robert\",\"image\":{\"@type\":\"ImageObject\",\"inLanguage\":\"fr-FR\",\"@id\":\"https:\/\/www.viaromana.org\/blog\/#\/schema\/person\/image\/\",\"url\":\"https:\/\/secure.gravatar.com\/avatar\/a168ec191013b636c2f278aec04e724b?s=96&d=mm&r=g\",\"contentUrl\":\"https:\/\/secure.gravatar.com\/avatar\/a168ec191013b636c2f278aec04e724b?s=96&d=mm&r=g\",\"caption\":\"Robert\"},\"sameAs\":[\"https:\/\/www.viaromana.org\/blog\"],\"url\":\"https:\/\/www.viaromana.org\/blog\/author\/anaadmin\/\"}]}<\/script>\n<!-- \/ Yoast SEO plugin. -->","yoast_head_json":{"title":"Infos pour vous : Inauguration des Rendez vous de l\u2019Aventure - Viaromana et arch\u00e9ologie.","description":"Infos pour vous : Inauguration des Rendez vous de l\u2019Aventure article de Viaromana et arch\u00e9ologie.","robots":{"index":"index","follow":"follow","max-snippet":"max-snippet:-1","max-image-preview":"max-image-preview:large","max-video-preview":"max-video-preview:-1"},"canonical":"https:\/\/www.viaromana.org\/blog\/infos-pour-vous-inauguration-des-rendez-vous-de-laventure\/","og_locale":"fr_FR","og_type":"article","og_title":"Infos pour vous : Inauguration des Rendez vous de l\u2019Aventure - Viaromana et arch\u00e9ologie.","og_description":"Infos pour vous : Inauguration des Rendez vous de l\u2019Aventure article de Viaromana et arch\u00e9ologie.","og_url":"https:\/\/www.viaromana.org\/blog\/infos-pour-vous-inauguration-des-rendez-vous-de-laventure\/","og_site_name":"Viaromana et arch\u00e9ologie.","article_published_time":"2023-03-16T15:35:21+00:00","og_image":[{"url":"https:\/\/www.viaromana.org\/blog\/wp-content\/uploads\/2023\/03\/infos-pour-vous-inauguration-des-rendez-vous-de-laventure.jpg"}],"author":"Robert","twitter_card":"summary_large_image","twitter_misc":{"\u00c9crit par":"Robert","Dur\u00e9e de lecture estim\u00e9e":"2 minutes"},"schema":{"@context":"https:\/\/schema.org","@graph":[{"@type":"Article","@id":"https:\/\/www.viaromana.org\/blog\/infos-pour-vous-inauguration-des-rendez-vous-de-laventure\/#article","isPartOf":{"@id":"https:\/\/www.viaromana.org\/blog\/infos-pour-vous-inauguration-des-rendez-vous-de-laventure\/"},"author":{"name":"Robert","@id":"https:\/\/www.viaromana.org\/blog\/#\/schema\/person\/cde9c4655845091e1fe473fcd163c889"},"headline":"Infos pour vous : Inauguration des Rendez vous de l\u2019Aventure","datePublished":"2023-03-16T15:35:21+00:00","dateModified":"2023-03-16T15:35:21+00:00","mainEntityOfPage":{"@id":"https:\/\/www.viaromana.org\/blog\/infos-pour-vous-inauguration-des-rendez-vous-de-laventure\/"},"wordCount":382,"publisher":{"@id":"https:\/\/www.viaromana.org\/blog\/#organization"},"articleSection":["Arch\u00e9ologie"],"inLanguage":"fr-FR"},{"@type":"WebPage","@id":"https:\/\/www.viaromana.org\/blog\/infos-pour-vous-inauguration-des-rendez-vous-de-laventure\/","url":"https:\/\/www.viaromana.org\/blog\/infos-pour-vous-inauguration-des-rendez-vous-de-laventure\/","name":"Infos pour vous : Inauguration des Rendez vous de l\u2019Aventure - Viaromana et arch\u00e9ologie.","isPartOf":{"@id":"https:\/\/www.viaromana.org\/blog\/#website"},"datePublished":"2023-03-16T15:35:21+00:00","dateModified":"2023-03-16T15:35:21+00:00","description":"Infos pour vous : Inauguration des Rendez vous de l\u2019Aventure article de Viaromana et arch\u00e9ologie.","breadcrumb":{"@id":"https:\/\/www.viaromana.org\/blog\/infos-pour-vous-inauguration-des-rendez-vous-de-laventure\/#breadcrumb"},"inLanguage":"fr-FR","potentialAction":[{"@type":"ReadAction","target":["https:\/\/www.viaromana.org\/blog\/infos-pour-vous-inauguration-des-rendez-vous-de-laventure\/"]}]},{"@type":"BreadcrumbList","@id":"https:\/\/www.viaromana.org\/blog\/infos-pour-vous-inauguration-des-rendez-vous-de-laventure\/#breadcrumb","itemListElement":[{"@type":"ListItem","position":1,"name":"Accueil","item":"https:\/\/www.viaromana.org\/blog\/"},{"@type":"ListItem","position":2,"name":"Infos pour vous : Inauguration des Rendez vous de l\u2019Aventure"}]},{"@type":"WebSite","@id":"https:\/\/www.viaromana.org\/blog\/#website","url":"https:\/\/www.viaromana.org\/blog\/","name":"Viaromana et arch\u00e9ologie.","description":"Site arch\u00e9ologique de la voie romaine (viaromana) Belgique-France-Rome","publisher":{"@id":"https:\/\/www.viaromana.org\/blog\/#organization"},"potentialAction":[{"@type":"SearchAction","target":{"@type":"EntryPoint","urlTemplate":"https:\/\/www.viaromana.org\/blog\/?s={search_term_string}"},"query-input":"required name=search_term_string"}],"inLanguage":"fr-FR"},{"@type":"Organization","@id":"https:\/\/www.viaromana.org\/blog\/#organization","name":"viaromana","url":"https:\/\/www.viaromana.org\/blog\/","logo":{"@type":"ImageObject","inLanguage":"fr-FR","@id":"https:\/\/www.viaromana.org\/blog\/#\/schema\/logo\/image\/","url":"https:\/\/www.viaromana.org\/blog\/wp-content\/uploads\/2021\/12\/logo-3.png","contentUrl":"https:\/\/www.viaromana.org\/blog\/wp-content\/uploads\/2021\/12\/logo-3.png","width":300,"height":249,"caption":"viaromana"},"image":{"@id":"https:\/\/www.viaromana.org\/blog\/#\/schema\/logo\/image\/"}},{"@type":"Person","@id":"https:\/\/www.viaromana.org\/blog\/#\/schema\/person\/cde9c4655845091e1fe473fcd163c889","name":"Robert","image":{"@type":"ImageObject","inLanguage":"fr-FR","@id":"https:\/\/www.viaromana.org\/blog\/#\/schema\/person\/image\/","url":"https:\/\/secure.gravatar.com\/avatar\/a168ec191013b636c2f278aec04e724b?s=96&d=mm&r=g","contentUrl":"https:\/\/secure.gravatar.com\/avatar\/a168ec191013b636c2f278aec04e724b?s=96&d=mm&r=g","caption":"Robert"},"sameAs":["https:\/\/www.viaromana.org\/blog"],"url":"https:\/\/www.viaromana.org\/blog\/author\/anaadmin\/"}]}},"_links":{"self":[{"href":"https:\/\/www.viaromana.org\/blog\/wp-json\/wp\/v2\/posts\/1592"}],"collection":[{"href":"https:\/\/www.viaromana.org\/blog\/wp-json\/wp\/v2\/posts"}],"about":[{"href":"https:\/\/www.viaromana.org\/blog\/wp-json\/wp\/v2\/types\/post"}],"author":[{"embeddable":true,"href":"https:\/\/www.viaromana.org\/blog\/wp-json\/wp\/v2\/users\/1"}],"replies":[{"embeddable":true,"href":"https:\/\/www.viaromana.org\/blog\/wp-json\/wp\/v2\/comments?post=1592"}],"version-history":[{"count":0,"href":"https:\/\/www.viaromana.org\/blog\/wp-json\/wp\/v2\/posts\/1592\/revisions"}],"wp:attachment":[{"href":"https:\/\/www.viaromana.org\/blog\/wp-json\/wp\/v2\/media?parent=1592"}],"wp:term":[{"taxonomy":"category","embeddable":true,"href":"https:\/\/www.viaromana.org\/blog\/wp-json\/wp\/v2\/categories?post=1592"},{"taxonomy":"post_tag","embeddable":true,"href":"https:\/\/www.viaromana.org\/blog\/wp-json\/wp\/v2\/tags?post=1592"}],"curies":[{"name":"wp","href":"https:\/\/api.w.org\/{rel}","templated":true}]}}