{"id":1586,"date":"2022-10-19T09:02:26","date_gmt":"2022-10-19T08:02:26","guid":{"rendered":"https:\/\/www.site.cdcl.xyz\/2022\/10\/19\/derniere-actualite-pour-vous-exposition-etres-a-st-michel\/"},"modified":"2022-10-19T09:02:26","modified_gmt":"2022-10-19T08:02:26","slug":"derniere-actualite-pour-vous-exposition-etres-a-st-michel","status":"publish","type":"post","link":"https:\/\/www.viaromana.org\/blog\/derniere-actualite-pour-vous-exposition-etres-a-st-michel\/","title":{"rendered":"Derni\u00e8re actualit\u00e9 pour vous : Exposition \u00catre(s) \u00e0 St-Michel"},"content":{"rendered":"<p>Je vais mettre en pleine lumi\u00e8re cet article qui vient d\u2019\u00eatre publi\u00e9, dont la th\u00e9matique est \u00abl\u2019arch\u00e9ologie\u00bb.<\/p>\n<p>Le titre suggestif (Exposition \u00catre(s) \u00e0 St-Michel) en dit long.<\/p>\n<p> Identifi\u00e9 sous la signature \u00abMus\u00e9e d\u2019Aquitaine\u00bb, le r\u00e9dacteur est reconnu comme quelqu\u2019un de s\u00e9rieux pour d\u2019autres posts qu\u2019il a publi\u00e9s sur internet.<\/p>\n<p>Les infos publi\u00e9es sont par cons\u00e9quent consid\u00e9r\u00e9es valables.<\/p>\n<p>Sachez que la date de parution est 2022-10-19 10:02:26.<\/p>\n<p>Texte d\u2019origine en question : <\/p>\n<div class=\"field field-name-field-chapo field-type-text-long field-label-hidden\">\n<div class=\"field-items\">\n<div class=\"field-item even\">Du 27 janvier au 23 avril 2023<\/div>\n<\/div>\n<\/div>\n<p>Publications sur un th\u00e8me proche:<\/p>\n<p>Soci\u00e9t\u00e9 d\u2019Histoire et d\u2019Arch\u00e9ologie Wickram.,<a target=\"_blank\" rel=\"nofollow\" href=\"https:\/\/www.viaromana.org\/blog\/goto\/https:\/\/www.epagine.fr\/ebook\/9782402276214-societe-d-histoire-et-d-archeologie-wickram-andre-billich-a-edel-a-heitzler\/\"  target=\"_blank\" rel=\"noopener noreferrer nofollow\">(la couverture) <\/a><span><\/span>.<\/p>\n<p>National Geographic, arch\u00e9ologie: Chich\u00e9n Itz\u00e1.,<a target=\"_blank\" rel=\"nofollow\" href=\"https:\/\/www.viaromana.org\/blog\/goto\/https:\/\/booknode.com\/national_geographic_archeologie_chichen_itza_02667973\"  target=\"_blank\" rel=\"noopener noreferrer nofollow\">Clicker Ici <\/a><span><\/span>. Disponible dans toutes les bonnes biblioth\u00e8ques de votre d\u00e9partement.<\/p>\n<p>Tigres de guerre.,<a target=\"_blank\" rel=\"nofollow\" href=\"https:\/\/www.viaromana.org\/blog\/goto\/https:\/\/booknode.com\/tigres_de_guerre_068584\"  target=\"_blank\" rel=\"noopener noreferrer nofollow\">Le livre <\/a><span><\/span>. Disponible dans toutes les bonnes librairies.<\/p>\n<p>Note sur le monument des sources de la Seine \u2013 Lue \u00e0 la Soci\u00e9t\u00e9 parisienne d\u2019arch\u00e9ologie et d\u2019histoire.,<a target=\"_blank\" rel=\"nofollow\" href=\"https:\/\/www.viaromana.org\/blog\/goto\/https:\/\/www.kobo.com\/de\/fr\/ebook\/note-sur-le-monument-des-sources-de-la-seine-lue-a-la-societe-parisienne-d-archeologie-et-d-histoire\"  target=\"_blank\" rel=\"noopener noreferrer nofollow\">Le livre <\/a><span><\/span>.<\/p>\n","protected":false},"excerpt":{"rendered":"<p>Je vais mettre en pleine lumi\u00e8re cet article qui vient d\u2019\u00eatre publi\u00e9, dont la th\u00e9matique est \u00abl\u2019arch\u00e9ologie\u00bb. Le titre suggestif (Exposition \u00catre(s) \u00e0 St-Michel) en dit long. Identifi\u00e9 sous la signature \u00abMus\u00e9e d\u2019Aquitaine\u00bb, le r\u00e9dacteur est reconnu comme quelqu\u2019un de s\u00e9rieux pour d\u2019autres posts qu\u2019il a publi\u00e9s sur internet. Les infos publi\u00e9es sont par cons\u00e9quent consid\u00e9r\u00e9es valables. Sachez que la date de parution est 2022-10-19 10:02:26. Texte d\u2019origine en question : Du 27 janvier au 23 avril 2023 Publications sur un th\u00e8me proche: Soci\u00e9t\u00e9 d\u2019Histoire et d\u2019Arch\u00e9ologie Wickram.,(la couverture) . National Geographic, arch\u00e9ologie: Chich\u00e9n Itz\u00e1.,Clicker Ici . Disponible dans toutes\u2026<\/p>\n","protected":false},"author":1,"featured_media":0,"comment_status":"closed","ping_status":"closed","sticky":false,"template":"","format":"standard","meta":{"footnotes":""},"categories":[2],"tags":[],"blocksy_meta":{"styles_descriptor":{"styles":{"desktop":"","tablet":"","mobile":""},"google_fonts":[],"version":4}},"yoast_head":"<!-- This site is optimized with the Yoast SEO plugin v21.1 - https:\/\/yoast.com\/wordpress\/plugins\/seo\/ -->\n<title>Derni\u00e8re actualit\u00e9 pour vous : Exposition \u00catre(s) \u00e0 St-Michel - Viaromana et arch\u00e9ologie.<\/title>\n<meta name=\"description\" content=\"Derni\u00e8re actualit\u00e9 pour vous : Exposition \u00catre(s) \u00e0 St-Michel article de Viaromana et arch\u00e9ologie.\" \/>\n<meta name=\"robots\" content=\"index, follow, max-snippet:-1, max-image-preview:large, max-video-preview:-1\" \/>\n<link rel=\"canonical\" href=\"https:\/\/www.viaromana.org\/blog\/derniere-actualite-pour-vous-exposition-etres-a-st-michel\/\" \/>\n<meta property=\"og:locale\" content=\"fr_FR\" \/>\n<meta property=\"og:type\" content=\"article\" \/>\n<meta property=\"og:title\" content=\"Derni\u00e8re actualit\u00e9 pour vous : Exposition \u00catre(s) \u00e0 St-Michel - Viaromana et arch\u00e9ologie.\" \/>\n<meta property=\"og:description\" content=\"Derni\u00e8re actualit\u00e9 pour vous : Exposition \u00catre(s) \u00e0 St-Michel article de Viaromana et arch\u00e9ologie.\" \/>\n<meta property=\"og:url\" content=\"https:\/\/www.viaromana.org\/blog\/derniere-actualite-pour-vous-exposition-etres-a-st-michel\/\" \/>\n<meta property=\"og:site_name\" content=\"Viaromana et arch\u00e9ologie.\" \/>\n<meta property=\"article:published_time\" content=\"2022-10-19T08:02:26+00:00\" \/>\n<meta name=\"author\" content=\"Robert\" \/>\n<meta name=\"twitter:card\" content=\"summary_large_image\" \/>\n<meta name=\"twitter:label1\" content=\"\u00c9crit par\" \/>\n\t<meta name=\"twitter:data1\" content=\"Robert\" \/>\n\t<meta name=\"twitter:label2\" content=\"Dur\u00e9e de lecture estim\u00e9e\" \/>\n\t<meta name=\"twitter:data2\" content=\"1 minute\" \/>\n<script type=\"application\/ld+json\" class=\"yoast-schema-graph\">{\"@context\":\"https:\/\/schema.org\",\"@graph\":[{\"@type\":\"Article\",\"@id\":\"https:\/\/www.viaromana.org\/blog\/derniere-actualite-pour-vous-exposition-etres-a-st-michel\/#article\",\"isPartOf\":{\"@id\":\"https:\/\/www.viaromana.org\/blog\/derniere-actualite-pour-vous-exposition-etres-a-st-michel\/\"},\"author\":{\"name\":\"Robert\",\"@id\":\"https:\/\/www.viaromana.org\/blog\/#\/schema\/person\/cde9c4655845091e1fe473fcd163c889\"},\"headline\":\"Derni\u00e8re actualit\u00e9 pour vous : Exposition \u00catre(s) \u00e0 St-Michel\",\"datePublished\":\"2022-10-19T08:02:26+00:00\",\"dateModified\":\"2022-10-19T08:02:26+00:00\",\"mainEntityOfPage\":{\"@id\":\"https:\/\/www.viaromana.org\/blog\/derniere-actualite-pour-vous-exposition-etres-a-st-michel\/\"},\"wordCount\":171,\"publisher\":{\"@id\":\"https:\/\/www.viaromana.org\/blog\/#organization\"},\"articleSection\":[\"Arch\u00e9ologie\"],\"inLanguage\":\"fr-FR\"},{\"@type\":\"WebPage\",\"@id\":\"https:\/\/www.viaromana.org\/blog\/derniere-actualite-pour-vous-exposition-etres-a-st-michel\/\",\"url\":\"https:\/\/www.viaromana.org\/blog\/derniere-actualite-pour-vous-exposition-etres-a-st-michel\/\",\"name\":\"Derni\u00e8re actualit\u00e9 pour vous : Exposition \u00catre(s) \u00e0 St-Michel - Viaromana et arch\u00e9ologie.\",\"isPartOf\":{\"@id\":\"https:\/\/www.viaromana.org\/blog\/#website\"},\"datePublished\":\"2022-10-19T08:02:26+00:00\",\"dateModified\":\"2022-10-19T08:02:26+00:00\",\"description\":\"Derni\u00e8re actualit\u00e9 pour vous : Exposition \u00catre(s) \u00e0 St-Michel article de Viaromana et arch\u00e9ologie.\",\"breadcrumb\":{\"@id\":\"https:\/\/www.viaromana.org\/blog\/derniere-actualite-pour-vous-exposition-etres-a-st-michel\/#breadcrumb\"},\"inLanguage\":\"fr-FR\",\"potentialAction\":[{\"@type\":\"ReadAction\",\"target\":[\"https:\/\/www.viaromana.org\/blog\/derniere-actualite-pour-vous-exposition-etres-a-st-michel\/\"]}]},{\"@type\":\"BreadcrumbList\",\"@id\":\"https:\/\/www.viaromana.org\/blog\/derniere-actualite-pour-vous-exposition-etres-a-st-michel\/#breadcrumb\",\"itemListElement\":[{\"@type\":\"ListItem\",\"position\":1,\"name\":\"Accueil\",\"item\":\"https:\/\/www.viaromana.org\/blog\/\"},{\"@type\":\"ListItem\",\"position\":2,\"name\":\"Derni\u00e8re actualit\u00e9 pour vous : Exposition \u00catre(s) \u00e0 St-Michel\"}]},{\"@type\":\"WebSite\",\"@id\":\"https:\/\/www.viaromana.org\/blog\/#website\",\"url\":\"https:\/\/www.viaromana.org\/blog\/\",\"name\":\"Viaromana et arch\u00e9ologie.\",\"description\":\"Site arch\u00e9ologique de la voie romaine (viaromana) Belgique-France-Rome\",\"publisher\":{\"@id\":\"https:\/\/www.viaromana.org\/blog\/#organization\"},\"potentialAction\":[{\"@type\":\"SearchAction\",\"target\":{\"@type\":\"EntryPoint\",\"urlTemplate\":\"https:\/\/www.viaromana.org\/blog\/?s={search_term_string}\"},\"query-input\":\"required name=search_term_string\"}],\"inLanguage\":\"fr-FR\"},{\"@type\":\"Organization\",\"@id\":\"https:\/\/www.viaromana.org\/blog\/#organization\",\"name\":\"viaromana\",\"url\":\"https:\/\/www.viaromana.org\/blog\/\",\"logo\":{\"@type\":\"ImageObject\",\"inLanguage\":\"fr-FR\",\"@id\":\"https:\/\/www.viaromana.org\/blog\/#\/schema\/logo\/image\/\",\"url\":\"https:\/\/www.viaromana.org\/blog\/wp-content\/uploads\/2021\/12\/logo-3.png\",\"contentUrl\":\"https:\/\/www.viaromana.org\/blog\/wp-content\/uploads\/2021\/12\/logo-3.png\",\"width\":300,\"height\":249,\"caption\":\"viaromana\"},\"image\":{\"@id\":\"https:\/\/www.viaromana.org\/blog\/#\/schema\/logo\/image\/\"}},{\"@type\":\"Person\",\"@id\":\"https:\/\/www.viaromana.org\/blog\/#\/schema\/person\/cde9c4655845091e1fe473fcd163c889\",\"name\":\"Robert\",\"image\":{\"@type\":\"ImageObject\",\"inLanguage\":\"fr-FR\",\"@id\":\"https:\/\/www.viaromana.org\/blog\/#\/schema\/person\/image\/\",\"url\":\"https:\/\/secure.gravatar.com\/avatar\/a168ec191013b636c2f278aec04e724b?s=96&d=mm&r=g\",\"contentUrl\":\"https:\/\/secure.gravatar.com\/avatar\/a168ec191013b636c2f278aec04e724b?s=96&d=mm&r=g\",\"caption\":\"Robert\"},\"sameAs\":[\"https:\/\/www.viaromana.org\/blog\"],\"url\":\"https:\/\/www.viaromana.org\/blog\/author\/anaadmin\/\"}]}<\/script>\n<!-- \/ Yoast SEO plugin. -->","yoast_head_json":{"title":"Derni\u00e8re actualit\u00e9 pour vous : Exposition \u00catre(s) \u00e0 St-Michel - Viaromana et arch\u00e9ologie.","description":"Derni\u00e8re actualit\u00e9 pour vous : Exposition \u00catre(s) \u00e0 St-Michel article de Viaromana et arch\u00e9ologie.","robots":{"index":"index","follow":"follow","max-snippet":"max-snippet:-1","max-image-preview":"max-image-preview:large","max-video-preview":"max-video-preview:-1"},"canonical":"https:\/\/www.viaromana.org\/blog\/derniere-actualite-pour-vous-exposition-etres-a-st-michel\/","og_locale":"fr_FR","og_type":"article","og_title":"Derni\u00e8re actualit\u00e9 pour vous : Exposition \u00catre(s) \u00e0 St-Michel - Viaromana et arch\u00e9ologie.","og_description":"Derni\u00e8re actualit\u00e9 pour vous : Exposition \u00catre(s) \u00e0 St-Michel article de Viaromana et arch\u00e9ologie.","og_url":"https:\/\/www.viaromana.org\/blog\/derniere-actualite-pour-vous-exposition-etres-a-st-michel\/","og_site_name":"Viaromana et arch\u00e9ologie.","article_published_time":"2022-10-19T08:02:26+00:00","author":"Robert","twitter_card":"summary_large_image","twitter_misc":{"\u00c9crit par":"Robert","Dur\u00e9e de lecture estim\u00e9e":"1 minute"},"schema":{"@context":"https:\/\/schema.org","@graph":[{"@type":"Article","@id":"https:\/\/www.viaromana.org\/blog\/derniere-actualite-pour-vous-exposition-etres-a-st-michel\/#article","isPartOf":{"@id":"https:\/\/www.viaromana.org\/blog\/derniere-actualite-pour-vous-exposition-etres-a-st-michel\/"},"author":{"name":"Robert","@id":"https:\/\/www.viaromana.org\/blog\/#\/schema\/person\/cde9c4655845091e1fe473fcd163c889"},"headline":"Derni\u00e8re actualit\u00e9 pour vous : Exposition \u00catre(s) \u00e0 St-Michel","datePublished":"2022-10-19T08:02:26+00:00","dateModified":"2022-10-19T08:02:26+00:00","mainEntityOfPage":{"@id":"https:\/\/www.viaromana.org\/blog\/derniere-actualite-pour-vous-exposition-etres-a-st-michel\/"},"wordCount":171,"publisher":{"@id":"https:\/\/www.viaromana.org\/blog\/#organization"},"articleSection":["Arch\u00e9ologie"],"inLanguage":"fr-FR"},{"@type":"WebPage","@id":"https:\/\/www.viaromana.org\/blog\/derniere-actualite-pour-vous-exposition-etres-a-st-michel\/","url":"https:\/\/www.viaromana.org\/blog\/derniere-actualite-pour-vous-exposition-etres-a-st-michel\/","name":"Derni\u00e8re actualit\u00e9 pour vous : Exposition \u00catre(s) \u00e0 St-Michel - Viaromana et arch\u00e9ologie.","isPartOf":{"@id":"https:\/\/www.viaromana.org\/blog\/#website"},"datePublished":"2022-10-19T08:02:26+00:00","dateModified":"2022-10-19T08:02:26+00:00","description":"Derni\u00e8re actualit\u00e9 pour vous : Exposition \u00catre(s) \u00e0 St-Michel article de Viaromana et arch\u00e9ologie.","breadcrumb":{"@id":"https:\/\/www.viaromana.org\/blog\/derniere-actualite-pour-vous-exposition-etres-a-st-michel\/#breadcrumb"},"inLanguage":"fr-FR","potentialAction":[{"@type":"ReadAction","target":["https:\/\/www.viaromana.org\/blog\/derniere-actualite-pour-vous-exposition-etres-a-st-michel\/"]}]},{"@type":"BreadcrumbList","@id":"https:\/\/www.viaromana.org\/blog\/derniere-actualite-pour-vous-exposition-etres-a-st-michel\/#breadcrumb","itemListElement":[{"@type":"ListItem","position":1,"name":"Accueil","item":"https:\/\/www.viaromana.org\/blog\/"},{"@type":"ListItem","position":2,"name":"Derni\u00e8re actualit\u00e9 pour vous : Exposition \u00catre(s) \u00e0 St-Michel"}]},{"@type":"WebSite","@id":"https:\/\/www.viaromana.org\/blog\/#website","url":"https:\/\/www.viaromana.org\/blog\/","name":"Viaromana et arch\u00e9ologie.","description":"Site arch\u00e9ologique de la voie romaine (viaromana) Belgique-France-Rome","publisher":{"@id":"https:\/\/www.viaromana.org\/blog\/#organization"},"potentialAction":[{"@type":"SearchAction","target":{"@type":"EntryPoint","urlTemplate":"https:\/\/www.viaromana.org\/blog\/?s={search_term_string}"},"query-input":"required name=search_term_string"}],"inLanguage":"fr-FR"},{"@type":"Organization","@id":"https:\/\/www.viaromana.org\/blog\/#organization","name":"viaromana","url":"https:\/\/www.viaromana.org\/blog\/","logo":{"@type":"ImageObject","inLanguage":"fr-FR","@id":"https:\/\/www.viaromana.org\/blog\/#\/schema\/logo\/image\/","url":"https:\/\/www.viaromana.org\/blog\/wp-content\/uploads\/2021\/12\/logo-3.png","contentUrl":"https:\/\/www.viaromana.org\/blog\/wp-content\/uploads\/2021\/12\/logo-3.png","width":300,"height":249,"caption":"viaromana"},"image":{"@id":"https:\/\/www.viaromana.org\/blog\/#\/schema\/logo\/image\/"}},{"@type":"Person","@id":"https:\/\/www.viaromana.org\/blog\/#\/schema\/person\/cde9c4655845091e1fe473fcd163c889","name":"Robert","image":{"@type":"ImageObject","inLanguage":"fr-FR","@id":"https:\/\/www.viaromana.org\/blog\/#\/schema\/person\/image\/","url":"https:\/\/secure.gravatar.com\/avatar\/a168ec191013b636c2f278aec04e724b?s=96&d=mm&r=g","contentUrl":"https:\/\/secure.gravatar.com\/avatar\/a168ec191013b636c2f278aec04e724b?s=96&d=mm&r=g","caption":"Robert"},"sameAs":["https:\/\/www.viaromana.org\/blog"],"url":"https:\/\/www.viaromana.org\/blog\/author\/anaadmin\/"}]}},"_links":{"self":[{"href":"https:\/\/www.viaromana.org\/blog\/wp-json\/wp\/v2\/posts\/1586"}],"collection":[{"href":"https:\/\/www.viaromana.org\/blog\/wp-json\/wp\/v2\/posts"}],"about":[{"href":"https:\/\/www.viaromana.org\/blog\/wp-json\/wp\/v2\/types\/post"}],"author":[{"embeddable":true,"href":"https:\/\/www.viaromana.org\/blog\/wp-json\/wp\/v2\/users\/1"}],"replies":[{"embeddable":true,"href":"https:\/\/www.viaromana.org\/blog\/wp-json\/wp\/v2\/comments?post=1586"}],"version-history":[{"count":0,"href":"https:\/\/www.viaromana.org\/blog\/wp-json\/wp\/v2\/posts\/1586\/revisions"}],"wp:attachment":[{"href":"https:\/\/www.viaromana.org\/blog\/wp-json\/wp\/v2\/media?parent=1586"}],"wp:term":[{"taxonomy":"category","embeddable":true,"href":"https:\/\/www.viaromana.org\/blog\/wp-json\/wp\/v2\/categories?post=1586"},{"taxonomy":"post_tag","embeddable":true,"href":"https:\/\/www.viaromana.org\/blog\/wp-json\/wp\/v2\/tags?post=1586"}],"curies":[{"name":"wp","href":"https:\/\/api.w.org\/{rel}","templated":true}]}}