{"id":1584,"date":"2022-12-12T16:13:11","date_gmt":"2022-12-12T15:13:11","guid":{"rendered":"https:\/\/www.site.cdcl.xyz\/2022\/12\/12\/que-retenir-de-ce-papier-projection-stefan-zweig-adieu-leurope\/"},"modified":"2022-12-12T16:13:11","modified_gmt":"2022-12-12T15:13:11","slug":"que-retenir-de-ce-papier-projection-stefan-zweig-adieu-leurope","status":"publish","type":"post","link":"https:\/\/www.viaromana.org\/blog\/que-retenir-de-ce-papier-projection-stefan-zweig-adieu-leurope\/","title":{"rendered":"Que retenir de ce papier : Projection | Stefan Zweig, adieu l\u2019Europe"},"content":{"rendered":"<p>A relever, cet encart sur le web dont la th\u00e9matique est \u00ab&nbsp;l\u2019arch\u00e9ologie&nbsp;\u00bb et qui est susceptible de vous plaire.<\/p>\n<p>Son titre (Projection | Stefan Zweig, adieu l\u2019Europe) parle de lui-m\u00eame.<\/p>\n<p>Sachez que le journaliste (identifi\u00e9 sous le nom Mus\u00e9e d\u2019Aquitaine) est positivement connu.<\/p>\n<p>L\u2019article peut en cons\u00e9quence \u00eatre pris au s\u00e9rieux.<\/p>\n<p>Le post a \u00e9t\u00e9 \u00e9dit\u00e9 \u00e0 une date not\u00e9e 2022-12-12 16:13:11.<\/p>\n<div>\n<p>Biopic de Maria Schrader (2006, 101 min. VOSTF).<\/p>\n<p>\u00ab&nbsp;<em>Je salue tous mes amis. Puissent-ils voir encore l\u2019aurore apr\u00e8s la longue nuit ! Moi je suis trop impatient, je pars avant eux<\/em>&nbsp;\u00bb \u00e9crit Zweig le 22 f\u00e9vrier 1942, avant de se suicider au v\u00e9ronal avec sa femme, dans leur maison de Petr\u00f3polis, non loin de Rio de Janeiro.&nbsp;<span>Entre les pr\u00e9mices de la guerre et la sauvagerie qui jour apr\u00e8s jour d\u00e9truit tout ce qui lui est cher, entre un hiver new-yorkais et les luxuriances tropicales du Br\u00e9sil,&nbsp;Maria Schrader met en sc\u00e8ne la douloureuse errance du grand \u00e9crivain allemand Stefan Zweig et de Lotte, sa jeune \u00e9pouse, qui fut aussi sa secr\u00e9taire.<\/span><\/p>\n<p>La projection sera introduite par <strong>Lidwine Portes<\/strong>, ma\u00eetresse de conf\u00e9rences en \u00e9tudes germaniques \u00e0 l\u2019Universit\u00e9 Bordeaux Montaigne.<\/p>\n<p><em>Une proposition du Goethe-Institut de Bordeaux, avec le soutien du Forum culturel autrichien et de l\u2019universit\u00e9 Bordeaux Montaigne,&nbsp;<\/em><em>dans le cadre du cycle <strong>Migrations en images<\/strong>&nbsp;\u00e9labor\u00e9 chaque ann\u00e9e avec le Rahmi, l\u2019Institut des Afriques et EUNIC Bordeaux Aquitaine.&nbsp;<\/em><\/p>\n<p>Apr\u00e8s <em>Raving Iran<\/em> et <em>Stefan Zweig, adieu l\u2019Europe, <\/em>rendez-vous mardi 21 mars \u00e0 20 heures au cin\u00e9ma Utopia avec<em> Aya<\/em> de Simon Coulibaly Gillard, et le dimanche 2 avril \u00e0 15h30 avec <em>Le bouillon d\u2019awara<\/em> de Marie-Cl\u00e9mence et C\u00e9sar Paes.<\/p>\n<p><img decoding=\"async\" alt=\"\u00a9 Affiche du film Stefan Zweig, adieu l'Europe\" src=\"https:\/\/www.viaromana.org\/blog\/wp-content\/uploads\/2023\/03\/que-retenir-de-ce-papier-projection-stefan-zweig-adieu-leurope.jpg\"><\/p>\n<p>\u00a9 Affiche du film Stefan Zweig, adieu l\u2019Europe<\/p>\n<\/div>\n<p>Ce th\u00e8me vous a passionn\u00e9 vous adorerez pareillement ces parutions:<\/p>\n<p>Soci\u00e9t\u00e9 d\u2019Histoire et d\u2019Arch\u00e9ologie Wickram.,<a target=\"_blank\" rel=\"nofollow\" href=\"https:\/\/www.viaromana.org\/blog\/goto\/https:\/\/www.epagine.fr\/ebook\/9782402276214-societe-d-histoire-et-d-archeologie-wickram-andre-billich-a-edel-a-heitzler\/\"  target=\"_blank\" rel=\"noopener noreferrer nofollow\">(la couverture) <\/a><span><\/span>.<\/p>\n<p>Pour une histoire de l\u2019arch\u00e9ologie XVIIIe si\u00e8cle \u2013 1945.,<a target=\"_blank\" rel=\"nofollow\" href=\"https:\/\/www.viaromana.org\/blog\/goto\/https:\/\/www.kobo.com\/de\/fr\/ebook\/pour-une-histoire-de-l-archeologie-xviiie-siecle-1945\"  target=\"_blank\" rel=\"noopener noreferrer nofollow\">Le livre <\/a><span><\/span>. Disponible dans toutes les bonnes librairies.<\/p>\n<p>Une histoire des repr\u00e9sentations mentales ; contribution \u00e0 une arch\u00e9ologie de la soci\u00e9t\u00e9 de la connaissance.,<a target=\"_blank\" rel=\"nofollow\" href=\"https:\/\/www.viaromana.org\/blog\/goto\/https:\/\/www.epagine.fr\/ebook\/9782296175846-une-histoire-des-representations-mentales-contribution-a-une-archeologie-de-la-societe-de-la-connaissance-claude-meyer\/\"  target=\"_blank\" rel=\"noopener noreferrer nofollow\">A voir et \u00e0 lire. <\/a><span><\/span>.<\/p>\n<p>Machines et magie, tome 1 : La chasseuse de livres.,<a target=\"_blank\" rel=\"nofollow\" href=\"https:\/\/www.viaromana.org\/blog\/goto\/https:\/\/booknode.com\/machines_et_magie_tome_1_la_chasseuse_de_livres_01265624\"  target=\"_blank\" rel=\"noopener noreferrer nofollow\">Clicker Ici <\/a><span><\/span>.<\/p>\n","protected":false},"excerpt":{"rendered":"<p>A relever, cet encart sur le web dont la th\u00e9matique est \u00ab&nbsp;l\u2019arch\u00e9ologie&nbsp;\u00bb et qui est susceptible de vous plaire. Son titre (Projection | Stefan Zweig, adieu l\u2019Europe) parle de lui-m\u00eame. Sachez que le journaliste (identifi\u00e9 sous le nom Mus\u00e9e d\u2019Aquitaine) est positivement connu. L\u2019article peut en cons\u00e9quence \u00eatre pris au s\u00e9rieux. Le post a \u00e9t\u00e9 \u00e9dit\u00e9 \u00e0 une date not\u00e9e 2022-12-12 16:13:11. Biopic de Maria Schrader (2006, 101 min. VOSTF). \u00ab&nbsp;Je salue tous mes amis. Puissent-ils voir encore l\u2019aurore apr\u00e8s la longue nuit ! Moi je suis trop impatient, je pars avant eux&nbsp;\u00bb \u00e9crit Zweig le 22 f\u00e9vrier 1942, avant\u2026<\/p>\n","protected":false},"author":1,"featured_media":0,"comment_status":"closed","ping_status":"closed","sticky":false,"template":"","format":"standard","meta":{"footnotes":""},"categories":[2],"tags":[],"blocksy_meta":{"styles_descriptor":{"styles":{"desktop":"","tablet":"","mobile":""},"google_fonts":[],"version":4}},"yoast_head":"<!-- This site is optimized with the Yoast SEO plugin v21.1 - https:\/\/yoast.com\/wordpress\/plugins\/seo\/ -->\n<title>Que retenir de ce papier : Projection | Stefan Zweig, adieu l\u2019Europe - Viaromana et arch\u00e9ologie.<\/title>\n<meta name=\"description\" content=\"Que retenir de ce papier : Projection | Stefan Zweig, adieu l\u2019Europe article de Viaromana et arch\u00e9ologie.\" \/>\n<meta name=\"robots\" content=\"index, follow, max-snippet:-1, max-image-preview:large, max-video-preview:-1\" \/>\n<link rel=\"canonical\" href=\"https:\/\/www.viaromana.org\/blog\/que-retenir-de-ce-papier-projection-stefan-zweig-adieu-leurope\/\" \/>\n<meta property=\"og:locale\" content=\"fr_FR\" \/>\n<meta property=\"og:type\" content=\"article\" \/>\n<meta property=\"og:title\" content=\"Que retenir de ce papier : Projection | Stefan Zweig, adieu l\u2019Europe - Viaromana et arch\u00e9ologie.\" \/>\n<meta property=\"og:description\" content=\"Que retenir de ce papier : Projection | Stefan Zweig, adieu l\u2019Europe article de Viaromana et arch\u00e9ologie.\" \/>\n<meta property=\"og:url\" content=\"https:\/\/www.viaromana.org\/blog\/que-retenir-de-ce-papier-projection-stefan-zweig-adieu-leurope\/\" \/>\n<meta property=\"og:site_name\" content=\"Viaromana et arch\u00e9ologie.\" \/>\n<meta property=\"article:published_time\" content=\"2022-12-12T15:13:11+00:00\" \/>\n<meta property=\"og:image\" content=\"https:\/\/www.viaromana.org\/blog\/wp-content\/uploads\/2023\/03\/que-retenir-de-ce-papier-projection-stefan-zweig-adieu-leurope.jpg\" \/>\n<meta name=\"author\" content=\"Robert\" \/>\n<meta name=\"twitter:card\" content=\"summary_large_image\" \/>\n<meta name=\"twitter:label1\" content=\"\u00c9crit par\" \/>\n\t<meta name=\"twitter:data1\" content=\"Robert\" \/>\n\t<meta name=\"twitter:label2\" content=\"Dur\u00e9e de lecture estim\u00e9e\" \/>\n\t<meta name=\"twitter:data2\" content=\"2 minutes\" \/>\n<script type=\"application\/ld+json\" class=\"yoast-schema-graph\">{\"@context\":\"https:\/\/schema.org\",\"@graph\":[{\"@type\":\"Article\",\"@id\":\"https:\/\/www.viaromana.org\/blog\/que-retenir-de-ce-papier-projection-stefan-zweig-adieu-leurope\/#article\",\"isPartOf\":{\"@id\":\"https:\/\/www.viaromana.org\/blog\/que-retenir-de-ce-papier-projection-stefan-zweig-adieu-leurope\/\"},\"author\":{\"name\":\"Robert\",\"@id\":\"https:\/\/www.viaromana.org\/blog\/#\/schema\/person\/cde9c4655845091e1fe473fcd163c889\"},\"headline\":\"Que retenir de ce papier : Projection | Stefan Zweig, adieu l\u2019Europe\",\"datePublished\":\"2022-12-12T15:13:11+00:00\",\"dateModified\":\"2022-12-12T15:13:11+00:00\",\"mainEntityOfPage\":{\"@id\":\"https:\/\/www.viaromana.org\/blog\/que-retenir-de-ce-papier-projection-stefan-zweig-adieu-leurope\/\"},\"wordCount\":390,\"publisher\":{\"@id\":\"https:\/\/www.viaromana.org\/blog\/#organization\"},\"articleSection\":[\"Arch\u00e9ologie\"],\"inLanguage\":\"fr-FR\"},{\"@type\":\"WebPage\",\"@id\":\"https:\/\/www.viaromana.org\/blog\/que-retenir-de-ce-papier-projection-stefan-zweig-adieu-leurope\/\",\"url\":\"https:\/\/www.viaromana.org\/blog\/que-retenir-de-ce-papier-projection-stefan-zweig-adieu-leurope\/\",\"name\":\"Que retenir de ce papier : Projection | Stefan Zweig, adieu l\u2019Europe - Viaromana et arch\u00e9ologie.\",\"isPartOf\":{\"@id\":\"https:\/\/www.viaromana.org\/blog\/#website\"},\"datePublished\":\"2022-12-12T15:13:11+00:00\",\"dateModified\":\"2022-12-12T15:13:11+00:00\",\"description\":\"Que retenir de ce papier : Projection | Stefan Zweig, adieu l\u2019Europe article de Viaromana et arch\u00e9ologie.\",\"breadcrumb\":{\"@id\":\"https:\/\/www.viaromana.org\/blog\/que-retenir-de-ce-papier-projection-stefan-zweig-adieu-leurope\/#breadcrumb\"},\"inLanguage\":\"fr-FR\",\"potentialAction\":[{\"@type\":\"ReadAction\",\"target\":[\"https:\/\/www.viaromana.org\/blog\/que-retenir-de-ce-papier-projection-stefan-zweig-adieu-leurope\/\"]}]},{\"@type\":\"BreadcrumbList\",\"@id\":\"https:\/\/www.viaromana.org\/blog\/que-retenir-de-ce-papier-projection-stefan-zweig-adieu-leurope\/#breadcrumb\",\"itemListElement\":[{\"@type\":\"ListItem\",\"position\":1,\"name\":\"Accueil\",\"item\":\"https:\/\/www.viaromana.org\/blog\/\"},{\"@type\":\"ListItem\",\"position\":2,\"name\":\"Que retenir de ce papier : Projection | Stefan Zweig, adieu l\u2019Europe\"}]},{\"@type\":\"WebSite\",\"@id\":\"https:\/\/www.viaromana.org\/blog\/#website\",\"url\":\"https:\/\/www.viaromana.org\/blog\/\",\"name\":\"Viaromana et arch\u00e9ologie.\",\"description\":\"Site arch\u00e9ologique de la voie romaine (viaromana) Belgique-France-Rome\",\"publisher\":{\"@id\":\"https:\/\/www.viaromana.org\/blog\/#organization\"},\"potentialAction\":[{\"@type\":\"SearchAction\",\"target\":{\"@type\":\"EntryPoint\",\"urlTemplate\":\"https:\/\/www.viaromana.org\/blog\/?s={search_term_string}\"},\"query-input\":\"required name=search_term_string\"}],\"inLanguage\":\"fr-FR\"},{\"@type\":\"Organization\",\"@id\":\"https:\/\/www.viaromana.org\/blog\/#organization\",\"name\":\"viaromana\",\"url\":\"https:\/\/www.viaromana.org\/blog\/\",\"logo\":{\"@type\":\"ImageObject\",\"inLanguage\":\"fr-FR\",\"@id\":\"https:\/\/www.viaromana.org\/blog\/#\/schema\/logo\/image\/\",\"url\":\"https:\/\/www.viaromana.org\/blog\/wp-content\/uploads\/2021\/12\/logo-3.png\",\"contentUrl\":\"https:\/\/www.viaromana.org\/blog\/wp-content\/uploads\/2021\/12\/logo-3.png\",\"width\":300,\"height\":249,\"caption\":\"viaromana\"},\"image\":{\"@id\":\"https:\/\/www.viaromana.org\/blog\/#\/schema\/logo\/image\/\"}},{\"@type\":\"Person\",\"@id\":\"https:\/\/www.viaromana.org\/blog\/#\/schema\/person\/cde9c4655845091e1fe473fcd163c889\",\"name\":\"Robert\",\"image\":{\"@type\":\"ImageObject\",\"inLanguage\":\"fr-FR\",\"@id\":\"https:\/\/www.viaromana.org\/blog\/#\/schema\/person\/image\/\",\"url\":\"https:\/\/secure.gravatar.com\/avatar\/a168ec191013b636c2f278aec04e724b?s=96&d=mm&r=g\",\"contentUrl\":\"https:\/\/secure.gravatar.com\/avatar\/a168ec191013b636c2f278aec04e724b?s=96&d=mm&r=g\",\"caption\":\"Robert\"},\"sameAs\":[\"https:\/\/www.viaromana.org\/blog\"],\"url\":\"https:\/\/www.viaromana.org\/blog\/author\/anaadmin\/\"}]}<\/script>\n<!-- \/ Yoast SEO plugin. -->","yoast_head_json":{"title":"Que retenir de ce papier : Projection | Stefan Zweig, adieu l\u2019Europe - Viaromana et arch\u00e9ologie.","description":"Que retenir de ce papier : Projection | Stefan Zweig, adieu l\u2019Europe article de Viaromana et arch\u00e9ologie.","robots":{"index":"index","follow":"follow","max-snippet":"max-snippet:-1","max-image-preview":"max-image-preview:large","max-video-preview":"max-video-preview:-1"},"canonical":"https:\/\/www.viaromana.org\/blog\/que-retenir-de-ce-papier-projection-stefan-zweig-adieu-leurope\/","og_locale":"fr_FR","og_type":"article","og_title":"Que retenir de ce papier : Projection | Stefan Zweig, adieu l\u2019Europe - Viaromana et arch\u00e9ologie.","og_description":"Que retenir de ce papier : Projection | Stefan Zweig, adieu l\u2019Europe article de Viaromana et arch\u00e9ologie.","og_url":"https:\/\/www.viaromana.org\/blog\/que-retenir-de-ce-papier-projection-stefan-zweig-adieu-leurope\/","og_site_name":"Viaromana et arch\u00e9ologie.","article_published_time":"2022-12-12T15:13:11+00:00","og_image":[{"url":"https:\/\/www.viaromana.org\/blog\/wp-content\/uploads\/2023\/03\/que-retenir-de-ce-papier-projection-stefan-zweig-adieu-leurope.jpg"}],"author":"Robert","twitter_card":"summary_large_image","twitter_misc":{"\u00c9crit par":"Robert","Dur\u00e9e de lecture estim\u00e9e":"2 minutes"},"schema":{"@context":"https:\/\/schema.org","@graph":[{"@type":"Article","@id":"https:\/\/www.viaromana.org\/blog\/que-retenir-de-ce-papier-projection-stefan-zweig-adieu-leurope\/#article","isPartOf":{"@id":"https:\/\/www.viaromana.org\/blog\/que-retenir-de-ce-papier-projection-stefan-zweig-adieu-leurope\/"},"author":{"name":"Robert","@id":"https:\/\/www.viaromana.org\/blog\/#\/schema\/person\/cde9c4655845091e1fe473fcd163c889"},"headline":"Que retenir de ce papier : Projection | Stefan Zweig, adieu l\u2019Europe","datePublished":"2022-12-12T15:13:11+00:00","dateModified":"2022-12-12T15:13:11+00:00","mainEntityOfPage":{"@id":"https:\/\/www.viaromana.org\/blog\/que-retenir-de-ce-papier-projection-stefan-zweig-adieu-leurope\/"},"wordCount":390,"publisher":{"@id":"https:\/\/www.viaromana.org\/blog\/#organization"},"articleSection":["Arch\u00e9ologie"],"inLanguage":"fr-FR"},{"@type":"WebPage","@id":"https:\/\/www.viaromana.org\/blog\/que-retenir-de-ce-papier-projection-stefan-zweig-adieu-leurope\/","url":"https:\/\/www.viaromana.org\/blog\/que-retenir-de-ce-papier-projection-stefan-zweig-adieu-leurope\/","name":"Que retenir de ce papier : Projection | Stefan Zweig, adieu l\u2019Europe - Viaromana et arch\u00e9ologie.","isPartOf":{"@id":"https:\/\/www.viaromana.org\/blog\/#website"},"datePublished":"2022-12-12T15:13:11+00:00","dateModified":"2022-12-12T15:13:11+00:00","description":"Que retenir de ce papier : Projection | Stefan Zweig, adieu l\u2019Europe article de Viaromana et arch\u00e9ologie.","breadcrumb":{"@id":"https:\/\/www.viaromana.org\/blog\/que-retenir-de-ce-papier-projection-stefan-zweig-adieu-leurope\/#breadcrumb"},"inLanguage":"fr-FR","potentialAction":[{"@type":"ReadAction","target":["https:\/\/www.viaromana.org\/blog\/que-retenir-de-ce-papier-projection-stefan-zweig-adieu-leurope\/"]}]},{"@type":"BreadcrumbList","@id":"https:\/\/www.viaromana.org\/blog\/que-retenir-de-ce-papier-projection-stefan-zweig-adieu-leurope\/#breadcrumb","itemListElement":[{"@type":"ListItem","position":1,"name":"Accueil","item":"https:\/\/www.viaromana.org\/blog\/"},{"@type":"ListItem","position":2,"name":"Que retenir de ce papier : Projection | Stefan Zweig, adieu l\u2019Europe"}]},{"@type":"WebSite","@id":"https:\/\/www.viaromana.org\/blog\/#website","url":"https:\/\/www.viaromana.org\/blog\/","name":"Viaromana et arch\u00e9ologie.","description":"Site arch\u00e9ologique de la voie romaine (viaromana) Belgique-France-Rome","publisher":{"@id":"https:\/\/www.viaromana.org\/blog\/#organization"},"potentialAction":[{"@type":"SearchAction","target":{"@type":"EntryPoint","urlTemplate":"https:\/\/www.viaromana.org\/blog\/?s={search_term_string}"},"query-input":"required name=search_term_string"}],"inLanguage":"fr-FR"},{"@type":"Organization","@id":"https:\/\/www.viaromana.org\/blog\/#organization","name":"viaromana","url":"https:\/\/www.viaromana.org\/blog\/","logo":{"@type":"ImageObject","inLanguage":"fr-FR","@id":"https:\/\/www.viaromana.org\/blog\/#\/schema\/logo\/image\/","url":"https:\/\/www.viaromana.org\/blog\/wp-content\/uploads\/2021\/12\/logo-3.png","contentUrl":"https:\/\/www.viaromana.org\/blog\/wp-content\/uploads\/2021\/12\/logo-3.png","width":300,"height":249,"caption":"viaromana"},"image":{"@id":"https:\/\/www.viaromana.org\/blog\/#\/schema\/logo\/image\/"}},{"@type":"Person","@id":"https:\/\/www.viaromana.org\/blog\/#\/schema\/person\/cde9c4655845091e1fe473fcd163c889","name":"Robert","image":{"@type":"ImageObject","inLanguage":"fr-FR","@id":"https:\/\/www.viaromana.org\/blog\/#\/schema\/person\/image\/","url":"https:\/\/secure.gravatar.com\/avatar\/a168ec191013b636c2f278aec04e724b?s=96&d=mm&r=g","contentUrl":"https:\/\/secure.gravatar.com\/avatar\/a168ec191013b636c2f278aec04e724b?s=96&d=mm&r=g","caption":"Robert"},"sameAs":["https:\/\/www.viaromana.org\/blog"],"url":"https:\/\/www.viaromana.org\/blog\/author\/anaadmin\/"}]}},"_links":{"self":[{"href":"https:\/\/www.viaromana.org\/blog\/wp-json\/wp\/v2\/posts\/1584"}],"collection":[{"href":"https:\/\/www.viaromana.org\/blog\/wp-json\/wp\/v2\/posts"}],"about":[{"href":"https:\/\/www.viaromana.org\/blog\/wp-json\/wp\/v2\/types\/post"}],"author":[{"embeddable":true,"href":"https:\/\/www.viaromana.org\/blog\/wp-json\/wp\/v2\/users\/1"}],"replies":[{"embeddable":true,"href":"https:\/\/www.viaromana.org\/blog\/wp-json\/wp\/v2\/comments?post=1584"}],"version-history":[{"count":0,"href":"https:\/\/www.viaromana.org\/blog\/wp-json\/wp\/v2\/posts\/1584\/revisions"}],"wp:attachment":[{"href":"https:\/\/www.viaromana.org\/blog\/wp-json\/wp\/v2\/media?parent=1584"}],"wp:term":[{"taxonomy":"category","embeddable":true,"href":"https:\/\/www.viaromana.org\/blog\/wp-json\/wp\/v2\/categories?post=1584"},{"taxonomy":"post_tag","embeddable":true,"href":"https:\/\/www.viaromana.org\/blog\/wp-json\/wp\/v2\/tags?post=1584"}],"curies":[{"name":"wp","href":"https:\/\/api.w.org\/{rel}","templated":true}]}}