{"id":1573,"date":"2023-03-04T02:00:01","date_gmt":"2023-03-04T01:00:01","guid":{"rendered":"https:\/\/www.site.cdcl.xyz\/2023\/03\/04\/derniere-actu-pour-vous-exposition-peinture-crayon-posca\/"},"modified":"2023-03-04T02:00:01","modified_gmt":"2023-03-04T01:00:01","slug":"derniere-actu-pour-vous-exposition-peinture-crayon-posca","status":"publish","type":"post","link":"https:\/\/www.viaromana.org\/blog\/derniere-actu-pour-vous-exposition-peinture-crayon-posca\/","title":{"rendered":"Derni\u00e8re actu pour vous : Exposition \u2013 Peinture \/ Crayon \/ Posca"},"content":{"rendered":"<p>Nous avons relev\u00e9 un post sur le web dont la th\u00e9matique est \u00abl\u2019arch\u00e9ologie\u00bb.<\/p>\n<p>Son titre suggestif (Exposition \u2013 Peinture \/ Crayon \/ Posca) est sans confusion.<\/p>\n<p> Identifi\u00e9 sous le nom \u00abnodule\u00bb, l\u2019\u00e9ditorialiste est positivement connu.<\/p>\n<p>Le papier peut en cons\u00e9quence \u00eatre pris au s\u00e9rieux.<\/p>\n<p>Le texte a \u00e9t\u00e9 divulgu\u00e9 \u00e0 une date not\u00e9e 2023-03-04 02:00:01.<\/p>\n<p>Si les paysages jonchent parfois la sombre galerie des personnages de Gab, ils sont l\u2019\u00e9crin d\u2019une vision de l\u2019Humain : envout\u00e9, indiff\u00e9rent ou cynique.<\/p>\n<p> Exposition \u2013 Peinture \/ Crayon \/ Posca<\/p>\n<p>Ce objet r\u00e9pond \u00e0 vos investigations vous aimerez beaucoup ces parutions:<\/p>\n<p>Sur les pas de Rams\u00e8s.,<a target=\"_blank\" rel=\"nofollow\" href=\"https:\/\/www.viaromana.org\/blog\/goto\/https:\/\/booknode.com\/sur_les_pas_de_ramses_0116106\"  target=\"_blank\" rel=\"noopener noreferrer nofollow\">Le livre <\/a><span><\/span>. Ouvrage de r\u00e9f\u00e9rence.<\/p>\n<p>On a retrouv\u00e9 l\u2019histoire de France.,<a target=\"_blank\" rel=\"nofollow\" href=\"https:\/\/www.viaromana.org\/blog\/goto\/https:\/\/www.kobo.com\/de\/fr\/ebook\/on-a-retrouve-l-histoire-de-france\"  target=\"_blank\" rel=\"noopener noreferrer nofollow\">Le livre <\/a><span><\/span>.<\/p>\n<p>Pyramide.,<a target=\"_blank\" rel=\"nofollow\" href=\"https:\/\/www.viaromana.org\/blog\/goto\/https:\/\/booknode.com\/pyramide_01332845\"  target=\"_blank\" rel=\"noopener noreferrer nofollow\">Le livre <\/a><span><\/span>.<\/p>\n<p>Manuel d\u2019arch\u00e9ologie biblique (2).,<a target=\"_blank\" rel=\"nofollow\" href=\"https:\/\/www.viaromana.org\/blog\/goto\/https:\/\/www.epagine.fr\/ebook\/9782307506850-manuel-d-archeologie-biblique-2-augustin-georges-barrois\/\"  target=\"_blank\" rel=\"noopener noreferrer nofollow\">(la couverture) <\/a><span><\/span>. Disponible \u00e0 l\u2019achat sur les plateformes Amazon, Fnac, Cultura \u2026.<\/p>\n","protected":false},"excerpt":{"rendered":"<p>Nous avons relev\u00e9 un post sur le web dont la th\u00e9matique est \u00abl\u2019arch\u00e9ologie\u00bb. Son titre suggestif (Exposition \u2013 Peinture \/ Crayon \/ Posca) est sans confusion. Identifi\u00e9 sous le nom \u00abnodule\u00bb, l\u2019\u00e9ditorialiste est positivement connu. Le papier peut en cons\u00e9quence \u00eatre pris au s\u00e9rieux. Le texte a \u00e9t\u00e9 divulgu\u00e9 \u00e0 une date not\u00e9e 2023-03-04 02:00:01. Si les paysages jonchent parfois la sombre galerie des personnages de Gab, ils sont l\u2019\u00e9crin d\u2019une vision de l\u2019Humain : envout\u00e9, indiff\u00e9rent ou cynique. Exposition \u2013 Peinture \/ Crayon \/ Posca Ce objet r\u00e9pond \u00e0 vos investigations vous aimerez beaucoup ces parutions: Sur les pas\u2026<\/p>\n","protected":false},"author":1,"featured_media":0,"comment_status":"closed","ping_status":"closed","sticky":false,"template":"","format":"standard","meta":{"footnotes":""},"categories":[2],"tags":[],"blocksy_meta":{"styles_descriptor":{"styles":{"desktop":"","tablet":"","mobile":""},"google_fonts":[],"version":4}},"yoast_head":"<!-- This site is optimized with the Yoast SEO plugin v21.1 - https:\/\/yoast.com\/wordpress\/plugins\/seo\/ -->\n<title>Derni\u00e8re actu pour vous : Exposition \u2013 Peinture \/ Crayon \/ Posca - Viaromana et arch\u00e9ologie.<\/title>\n<meta name=\"description\" content=\"Derni\u00e8re actu pour vous : Exposition \u2013 Peinture \/ Crayon \/ Posca article de Viaromana et arch\u00e9ologie.\" \/>\n<meta name=\"robots\" content=\"index, follow, max-snippet:-1, max-image-preview:large, max-video-preview:-1\" \/>\n<link rel=\"canonical\" href=\"https:\/\/www.viaromana.org\/blog\/derniere-actu-pour-vous-exposition-peinture-crayon-posca\/\" \/>\n<meta property=\"og:locale\" content=\"fr_FR\" \/>\n<meta property=\"og:type\" content=\"article\" \/>\n<meta property=\"og:title\" content=\"Derni\u00e8re actu pour vous : Exposition \u2013 Peinture \/ Crayon \/ Posca - Viaromana et arch\u00e9ologie.\" \/>\n<meta property=\"og:description\" content=\"Derni\u00e8re actu pour vous : Exposition \u2013 Peinture \/ Crayon \/ Posca article de Viaromana et arch\u00e9ologie.\" \/>\n<meta property=\"og:url\" content=\"https:\/\/www.viaromana.org\/blog\/derniere-actu-pour-vous-exposition-peinture-crayon-posca\/\" \/>\n<meta property=\"og:site_name\" content=\"Viaromana et arch\u00e9ologie.\" \/>\n<meta property=\"article:published_time\" content=\"2023-03-04T01:00:01+00:00\" \/>\n<meta name=\"author\" content=\"Robert\" \/>\n<meta name=\"twitter:card\" content=\"summary_large_image\" \/>\n<meta name=\"twitter:label1\" content=\"\u00c9crit par\" \/>\n\t<meta name=\"twitter:data1\" content=\"Robert\" \/>\n\t<meta name=\"twitter:label2\" content=\"Dur\u00e9e de lecture estim\u00e9e\" \/>\n\t<meta name=\"twitter:data2\" content=\"1 minute\" \/>\n<script type=\"application\/ld+json\" class=\"yoast-schema-graph\">{\"@context\":\"https:\/\/schema.org\",\"@graph\":[{\"@type\":\"Article\",\"@id\":\"https:\/\/www.viaromana.org\/blog\/derniere-actu-pour-vous-exposition-peinture-crayon-posca\/#article\",\"isPartOf\":{\"@id\":\"https:\/\/www.viaromana.org\/blog\/derniere-actu-pour-vous-exposition-peinture-crayon-posca\/\"},\"author\":{\"name\":\"Robert\",\"@id\":\"https:\/\/www.viaromana.org\/blog\/#\/schema\/person\/cde9c4655845091e1fe473fcd163c889\"},\"headline\":\"Derni\u00e8re actu pour vous : Exposition \u2013 Peinture \/ Crayon \/ Posca\",\"datePublished\":\"2023-03-04T01:00:01+00:00\",\"dateModified\":\"2023-03-04T01:00:01+00:00\",\"mainEntityOfPage\":{\"@id\":\"https:\/\/www.viaromana.org\/blog\/derniere-actu-pour-vous-exposition-peinture-crayon-posca\/\"},\"wordCount\":150,\"publisher\":{\"@id\":\"https:\/\/www.viaromana.org\/blog\/#organization\"},\"articleSection\":[\"Arch\u00e9ologie\"],\"inLanguage\":\"fr-FR\"},{\"@type\":\"WebPage\",\"@id\":\"https:\/\/www.viaromana.org\/blog\/derniere-actu-pour-vous-exposition-peinture-crayon-posca\/\",\"url\":\"https:\/\/www.viaromana.org\/blog\/derniere-actu-pour-vous-exposition-peinture-crayon-posca\/\",\"name\":\"Derni\u00e8re actu pour vous : Exposition \u2013 Peinture \/ Crayon \/ Posca - Viaromana et arch\u00e9ologie.\",\"isPartOf\":{\"@id\":\"https:\/\/www.viaromana.org\/blog\/#website\"},\"datePublished\":\"2023-03-04T01:00:01+00:00\",\"dateModified\":\"2023-03-04T01:00:01+00:00\",\"description\":\"Derni\u00e8re actu pour vous : Exposition \u2013 Peinture \/ Crayon \/ Posca article de Viaromana et arch\u00e9ologie.\",\"breadcrumb\":{\"@id\":\"https:\/\/www.viaromana.org\/blog\/derniere-actu-pour-vous-exposition-peinture-crayon-posca\/#breadcrumb\"},\"inLanguage\":\"fr-FR\",\"potentialAction\":[{\"@type\":\"ReadAction\",\"target\":[\"https:\/\/www.viaromana.org\/blog\/derniere-actu-pour-vous-exposition-peinture-crayon-posca\/\"]}]},{\"@type\":\"BreadcrumbList\",\"@id\":\"https:\/\/www.viaromana.org\/blog\/derniere-actu-pour-vous-exposition-peinture-crayon-posca\/#breadcrumb\",\"itemListElement\":[{\"@type\":\"ListItem\",\"position\":1,\"name\":\"Accueil\",\"item\":\"https:\/\/www.viaromana.org\/blog\/\"},{\"@type\":\"ListItem\",\"position\":2,\"name\":\"Derni\u00e8re actu pour vous : Exposition \u2013 Peinture \/ Crayon \/ Posca\"}]},{\"@type\":\"WebSite\",\"@id\":\"https:\/\/www.viaromana.org\/blog\/#website\",\"url\":\"https:\/\/www.viaromana.org\/blog\/\",\"name\":\"Viaromana et arch\u00e9ologie.\",\"description\":\"Site arch\u00e9ologique de la voie romaine (viaromana) Belgique-France-Rome\",\"publisher\":{\"@id\":\"https:\/\/www.viaromana.org\/blog\/#organization\"},\"potentialAction\":[{\"@type\":\"SearchAction\",\"target\":{\"@type\":\"EntryPoint\",\"urlTemplate\":\"https:\/\/www.viaromana.org\/blog\/?s={search_term_string}\"},\"query-input\":\"required name=search_term_string\"}],\"inLanguage\":\"fr-FR\"},{\"@type\":\"Organization\",\"@id\":\"https:\/\/www.viaromana.org\/blog\/#organization\",\"name\":\"viaromana\",\"url\":\"https:\/\/www.viaromana.org\/blog\/\",\"logo\":{\"@type\":\"ImageObject\",\"inLanguage\":\"fr-FR\",\"@id\":\"https:\/\/www.viaromana.org\/blog\/#\/schema\/logo\/image\/\",\"url\":\"https:\/\/www.viaromana.org\/blog\/wp-content\/uploads\/2021\/12\/logo-3.png\",\"contentUrl\":\"https:\/\/www.viaromana.org\/blog\/wp-content\/uploads\/2021\/12\/logo-3.png\",\"width\":300,\"height\":249,\"caption\":\"viaromana\"},\"image\":{\"@id\":\"https:\/\/www.viaromana.org\/blog\/#\/schema\/logo\/image\/\"}},{\"@type\":\"Person\",\"@id\":\"https:\/\/www.viaromana.org\/blog\/#\/schema\/person\/cde9c4655845091e1fe473fcd163c889\",\"name\":\"Robert\",\"image\":{\"@type\":\"ImageObject\",\"inLanguage\":\"fr-FR\",\"@id\":\"https:\/\/www.viaromana.org\/blog\/#\/schema\/person\/image\/\",\"url\":\"https:\/\/secure.gravatar.com\/avatar\/a168ec191013b636c2f278aec04e724b?s=96&d=mm&r=g\",\"contentUrl\":\"https:\/\/secure.gravatar.com\/avatar\/a168ec191013b636c2f278aec04e724b?s=96&d=mm&r=g\",\"caption\":\"Robert\"},\"sameAs\":[\"https:\/\/www.viaromana.org\/blog\"],\"url\":\"https:\/\/www.viaromana.org\/blog\/author\/anaadmin\/\"}]}<\/script>\n<!-- \/ Yoast SEO plugin. -->","yoast_head_json":{"title":"Derni\u00e8re actu pour vous : Exposition \u2013 Peinture \/ Crayon \/ Posca - Viaromana et arch\u00e9ologie.","description":"Derni\u00e8re actu pour vous : Exposition \u2013 Peinture \/ Crayon \/ Posca article de Viaromana et arch\u00e9ologie.","robots":{"index":"index","follow":"follow","max-snippet":"max-snippet:-1","max-image-preview":"max-image-preview:large","max-video-preview":"max-video-preview:-1"},"canonical":"https:\/\/www.viaromana.org\/blog\/derniere-actu-pour-vous-exposition-peinture-crayon-posca\/","og_locale":"fr_FR","og_type":"article","og_title":"Derni\u00e8re actu pour vous : Exposition \u2013 Peinture \/ Crayon \/ Posca - Viaromana et arch\u00e9ologie.","og_description":"Derni\u00e8re actu pour vous : Exposition \u2013 Peinture \/ Crayon \/ Posca article de Viaromana et arch\u00e9ologie.","og_url":"https:\/\/www.viaromana.org\/blog\/derniere-actu-pour-vous-exposition-peinture-crayon-posca\/","og_site_name":"Viaromana et arch\u00e9ologie.","article_published_time":"2023-03-04T01:00:01+00:00","author":"Robert","twitter_card":"summary_large_image","twitter_misc":{"\u00c9crit par":"Robert","Dur\u00e9e de lecture estim\u00e9e":"1 minute"},"schema":{"@context":"https:\/\/schema.org","@graph":[{"@type":"Article","@id":"https:\/\/www.viaromana.org\/blog\/derniere-actu-pour-vous-exposition-peinture-crayon-posca\/#article","isPartOf":{"@id":"https:\/\/www.viaromana.org\/blog\/derniere-actu-pour-vous-exposition-peinture-crayon-posca\/"},"author":{"name":"Robert","@id":"https:\/\/www.viaromana.org\/blog\/#\/schema\/person\/cde9c4655845091e1fe473fcd163c889"},"headline":"Derni\u00e8re actu pour vous : Exposition \u2013 Peinture \/ Crayon \/ Posca","datePublished":"2023-03-04T01:00:01+00:00","dateModified":"2023-03-04T01:00:01+00:00","mainEntityOfPage":{"@id":"https:\/\/www.viaromana.org\/blog\/derniere-actu-pour-vous-exposition-peinture-crayon-posca\/"},"wordCount":150,"publisher":{"@id":"https:\/\/www.viaromana.org\/blog\/#organization"},"articleSection":["Arch\u00e9ologie"],"inLanguage":"fr-FR"},{"@type":"WebPage","@id":"https:\/\/www.viaromana.org\/blog\/derniere-actu-pour-vous-exposition-peinture-crayon-posca\/","url":"https:\/\/www.viaromana.org\/blog\/derniere-actu-pour-vous-exposition-peinture-crayon-posca\/","name":"Derni\u00e8re actu pour vous : Exposition \u2013 Peinture \/ Crayon \/ Posca - Viaromana et arch\u00e9ologie.","isPartOf":{"@id":"https:\/\/www.viaromana.org\/blog\/#website"},"datePublished":"2023-03-04T01:00:01+00:00","dateModified":"2023-03-04T01:00:01+00:00","description":"Derni\u00e8re actu pour vous : Exposition \u2013 Peinture \/ Crayon \/ Posca article de Viaromana et arch\u00e9ologie.","breadcrumb":{"@id":"https:\/\/www.viaromana.org\/blog\/derniere-actu-pour-vous-exposition-peinture-crayon-posca\/#breadcrumb"},"inLanguage":"fr-FR","potentialAction":[{"@type":"ReadAction","target":["https:\/\/www.viaromana.org\/blog\/derniere-actu-pour-vous-exposition-peinture-crayon-posca\/"]}]},{"@type":"BreadcrumbList","@id":"https:\/\/www.viaromana.org\/blog\/derniere-actu-pour-vous-exposition-peinture-crayon-posca\/#breadcrumb","itemListElement":[{"@type":"ListItem","position":1,"name":"Accueil","item":"https:\/\/www.viaromana.org\/blog\/"},{"@type":"ListItem","position":2,"name":"Derni\u00e8re actu pour vous : Exposition \u2013 Peinture \/ Crayon \/ Posca"}]},{"@type":"WebSite","@id":"https:\/\/www.viaromana.org\/blog\/#website","url":"https:\/\/www.viaromana.org\/blog\/","name":"Viaromana et arch\u00e9ologie.","description":"Site arch\u00e9ologique de la voie romaine (viaromana) Belgique-France-Rome","publisher":{"@id":"https:\/\/www.viaromana.org\/blog\/#organization"},"potentialAction":[{"@type":"SearchAction","target":{"@type":"EntryPoint","urlTemplate":"https:\/\/www.viaromana.org\/blog\/?s={search_term_string}"},"query-input":"required name=search_term_string"}],"inLanguage":"fr-FR"},{"@type":"Organization","@id":"https:\/\/www.viaromana.org\/blog\/#organization","name":"viaromana","url":"https:\/\/www.viaromana.org\/blog\/","logo":{"@type":"ImageObject","inLanguage":"fr-FR","@id":"https:\/\/www.viaromana.org\/blog\/#\/schema\/logo\/image\/","url":"https:\/\/www.viaromana.org\/blog\/wp-content\/uploads\/2021\/12\/logo-3.png","contentUrl":"https:\/\/www.viaromana.org\/blog\/wp-content\/uploads\/2021\/12\/logo-3.png","width":300,"height":249,"caption":"viaromana"},"image":{"@id":"https:\/\/www.viaromana.org\/blog\/#\/schema\/logo\/image\/"}},{"@type":"Person","@id":"https:\/\/www.viaromana.org\/blog\/#\/schema\/person\/cde9c4655845091e1fe473fcd163c889","name":"Robert","image":{"@type":"ImageObject","inLanguage":"fr-FR","@id":"https:\/\/www.viaromana.org\/blog\/#\/schema\/person\/image\/","url":"https:\/\/secure.gravatar.com\/avatar\/a168ec191013b636c2f278aec04e724b?s=96&d=mm&r=g","contentUrl":"https:\/\/secure.gravatar.com\/avatar\/a168ec191013b636c2f278aec04e724b?s=96&d=mm&r=g","caption":"Robert"},"sameAs":["https:\/\/www.viaromana.org\/blog"],"url":"https:\/\/www.viaromana.org\/blog\/author\/anaadmin\/"}]}},"_links":{"self":[{"href":"https:\/\/www.viaromana.org\/blog\/wp-json\/wp\/v2\/posts\/1573"}],"collection":[{"href":"https:\/\/www.viaromana.org\/blog\/wp-json\/wp\/v2\/posts"}],"about":[{"href":"https:\/\/www.viaromana.org\/blog\/wp-json\/wp\/v2\/types\/post"}],"author":[{"embeddable":true,"href":"https:\/\/www.viaromana.org\/blog\/wp-json\/wp\/v2\/users\/1"}],"replies":[{"embeddable":true,"href":"https:\/\/www.viaromana.org\/blog\/wp-json\/wp\/v2\/comments?post=1573"}],"version-history":[{"count":0,"href":"https:\/\/www.viaromana.org\/blog\/wp-json\/wp\/v2\/posts\/1573\/revisions"}],"wp:attachment":[{"href":"https:\/\/www.viaromana.org\/blog\/wp-json\/wp\/v2\/media?parent=1573"}],"wp:term":[{"taxonomy":"category","embeddable":true,"href":"https:\/\/www.viaromana.org\/blog\/wp-json\/wp\/v2\/categories?post=1573"},{"taxonomy":"post_tag","embeddable":true,"href":"https:\/\/www.viaromana.org\/blog\/wp-json\/wp\/v2\/tags?post=1573"}],"curies":[{"name":"wp","href":"https:\/\/api.w.org\/{rel}","templated":true}]}}