{"id":1565,"date":"2023-02-27T12:01:45","date_gmt":"2023-02-27T11:01:45","guid":{"rendered":"https:\/\/www.site.cdcl.xyz\/2023\/02\/27\/que-penser-de-ce-texte-cote-de-mancy-un-espace-a-preserver\/"},"modified":"2023-02-27T12:01:45","modified_gmt":"2023-02-27T11:01:45","slug":"que-penser-de-ce-texte-cote-de-mancy-un-espace-a-preserver","status":"publish","type":"post","link":"https:\/\/www.viaromana.org\/blog\/que-penser-de-ce-texte-cote-de-mancy-un-espace-a-preserver\/","title":{"rendered":"Que penser de ce texte : C\u00f4te de Mancy : un espace \u00e0 pr\u00e9server"},"content":{"rendered":"<p>Voil\u00e0 un encart que je suis heureux de d\u00e9voiler ici sur notre blog. Le propos est \u00ab&nbsp;l\u2019arch\u00e9ologie&nbsp;\u00bb.<br \/>Son titre s\u00e9duisant (C\u00f4te de Mancy : un espace \u00e0 pr\u00e9server) parle de lui-m\u00eame.<\/p>\n<p>Sachez que le r\u00e9dacteur (annonc\u00e9 sous la signature Clement) est reconnu comme quelqu\u2019un de s\u00e9rieux pour plusieurs autres \u00e9ditoriaux qu\u2019il a publi\u00e9s sur internet.<\/p>\n<p>Vous pouvez lire ces r\u00e9v\u00e9lations en toute tranquillit\u00e9.<\/p>\n<p>La date d\u2019\u00e9dition est 2023-02-27 12:01:45.<\/p>\n<p>Voil\u00e0 ll\u2019article dont il s\u2019agit : <\/p>\n<div>\n<p id=\"breadcrumbs\" class=\"breadcrumbs\"><span><span>Accueil \u00bb <span>Actualit\u00e9s \u00bb <span>Actu. \u00bb <span class=\"breadcrumb_last\">C\u00f4te de Mancy : un espace \u00e0 pr\u00e9server<\/span><\/span><\/span><\/span><\/span><\/p>\n<div class=\"bloc-editor\">\n<p class=\"lead\">&nbsp;<\/p>\n<p>La c\u00f4te de Mancy, \u00e0 cheval sur Lons-le-Saunier et Macornay est un espace naturel fa\u00e7onn\u00e9 par les activit\u00e9s humaines \u00e0 travers l\u2019histoire (carri\u00e8re, p\u00e2turage, champ de tir\u2026) et connu pour sa richesse \u00e9cologique depuis les ann\u00e9es 1970. Il est aujourd\u2019hui prot\u00e9g\u00e9 et g\u00e9r\u00e9 pour maintenir cette extraordinaire diversit\u00e9 de milieux, de faune et de flore.<\/p>\n<p>Elle b\u00e9n\u00e9ficie de deux outils de protection :<br \/>\u2013 le statut de r\u00e9serve naturelle r\u00e9gionale dont s\u2019occupe le Conservatoire d\u2019espaces naturels de Franche-Comt\u00e9 et Jura Nature Environnement<br \/>\u2013 le statut de site Natura 2000 (45 hectares, Directive Habitat Faune et Flore de l\u2019Union europ\u00e9enne) anim\u00e9 conjointement par la ville de Lons-le-Saunier et Jura Nature Environnement.<\/p>\n<p><em><img decoding=\"async\" loading=\"lazy\" class=\"aligncenter wp-image-27080 size-full\" src=\"https:\/\/www.viaromana.org\/blog\/wp-content\/uploads\/2023\/02\/que-penser-de-ce-texte-cote-de-mancy-un-espace-a-preserver.jpg\" alt width=\"1500\" height=\"1000\"><\/em><\/p>\n<p><em>Le comit\u00e9 de pilotage de la r\u00e9serve de Mancy se tient tous les ans en f\u00e9vrier directement sur place.<\/em><\/p>\n<p>La mission principale des gestionnaires est de maintenir la biodiversit\u00e9 et de suivre les esp\u00e8ces end\u00e9miques, notamment dans les pelouses s\u00e8ches. Ils travaillent sur le long terme les dynamiques (progression, r\u00e9gression) de v\u00e9g\u00e9tations et les surfaces des diff\u00e9rents milieux par le p\u00e2turage, le broyage de la v\u00e9g\u00e9tation, la non-intervention, la restauration de milieux.<\/p>\n<p>En 2023, les gestionnaires travailleront sur l\u2019abattage de Douglas sur le haut de la r\u00e9serve, afin d\u2019ouvrir un corridor \u00e9cologique entre les 2 pelouses s\u00e8ches (photo ci dessous). L\u2019arrachage des buissons invasifs se poursuivra \u00e9galement. Enfin, des actions aupr\u00e8s des publics seront men\u00e9es tout au long de l\u2019ann\u00e9e.<\/p>\n<p><img decoding=\"async\" loading=\"lazy\" class=\"aligncenter wp-image-27079 size-full\" src=\"https:\/\/www.viaromana.org\/blog\/wp-content\/uploads\/2023\/02\/que-penser-de-ce-texte-cote-de-mancy-un-espace-a-preserver-1.jpg\" alt width=\"2560\" height=\"1440\"><\/p>\n<p><em> Cr\u00e9dit : Antoine Dervaux \u2013 l\u2019Agence r\u00e9gionale de la Biodiversit\u00e9 (ARB)<\/em><\/p>\n<p>La c\u00f4te de Mancy, tr\u00e8s appr\u00e9ci\u00e9e des L\u00e9doniens, b\u00e9n\u00e9ficie d\u2019une r\u00e9glementation pour concilier activit\u00e9s de loisir et pr\u00e9servation de la biodiversit\u00e9 :<\/p>\n<ul>\n<li>les chiens doivent \u00eatre tenus en laisse ;<\/li>\n<li>la pratique du v\u00e9lo, de l\u2019\u00e9quitation et les feux sont interdits.<\/li>\n<\/ul>\n<p>Vous pourrez trouver tout au long de votre balade, des panneaux explicatifs sur la c\u00f4te de Mancy.<\/p>\n<\/p><\/div>\n<\/div>\n<p>A lire sur un th\u00e8me \u00e9quivalent:<\/p>\n<p>Raoul Taffin tombe \u00e0 l\u2019eau.,<a target=\"_blank\" rel=\"nofollow\" href=\"https:\/\/www.viaromana.org\/blog\/goto\/https:\/\/booknode.com\/raoul_taffin_tombe_a_leau_01616544\"  target=\"_blank\" rel=\"noopener noreferrer nofollow\">A voir et \u00e0 lire. <\/a><span><\/span>. Disponible sur internet.<\/p>\n<p>Nefertari Dream.,<a target=\"_blank\" rel=\"nofollow\" href=\"https:\/\/www.viaromana.org\/blog\/goto\/https:\/\/booknode.com\/nefertari_dream_03182825\"  target=\"_blank\" rel=\"noopener noreferrer nofollow\">Le livre <\/a><span><\/span>. Disponible dans toutes les bonnes librairies.<\/p>\n<p>Promenades d\u2019arch\u00e9ologie sous-marine.,<a target=\"_blank\" rel=\"nofollow\" href=\"https:\/\/www.viaromana.org\/blog\/goto\/https:\/\/www.epagine.fr\/ebook\/9782307162087-promenades-d-archeologie-sous-marine-philippe-diole\/\"  target=\"_blank\" rel=\"noopener noreferrer nofollow\">livre de r\u00e9f\u00e9rence <\/a><span><\/span>.<\/p>\n<p>M\u00e9moires de la Soci\u00e9t\u00e9 d\u2019Histoire et d\u2019Arch\u00e9ologie de Bretagne.,<a target=\"_blank\" rel=\"nofollow\" href=\"https:\/\/www.viaromana.org\/blog\/goto\/https:\/\/www.epagine.fr\/ebook\/9782402591447-memoires-de-la-societe-d-histoire-et-d-archeologie-de-bretagne-raison\/\"  target=\"_blank\" rel=\"noopener noreferrer nofollow\">livre de r\u00e9f\u00e9rence <\/a><span><\/span>.<\/p>\n","protected":false},"excerpt":{"rendered":"<p>Voil\u00e0 un encart que je suis heureux de d\u00e9voiler ici sur notre blog. Le propos est \u00ab&nbsp;l\u2019arch\u00e9ologie&nbsp;\u00bb.Son titre s\u00e9duisant (C\u00f4te de Mancy : un espace \u00e0 pr\u00e9server) parle de lui-m\u00eame. Sachez que le r\u00e9dacteur (annonc\u00e9 sous la signature Clement) est reconnu comme quelqu\u2019un de s\u00e9rieux pour plusieurs autres \u00e9ditoriaux qu\u2019il a publi\u00e9s sur internet. Vous pouvez lire ces r\u00e9v\u00e9lations en toute tranquillit\u00e9. La date d\u2019\u00e9dition est 2023-02-27 12:01:45. Voil\u00e0 ll\u2019article dont il s\u2019agit : Accueil \u00bb Actualit\u00e9s \u00bb Actu. \u00bb C\u00f4te de Mancy : un espace \u00e0 pr\u00e9server &nbsp; La c\u00f4te de Mancy, \u00e0 cheval sur Lons-le-Saunier et Macornay est\u2026<\/p>\n","protected":false},"author":1,"featured_media":0,"comment_status":"closed","ping_status":"closed","sticky":false,"template":"","format":"standard","meta":{"footnotes":""},"categories":[2],"tags":[],"blocksy_meta":{"styles_descriptor":{"styles":{"desktop":"","tablet":"","mobile":""},"google_fonts":[],"version":4}},"yoast_head":"<!-- This site is optimized with the Yoast SEO plugin v21.1 - https:\/\/yoast.com\/wordpress\/plugins\/seo\/ -->\n<title>Que penser de ce texte : C\u00f4te de Mancy : un espace \u00e0 pr\u00e9server - Viaromana et arch\u00e9ologie.<\/title>\n<meta name=\"description\" content=\"Que penser de ce texte : C\u00f4te de Mancy : un espace \u00e0 pr\u00e9server article de Viaromana et arch\u00e9ologie.\" \/>\n<meta name=\"robots\" content=\"index, follow, max-snippet:-1, max-image-preview:large, max-video-preview:-1\" \/>\n<link rel=\"canonical\" href=\"https:\/\/www.viaromana.org\/blog\/que-penser-de-ce-texte-cote-de-mancy-un-espace-a-preserver\/\" \/>\n<meta property=\"og:locale\" content=\"fr_FR\" \/>\n<meta property=\"og:type\" content=\"article\" \/>\n<meta property=\"og:title\" content=\"Que penser de ce texte : C\u00f4te de Mancy : un espace \u00e0 pr\u00e9server - Viaromana et arch\u00e9ologie.\" \/>\n<meta property=\"og:description\" content=\"Que penser de ce texte : C\u00f4te de Mancy : un espace \u00e0 pr\u00e9server article de Viaromana et arch\u00e9ologie.\" \/>\n<meta property=\"og:url\" content=\"https:\/\/www.viaromana.org\/blog\/que-penser-de-ce-texte-cote-de-mancy-un-espace-a-preserver\/\" \/>\n<meta property=\"og:site_name\" content=\"Viaromana et arch\u00e9ologie.\" \/>\n<meta property=\"article:published_time\" content=\"2023-02-27T11:01:45+00:00\" \/>\n<meta property=\"og:image\" content=\"https:\/\/www.viaromana.org\/blog\/wp-content\/uploads\/2023\/02\/que-penser-de-ce-texte-cote-de-mancy-un-espace-a-preserver.jpg\" \/>\n<meta name=\"author\" content=\"Robert\" \/>\n<meta name=\"twitter:card\" content=\"summary_large_image\" \/>\n<meta name=\"twitter:label1\" content=\"\u00c9crit par\" \/>\n\t<meta name=\"twitter:data1\" content=\"Robert\" \/>\n\t<meta name=\"twitter:label2\" content=\"Dur\u00e9e de lecture estim\u00e9e\" \/>\n\t<meta name=\"twitter:data2\" content=\"3 minutes\" \/>\n<script type=\"application\/ld+json\" class=\"yoast-schema-graph\">{\"@context\":\"https:\/\/schema.org\",\"@graph\":[{\"@type\":\"Article\",\"@id\":\"https:\/\/www.viaromana.org\/blog\/que-penser-de-ce-texte-cote-de-mancy-un-espace-a-preserver\/#article\",\"isPartOf\":{\"@id\":\"https:\/\/www.viaromana.org\/blog\/que-penser-de-ce-texte-cote-de-mancy-un-espace-a-preserver\/\"},\"author\":{\"name\":\"Robert\",\"@id\":\"https:\/\/www.viaromana.org\/blog\/#\/schema\/person\/cde9c4655845091e1fe473fcd163c889\"},\"headline\":\"Que penser de ce texte : C\u00f4te de Mancy : un espace \u00e0 pr\u00e9server\",\"datePublished\":\"2023-02-27T11:01:45+00:00\",\"dateModified\":\"2023-02-27T11:01:45+00:00\",\"mainEntityOfPage\":{\"@id\":\"https:\/\/www.viaromana.org\/blog\/que-penser-de-ce-texte-cote-de-mancy-un-espace-a-preserver\/\"},\"wordCount\":516,\"publisher\":{\"@id\":\"https:\/\/www.viaromana.org\/blog\/#organization\"},\"articleSection\":[\"Arch\u00e9ologie\"],\"inLanguage\":\"fr-FR\"},{\"@type\":\"WebPage\",\"@id\":\"https:\/\/www.viaromana.org\/blog\/que-penser-de-ce-texte-cote-de-mancy-un-espace-a-preserver\/\",\"url\":\"https:\/\/www.viaromana.org\/blog\/que-penser-de-ce-texte-cote-de-mancy-un-espace-a-preserver\/\",\"name\":\"Que penser de ce texte : C\u00f4te de Mancy : un espace \u00e0 pr\u00e9server - Viaromana et arch\u00e9ologie.\",\"isPartOf\":{\"@id\":\"https:\/\/www.viaromana.org\/blog\/#website\"},\"datePublished\":\"2023-02-27T11:01:45+00:00\",\"dateModified\":\"2023-02-27T11:01:45+00:00\",\"description\":\"Que penser de ce texte : C\u00f4te de Mancy : un espace \u00e0 pr\u00e9server article de Viaromana et arch\u00e9ologie.\",\"breadcrumb\":{\"@id\":\"https:\/\/www.viaromana.org\/blog\/que-penser-de-ce-texte-cote-de-mancy-un-espace-a-preserver\/#breadcrumb\"},\"inLanguage\":\"fr-FR\",\"potentialAction\":[{\"@type\":\"ReadAction\",\"target\":[\"https:\/\/www.viaromana.org\/blog\/que-penser-de-ce-texte-cote-de-mancy-un-espace-a-preserver\/\"]}]},{\"@type\":\"BreadcrumbList\",\"@id\":\"https:\/\/www.viaromana.org\/blog\/que-penser-de-ce-texte-cote-de-mancy-un-espace-a-preserver\/#breadcrumb\",\"itemListElement\":[{\"@type\":\"ListItem\",\"position\":1,\"name\":\"Accueil\",\"item\":\"https:\/\/www.viaromana.org\/blog\/\"},{\"@type\":\"ListItem\",\"position\":2,\"name\":\"Que penser de ce texte : C\u00f4te de Mancy : un espace \u00e0 pr\u00e9server\"}]},{\"@type\":\"WebSite\",\"@id\":\"https:\/\/www.viaromana.org\/blog\/#website\",\"url\":\"https:\/\/www.viaromana.org\/blog\/\",\"name\":\"Viaromana et arch\u00e9ologie.\",\"description\":\"Site arch\u00e9ologique de la voie romaine (viaromana) Belgique-France-Rome\",\"publisher\":{\"@id\":\"https:\/\/www.viaromana.org\/blog\/#organization\"},\"potentialAction\":[{\"@type\":\"SearchAction\",\"target\":{\"@type\":\"EntryPoint\",\"urlTemplate\":\"https:\/\/www.viaromana.org\/blog\/?s={search_term_string}\"},\"query-input\":\"required name=search_term_string\"}],\"inLanguage\":\"fr-FR\"},{\"@type\":\"Organization\",\"@id\":\"https:\/\/www.viaromana.org\/blog\/#organization\",\"name\":\"viaromana\",\"url\":\"https:\/\/www.viaromana.org\/blog\/\",\"logo\":{\"@type\":\"ImageObject\",\"inLanguage\":\"fr-FR\",\"@id\":\"https:\/\/www.viaromana.org\/blog\/#\/schema\/logo\/image\/\",\"url\":\"https:\/\/www.viaromana.org\/blog\/wp-content\/uploads\/2021\/12\/logo-3.png\",\"contentUrl\":\"https:\/\/www.viaromana.org\/blog\/wp-content\/uploads\/2021\/12\/logo-3.png\",\"width\":300,\"height\":249,\"caption\":\"viaromana\"},\"image\":{\"@id\":\"https:\/\/www.viaromana.org\/blog\/#\/schema\/logo\/image\/\"}},{\"@type\":\"Person\",\"@id\":\"https:\/\/www.viaromana.org\/blog\/#\/schema\/person\/cde9c4655845091e1fe473fcd163c889\",\"name\":\"Robert\",\"image\":{\"@type\":\"ImageObject\",\"inLanguage\":\"fr-FR\",\"@id\":\"https:\/\/www.viaromana.org\/blog\/#\/schema\/person\/image\/\",\"url\":\"https:\/\/secure.gravatar.com\/avatar\/a168ec191013b636c2f278aec04e724b?s=96&d=mm&r=g\",\"contentUrl\":\"https:\/\/secure.gravatar.com\/avatar\/a168ec191013b636c2f278aec04e724b?s=96&d=mm&r=g\",\"caption\":\"Robert\"},\"sameAs\":[\"https:\/\/www.viaromana.org\/blog\"],\"url\":\"https:\/\/www.viaromana.org\/blog\/author\/anaadmin\/\"}]}<\/script>\n<!-- \/ Yoast SEO plugin. -->","yoast_head_json":{"title":"Que penser de ce texte : C\u00f4te de Mancy : un espace \u00e0 pr\u00e9server - Viaromana et arch\u00e9ologie.","description":"Que penser de ce texte : C\u00f4te de Mancy : un espace \u00e0 pr\u00e9server article de Viaromana et arch\u00e9ologie.","robots":{"index":"index","follow":"follow","max-snippet":"max-snippet:-1","max-image-preview":"max-image-preview:large","max-video-preview":"max-video-preview:-1"},"canonical":"https:\/\/www.viaromana.org\/blog\/que-penser-de-ce-texte-cote-de-mancy-un-espace-a-preserver\/","og_locale":"fr_FR","og_type":"article","og_title":"Que penser de ce texte : C\u00f4te de Mancy : un espace \u00e0 pr\u00e9server - Viaromana et arch\u00e9ologie.","og_description":"Que penser de ce texte : C\u00f4te de Mancy : un espace \u00e0 pr\u00e9server article de Viaromana et arch\u00e9ologie.","og_url":"https:\/\/www.viaromana.org\/blog\/que-penser-de-ce-texte-cote-de-mancy-un-espace-a-preserver\/","og_site_name":"Viaromana et arch\u00e9ologie.","article_published_time":"2023-02-27T11:01:45+00:00","og_image":[{"url":"https:\/\/www.viaromana.org\/blog\/wp-content\/uploads\/2023\/02\/que-penser-de-ce-texte-cote-de-mancy-un-espace-a-preserver.jpg"}],"author":"Robert","twitter_card":"summary_large_image","twitter_misc":{"\u00c9crit par":"Robert","Dur\u00e9e de lecture estim\u00e9e":"3 minutes"},"schema":{"@context":"https:\/\/schema.org","@graph":[{"@type":"Article","@id":"https:\/\/www.viaromana.org\/blog\/que-penser-de-ce-texte-cote-de-mancy-un-espace-a-preserver\/#article","isPartOf":{"@id":"https:\/\/www.viaromana.org\/blog\/que-penser-de-ce-texte-cote-de-mancy-un-espace-a-preserver\/"},"author":{"name":"Robert","@id":"https:\/\/www.viaromana.org\/blog\/#\/schema\/person\/cde9c4655845091e1fe473fcd163c889"},"headline":"Que penser de ce texte : C\u00f4te de Mancy : un espace \u00e0 pr\u00e9server","datePublished":"2023-02-27T11:01:45+00:00","dateModified":"2023-02-27T11:01:45+00:00","mainEntityOfPage":{"@id":"https:\/\/www.viaromana.org\/blog\/que-penser-de-ce-texte-cote-de-mancy-un-espace-a-preserver\/"},"wordCount":516,"publisher":{"@id":"https:\/\/www.viaromana.org\/blog\/#organization"},"articleSection":["Arch\u00e9ologie"],"inLanguage":"fr-FR"},{"@type":"WebPage","@id":"https:\/\/www.viaromana.org\/blog\/que-penser-de-ce-texte-cote-de-mancy-un-espace-a-preserver\/","url":"https:\/\/www.viaromana.org\/blog\/que-penser-de-ce-texte-cote-de-mancy-un-espace-a-preserver\/","name":"Que penser de ce texte : C\u00f4te de Mancy : un espace \u00e0 pr\u00e9server - Viaromana et arch\u00e9ologie.","isPartOf":{"@id":"https:\/\/www.viaromana.org\/blog\/#website"},"datePublished":"2023-02-27T11:01:45+00:00","dateModified":"2023-02-27T11:01:45+00:00","description":"Que penser de ce texte : C\u00f4te de Mancy : un espace \u00e0 pr\u00e9server article de Viaromana et arch\u00e9ologie.","breadcrumb":{"@id":"https:\/\/www.viaromana.org\/blog\/que-penser-de-ce-texte-cote-de-mancy-un-espace-a-preserver\/#breadcrumb"},"inLanguage":"fr-FR","potentialAction":[{"@type":"ReadAction","target":["https:\/\/www.viaromana.org\/blog\/que-penser-de-ce-texte-cote-de-mancy-un-espace-a-preserver\/"]}]},{"@type":"BreadcrumbList","@id":"https:\/\/www.viaromana.org\/blog\/que-penser-de-ce-texte-cote-de-mancy-un-espace-a-preserver\/#breadcrumb","itemListElement":[{"@type":"ListItem","position":1,"name":"Accueil","item":"https:\/\/www.viaromana.org\/blog\/"},{"@type":"ListItem","position":2,"name":"Que penser de ce texte : C\u00f4te de Mancy : un espace \u00e0 pr\u00e9server"}]},{"@type":"WebSite","@id":"https:\/\/www.viaromana.org\/blog\/#website","url":"https:\/\/www.viaromana.org\/blog\/","name":"Viaromana et arch\u00e9ologie.","description":"Site arch\u00e9ologique de la voie romaine (viaromana) Belgique-France-Rome","publisher":{"@id":"https:\/\/www.viaromana.org\/blog\/#organization"},"potentialAction":[{"@type":"SearchAction","target":{"@type":"EntryPoint","urlTemplate":"https:\/\/www.viaromana.org\/blog\/?s={search_term_string}"},"query-input":"required name=search_term_string"}],"inLanguage":"fr-FR"},{"@type":"Organization","@id":"https:\/\/www.viaromana.org\/blog\/#organization","name":"viaromana","url":"https:\/\/www.viaromana.org\/blog\/","logo":{"@type":"ImageObject","inLanguage":"fr-FR","@id":"https:\/\/www.viaromana.org\/blog\/#\/schema\/logo\/image\/","url":"https:\/\/www.viaromana.org\/blog\/wp-content\/uploads\/2021\/12\/logo-3.png","contentUrl":"https:\/\/www.viaromana.org\/blog\/wp-content\/uploads\/2021\/12\/logo-3.png","width":300,"height":249,"caption":"viaromana"},"image":{"@id":"https:\/\/www.viaromana.org\/blog\/#\/schema\/logo\/image\/"}},{"@type":"Person","@id":"https:\/\/www.viaromana.org\/blog\/#\/schema\/person\/cde9c4655845091e1fe473fcd163c889","name":"Robert","image":{"@type":"ImageObject","inLanguage":"fr-FR","@id":"https:\/\/www.viaromana.org\/blog\/#\/schema\/person\/image\/","url":"https:\/\/secure.gravatar.com\/avatar\/a168ec191013b636c2f278aec04e724b?s=96&d=mm&r=g","contentUrl":"https:\/\/secure.gravatar.com\/avatar\/a168ec191013b636c2f278aec04e724b?s=96&d=mm&r=g","caption":"Robert"},"sameAs":["https:\/\/www.viaromana.org\/blog"],"url":"https:\/\/www.viaromana.org\/blog\/author\/anaadmin\/"}]}},"_links":{"self":[{"href":"https:\/\/www.viaromana.org\/blog\/wp-json\/wp\/v2\/posts\/1565"}],"collection":[{"href":"https:\/\/www.viaromana.org\/blog\/wp-json\/wp\/v2\/posts"}],"about":[{"href":"https:\/\/www.viaromana.org\/blog\/wp-json\/wp\/v2\/types\/post"}],"author":[{"embeddable":true,"href":"https:\/\/www.viaromana.org\/blog\/wp-json\/wp\/v2\/users\/1"}],"replies":[{"embeddable":true,"href":"https:\/\/www.viaromana.org\/blog\/wp-json\/wp\/v2\/comments?post=1565"}],"version-history":[{"count":0,"href":"https:\/\/www.viaromana.org\/blog\/wp-json\/wp\/v2\/posts\/1565\/revisions"}],"wp:attachment":[{"href":"https:\/\/www.viaromana.org\/blog\/wp-json\/wp\/v2\/media?parent=1565"}],"wp:term":[{"taxonomy":"category","embeddable":true,"href":"https:\/\/www.viaromana.org\/blog\/wp-json\/wp\/v2\/categories?post=1565"},{"taxonomy":"post_tag","embeddable":true,"href":"https:\/\/www.viaromana.org\/blog\/wp-json\/wp\/v2\/tags?post=1565"}],"curies":[{"name":"wp","href":"https:\/\/api.w.org\/{rel}","templated":true}]}}