{"id":1563,"date":"2023-01-24T14:44:03","date_gmt":"2023-01-24T13:44:03","guid":{"rendered":"https:\/\/www.site.cdcl.xyz\/2023\/01\/24\/infos-pour-vous-portes-ouverte-du-campus-connecte\/"},"modified":"2023-01-24T14:44:03","modified_gmt":"2023-01-24T13:44:03","slug":"infos-pour-vous-portes-ouverte-du-campus-connecte","status":"publish","type":"post","link":"https:\/\/www.viaromana.org\/blog\/infos-pour-vous-portes-ouverte-du-campus-connecte\/","title":{"rendered":"Infos pour vous : Portes ouverte du Campus Connect\u00e9"},"content":{"rendered":"<p>Je vais faire la lumi\u00e8re sur ce post qui vient de para\u00eetre, dont le sujet est \u00abl\u2019arch\u00e9ologie\u00bb.<\/p>\n<p>Le titre (Portes ouverte du Campus Connect\u00e9) est \u00e9vocateur.<\/p>\n<p> Annonc\u00e9 sous la signature \u00abWendy\u00bb, l\u2019auteur est connu et fiable pour d\u2019autres articles qu\u2019il a publi\u00e9s sur le web.<\/p>\n<p>Vous pouvez ainsi faire confiance aux r\u00e9v\u00e9lations qu\u2019il divulgue.<\/p>\n<p>Sachez que la date d\u2019\u00e9dition est 2023-01-24 14:44:03.<\/p>\n<div>\n<p dir=\"auto\">Le <span class=\"xt0psk2\">Campus Connect\u00e9 de Lons-le-Saunier, situ\u00e9 au \ud835\udfee\ud835\uddd5 \ud835\uddff\ud835\ude02\ud835\uddf2 \ud835\uddf1\ud835\uddf2\ud835\ude00 \ud835\udde0\ud835\uddfc\ud835\ude02\ud835\uddf6\ud835\uddf9\ud835\uddf9\ud835\uddf2\u0300\ud835\uddff\ud835\uddf2\ud835\ude00 (derri\u00e8re la Maison de Sant\u00e9),<\/span> ouvre ses portes \ud835\ude00\ud835\uddee\ud835\uddfa\ud835\uddf2\ud835\uddf1\ud835\uddf6 \ud835\udfee\ud835\udff4 \ud835\uddf7\ud835\uddee\ud835\uddfb\ud835\ude03\ud835\uddf6\ud835\uddf2\ud835\uddff de \ud835\udff5\ud835\uddf5\ud835\udfef\ud835\udfec \ud835\uddee\u0300 \ud835\udfed\ud835\udfee\ud835\uddf5\ud835\udfef\ud835\udfec \ud835\uddf2\ud835\ude01 \ud835\uddf1\ud835\uddf2 \ud835\udfed\ud835\udfef\ud835\uddf5\ud835\udfef\ud835\udfec \ud835\uddee\u0300 \ud835\udfed\ud835\udff2\ud835\uddf5\ud835\udfef\ud835\udfec aux \u00e9tudiants et futurs \u00e9tudiants.<\/p>\n<p dir=\"auto\">Venez d\u00e9couvrir toutes les formations d\u2019enseignement sup\u00e9rieur en distanciel propos\u00e9es par le Campus Connect\u00e9 ! L\u2019opportunit\u00e9 de vous former pr\u00e8s de chez vous, encadr\u00e9 par une \u00e9quipe dynamique et bienveillante qui se fera un plaisir de vous renseigner.<\/p>\n<p dir=\"auto\">Entr\u00e9e gratuit et sans r\u00e9servation.<\/p>\n<\/div>\n<p>Parutions sur un th\u00e8me comparable:<\/p>\n<p>Un coin de Haute-Provence, C\u00e9reste au cours des si\u00e8cles : histoire, art, arch\u00e9ologie.,<a target=\"_blank\" rel=\"nofollow\" href=\"https:\/\/www.viaromana.org\/blog\/goto\/https:\/\/www.epagine.fr\/ebook\/9782307335832-un-coin-de-haute-provence-cereste-au-cours-des-siecles-histoire-art-archeologie-helia-vigne-d-octon\/\"  target=\"_blank\" rel=\"noopener noreferrer nofollow\">(la couverture) <\/a><span><\/span>.<\/p>\n<p>P\u00e9riode Glaciaire.,<a target=\"_blank\" rel=\"nofollow\" href=\"https:\/\/www.viaromana.org\/blog\/goto\/https:\/\/booknode.com\/periode_glaciaire_0112143\"  target=\"_blank\" rel=\"noopener noreferrer nofollow\">A voir et \u00e0 lire. <\/a><span><\/span>.<\/p>\n<p>Prisonniers du temps.,<a target=\"_blank\" rel=\"nofollow\" href=\"https:\/\/www.viaromana.org\/blog\/goto\/https:\/\/booknode.com\/prisonniers_du_temps_010651\"  target=\"_blank\" rel=\"noopener noreferrer nofollow\">Le livre <\/a><span><\/span>.<\/p>\n<p>On a retrouv\u00e9 l\u2019histoire de France.,<a target=\"_blank\" rel=\"nofollow\" href=\"https:\/\/www.viaromana.org\/blog\/goto\/https:\/\/www.kobo.com\/de\/fr\/ebook\/on-a-retrouve-l-histoire-de-france\"  target=\"_blank\" rel=\"noopener noreferrer nofollow\">Le livre <\/a><span><\/span>.<\/p>\n","protected":false},"excerpt":{"rendered":"<p>Je vais faire la lumi\u00e8re sur ce post qui vient de para\u00eetre, dont le sujet est \u00abl\u2019arch\u00e9ologie\u00bb. Le titre (Portes ouverte du Campus Connect\u00e9) est \u00e9vocateur. Annonc\u00e9 sous la signature \u00abWendy\u00bb, l\u2019auteur est connu et fiable pour d\u2019autres articles qu\u2019il a publi\u00e9s sur le web. Vous pouvez ainsi faire confiance aux r\u00e9v\u00e9lations qu\u2019il divulgue. Sachez que la date d\u2019\u00e9dition est 2023-01-24 14:44:03. Le Campus Connect\u00e9 de Lons-le-Saunier, situ\u00e9 au \ud835\udfee\ud835\uddd5 \ud835\uddff\ud835\ude02\ud835\uddf2 \ud835\uddf1\ud835\uddf2\ud835\ude00 \ud835\udde0\ud835\uddfc\ud835\ude02\ud835\uddf6\ud835\uddf9\ud835\uddf9\ud835\uddf2\u0300\ud835\uddff\ud835\uddf2\ud835\ude00 (derri\u00e8re la Maison de Sant\u00e9), ouvre ses portes \ud835\ude00\ud835\uddee\ud835\uddfa\ud835\uddf2\ud835\uddf1\ud835\uddf6 \ud835\udfee\ud835\udff4 \ud835\uddf7\ud835\uddee\ud835\uddfb\ud835\ude03\ud835\uddf6\ud835\uddf2\ud835\uddff de \ud835\udff5\ud835\uddf5\ud835\udfef\ud835\udfec \ud835\uddee\u0300 \ud835\udfed\ud835\udfee\ud835\uddf5\ud835\udfef\ud835\udfec \ud835\uddf2\ud835\ude01 \ud835\uddf1\ud835\uddf2 \ud835\udfed\ud835\udfef\ud835\uddf5\ud835\udfef\ud835\udfec \ud835\uddee\u0300 \ud835\udfed\ud835\udff2\ud835\uddf5\ud835\udfef\ud835\udfec aux \u00e9tudiants et futurs \u00e9tudiants. Venez d\u00e9couvrir\u2026<\/p>\n","protected":false},"author":1,"featured_media":0,"comment_status":"closed","ping_status":"closed","sticky":false,"template":"","format":"standard","meta":{"footnotes":""},"categories":[2],"tags":[],"blocksy_meta":{"styles_descriptor":{"styles":{"desktop":"","tablet":"","mobile":""},"google_fonts":[],"version":4}},"yoast_head":"<!-- This site is optimized with the Yoast SEO plugin v21.1 - https:\/\/yoast.com\/wordpress\/plugins\/seo\/ -->\n<title>Infos pour vous : Portes ouverte du Campus Connect\u00e9 - Viaromana et arch\u00e9ologie.<\/title>\n<meta name=\"description\" content=\"Infos pour vous : Portes ouverte du Campus Connect\u00e9 article de Viaromana et arch\u00e9ologie.\" \/>\n<meta name=\"robots\" content=\"index, follow, max-snippet:-1, max-image-preview:large, max-video-preview:-1\" \/>\n<link rel=\"canonical\" href=\"https:\/\/www.viaromana.org\/blog\/infos-pour-vous-portes-ouverte-du-campus-connecte\/\" \/>\n<meta property=\"og:locale\" content=\"fr_FR\" \/>\n<meta property=\"og:type\" content=\"article\" \/>\n<meta property=\"og:title\" content=\"Infos pour vous : Portes ouverte du Campus Connect\u00e9 - Viaromana et arch\u00e9ologie.\" \/>\n<meta property=\"og:description\" content=\"Infos pour vous : Portes ouverte du Campus Connect\u00e9 article de Viaromana et arch\u00e9ologie.\" \/>\n<meta property=\"og:url\" content=\"https:\/\/www.viaromana.org\/blog\/infos-pour-vous-portes-ouverte-du-campus-connecte\/\" \/>\n<meta property=\"og:site_name\" content=\"Viaromana et arch\u00e9ologie.\" \/>\n<meta property=\"article:published_time\" content=\"2023-01-24T13:44:03+00:00\" \/>\n<meta name=\"author\" content=\"Robert\" \/>\n<meta name=\"twitter:card\" content=\"summary_large_image\" \/>\n<meta name=\"twitter:label1\" content=\"\u00c9crit par\" \/>\n\t<meta name=\"twitter:data1\" content=\"Robert\" \/>\n\t<meta name=\"twitter:label2\" content=\"Dur\u00e9e de lecture estim\u00e9e\" \/>\n\t<meta name=\"twitter:data2\" content=\"1 minute\" \/>\n<script type=\"application\/ld+json\" class=\"yoast-schema-graph\">{\"@context\":\"https:\/\/schema.org\",\"@graph\":[{\"@type\":\"Article\",\"@id\":\"https:\/\/www.viaromana.org\/blog\/infos-pour-vous-portes-ouverte-du-campus-connecte\/#article\",\"isPartOf\":{\"@id\":\"https:\/\/www.viaromana.org\/blog\/infos-pour-vous-portes-ouverte-du-campus-connecte\/\"},\"author\":{\"name\":\"Robert\",\"@id\":\"https:\/\/www.viaromana.org\/blog\/#\/schema\/person\/cde9c4655845091e1fe473fcd163c889\"},\"headline\":\"Infos pour vous : Portes ouverte du Campus Connect\u00e9\",\"datePublished\":\"2023-01-24T13:44:03+00:00\",\"dateModified\":\"2023-01-24T13:44:03+00:00\",\"mainEntityOfPage\":{\"@id\":\"https:\/\/www.viaromana.org\/blog\/infos-pour-vous-portes-ouverte-du-campus-connecte\/\"},\"wordCount\":198,\"publisher\":{\"@id\":\"https:\/\/www.viaromana.org\/blog\/#organization\"},\"articleSection\":[\"Arch\u00e9ologie\"],\"inLanguage\":\"fr-FR\"},{\"@type\":\"WebPage\",\"@id\":\"https:\/\/www.viaromana.org\/blog\/infos-pour-vous-portes-ouverte-du-campus-connecte\/\",\"url\":\"https:\/\/www.viaromana.org\/blog\/infos-pour-vous-portes-ouverte-du-campus-connecte\/\",\"name\":\"Infos pour vous : Portes ouverte du Campus Connect\u00e9 - Viaromana et arch\u00e9ologie.\",\"isPartOf\":{\"@id\":\"https:\/\/www.viaromana.org\/blog\/#website\"},\"datePublished\":\"2023-01-24T13:44:03+00:00\",\"dateModified\":\"2023-01-24T13:44:03+00:00\",\"description\":\"Infos pour vous : Portes ouverte du Campus Connect\u00e9 article de Viaromana et arch\u00e9ologie.\",\"breadcrumb\":{\"@id\":\"https:\/\/www.viaromana.org\/blog\/infos-pour-vous-portes-ouverte-du-campus-connecte\/#breadcrumb\"},\"inLanguage\":\"fr-FR\",\"potentialAction\":[{\"@type\":\"ReadAction\",\"target\":[\"https:\/\/www.viaromana.org\/blog\/infos-pour-vous-portes-ouverte-du-campus-connecte\/\"]}]},{\"@type\":\"BreadcrumbList\",\"@id\":\"https:\/\/www.viaromana.org\/blog\/infos-pour-vous-portes-ouverte-du-campus-connecte\/#breadcrumb\",\"itemListElement\":[{\"@type\":\"ListItem\",\"position\":1,\"name\":\"Accueil\",\"item\":\"https:\/\/www.viaromana.org\/blog\/\"},{\"@type\":\"ListItem\",\"position\":2,\"name\":\"Infos pour vous : Portes ouverte du Campus Connect\u00e9\"}]},{\"@type\":\"WebSite\",\"@id\":\"https:\/\/www.viaromana.org\/blog\/#website\",\"url\":\"https:\/\/www.viaromana.org\/blog\/\",\"name\":\"Viaromana et arch\u00e9ologie.\",\"description\":\"Site arch\u00e9ologique de la voie romaine (viaromana) Belgique-France-Rome\",\"publisher\":{\"@id\":\"https:\/\/www.viaromana.org\/blog\/#organization\"},\"potentialAction\":[{\"@type\":\"SearchAction\",\"target\":{\"@type\":\"EntryPoint\",\"urlTemplate\":\"https:\/\/www.viaromana.org\/blog\/?s={search_term_string}\"},\"query-input\":\"required name=search_term_string\"}],\"inLanguage\":\"fr-FR\"},{\"@type\":\"Organization\",\"@id\":\"https:\/\/www.viaromana.org\/blog\/#organization\",\"name\":\"viaromana\",\"url\":\"https:\/\/www.viaromana.org\/blog\/\",\"logo\":{\"@type\":\"ImageObject\",\"inLanguage\":\"fr-FR\",\"@id\":\"https:\/\/www.viaromana.org\/blog\/#\/schema\/logo\/image\/\",\"url\":\"https:\/\/www.viaromana.org\/blog\/wp-content\/uploads\/2021\/12\/logo-3.png\",\"contentUrl\":\"https:\/\/www.viaromana.org\/blog\/wp-content\/uploads\/2021\/12\/logo-3.png\",\"width\":300,\"height\":249,\"caption\":\"viaromana\"},\"image\":{\"@id\":\"https:\/\/www.viaromana.org\/blog\/#\/schema\/logo\/image\/\"}},{\"@type\":\"Person\",\"@id\":\"https:\/\/www.viaromana.org\/blog\/#\/schema\/person\/cde9c4655845091e1fe473fcd163c889\",\"name\":\"Robert\",\"image\":{\"@type\":\"ImageObject\",\"inLanguage\":\"fr-FR\",\"@id\":\"https:\/\/www.viaromana.org\/blog\/#\/schema\/person\/image\/\",\"url\":\"https:\/\/secure.gravatar.com\/avatar\/a168ec191013b636c2f278aec04e724b?s=96&d=mm&r=g\",\"contentUrl\":\"https:\/\/secure.gravatar.com\/avatar\/a168ec191013b636c2f278aec04e724b?s=96&d=mm&r=g\",\"caption\":\"Robert\"},\"sameAs\":[\"https:\/\/www.viaromana.org\/blog\"],\"url\":\"https:\/\/www.viaromana.org\/blog\/author\/anaadmin\/\"}]}<\/script>\n<!-- \/ Yoast SEO plugin. -->","yoast_head_json":{"title":"Infos pour vous : Portes ouverte du Campus Connect\u00e9 - Viaromana et arch\u00e9ologie.","description":"Infos pour vous : Portes ouverte du Campus Connect\u00e9 article de Viaromana et arch\u00e9ologie.","robots":{"index":"index","follow":"follow","max-snippet":"max-snippet:-1","max-image-preview":"max-image-preview:large","max-video-preview":"max-video-preview:-1"},"canonical":"https:\/\/www.viaromana.org\/blog\/infos-pour-vous-portes-ouverte-du-campus-connecte\/","og_locale":"fr_FR","og_type":"article","og_title":"Infos pour vous : Portes ouverte du Campus Connect\u00e9 - Viaromana et arch\u00e9ologie.","og_description":"Infos pour vous : Portes ouverte du Campus Connect\u00e9 article de Viaromana et arch\u00e9ologie.","og_url":"https:\/\/www.viaromana.org\/blog\/infos-pour-vous-portes-ouverte-du-campus-connecte\/","og_site_name":"Viaromana et arch\u00e9ologie.","article_published_time":"2023-01-24T13:44:03+00:00","author":"Robert","twitter_card":"summary_large_image","twitter_misc":{"\u00c9crit par":"Robert","Dur\u00e9e de lecture estim\u00e9e":"1 minute"},"schema":{"@context":"https:\/\/schema.org","@graph":[{"@type":"Article","@id":"https:\/\/www.viaromana.org\/blog\/infos-pour-vous-portes-ouverte-du-campus-connecte\/#article","isPartOf":{"@id":"https:\/\/www.viaromana.org\/blog\/infos-pour-vous-portes-ouverte-du-campus-connecte\/"},"author":{"name":"Robert","@id":"https:\/\/www.viaromana.org\/blog\/#\/schema\/person\/cde9c4655845091e1fe473fcd163c889"},"headline":"Infos pour vous : Portes ouverte du Campus Connect\u00e9","datePublished":"2023-01-24T13:44:03+00:00","dateModified":"2023-01-24T13:44:03+00:00","mainEntityOfPage":{"@id":"https:\/\/www.viaromana.org\/blog\/infos-pour-vous-portes-ouverte-du-campus-connecte\/"},"wordCount":198,"publisher":{"@id":"https:\/\/www.viaromana.org\/blog\/#organization"},"articleSection":["Arch\u00e9ologie"],"inLanguage":"fr-FR"},{"@type":"WebPage","@id":"https:\/\/www.viaromana.org\/blog\/infos-pour-vous-portes-ouverte-du-campus-connecte\/","url":"https:\/\/www.viaromana.org\/blog\/infos-pour-vous-portes-ouverte-du-campus-connecte\/","name":"Infos pour vous : Portes ouverte du Campus Connect\u00e9 - Viaromana et arch\u00e9ologie.","isPartOf":{"@id":"https:\/\/www.viaromana.org\/blog\/#website"},"datePublished":"2023-01-24T13:44:03+00:00","dateModified":"2023-01-24T13:44:03+00:00","description":"Infos pour vous : Portes ouverte du Campus Connect\u00e9 article de Viaromana et arch\u00e9ologie.","breadcrumb":{"@id":"https:\/\/www.viaromana.org\/blog\/infos-pour-vous-portes-ouverte-du-campus-connecte\/#breadcrumb"},"inLanguage":"fr-FR","potentialAction":[{"@type":"ReadAction","target":["https:\/\/www.viaromana.org\/blog\/infos-pour-vous-portes-ouverte-du-campus-connecte\/"]}]},{"@type":"BreadcrumbList","@id":"https:\/\/www.viaromana.org\/blog\/infos-pour-vous-portes-ouverte-du-campus-connecte\/#breadcrumb","itemListElement":[{"@type":"ListItem","position":1,"name":"Accueil","item":"https:\/\/www.viaromana.org\/blog\/"},{"@type":"ListItem","position":2,"name":"Infos pour vous : Portes ouverte du Campus Connect\u00e9"}]},{"@type":"WebSite","@id":"https:\/\/www.viaromana.org\/blog\/#website","url":"https:\/\/www.viaromana.org\/blog\/","name":"Viaromana et arch\u00e9ologie.","description":"Site arch\u00e9ologique de la voie romaine (viaromana) Belgique-France-Rome","publisher":{"@id":"https:\/\/www.viaromana.org\/blog\/#organization"},"potentialAction":[{"@type":"SearchAction","target":{"@type":"EntryPoint","urlTemplate":"https:\/\/www.viaromana.org\/blog\/?s={search_term_string}"},"query-input":"required name=search_term_string"}],"inLanguage":"fr-FR"},{"@type":"Organization","@id":"https:\/\/www.viaromana.org\/blog\/#organization","name":"viaromana","url":"https:\/\/www.viaromana.org\/blog\/","logo":{"@type":"ImageObject","inLanguage":"fr-FR","@id":"https:\/\/www.viaromana.org\/blog\/#\/schema\/logo\/image\/","url":"https:\/\/www.viaromana.org\/blog\/wp-content\/uploads\/2021\/12\/logo-3.png","contentUrl":"https:\/\/www.viaromana.org\/blog\/wp-content\/uploads\/2021\/12\/logo-3.png","width":300,"height":249,"caption":"viaromana"},"image":{"@id":"https:\/\/www.viaromana.org\/blog\/#\/schema\/logo\/image\/"}},{"@type":"Person","@id":"https:\/\/www.viaromana.org\/blog\/#\/schema\/person\/cde9c4655845091e1fe473fcd163c889","name":"Robert","image":{"@type":"ImageObject","inLanguage":"fr-FR","@id":"https:\/\/www.viaromana.org\/blog\/#\/schema\/person\/image\/","url":"https:\/\/secure.gravatar.com\/avatar\/a168ec191013b636c2f278aec04e724b?s=96&d=mm&r=g","contentUrl":"https:\/\/secure.gravatar.com\/avatar\/a168ec191013b636c2f278aec04e724b?s=96&d=mm&r=g","caption":"Robert"},"sameAs":["https:\/\/www.viaromana.org\/blog"],"url":"https:\/\/www.viaromana.org\/blog\/author\/anaadmin\/"}]}},"_links":{"self":[{"href":"https:\/\/www.viaromana.org\/blog\/wp-json\/wp\/v2\/posts\/1563"}],"collection":[{"href":"https:\/\/www.viaromana.org\/blog\/wp-json\/wp\/v2\/posts"}],"about":[{"href":"https:\/\/www.viaromana.org\/blog\/wp-json\/wp\/v2\/types\/post"}],"author":[{"embeddable":true,"href":"https:\/\/www.viaromana.org\/blog\/wp-json\/wp\/v2\/users\/1"}],"replies":[{"embeddable":true,"href":"https:\/\/www.viaromana.org\/blog\/wp-json\/wp\/v2\/comments?post=1563"}],"version-history":[{"count":0,"href":"https:\/\/www.viaromana.org\/blog\/wp-json\/wp\/v2\/posts\/1563\/revisions"}],"wp:attachment":[{"href":"https:\/\/www.viaromana.org\/blog\/wp-json\/wp\/v2\/media?parent=1563"}],"wp:term":[{"taxonomy":"category","embeddable":true,"href":"https:\/\/www.viaromana.org\/blog\/wp-json\/wp\/v2\/categories?post=1563"},{"taxonomy":"post_tag","embeddable":true,"href":"https:\/\/www.viaromana.org\/blog\/wp-json\/wp\/v2\/tags?post=1563"}],"curies":[{"name":"wp","href":"https:\/\/api.w.org\/{rel}","templated":true}]}}