{"id":1560,"date":"2023-01-30T11:39:40","date_gmt":"2023-01-30T10:39:40","guid":{"rendered":"https:\/\/www.site.cdcl.xyz\/2023\/01\/30\/ceci-se-propage-sur-internet-reunion-publique-ilot-des-salines\/"},"modified":"2023-01-30T11:39:40","modified_gmt":"2023-01-30T10:39:40","slug":"ceci-se-propage-sur-internet-reunion-publique-ilot-des-salines","status":"publish","type":"post","link":"https:\/\/www.viaromana.org\/blog\/ceci-se-propage-sur-internet-reunion-publique-ilot-des-salines\/","title":{"rendered":"Ceci se propage sur internet : R\u00e9union publique : Il\u00f4t des salines"},"content":{"rendered":"<p>Voici un texte que je suis heureux de d\u00e9voiler ici sur notre site. Le propos est \u00ab&nbsp;l\u2019arch\u00e9ologie&nbsp;\u00bb.<br \/>Le titre suggestif (R\u00e9union publique : Il\u00f4t des salines) est \u00e9vocateur.<\/p>\n<p> Pr\u00e9sent\u00e9 sous le nom \u00abClement\u00bb, le journaliste est positivement connu pour d\u2019autres articles qu\u2019il a publi\u00e9s sur internet.<\/p>\n<p>L\u2019article a \u00e9t\u00e9 diffus\u00e9 \u00e0 une date mentionn\u00e9e 2023-01-30 11:39:40.<\/p>\n<p>L\u2019article original : <\/p>\n<div>\n<p id=\"breadcrumbs\" class=\"breadcrumbs\"><span><span>Accueil \u00bb <span>Actualit\u00e9s \u00bb <span>Actu. \u00bb <span class=\"breadcrumb_last\">R\u00e9union publique : Il\u00f4t des salines<\/span><\/span><\/span><\/span><\/span><\/p>\n<div class=\"bloc-editor\">\n<p class=\"lead\">Dans le cadre de son programme \u00ab&nbsp;Action Coeur de Ville&nbsp;\u00bb et de ses politiques d\u2019attractivit\u00e9, la ville de Lons-le-Saunier lance un large dispositif de revalorisation du quartier des Salines, site embl\u00e9matique du renouvellement urbain.<\/p>\n<p>R\u00e9habilitation de b\u00e2timents, construction de maisons de ville en c\u0153ur d\u2019\u00eelot, am\u00e9nagements urbains (espaces verts, cheminement pi\u00e9ton et restructuration du cours Sully\u2026), les l\u00e9doniennes et l\u00e9doniens sont invit\u00e9s \u00e0 participer \u00e0 une r\u00e9union publique et \u00e9changer le mardi 7 f\u00e9vrier 2023 \u00e0 18h30, grande salle du Boeuf sur le Toit.<\/p>\n<p><img decoding=\"async\" loading=\"lazy\" width=\"550\" height=\"367\" class=\"aligncenter size-img-article wp-image-26873\" src=\"https:\/\/www.viaromana.org\/blog\/wp-content\/uploads\/2023\/02\/ceci-se-propage-sur-internet-reunion-publique-ilot-des-salines.jpg\" alt> <\/p>\n<\/div>\n<\/div>\n<p>Bibliographie :<\/p>\n<p>Tr\u00e9sors de l\u2019arch\u00e9ologie.,<a target=\"_blank\" rel=\"nofollow\" href=\"https:\/\/www.viaromana.org\/blog\/goto\/https:\/\/www.kobo.com\/de\/fr\/ebook\/tresors-de-l-archeologie\"  target=\"_blank\" rel=\"noopener noreferrer nofollow\">Ouvrage <\/a><span><\/span>. A emprunter en biblioth\u00e8que.<\/p>\n<p>L\u2019organisation territoriale de l\u2019arch\u00e9ologie en Europe.,<a target=\"_blank\" rel=\"nofollow\" href=\"https:\/\/www.viaromana.org\/blog\/goto\/https:\/\/www.epagine.fr\/ebook\/9782402452526-l-organisation-territoriale-de-l-archeologie-en-europe-centre-national-de-la-fonction-publique-territoriale-ecole-nationale-d-application-des-cadres-territoriaux-associatio\/\"  target=\"_blank\" rel=\"noopener noreferrer nofollow\">Ouvrage <\/a><span><\/span>.<\/p>\n<p>Pretre anglais contre Henri IV arch\u00e9ologie d\u2019une haine religieuse.,<a target=\"_blank\" rel=\"nofollow\" href=\"https:\/\/www.viaromana.org\/blog\/goto\/https:\/\/www.epagine.fr\/ebook\/9782296806689-un-pretre-anglais-contre-henri-iv-francois-valerian\/\"  target=\"_blank\" rel=\"noopener noreferrer nofollow\">A voir et \u00e0 lire. <\/a><span><\/span>.<\/p>\n<p>Nefertari Dream.,<a target=\"_blank\" rel=\"nofollow\" href=\"https:\/\/www.viaromana.org\/blog\/goto\/https:\/\/booknode.com\/nefertari_dream_03182825\"  target=\"_blank\" rel=\"noopener noreferrer nofollow\">Le livre <\/a><span><\/span>.<\/p>\n","protected":false},"excerpt":{"rendered":"<p>Voici un texte que je suis heureux de d\u00e9voiler ici sur notre site. Le propos est \u00ab&nbsp;l\u2019arch\u00e9ologie&nbsp;\u00bb.Le titre suggestif (R\u00e9union publique : Il\u00f4t des salines) est \u00e9vocateur. Pr\u00e9sent\u00e9 sous le nom \u00abClement\u00bb, le journaliste est positivement connu pour d\u2019autres articles qu\u2019il a publi\u00e9s sur internet. L\u2019article a \u00e9t\u00e9 diffus\u00e9 \u00e0 une date mentionn\u00e9e 2023-01-30 11:39:40. L\u2019article original : Accueil \u00bb Actualit\u00e9s \u00bb Actu. \u00bb R\u00e9union publique : Il\u00f4t des salines Dans le cadre de son programme \u00ab&nbsp;Action Coeur de Ville&nbsp;\u00bb et de ses politiques d\u2019attractivit\u00e9, la ville de Lons-le-Saunier lance un large dispositif de revalorisation du quartier des Salines, site\u2026<\/p>\n","protected":false},"author":1,"featured_media":0,"comment_status":"closed","ping_status":"closed","sticky":false,"template":"","format":"standard","meta":{"footnotes":""},"categories":[2],"tags":[],"blocksy_meta":{"styles_descriptor":{"styles":{"desktop":"","tablet":"","mobile":""},"google_fonts":[],"version":4}},"yoast_head":"<!-- This site is optimized with the Yoast SEO plugin v21.1 - https:\/\/yoast.com\/wordpress\/plugins\/seo\/ -->\n<title>Ceci se propage sur internet : R\u00e9union publique : Il\u00f4t des salines - Viaromana et arch\u00e9ologie.<\/title>\n<meta name=\"description\" content=\"Ceci se propage sur internet : R\u00e9union publique : Il\u00f4t des salines article de Viaromana et arch\u00e9ologie.\" \/>\n<meta name=\"robots\" content=\"index, follow, max-snippet:-1, max-image-preview:large, max-video-preview:-1\" \/>\n<link rel=\"canonical\" href=\"https:\/\/www.viaromana.org\/blog\/ceci-se-propage-sur-internet-reunion-publique-ilot-des-salines\/\" \/>\n<meta property=\"og:locale\" content=\"fr_FR\" \/>\n<meta property=\"og:type\" content=\"article\" \/>\n<meta property=\"og:title\" content=\"Ceci se propage sur internet : R\u00e9union publique : Il\u00f4t des salines - Viaromana et arch\u00e9ologie.\" \/>\n<meta property=\"og:description\" content=\"Ceci se propage sur internet : R\u00e9union publique : Il\u00f4t des salines article de Viaromana et arch\u00e9ologie.\" \/>\n<meta property=\"og:url\" content=\"https:\/\/www.viaromana.org\/blog\/ceci-se-propage-sur-internet-reunion-publique-ilot-des-salines\/\" \/>\n<meta property=\"og:site_name\" content=\"Viaromana et arch\u00e9ologie.\" \/>\n<meta property=\"article:published_time\" content=\"2023-01-30T10:39:40+00:00\" \/>\n<meta property=\"og:image\" content=\"https:\/\/www.viaromana.org\/blog\/wp-content\/uploads\/2023\/02\/ceci-se-propage-sur-internet-reunion-publique-ilot-des-salines.jpg\" \/>\n<meta name=\"author\" content=\"Robert\" \/>\n<meta name=\"twitter:card\" content=\"summary_large_image\" \/>\n<meta name=\"twitter:label1\" content=\"\u00c9crit par\" \/>\n\t<meta name=\"twitter:data1\" content=\"Robert\" \/>\n\t<meta name=\"twitter:label2\" content=\"Dur\u00e9e de lecture estim\u00e9e\" \/>\n\t<meta name=\"twitter:data2\" content=\"1 minute\" \/>\n<script type=\"application\/ld+json\" class=\"yoast-schema-graph\">{\"@context\":\"https:\/\/schema.org\",\"@graph\":[{\"@type\":\"Article\",\"@id\":\"https:\/\/www.viaromana.org\/blog\/ceci-se-propage-sur-internet-reunion-publique-ilot-des-salines\/#article\",\"isPartOf\":{\"@id\":\"https:\/\/www.viaromana.org\/blog\/ceci-se-propage-sur-internet-reunion-publique-ilot-des-salines\/\"},\"author\":{\"name\":\"Robert\",\"@id\":\"https:\/\/www.viaromana.org\/blog\/#\/schema\/person\/cde9c4655845091e1fe473fcd163c889\"},\"headline\":\"Ceci se propage sur internet : R\u00e9union publique : Il\u00f4t des salines\",\"datePublished\":\"2023-01-30T10:39:40+00:00\",\"dateModified\":\"2023-01-30T10:39:40+00:00\",\"mainEntityOfPage\":{\"@id\":\"https:\/\/www.viaromana.org\/blog\/ceci-se-propage-sur-internet-reunion-publique-ilot-des-salines\/\"},\"wordCount\":229,\"publisher\":{\"@id\":\"https:\/\/www.viaromana.org\/blog\/#organization\"},\"articleSection\":[\"Arch\u00e9ologie\"],\"inLanguage\":\"fr-FR\"},{\"@type\":\"WebPage\",\"@id\":\"https:\/\/www.viaromana.org\/blog\/ceci-se-propage-sur-internet-reunion-publique-ilot-des-salines\/\",\"url\":\"https:\/\/www.viaromana.org\/blog\/ceci-se-propage-sur-internet-reunion-publique-ilot-des-salines\/\",\"name\":\"Ceci se propage sur internet : R\u00e9union publique : Il\u00f4t des salines - Viaromana et arch\u00e9ologie.\",\"isPartOf\":{\"@id\":\"https:\/\/www.viaromana.org\/blog\/#website\"},\"datePublished\":\"2023-01-30T10:39:40+00:00\",\"dateModified\":\"2023-01-30T10:39:40+00:00\",\"description\":\"Ceci se propage sur internet : R\u00e9union publique : Il\u00f4t des salines article de Viaromana et arch\u00e9ologie.\",\"breadcrumb\":{\"@id\":\"https:\/\/www.viaromana.org\/blog\/ceci-se-propage-sur-internet-reunion-publique-ilot-des-salines\/#breadcrumb\"},\"inLanguage\":\"fr-FR\",\"potentialAction\":[{\"@type\":\"ReadAction\",\"target\":[\"https:\/\/www.viaromana.org\/blog\/ceci-se-propage-sur-internet-reunion-publique-ilot-des-salines\/\"]}]},{\"@type\":\"BreadcrumbList\",\"@id\":\"https:\/\/www.viaromana.org\/blog\/ceci-se-propage-sur-internet-reunion-publique-ilot-des-salines\/#breadcrumb\",\"itemListElement\":[{\"@type\":\"ListItem\",\"position\":1,\"name\":\"Accueil\",\"item\":\"https:\/\/www.viaromana.org\/blog\/\"},{\"@type\":\"ListItem\",\"position\":2,\"name\":\"Ceci se propage sur internet : R\u00e9union publique : Il\u00f4t des salines\"}]},{\"@type\":\"WebSite\",\"@id\":\"https:\/\/www.viaromana.org\/blog\/#website\",\"url\":\"https:\/\/www.viaromana.org\/blog\/\",\"name\":\"Viaromana et arch\u00e9ologie.\",\"description\":\"Site arch\u00e9ologique de la voie romaine (viaromana) Belgique-France-Rome\",\"publisher\":{\"@id\":\"https:\/\/www.viaromana.org\/blog\/#organization\"},\"potentialAction\":[{\"@type\":\"SearchAction\",\"target\":{\"@type\":\"EntryPoint\",\"urlTemplate\":\"https:\/\/www.viaromana.org\/blog\/?s={search_term_string}\"},\"query-input\":\"required name=search_term_string\"}],\"inLanguage\":\"fr-FR\"},{\"@type\":\"Organization\",\"@id\":\"https:\/\/www.viaromana.org\/blog\/#organization\",\"name\":\"viaromana\",\"url\":\"https:\/\/www.viaromana.org\/blog\/\",\"logo\":{\"@type\":\"ImageObject\",\"inLanguage\":\"fr-FR\",\"@id\":\"https:\/\/www.viaromana.org\/blog\/#\/schema\/logo\/image\/\",\"url\":\"https:\/\/www.viaromana.org\/blog\/wp-content\/uploads\/2021\/12\/logo-3.png\",\"contentUrl\":\"https:\/\/www.viaromana.org\/blog\/wp-content\/uploads\/2021\/12\/logo-3.png\",\"width\":300,\"height\":249,\"caption\":\"viaromana\"},\"image\":{\"@id\":\"https:\/\/www.viaromana.org\/blog\/#\/schema\/logo\/image\/\"}},{\"@type\":\"Person\",\"@id\":\"https:\/\/www.viaromana.org\/blog\/#\/schema\/person\/cde9c4655845091e1fe473fcd163c889\",\"name\":\"Robert\",\"image\":{\"@type\":\"ImageObject\",\"inLanguage\":\"fr-FR\",\"@id\":\"https:\/\/www.viaromana.org\/blog\/#\/schema\/person\/image\/\",\"url\":\"https:\/\/secure.gravatar.com\/avatar\/a168ec191013b636c2f278aec04e724b?s=96&d=mm&r=g\",\"contentUrl\":\"https:\/\/secure.gravatar.com\/avatar\/a168ec191013b636c2f278aec04e724b?s=96&d=mm&r=g\",\"caption\":\"Robert\"},\"sameAs\":[\"https:\/\/www.viaromana.org\/blog\"],\"url\":\"https:\/\/www.viaromana.org\/blog\/author\/anaadmin\/\"}]}<\/script>\n<!-- \/ Yoast SEO plugin. -->","yoast_head_json":{"title":"Ceci se propage sur internet : R\u00e9union publique : Il\u00f4t des salines - Viaromana et arch\u00e9ologie.","description":"Ceci se propage sur internet : R\u00e9union publique : Il\u00f4t des salines article de Viaromana et arch\u00e9ologie.","robots":{"index":"index","follow":"follow","max-snippet":"max-snippet:-1","max-image-preview":"max-image-preview:large","max-video-preview":"max-video-preview:-1"},"canonical":"https:\/\/www.viaromana.org\/blog\/ceci-se-propage-sur-internet-reunion-publique-ilot-des-salines\/","og_locale":"fr_FR","og_type":"article","og_title":"Ceci se propage sur internet : R\u00e9union publique : Il\u00f4t des salines - Viaromana et arch\u00e9ologie.","og_description":"Ceci se propage sur internet : R\u00e9union publique : Il\u00f4t des salines article de Viaromana et arch\u00e9ologie.","og_url":"https:\/\/www.viaromana.org\/blog\/ceci-se-propage-sur-internet-reunion-publique-ilot-des-salines\/","og_site_name":"Viaromana et arch\u00e9ologie.","article_published_time":"2023-01-30T10:39:40+00:00","og_image":[{"url":"https:\/\/www.viaromana.org\/blog\/wp-content\/uploads\/2023\/02\/ceci-se-propage-sur-internet-reunion-publique-ilot-des-salines.jpg"}],"author":"Robert","twitter_card":"summary_large_image","twitter_misc":{"\u00c9crit par":"Robert","Dur\u00e9e de lecture estim\u00e9e":"1 minute"},"schema":{"@context":"https:\/\/schema.org","@graph":[{"@type":"Article","@id":"https:\/\/www.viaromana.org\/blog\/ceci-se-propage-sur-internet-reunion-publique-ilot-des-salines\/#article","isPartOf":{"@id":"https:\/\/www.viaromana.org\/blog\/ceci-se-propage-sur-internet-reunion-publique-ilot-des-salines\/"},"author":{"name":"Robert","@id":"https:\/\/www.viaromana.org\/blog\/#\/schema\/person\/cde9c4655845091e1fe473fcd163c889"},"headline":"Ceci se propage sur internet : R\u00e9union publique : Il\u00f4t des salines","datePublished":"2023-01-30T10:39:40+00:00","dateModified":"2023-01-30T10:39:40+00:00","mainEntityOfPage":{"@id":"https:\/\/www.viaromana.org\/blog\/ceci-se-propage-sur-internet-reunion-publique-ilot-des-salines\/"},"wordCount":229,"publisher":{"@id":"https:\/\/www.viaromana.org\/blog\/#organization"},"articleSection":["Arch\u00e9ologie"],"inLanguage":"fr-FR"},{"@type":"WebPage","@id":"https:\/\/www.viaromana.org\/blog\/ceci-se-propage-sur-internet-reunion-publique-ilot-des-salines\/","url":"https:\/\/www.viaromana.org\/blog\/ceci-se-propage-sur-internet-reunion-publique-ilot-des-salines\/","name":"Ceci se propage sur internet : R\u00e9union publique : Il\u00f4t des salines - Viaromana et arch\u00e9ologie.","isPartOf":{"@id":"https:\/\/www.viaromana.org\/blog\/#website"},"datePublished":"2023-01-30T10:39:40+00:00","dateModified":"2023-01-30T10:39:40+00:00","description":"Ceci se propage sur internet : R\u00e9union publique : Il\u00f4t des salines article de Viaromana et arch\u00e9ologie.","breadcrumb":{"@id":"https:\/\/www.viaromana.org\/blog\/ceci-se-propage-sur-internet-reunion-publique-ilot-des-salines\/#breadcrumb"},"inLanguage":"fr-FR","potentialAction":[{"@type":"ReadAction","target":["https:\/\/www.viaromana.org\/blog\/ceci-se-propage-sur-internet-reunion-publique-ilot-des-salines\/"]}]},{"@type":"BreadcrumbList","@id":"https:\/\/www.viaromana.org\/blog\/ceci-se-propage-sur-internet-reunion-publique-ilot-des-salines\/#breadcrumb","itemListElement":[{"@type":"ListItem","position":1,"name":"Accueil","item":"https:\/\/www.viaromana.org\/blog\/"},{"@type":"ListItem","position":2,"name":"Ceci se propage sur internet : R\u00e9union publique : Il\u00f4t des salines"}]},{"@type":"WebSite","@id":"https:\/\/www.viaromana.org\/blog\/#website","url":"https:\/\/www.viaromana.org\/blog\/","name":"Viaromana et arch\u00e9ologie.","description":"Site arch\u00e9ologique de la voie romaine (viaromana) Belgique-France-Rome","publisher":{"@id":"https:\/\/www.viaromana.org\/blog\/#organization"},"potentialAction":[{"@type":"SearchAction","target":{"@type":"EntryPoint","urlTemplate":"https:\/\/www.viaromana.org\/blog\/?s={search_term_string}"},"query-input":"required name=search_term_string"}],"inLanguage":"fr-FR"},{"@type":"Organization","@id":"https:\/\/www.viaromana.org\/blog\/#organization","name":"viaromana","url":"https:\/\/www.viaromana.org\/blog\/","logo":{"@type":"ImageObject","inLanguage":"fr-FR","@id":"https:\/\/www.viaromana.org\/blog\/#\/schema\/logo\/image\/","url":"https:\/\/www.viaromana.org\/blog\/wp-content\/uploads\/2021\/12\/logo-3.png","contentUrl":"https:\/\/www.viaromana.org\/blog\/wp-content\/uploads\/2021\/12\/logo-3.png","width":300,"height":249,"caption":"viaromana"},"image":{"@id":"https:\/\/www.viaromana.org\/blog\/#\/schema\/logo\/image\/"}},{"@type":"Person","@id":"https:\/\/www.viaromana.org\/blog\/#\/schema\/person\/cde9c4655845091e1fe473fcd163c889","name":"Robert","image":{"@type":"ImageObject","inLanguage":"fr-FR","@id":"https:\/\/www.viaromana.org\/blog\/#\/schema\/person\/image\/","url":"https:\/\/secure.gravatar.com\/avatar\/a168ec191013b636c2f278aec04e724b?s=96&d=mm&r=g","contentUrl":"https:\/\/secure.gravatar.com\/avatar\/a168ec191013b636c2f278aec04e724b?s=96&d=mm&r=g","caption":"Robert"},"sameAs":["https:\/\/www.viaromana.org\/blog"],"url":"https:\/\/www.viaromana.org\/blog\/author\/anaadmin\/"}]}},"_links":{"self":[{"href":"https:\/\/www.viaromana.org\/blog\/wp-json\/wp\/v2\/posts\/1560"}],"collection":[{"href":"https:\/\/www.viaromana.org\/blog\/wp-json\/wp\/v2\/posts"}],"about":[{"href":"https:\/\/www.viaromana.org\/blog\/wp-json\/wp\/v2\/types\/post"}],"author":[{"embeddable":true,"href":"https:\/\/www.viaromana.org\/blog\/wp-json\/wp\/v2\/users\/1"}],"replies":[{"embeddable":true,"href":"https:\/\/www.viaromana.org\/blog\/wp-json\/wp\/v2\/comments?post=1560"}],"version-history":[{"count":0,"href":"https:\/\/www.viaromana.org\/blog\/wp-json\/wp\/v2\/posts\/1560\/revisions"}],"wp:attachment":[{"href":"https:\/\/www.viaromana.org\/blog\/wp-json\/wp\/v2\/media?parent=1560"}],"wp:term":[{"taxonomy":"category","embeddable":true,"href":"https:\/\/www.viaromana.org\/blog\/wp-json\/wp\/v2\/categories?post=1560"},{"taxonomy":"post_tag","embeddable":true,"href":"https:\/\/www.viaromana.org\/blog\/wp-json\/wp\/v2\/tags?post=1560"}],"curies":[{"name":"wp","href":"https:\/\/api.w.org\/{rel}","templated":true}]}}