{"id":1553,"date":"2023-02-02T12:18:33","date_gmt":"2023-02-02T11:18:33","guid":{"rendered":"https:\/\/www.site.cdcl.xyz\/2023\/02\/02\/derniere-actualite-pour-les-passionnes-appel-a-projet-en-milieu-rural\/"},"modified":"2023-02-02T12:18:33","modified_gmt":"2023-02-02T11:18:33","slug":"derniere-actualite-pour-les-passionnes-appel-a-projet-en-milieu-rural","status":"publish","type":"post","link":"https:\/\/www.viaromana.org\/blog\/derniere-actualite-pour-les-passionnes-appel-a-projet-en-milieu-rural\/","title":{"rendered":"Derni\u00e8re actualit\u00e9 pour les passionn\u00e9s : Appel \u00e0 projet en milieu rural"},"content":{"rendered":"<p>En consultant internet nous avons remarqu\u00e9 un texte qui risque de vous int\u00e9resser. Sa th\u00e9matique est \u00ab&nbsp;l\u2019arch\u00e9ologie&nbsp;\u00bb.<\/p>\n<p>Le titre troublant (Appel \u00e0 projet en milieu rural) est \u00e9vocateur.<\/p>\n<p> Identifi\u00e9 sous le nom \u00abd\u2019anonymat<br \/>\u00bb, l\u2019\u00e9ditorialiste est positivement connu.<\/p>\n<p>La confiance est donc substantielle en ce qui concerne ce papier.<\/p>\n<p>Texte : <\/p>\n<p><img decoding=\"async\" src=\"https:\/\/www.viaromana.org\/blog\/wp-content\/uploads\/2023\/02\/derniere-actualite-pour-les-passionnes-appel-a-projet-en-milieu-rural.png\"><\/p>\n<div>\n<p>Vous avez un projet en milieu rural ? Un projet \u00e0 plus value sociale, environnementale ou culturelle sur Niort Agglo ?\n<\/p>\n<p>L\u2019AFIPaR en partenariat avec la Communaut\u00e9 d\u2019Agglom\u00e9ration du Niortais vous propose un accompagnement collectif pour bien d\u00e9marrer dans votre projet<\/p>\n<\/div>\n<div>\n<p><strong>Vous avez un projet en milieu rural ? Un projet \u00e0 plus value sociale, environnementale ou culturelle sur Niort Agglo ?<\/strong><\/p>\n<p>L\u2019AFIPaR en partenariat avec la Communaut\u00e9 d\u2019Agglom\u00e9ration du Niortais vous propose un accompagnement collectif pour bien d\u00e9marrer dans votre projet (\u00e9chnages, outils, intervenants\u2026) pendant plusieurs sessions.&nbsp;Ce dispositif d\u2019accompagnement est bas\u00e9e sur des m\u00e9thodes d\u2019\u00e9ducation populaire qui aborde l\u2019ensemble des dimensions du projet : l\u2019ad\u00e9quation projet\/personne, le territoire, l\u2019\u00e9tude de march\u00e9, les aspects juridique et financier, la communication, la gestion du temps, les finances solidaires, la pr\u00e9sentation orale de son projet .&nbsp;La session se d\u00e9roule sur 6 journ\u00e9es r\u00e9parties sur 3 semaines (36 h). La 7\u00e8me journ\u00e9e se tient 3 mois apr\u00e8s la session (7h). Les communes du territoire accueilleront cahcune 2 sessions : Mauz\u00e9-Sur-Le-Mignon ( 20 et 21 f\u00e9vrier); Villiers-En-Plaine (27 et 28 f\u00e9vrier) et Prahecq (6 et 7 mars). Vous avez un projet d\u2019activit\u00e9 \u00e9conomique ou un projet relevant du champ de l\u2019Economie Sociale et Solidaire ? Alors ce dispositif est fait pour vous !<\/p>\n<ul>\n<li>Renseignements et inscriptions avant le 13 f\u00e9vrier aupr\u00e8s de la responsable du parcours:&nbsp; julia.roye@afipar.org&nbsp; ou au 05 49 29 15 96<\/li>\n<\/ul>\n<\/div>\n<p>Bibliographie :<\/p>\n<p>Problemes d\u2019archeologie developpementale en afrique.,<a target=\"_blank\" rel=\"nofollow\" href=\"https:\/\/www.viaromana.org\/blog\/goto\/https:\/\/www.epagine.fr\/ebook\/9782140005398-problemes-d-archeologie-developpementale-en-afrique-alain-marliac\/\"  target=\"_blank\" rel=\"noopener noreferrer nofollow\">(Disponible) <\/a><span><\/span>.<\/p>\n<p>Manuel d\u2019arch\u00e9ologie biblique (2).,<a target=\"_blank\" rel=\"nofollow\" href=\"https:\/\/www.viaromana.org\/blog\/goto\/https:\/\/www.epagine.fr\/ebook\/9782307506850-manuel-d-archeologie-biblique-2-augustin-georges-barrois\/\"  target=\"_blank\" rel=\"noopener noreferrer nofollow\">(la couverture) <\/a><span><\/span>.<\/p>\n<p>Verdun.,<a target=\"_blank\" rel=\"nofollow\" href=\"https:\/\/www.viaromana.org\/blog\/goto\/https:\/\/www.epagine.fr\/ebook\/9782307114109-verdun-centre-national-d-archeologie-urbaine-franck-gama\/\"  target=\"_blank\" rel=\"noopener noreferrer nofollow\">Clicker Ici <\/a><span><\/span>. Disponible dans toutes les bonnes biblioth\u00e8ques de votre d\u00e9partement.<\/p>\n<p>M\u00e9moires de la Soci\u00e9t\u00e9 d\u2019Histoire et d\u2019Arch\u00e9ologie de Bretagne.,<a target=\"_blank\" rel=\"nofollow\" href=\"https:\/\/www.viaromana.org\/blog\/goto\/https:\/\/www.epagine.fr\/ebook\/9782402591447-memoires-de-la-societe-d-histoire-et-d-archeologie-de-bretagne-raison\/\"  target=\"_blank\" rel=\"noopener noreferrer nofollow\">livre de r\u00e9f\u00e9rence <\/a><span><\/span>.<\/p>\n","protected":false},"excerpt":{"rendered":"<p>En consultant internet nous avons remarqu\u00e9 un texte qui risque de vous int\u00e9resser. Sa th\u00e9matique est \u00ab&nbsp;l\u2019arch\u00e9ologie&nbsp;\u00bb. Le titre troublant (Appel \u00e0 projet en milieu rural) est \u00e9vocateur. Identifi\u00e9 sous le nom \u00abd\u2019anonymat\u00bb, l\u2019\u00e9ditorialiste est positivement connu. La confiance est donc substantielle en ce qui concerne ce papier. Texte : Vous avez un projet en milieu rural ? Un projet \u00e0 plus value sociale, environnementale ou culturelle sur Niort Agglo ? L\u2019AFIPaR en partenariat avec la Communaut\u00e9 d\u2019Agglom\u00e9ration du Niortais vous propose un accompagnement collectif pour bien d\u00e9marrer dans votre projet Vous avez un projet en milieu rural ? Un\u2026<\/p>\n","protected":false},"author":1,"featured_media":0,"comment_status":"closed","ping_status":"closed","sticky":false,"template":"","format":"standard","meta":{"footnotes":""},"categories":[2],"tags":[],"blocksy_meta":{"styles_descriptor":{"styles":{"desktop":"","tablet":"","mobile":""},"google_fonts":[],"version":4}},"yoast_head":"<!-- This site is optimized with the Yoast SEO plugin v21.1 - https:\/\/yoast.com\/wordpress\/plugins\/seo\/ -->\n<title>Derni\u00e8re actualit\u00e9 pour les passionn\u00e9s : Appel \u00e0 projet en milieu rural - Viaromana et arch\u00e9ologie.<\/title>\n<meta name=\"description\" content=\"Derni\u00e8re actualit\u00e9 pour les passionn\u00e9s : Appel \u00e0 projet en milieu rural article de Viaromana et arch\u00e9ologie.\" \/>\n<meta name=\"robots\" content=\"index, follow, max-snippet:-1, max-image-preview:large, max-video-preview:-1\" \/>\n<link rel=\"canonical\" href=\"https:\/\/www.viaromana.org\/blog\/derniere-actualite-pour-les-passionnes-appel-a-projet-en-milieu-rural\/\" \/>\n<meta property=\"og:locale\" content=\"fr_FR\" \/>\n<meta property=\"og:type\" content=\"article\" \/>\n<meta property=\"og:title\" content=\"Derni\u00e8re actualit\u00e9 pour les passionn\u00e9s : Appel \u00e0 projet en milieu rural - Viaromana et arch\u00e9ologie.\" \/>\n<meta property=\"og:description\" content=\"Derni\u00e8re actualit\u00e9 pour les passionn\u00e9s : Appel \u00e0 projet en milieu rural article de Viaromana et arch\u00e9ologie.\" \/>\n<meta property=\"og:url\" content=\"https:\/\/www.viaromana.org\/blog\/derniere-actualite-pour-les-passionnes-appel-a-projet-en-milieu-rural\/\" \/>\n<meta property=\"og:site_name\" content=\"Viaromana et arch\u00e9ologie.\" \/>\n<meta property=\"article:published_time\" content=\"2023-02-02T11:18:33+00:00\" \/>\n<meta property=\"og:image\" content=\"https:\/\/www.viaromana.org\/blog\/wp-content\/uploads\/2023\/02\/derniere-actualite-pour-les-passionnes-appel-a-projet-en-milieu-rural.png\" \/>\n<meta name=\"author\" content=\"Robert\" \/>\n<meta name=\"twitter:card\" content=\"summary_large_image\" \/>\n<meta name=\"twitter:label1\" content=\"\u00c9crit par\" \/>\n\t<meta name=\"twitter:data1\" content=\"Robert\" \/>\n\t<meta name=\"twitter:label2\" content=\"Dur\u00e9e de lecture estim\u00e9e\" \/>\n\t<meta name=\"twitter:data2\" content=\"2 minutes\" \/>\n<script type=\"application\/ld+json\" class=\"yoast-schema-graph\">{\"@context\":\"https:\/\/schema.org\",\"@graph\":[{\"@type\":\"Article\",\"@id\":\"https:\/\/www.viaromana.org\/blog\/derniere-actualite-pour-les-passionnes-appel-a-projet-en-milieu-rural\/#article\",\"isPartOf\":{\"@id\":\"https:\/\/www.viaromana.org\/blog\/derniere-actualite-pour-les-passionnes-appel-a-projet-en-milieu-rural\/\"},\"author\":{\"name\":\"Robert\",\"@id\":\"https:\/\/www.viaromana.org\/blog\/#\/schema\/person\/cde9c4655845091e1fe473fcd163c889\"},\"headline\":\"Derni\u00e8re actualit\u00e9 pour les passionn\u00e9s : Appel \u00e0 projet en milieu rural\",\"datePublished\":\"2023-02-02T11:18:33+00:00\",\"dateModified\":\"2023-02-02T11:18:33+00:00\",\"mainEntityOfPage\":{\"@id\":\"https:\/\/www.viaromana.org\/blog\/derniere-actualite-pour-les-passionnes-appel-a-projet-en-milieu-rural\/\"},\"wordCount\":355,\"publisher\":{\"@id\":\"https:\/\/www.viaromana.org\/blog\/#organization\"},\"articleSection\":[\"Arch\u00e9ologie\"],\"inLanguage\":\"fr-FR\"},{\"@type\":\"WebPage\",\"@id\":\"https:\/\/www.viaromana.org\/blog\/derniere-actualite-pour-les-passionnes-appel-a-projet-en-milieu-rural\/\",\"url\":\"https:\/\/www.viaromana.org\/blog\/derniere-actualite-pour-les-passionnes-appel-a-projet-en-milieu-rural\/\",\"name\":\"Derni\u00e8re actualit\u00e9 pour les passionn\u00e9s : Appel \u00e0 projet en milieu rural - Viaromana et arch\u00e9ologie.\",\"isPartOf\":{\"@id\":\"https:\/\/www.viaromana.org\/blog\/#website\"},\"datePublished\":\"2023-02-02T11:18:33+00:00\",\"dateModified\":\"2023-02-02T11:18:33+00:00\",\"description\":\"Derni\u00e8re actualit\u00e9 pour les passionn\u00e9s : Appel \u00e0 projet en milieu rural article de Viaromana et arch\u00e9ologie.\",\"breadcrumb\":{\"@id\":\"https:\/\/www.viaromana.org\/blog\/derniere-actualite-pour-les-passionnes-appel-a-projet-en-milieu-rural\/#breadcrumb\"},\"inLanguage\":\"fr-FR\",\"potentialAction\":[{\"@type\":\"ReadAction\",\"target\":[\"https:\/\/www.viaromana.org\/blog\/derniere-actualite-pour-les-passionnes-appel-a-projet-en-milieu-rural\/\"]}]},{\"@type\":\"BreadcrumbList\",\"@id\":\"https:\/\/www.viaromana.org\/blog\/derniere-actualite-pour-les-passionnes-appel-a-projet-en-milieu-rural\/#breadcrumb\",\"itemListElement\":[{\"@type\":\"ListItem\",\"position\":1,\"name\":\"Accueil\",\"item\":\"https:\/\/www.viaromana.org\/blog\/\"},{\"@type\":\"ListItem\",\"position\":2,\"name\":\"Derni\u00e8re actualit\u00e9 pour les passionn\u00e9s : Appel \u00e0 projet en milieu rural\"}]},{\"@type\":\"WebSite\",\"@id\":\"https:\/\/www.viaromana.org\/blog\/#website\",\"url\":\"https:\/\/www.viaromana.org\/blog\/\",\"name\":\"Viaromana et arch\u00e9ologie.\",\"description\":\"Site arch\u00e9ologique de la voie romaine (viaromana) Belgique-France-Rome\",\"publisher\":{\"@id\":\"https:\/\/www.viaromana.org\/blog\/#organization\"},\"potentialAction\":[{\"@type\":\"SearchAction\",\"target\":{\"@type\":\"EntryPoint\",\"urlTemplate\":\"https:\/\/www.viaromana.org\/blog\/?s={search_term_string}\"},\"query-input\":\"required name=search_term_string\"}],\"inLanguage\":\"fr-FR\"},{\"@type\":\"Organization\",\"@id\":\"https:\/\/www.viaromana.org\/blog\/#organization\",\"name\":\"viaromana\",\"url\":\"https:\/\/www.viaromana.org\/blog\/\",\"logo\":{\"@type\":\"ImageObject\",\"inLanguage\":\"fr-FR\",\"@id\":\"https:\/\/www.viaromana.org\/blog\/#\/schema\/logo\/image\/\",\"url\":\"https:\/\/www.viaromana.org\/blog\/wp-content\/uploads\/2021\/12\/logo-3.png\",\"contentUrl\":\"https:\/\/www.viaromana.org\/blog\/wp-content\/uploads\/2021\/12\/logo-3.png\",\"width\":300,\"height\":249,\"caption\":\"viaromana\"},\"image\":{\"@id\":\"https:\/\/www.viaromana.org\/blog\/#\/schema\/logo\/image\/\"}},{\"@type\":\"Person\",\"@id\":\"https:\/\/www.viaromana.org\/blog\/#\/schema\/person\/cde9c4655845091e1fe473fcd163c889\",\"name\":\"Robert\",\"image\":{\"@type\":\"ImageObject\",\"inLanguage\":\"fr-FR\",\"@id\":\"https:\/\/www.viaromana.org\/blog\/#\/schema\/person\/image\/\",\"url\":\"https:\/\/secure.gravatar.com\/avatar\/a168ec191013b636c2f278aec04e724b?s=96&d=mm&r=g\",\"contentUrl\":\"https:\/\/secure.gravatar.com\/avatar\/a168ec191013b636c2f278aec04e724b?s=96&d=mm&r=g\",\"caption\":\"Robert\"},\"sameAs\":[\"https:\/\/www.viaromana.org\/blog\"],\"url\":\"https:\/\/www.viaromana.org\/blog\/author\/anaadmin\/\"}]}<\/script>\n<!-- \/ Yoast SEO plugin. -->","yoast_head_json":{"title":"Derni\u00e8re actualit\u00e9 pour les passionn\u00e9s : Appel \u00e0 projet en milieu rural - Viaromana et arch\u00e9ologie.","description":"Derni\u00e8re actualit\u00e9 pour les passionn\u00e9s : Appel \u00e0 projet en milieu rural article de Viaromana et arch\u00e9ologie.","robots":{"index":"index","follow":"follow","max-snippet":"max-snippet:-1","max-image-preview":"max-image-preview:large","max-video-preview":"max-video-preview:-1"},"canonical":"https:\/\/www.viaromana.org\/blog\/derniere-actualite-pour-les-passionnes-appel-a-projet-en-milieu-rural\/","og_locale":"fr_FR","og_type":"article","og_title":"Derni\u00e8re actualit\u00e9 pour les passionn\u00e9s : Appel \u00e0 projet en milieu rural - Viaromana et arch\u00e9ologie.","og_description":"Derni\u00e8re actualit\u00e9 pour les passionn\u00e9s : Appel \u00e0 projet en milieu rural article de Viaromana et arch\u00e9ologie.","og_url":"https:\/\/www.viaromana.org\/blog\/derniere-actualite-pour-les-passionnes-appel-a-projet-en-milieu-rural\/","og_site_name":"Viaromana et arch\u00e9ologie.","article_published_time":"2023-02-02T11:18:33+00:00","og_image":[{"url":"https:\/\/www.viaromana.org\/blog\/wp-content\/uploads\/2023\/02\/derniere-actualite-pour-les-passionnes-appel-a-projet-en-milieu-rural.png"}],"author":"Robert","twitter_card":"summary_large_image","twitter_misc":{"\u00c9crit par":"Robert","Dur\u00e9e de lecture estim\u00e9e":"2 minutes"},"schema":{"@context":"https:\/\/schema.org","@graph":[{"@type":"Article","@id":"https:\/\/www.viaromana.org\/blog\/derniere-actualite-pour-les-passionnes-appel-a-projet-en-milieu-rural\/#article","isPartOf":{"@id":"https:\/\/www.viaromana.org\/blog\/derniere-actualite-pour-les-passionnes-appel-a-projet-en-milieu-rural\/"},"author":{"name":"Robert","@id":"https:\/\/www.viaromana.org\/blog\/#\/schema\/person\/cde9c4655845091e1fe473fcd163c889"},"headline":"Derni\u00e8re actualit\u00e9 pour les passionn\u00e9s : Appel \u00e0 projet en milieu rural","datePublished":"2023-02-02T11:18:33+00:00","dateModified":"2023-02-02T11:18:33+00:00","mainEntityOfPage":{"@id":"https:\/\/www.viaromana.org\/blog\/derniere-actualite-pour-les-passionnes-appel-a-projet-en-milieu-rural\/"},"wordCount":355,"publisher":{"@id":"https:\/\/www.viaromana.org\/blog\/#organization"},"articleSection":["Arch\u00e9ologie"],"inLanguage":"fr-FR"},{"@type":"WebPage","@id":"https:\/\/www.viaromana.org\/blog\/derniere-actualite-pour-les-passionnes-appel-a-projet-en-milieu-rural\/","url":"https:\/\/www.viaromana.org\/blog\/derniere-actualite-pour-les-passionnes-appel-a-projet-en-milieu-rural\/","name":"Derni\u00e8re actualit\u00e9 pour les passionn\u00e9s : Appel \u00e0 projet en milieu rural - Viaromana et arch\u00e9ologie.","isPartOf":{"@id":"https:\/\/www.viaromana.org\/blog\/#website"},"datePublished":"2023-02-02T11:18:33+00:00","dateModified":"2023-02-02T11:18:33+00:00","description":"Derni\u00e8re actualit\u00e9 pour les passionn\u00e9s : Appel \u00e0 projet en milieu rural article de Viaromana et arch\u00e9ologie.","breadcrumb":{"@id":"https:\/\/www.viaromana.org\/blog\/derniere-actualite-pour-les-passionnes-appel-a-projet-en-milieu-rural\/#breadcrumb"},"inLanguage":"fr-FR","potentialAction":[{"@type":"ReadAction","target":["https:\/\/www.viaromana.org\/blog\/derniere-actualite-pour-les-passionnes-appel-a-projet-en-milieu-rural\/"]}]},{"@type":"BreadcrumbList","@id":"https:\/\/www.viaromana.org\/blog\/derniere-actualite-pour-les-passionnes-appel-a-projet-en-milieu-rural\/#breadcrumb","itemListElement":[{"@type":"ListItem","position":1,"name":"Accueil","item":"https:\/\/www.viaromana.org\/blog\/"},{"@type":"ListItem","position":2,"name":"Derni\u00e8re actualit\u00e9 pour les passionn\u00e9s : Appel \u00e0 projet en milieu rural"}]},{"@type":"WebSite","@id":"https:\/\/www.viaromana.org\/blog\/#website","url":"https:\/\/www.viaromana.org\/blog\/","name":"Viaromana et arch\u00e9ologie.","description":"Site arch\u00e9ologique de la voie romaine (viaromana) Belgique-France-Rome","publisher":{"@id":"https:\/\/www.viaromana.org\/blog\/#organization"},"potentialAction":[{"@type":"SearchAction","target":{"@type":"EntryPoint","urlTemplate":"https:\/\/www.viaromana.org\/blog\/?s={search_term_string}"},"query-input":"required name=search_term_string"}],"inLanguage":"fr-FR"},{"@type":"Organization","@id":"https:\/\/www.viaromana.org\/blog\/#organization","name":"viaromana","url":"https:\/\/www.viaromana.org\/blog\/","logo":{"@type":"ImageObject","inLanguage":"fr-FR","@id":"https:\/\/www.viaromana.org\/blog\/#\/schema\/logo\/image\/","url":"https:\/\/www.viaromana.org\/blog\/wp-content\/uploads\/2021\/12\/logo-3.png","contentUrl":"https:\/\/www.viaromana.org\/blog\/wp-content\/uploads\/2021\/12\/logo-3.png","width":300,"height":249,"caption":"viaromana"},"image":{"@id":"https:\/\/www.viaromana.org\/blog\/#\/schema\/logo\/image\/"}},{"@type":"Person","@id":"https:\/\/www.viaromana.org\/blog\/#\/schema\/person\/cde9c4655845091e1fe473fcd163c889","name":"Robert","image":{"@type":"ImageObject","inLanguage":"fr-FR","@id":"https:\/\/www.viaromana.org\/blog\/#\/schema\/person\/image\/","url":"https:\/\/secure.gravatar.com\/avatar\/a168ec191013b636c2f278aec04e724b?s=96&d=mm&r=g","contentUrl":"https:\/\/secure.gravatar.com\/avatar\/a168ec191013b636c2f278aec04e724b?s=96&d=mm&r=g","caption":"Robert"},"sameAs":["https:\/\/www.viaromana.org\/blog"],"url":"https:\/\/www.viaromana.org\/blog\/author\/anaadmin\/"}]}},"_links":{"self":[{"href":"https:\/\/www.viaromana.org\/blog\/wp-json\/wp\/v2\/posts\/1553"}],"collection":[{"href":"https:\/\/www.viaromana.org\/blog\/wp-json\/wp\/v2\/posts"}],"about":[{"href":"https:\/\/www.viaromana.org\/blog\/wp-json\/wp\/v2\/types\/post"}],"author":[{"embeddable":true,"href":"https:\/\/www.viaromana.org\/blog\/wp-json\/wp\/v2\/users\/1"}],"replies":[{"embeddable":true,"href":"https:\/\/www.viaromana.org\/blog\/wp-json\/wp\/v2\/comments?post=1553"}],"version-history":[{"count":0,"href":"https:\/\/www.viaromana.org\/blog\/wp-json\/wp\/v2\/posts\/1553\/revisions"}],"wp:attachment":[{"href":"https:\/\/www.viaromana.org\/blog\/wp-json\/wp\/v2\/media?parent=1553"}],"wp:term":[{"taxonomy":"category","embeddable":true,"href":"https:\/\/www.viaromana.org\/blog\/wp-json\/wp\/v2\/categories?post=1553"},{"taxonomy":"post_tag","embeddable":true,"href":"https:\/\/www.viaromana.org\/blog\/wp-json\/wp\/v2\/tags?post=1553"}],"curies":[{"name":"wp","href":"https:\/\/api.w.org\/{rel}","templated":true}]}}