{"id":1550,"date":"2023-02-02T14:29:04","date_gmt":"2023-02-02T13:29:04","guid":{"rendered":"https:\/\/www.site.cdcl.xyz\/2023\/02\/02\/revue-de-presse-internet-netto-ouvre-a-vannes-ville-de-vannes\/"},"modified":"2023-02-02T14:29:04","modified_gmt":"2023-02-02T13:29:04","slug":"revue-de-presse-internet-netto-ouvre-a-vannes-ville-de-vannes","status":"publish","type":"post","link":"https:\/\/www.viaromana.org\/blog\/revue-de-presse-internet-netto-ouvre-a-vannes-ville-de-vannes\/","title":{"rendered":"Revue de presse internet : Netto ouvre \u00e0 Vannes | Ville de Vannes"},"content":{"rendered":"<p>J\u2019ai vu un texte sur le web dont le propos est \u00abl\u2019arch\u00e9ologie\u00bb.<\/p>\n<p>Son titre (Netto ouvre \u00e0 Vannes | Ville de Vannes) parle de lui-m\u00eame.<\/p>\n<p> Pr\u00e9sent\u00e9 sous le nom \u00abadmin_vannes\u00bb, le journaliste est connu et fiable.<\/p>\n<p>Vous pouvez ainsi faire confiance \u00e0 cette parution.<\/p>\n<p>Le texte a \u00e9t\u00e9 diffus\u00e9 \u00e0 une date not\u00e9e 2023-02-02 14:29:04.<\/p>\n<p>Voici lle texte : <\/p>\n<div>\n<div>\n<p>Le 1<sup>er<\/sup> f\u00e9vrier, Netto a ouvert ses portes et offre d\u00e9sormais 900 m<sup>2<\/sup> de surface de vente. Ouvert du lundi au vendredi de 8h30 \u00e0 16h30, ce magasin se veut comme un commerce de proximit\u00e9.&nbsp;Dans ce quartier de Vannes, la Ville s\u2019engage \u00e0 maintenir des commerces et services proches de chacun, notamment avec le maintien de La poste et l\u2019ouverture du Netto. Disposant d\u2019une vari\u00e9t\u00e9 de produits, l\u2019objectif de ce supermarch\u00e9 est de satisfaire tout le monde, toutes les cultures. Le magasin propose un coin snacking, du pain frais, des fruits et l\u00e9gumes ainsi que des produits ethniques. De la poissonnerie \u00e0 la boucherie, ce supermarch\u00e9 est complet et vari\u00e9s afin de satisfaire la population.&nbsp;<\/p>\n<\/div>\n<\/div>\n<div>\n<div>\n<p>C\u2019est le taux de salari\u00e9s originaires de M\u00e9nimur. Dans la perspective d\u2019\u00eatre un commerce de proximit\u00e9, Netto emploie uniquement des salari\u00e9s issus de ce quartier. En d\u00e9cembre dernier, un job dating a \u00e9t\u00e9 organis\u00e9 dans la perspective d\u2019offrir \u00e0 chacun la possibilit\u00e9 d\u2019un emploi de proximit\u00e9.&nbsp;<\/p>\n<p>Par ailleurs, chaque semaine, Netto propose des promos alimentaires et non alimentaires ainsi que du d\u00e9stockage. \u00c0 noter, que des <strong>bons d\u2019achats de 5 \u00e0 50 \u20ac<\/strong> sont a gagn\u00e9s lors de cette premi\u00e8re semaine d\u2019ouverture ainsi qu\u2019<strong>un chariot de 100 \u20ac.<\/strong>&nbsp;<\/p>\n<\/div>\n<\/div>\n<p>Bibliographie :<\/p>\n<p>Recherches d\u2019arch\u00e9ologie musulmane en Tunisie.,<a target=\"_blank\" rel=\"nofollow\" href=\"https:\/\/www.viaromana.org\/blog\/goto\/https:\/\/www.epagine.fr\/ebook\/9782402513883-recherches-d-archeologie-musulmane-en-tunisie-georges-marcais\/\"  target=\"_blank\" rel=\"noopener noreferrer nofollow\">Ouvrage <\/a><span><\/span>.<\/p>\n<p>Manuel d\u2019arch\u00e9ologie \u00e9trusque et romaine.,<a target=\"_blank\" rel=\"nofollow\" href=\"https:\/\/www.viaromana.org\/blog\/goto\/https:\/\/www.kobo.com\/de\/fr\/ebook\/manuel-d-archeologie-etrusque-et-romaine\"  target=\"_blank\" rel=\"noopener noreferrer nofollow\">Le livre <\/a><span><\/span>.<\/p>\n<p>Pr\u00e9cis d\u2019arch\u00e9ologie biblique.,<a target=\"_blank\" rel=\"nofollow\" href=\"https:\/\/www.viaromana.org\/blog\/goto\/https:\/\/www.epagine.fr\/ebook\/9782307159438-precis-d-archeologie-biblique-augustin-georges-barrois\/\"  target=\"_blank\" rel=\"noopener noreferrer nofollow\">Ouvrage <\/a><span><\/span>.<\/p>\n<p>Nefertari Dream.,<a target=\"_blank\" rel=\"nofollow\" href=\"https:\/\/www.viaromana.org\/blog\/goto\/https:\/\/booknode.com\/nefertari_dream_03182825\"  target=\"_blank\" rel=\"noopener noreferrer nofollow\">Le livre <\/a><span><\/span>.<\/p>\n","protected":false},"excerpt":{"rendered":"<p>J\u2019ai vu un texte sur le web dont le propos est \u00abl\u2019arch\u00e9ologie\u00bb. Son titre (Netto ouvre \u00e0 Vannes | Ville de Vannes) parle de lui-m\u00eame. Pr\u00e9sent\u00e9 sous le nom \u00abadmin_vannes\u00bb, le journaliste est connu et fiable. Vous pouvez ainsi faire confiance \u00e0 cette parution. Le texte a \u00e9t\u00e9 diffus\u00e9 \u00e0 une date not\u00e9e 2023-02-02 14:29:04. Voici lle texte : Le 1er f\u00e9vrier, Netto a ouvert ses portes et offre d\u00e9sormais 900 m2 de surface de vente. Ouvert du lundi au vendredi de 8h30 \u00e0 16h30, ce magasin se veut comme un commerce de proximit\u00e9.&nbsp;Dans ce quartier de Vannes, la Ville\u2026<\/p>\n","protected":false},"author":1,"featured_media":0,"comment_status":"closed","ping_status":"closed","sticky":false,"template":"","format":"standard","meta":{"footnotes":""},"categories":[2],"tags":[],"blocksy_meta":{"styles_descriptor":{"styles":{"desktop":"","tablet":"","mobile":""},"google_fonts":[],"version":4}},"yoast_head":"<!-- This site is optimized with the Yoast SEO plugin v21.1 - https:\/\/yoast.com\/wordpress\/plugins\/seo\/ -->\n<title>Revue de presse internet : Netto ouvre \u00e0 Vannes | Ville de Vannes - Viaromana et arch\u00e9ologie.<\/title>\n<meta name=\"description\" content=\"Revue de presse internet : Netto ouvre \u00e0 Vannes | Ville de Vannes article de Viaromana et arch\u00e9ologie.\" \/>\n<meta name=\"robots\" content=\"index, follow, max-snippet:-1, max-image-preview:large, max-video-preview:-1\" \/>\n<link rel=\"canonical\" href=\"https:\/\/www.viaromana.org\/blog\/revue-de-presse-internet-netto-ouvre-a-vannes-ville-de-vannes\/\" \/>\n<meta property=\"og:locale\" content=\"fr_FR\" \/>\n<meta property=\"og:type\" content=\"article\" \/>\n<meta property=\"og:title\" content=\"Revue de presse internet : Netto ouvre \u00e0 Vannes | Ville de Vannes - Viaromana et arch\u00e9ologie.\" \/>\n<meta property=\"og:description\" content=\"Revue de presse internet : Netto ouvre \u00e0 Vannes | Ville de Vannes article de Viaromana et arch\u00e9ologie.\" \/>\n<meta property=\"og:url\" content=\"https:\/\/www.viaromana.org\/blog\/revue-de-presse-internet-netto-ouvre-a-vannes-ville-de-vannes\/\" \/>\n<meta property=\"og:site_name\" content=\"Viaromana et arch\u00e9ologie.\" \/>\n<meta property=\"article:published_time\" content=\"2023-02-02T13:29:04+00:00\" \/>\n<meta name=\"author\" content=\"Robert\" \/>\n<meta name=\"twitter:card\" content=\"summary_large_image\" \/>\n<meta name=\"twitter:label1\" content=\"\u00c9crit par\" \/>\n\t<meta name=\"twitter:data1\" content=\"Robert\" \/>\n\t<meta name=\"twitter:label2\" content=\"Dur\u00e9e de lecture estim\u00e9e\" \/>\n\t<meta name=\"twitter:data2\" content=\"2 minutes\" \/>\n<script type=\"application\/ld+json\" class=\"yoast-schema-graph\">{\"@context\":\"https:\/\/schema.org\",\"@graph\":[{\"@type\":\"Article\",\"@id\":\"https:\/\/www.viaromana.org\/blog\/revue-de-presse-internet-netto-ouvre-a-vannes-ville-de-vannes\/#article\",\"isPartOf\":{\"@id\":\"https:\/\/www.viaromana.org\/blog\/revue-de-presse-internet-netto-ouvre-a-vannes-ville-de-vannes\/\"},\"author\":{\"name\":\"Robert\",\"@id\":\"https:\/\/www.viaromana.org\/blog\/#\/schema\/person\/cde9c4655845091e1fe473fcd163c889\"},\"headline\":\"Revue de presse internet : Netto ouvre \u00e0 Vannes | Ville de Vannes\",\"datePublished\":\"2023-02-02T13:29:04+00:00\",\"dateModified\":\"2023-02-02T13:29:04+00:00\",\"mainEntityOfPage\":{\"@id\":\"https:\/\/www.viaromana.org\/blog\/revue-de-presse-internet-netto-ouvre-a-vannes-ville-de-vannes\/\"},\"wordCount\":319,\"publisher\":{\"@id\":\"https:\/\/www.viaromana.org\/blog\/#organization\"},\"articleSection\":[\"Arch\u00e9ologie\"],\"inLanguage\":\"fr-FR\"},{\"@type\":\"WebPage\",\"@id\":\"https:\/\/www.viaromana.org\/blog\/revue-de-presse-internet-netto-ouvre-a-vannes-ville-de-vannes\/\",\"url\":\"https:\/\/www.viaromana.org\/blog\/revue-de-presse-internet-netto-ouvre-a-vannes-ville-de-vannes\/\",\"name\":\"Revue de presse internet : Netto ouvre \u00e0 Vannes | Ville de Vannes - Viaromana et arch\u00e9ologie.\",\"isPartOf\":{\"@id\":\"https:\/\/www.viaromana.org\/blog\/#website\"},\"datePublished\":\"2023-02-02T13:29:04+00:00\",\"dateModified\":\"2023-02-02T13:29:04+00:00\",\"description\":\"Revue de presse internet : Netto ouvre \u00e0 Vannes | Ville de Vannes article de Viaromana et arch\u00e9ologie.\",\"breadcrumb\":{\"@id\":\"https:\/\/www.viaromana.org\/blog\/revue-de-presse-internet-netto-ouvre-a-vannes-ville-de-vannes\/#breadcrumb\"},\"inLanguage\":\"fr-FR\",\"potentialAction\":[{\"@type\":\"ReadAction\",\"target\":[\"https:\/\/www.viaromana.org\/blog\/revue-de-presse-internet-netto-ouvre-a-vannes-ville-de-vannes\/\"]}]},{\"@type\":\"BreadcrumbList\",\"@id\":\"https:\/\/www.viaromana.org\/blog\/revue-de-presse-internet-netto-ouvre-a-vannes-ville-de-vannes\/#breadcrumb\",\"itemListElement\":[{\"@type\":\"ListItem\",\"position\":1,\"name\":\"Accueil\",\"item\":\"https:\/\/www.viaromana.org\/blog\/\"},{\"@type\":\"ListItem\",\"position\":2,\"name\":\"Revue de presse internet : Netto ouvre \u00e0 Vannes | Ville de Vannes\"}]},{\"@type\":\"WebSite\",\"@id\":\"https:\/\/www.viaromana.org\/blog\/#website\",\"url\":\"https:\/\/www.viaromana.org\/blog\/\",\"name\":\"Viaromana et arch\u00e9ologie.\",\"description\":\"Site arch\u00e9ologique de la voie romaine (viaromana) Belgique-France-Rome\",\"publisher\":{\"@id\":\"https:\/\/www.viaromana.org\/blog\/#organization\"},\"potentialAction\":[{\"@type\":\"SearchAction\",\"target\":{\"@type\":\"EntryPoint\",\"urlTemplate\":\"https:\/\/www.viaromana.org\/blog\/?s={search_term_string}\"},\"query-input\":\"required name=search_term_string\"}],\"inLanguage\":\"fr-FR\"},{\"@type\":\"Organization\",\"@id\":\"https:\/\/www.viaromana.org\/blog\/#organization\",\"name\":\"viaromana\",\"url\":\"https:\/\/www.viaromana.org\/blog\/\",\"logo\":{\"@type\":\"ImageObject\",\"inLanguage\":\"fr-FR\",\"@id\":\"https:\/\/www.viaromana.org\/blog\/#\/schema\/logo\/image\/\",\"url\":\"https:\/\/www.viaromana.org\/blog\/wp-content\/uploads\/2021\/12\/logo-3.png\",\"contentUrl\":\"https:\/\/www.viaromana.org\/blog\/wp-content\/uploads\/2021\/12\/logo-3.png\",\"width\":300,\"height\":249,\"caption\":\"viaromana\"},\"image\":{\"@id\":\"https:\/\/www.viaromana.org\/blog\/#\/schema\/logo\/image\/\"}},{\"@type\":\"Person\",\"@id\":\"https:\/\/www.viaromana.org\/blog\/#\/schema\/person\/cde9c4655845091e1fe473fcd163c889\",\"name\":\"Robert\",\"image\":{\"@type\":\"ImageObject\",\"inLanguage\":\"fr-FR\",\"@id\":\"https:\/\/www.viaromana.org\/blog\/#\/schema\/person\/image\/\",\"url\":\"https:\/\/secure.gravatar.com\/avatar\/a168ec191013b636c2f278aec04e724b?s=96&d=mm&r=g\",\"contentUrl\":\"https:\/\/secure.gravatar.com\/avatar\/a168ec191013b636c2f278aec04e724b?s=96&d=mm&r=g\",\"caption\":\"Robert\"},\"sameAs\":[\"https:\/\/www.viaromana.org\/blog\"],\"url\":\"https:\/\/www.viaromana.org\/blog\/author\/anaadmin\/\"}]}<\/script>\n<!-- \/ Yoast SEO plugin. -->","yoast_head_json":{"title":"Revue de presse internet : Netto ouvre \u00e0 Vannes | Ville de Vannes - Viaromana et arch\u00e9ologie.","description":"Revue de presse internet : Netto ouvre \u00e0 Vannes | Ville de Vannes article de Viaromana et arch\u00e9ologie.","robots":{"index":"index","follow":"follow","max-snippet":"max-snippet:-1","max-image-preview":"max-image-preview:large","max-video-preview":"max-video-preview:-1"},"canonical":"https:\/\/www.viaromana.org\/blog\/revue-de-presse-internet-netto-ouvre-a-vannes-ville-de-vannes\/","og_locale":"fr_FR","og_type":"article","og_title":"Revue de presse internet : Netto ouvre \u00e0 Vannes | Ville de Vannes - Viaromana et arch\u00e9ologie.","og_description":"Revue de presse internet : Netto ouvre \u00e0 Vannes | Ville de Vannes article de Viaromana et arch\u00e9ologie.","og_url":"https:\/\/www.viaromana.org\/blog\/revue-de-presse-internet-netto-ouvre-a-vannes-ville-de-vannes\/","og_site_name":"Viaromana et arch\u00e9ologie.","article_published_time":"2023-02-02T13:29:04+00:00","author":"Robert","twitter_card":"summary_large_image","twitter_misc":{"\u00c9crit par":"Robert","Dur\u00e9e de lecture estim\u00e9e":"2 minutes"},"schema":{"@context":"https:\/\/schema.org","@graph":[{"@type":"Article","@id":"https:\/\/www.viaromana.org\/blog\/revue-de-presse-internet-netto-ouvre-a-vannes-ville-de-vannes\/#article","isPartOf":{"@id":"https:\/\/www.viaromana.org\/blog\/revue-de-presse-internet-netto-ouvre-a-vannes-ville-de-vannes\/"},"author":{"name":"Robert","@id":"https:\/\/www.viaromana.org\/blog\/#\/schema\/person\/cde9c4655845091e1fe473fcd163c889"},"headline":"Revue de presse internet : Netto ouvre \u00e0 Vannes | Ville de Vannes","datePublished":"2023-02-02T13:29:04+00:00","dateModified":"2023-02-02T13:29:04+00:00","mainEntityOfPage":{"@id":"https:\/\/www.viaromana.org\/blog\/revue-de-presse-internet-netto-ouvre-a-vannes-ville-de-vannes\/"},"wordCount":319,"publisher":{"@id":"https:\/\/www.viaromana.org\/blog\/#organization"},"articleSection":["Arch\u00e9ologie"],"inLanguage":"fr-FR"},{"@type":"WebPage","@id":"https:\/\/www.viaromana.org\/blog\/revue-de-presse-internet-netto-ouvre-a-vannes-ville-de-vannes\/","url":"https:\/\/www.viaromana.org\/blog\/revue-de-presse-internet-netto-ouvre-a-vannes-ville-de-vannes\/","name":"Revue de presse internet : Netto ouvre \u00e0 Vannes | Ville de Vannes - Viaromana et arch\u00e9ologie.","isPartOf":{"@id":"https:\/\/www.viaromana.org\/blog\/#website"},"datePublished":"2023-02-02T13:29:04+00:00","dateModified":"2023-02-02T13:29:04+00:00","description":"Revue de presse internet : Netto ouvre \u00e0 Vannes | Ville de Vannes article de Viaromana et arch\u00e9ologie.","breadcrumb":{"@id":"https:\/\/www.viaromana.org\/blog\/revue-de-presse-internet-netto-ouvre-a-vannes-ville-de-vannes\/#breadcrumb"},"inLanguage":"fr-FR","potentialAction":[{"@type":"ReadAction","target":["https:\/\/www.viaromana.org\/blog\/revue-de-presse-internet-netto-ouvre-a-vannes-ville-de-vannes\/"]}]},{"@type":"BreadcrumbList","@id":"https:\/\/www.viaromana.org\/blog\/revue-de-presse-internet-netto-ouvre-a-vannes-ville-de-vannes\/#breadcrumb","itemListElement":[{"@type":"ListItem","position":1,"name":"Accueil","item":"https:\/\/www.viaromana.org\/blog\/"},{"@type":"ListItem","position":2,"name":"Revue de presse internet : Netto ouvre \u00e0 Vannes | Ville de Vannes"}]},{"@type":"WebSite","@id":"https:\/\/www.viaromana.org\/blog\/#website","url":"https:\/\/www.viaromana.org\/blog\/","name":"Viaromana et arch\u00e9ologie.","description":"Site arch\u00e9ologique de la voie romaine (viaromana) Belgique-France-Rome","publisher":{"@id":"https:\/\/www.viaromana.org\/blog\/#organization"},"potentialAction":[{"@type":"SearchAction","target":{"@type":"EntryPoint","urlTemplate":"https:\/\/www.viaromana.org\/blog\/?s={search_term_string}"},"query-input":"required name=search_term_string"}],"inLanguage":"fr-FR"},{"@type":"Organization","@id":"https:\/\/www.viaromana.org\/blog\/#organization","name":"viaromana","url":"https:\/\/www.viaromana.org\/blog\/","logo":{"@type":"ImageObject","inLanguage":"fr-FR","@id":"https:\/\/www.viaromana.org\/blog\/#\/schema\/logo\/image\/","url":"https:\/\/www.viaromana.org\/blog\/wp-content\/uploads\/2021\/12\/logo-3.png","contentUrl":"https:\/\/www.viaromana.org\/blog\/wp-content\/uploads\/2021\/12\/logo-3.png","width":300,"height":249,"caption":"viaromana"},"image":{"@id":"https:\/\/www.viaromana.org\/blog\/#\/schema\/logo\/image\/"}},{"@type":"Person","@id":"https:\/\/www.viaromana.org\/blog\/#\/schema\/person\/cde9c4655845091e1fe473fcd163c889","name":"Robert","image":{"@type":"ImageObject","inLanguage":"fr-FR","@id":"https:\/\/www.viaromana.org\/blog\/#\/schema\/person\/image\/","url":"https:\/\/secure.gravatar.com\/avatar\/a168ec191013b636c2f278aec04e724b?s=96&d=mm&r=g","contentUrl":"https:\/\/secure.gravatar.com\/avatar\/a168ec191013b636c2f278aec04e724b?s=96&d=mm&r=g","caption":"Robert"},"sameAs":["https:\/\/www.viaromana.org\/blog"],"url":"https:\/\/www.viaromana.org\/blog\/author\/anaadmin\/"}]}},"_links":{"self":[{"href":"https:\/\/www.viaromana.org\/blog\/wp-json\/wp\/v2\/posts\/1550"}],"collection":[{"href":"https:\/\/www.viaromana.org\/blog\/wp-json\/wp\/v2\/posts"}],"about":[{"href":"https:\/\/www.viaromana.org\/blog\/wp-json\/wp\/v2\/types\/post"}],"author":[{"embeddable":true,"href":"https:\/\/www.viaromana.org\/blog\/wp-json\/wp\/v2\/users\/1"}],"replies":[{"embeddable":true,"href":"https:\/\/www.viaromana.org\/blog\/wp-json\/wp\/v2\/comments?post=1550"}],"version-history":[{"count":0,"href":"https:\/\/www.viaromana.org\/blog\/wp-json\/wp\/v2\/posts\/1550\/revisions"}],"wp:attachment":[{"href":"https:\/\/www.viaromana.org\/blog\/wp-json\/wp\/v2\/media?parent=1550"}],"wp:term":[{"taxonomy":"category","embeddable":true,"href":"https:\/\/www.viaromana.org\/blog\/wp-json\/wp\/v2\/categories?post=1550"},{"taxonomy":"post_tag","embeddable":true,"href":"https:\/\/www.viaromana.org\/blog\/wp-json\/wp\/v2\/tags?post=1550"}],"curies":[{"name":"wp","href":"https:\/\/api.w.org\/{rel}","templated":true}]}}