{"id":1541,"date":"2023-02-10T10:28:36","date_gmt":"2023-02-10T09:28:36","guid":{"rendered":"https:\/\/www.site.cdcl.xyz\/2023\/02\/10\/sur-internet-portes-ouvertes-du-lycee-professionnel-jean-guehenno\/"},"modified":"2023-02-10T10:28:36","modified_gmt":"2023-02-10T09:28:36","slug":"sur-internet-portes-ouvertes-du-lycee-professionnel-jean-guehenno","status":"publish","type":"post","link":"https:\/\/www.viaromana.org\/blog\/sur-internet-portes-ouvertes-du-lycee-professionnel-jean-guehenno\/","title":{"rendered":"Sur internet : Portes ouvertes du lyc\u00e9e professionnel Jean Gu\u00e9henno"},"content":{"rendered":"<p>Voici le principal d\u2019un \u00ab papier journalistique \u00bb que notre \u00e9quipe vient de trouver sur internet. Le th\u00e8me va in\u00e9vitablement vous s\u00e9duire. Car la th\u00e9matique est \u00ab&nbsp;l\u2019arch\u00e9ologie&nbsp;\u00bb.<\/p>\n<p>Son titre s\u00e9duisant (Portes ouvertes du lyc\u00e9e professionnel Jean Gu\u00e9henno) est sans ambages.<\/p>\n<p>L\u2019\u00e9ditorialiste (identifi\u00e9 sous le nom Olivier_laudrin) est reconnu comme quelqu\u2019un de s\u00e9rieux.<\/p>\n<p>Il n\u2019y a aucune raison de douter du s\u00e9rieux de ces informations.<\/p>\n<p>Le post a \u00e9t\u00e9 diffus\u00e9 \u00e0 une date indiqu\u00e9e 2023-02-10 10:28:36.<\/p>\n<p>Texte : <\/p>\n<p><span>Portes ouvertes du lyc\u00e9e professionnel Jean Gu\u00e9henno<\/span><br \/><span><span lang xml:lang>Olivier_laudrin<\/span><\/span><br \/><span>ven 10\/02\/2023 \u2013 10:28<\/span><\/p>\n<div><img decoding=\"async\" src=\"https:\/\/www.viaromana.org\/blog\/wp-content\/uploads\/2023\/02\/sur-internet-portes-ouvertes-du-lycee-professionnel-jean-guehenno.jpg\" alt><\/div>\n<div>\n<p>Le lyc\u00e9e professionnel Jean Gu\u00e9henno&nbsp;vous accueille \u00e0 l\u2019occasion de ses portes ouvertes.<\/p>\n<\/div>\n<div>\u00c9ducation<\/div>\n<div>2023-03-10<\/div>\n<div>2023-03-11<\/div>\n<div>\n<div class=\"paragraph paragraph--type--texte\">\n<div>\n<p>Portes ouvertes du lyc\u00e9e professionnel Jean Gu\u00e9henno,&nbsp;79 avenue de la Marne.<\/p>\n<ul>\n<li>Vendredi 10 mars de 17h \u00e0 20h<\/li>\n<li>Samedi 11 mars de 9h \u00e0 12h<\/li>\n<\/ul>\n<\/div>\n<\/div>\n<div class=\"paragraph paragraph--type--lien paragraph--view-mode--default\">\n<p> <span class=\"svg\"><\/span><br \/><span class=\"intitule\">lyc\u00e9e professionnel Jean Gu\u00e9henno<\/span><\/p>\n<\/div>\n<\/div>\n<div>\n<div class=\"paragraph paragraph--type--cartographie\">\n<h2>Lyc\u00e9e Professionnel Jean Gu\u00e9henno<\/h2>\n<\/p><\/div>\n<\/div>\n<div>Lyc\u00e9e Professionnel Jean Gu\u00e9henno 79 avenue de la Marne<\/div>\n<div>contact@lycee-guehenno-vannes.fr<\/div>\n<div>02 97 43 76 00<\/div>\n<div>Lyc\u00e9e Professionnel Jean Gu\u00e9henno<\/div>\n<div>\n<div>Date de d\u00e9publication<\/div>\n<div>sam 11\/03\/2023 \u2013 23:59<\/div>\n<\/div>\n<p>Bibliographie :<\/p>\n<p>Villa 4. Histoire et arch\u00e9ologie de l\u2019occident musulman (viie-xve si\u00e8cle).,<a target=\"_blank\" rel=\"nofollow\" href=\"https:\/\/www.viaromana.org\/blog\/goto\/https:\/\/www.epagine.fr\/ebook\/9782810709878-villa-4-histoire-et-archeologie-de-l-occident-musulman-viie-xve-siecle-philippe-senac\/\"  target=\"_blank\" rel=\"noopener noreferrer nofollow\">Ouvrage <\/a><span><\/span>. A emprunter en biblioth\u00e8que.<\/p>\n<p>Manuel d\u2019arch\u00e9ologie: M\u00e9thodes, objets et concepts.,<a target=\"_blank\" rel=\"nofollow\" href=\"https:\/\/www.viaromana.org\/blog\/goto\/https:\/\/booknode.com\/manuel_darcheologie_methodes_objets_et_concepts_0619572\"  target=\"_blank\" rel=\"noopener noreferrer nofollow\">Ouvrage <\/a><span><\/span>. A emprunter en biblioth\u00e8que.<\/p>\n<p>Th\u00e9orie des fant\u00f4mes ; pour une arch\u00e9ologie des images.,<a target=\"_blank\" rel=\"nofollow\" href=\"https:\/\/www.viaromana.org\/blog\/goto\/https:\/\/www.epagine.fr\/ebook\/9782251901398-theorie-des-fantomes-pour-une-archeologie-des-images-sebastien-rongier\/\"  target=\"_blank\" rel=\"noopener noreferrer nofollow\">Clicker Ici <\/a><span><\/span>.<\/p>\n<p>Mythologie positiviste et canc\u00e9risation \u00e9pist\u00e9mologique ; une arch\u00e9ologie des impostures m\u00e9thodologiques.,<a target=\"_blank\" rel=\"nofollow\" href=\"https:\/\/www.viaromana.org\/blog\/goto\/https:\/\/www.epagine.fr\/ebook\/9782140016639-mythologie-positiviste-et-cancerisation-epistemologique-une-archeologie-des-impostures-methodologiques-lune-roc-pierre-louis\/\"  target=\"_blank\" rel=\"noopener noreferrer nofollow\">Ouvrage <\/a><span><\/span>. A emprunter en biblioth\u00e8que.<\/p>\n","protected":false},"excerpt":{"rendered":"<p>Voici le principal d\u2019un \u00ab papier journalistique \u00bb que notre \u00e9quipe vient de trouver sur internet. Le th\u00e8me va in\u00e9vitablement vous s\u00e9duire. Car la th\u00e9matique est \u00ab&nbsp;l\u2019arch\u00e9ologie&nbsp;\u00bb. Son titre s\u00e9duisant (Portes ouvertes du lyc\u00e9e professionnel Jean Gu\u00e9henno) est sans ambages. L\u2019\u00e9ditorialiste (identifi\u00e9 sous le nom Olivier_laudrin) est reconnu comme quelqu\u2019un de s\u00e9rieux. Il n\u2019y a aucune raison de douter du s\u00e9rieux de ces informations. Le post a \u00e9t\u00e9 diffus\u00e9 \u00e0 une date indiqu\u00e9e 2023-02-10 10:28:36. Texte : Portes ouvertes du lyc\u00e9e professionnel Jean Gu\u00e9hennoOlivier_laudrinven 10\/02\/2023 \u2013 10:28 Le lyc\u00e9e professionnel Jean Gu\u00e9henno&nbsp;vous accueille \u00e0 l\u2019occasion de ses portes ouvertes. \u00c9ducation\u2026<\/p>\n","protected":false},"author":1,"featured_media":0,"comment_status":"closed","ping_status":"closed","sticky":false,"template":"","format":"standard","meta":{"footnotes":""},"categories":[2],"tags":[],"blocksy_meta":{"styles_descriptor":{"styles":{"desktop":"","tablet":"","mobile":""},"google_fonts":[],"version":4}},"yoast_head":"<!-- This site is optimized with the Yoast SEO plugin v21.1 - https:\/\/yoast.com\/wordpress\/plugins\/seo\/ -->\n<title>Sur internet : Portes ouvertes du lyc\u00e9e professionnel Jean Gu\u00e9henno - Viaromana et arch\u00e9ologie.<\/title>\n<meta name=\"description\" content=\"Sur internet : Portes ouvertes du lyc\u00e9e professionnel Jean Gu\u00e9henno article de Viaromana et arch\u00e9ologie.\" \/>\n<meta name=\"robots\" content=\"index, follow, max-snippet:-1, max-image-preview:large, max-video-preview:-1\" \/>\n<link rel=\"canonical\" href=\"https:\/\/www.viaromana.org\/blog\/sur-internet-portes-ouvertes-du-lycee-professionnel-jean-guehenno\/\" \/>\n<meta property=\"og:locale\" content=\"fr_FR\" \/>\n<meta property=\"og:type\" content=\"article\" \/>\n<meta property=\"og:title\" content=\"Sur internet : Portes ouvertes du lyc\u00e9e professionnel Jean Gu\u00e9henno - Viaromana et arch\u00e9ologie.\" \/>\n<meta property=\"og:description\" content=\"Sur internet : Portes ouvertes du lyc\u00e9e professionnel Jean Gu\u00e9henno article de Viaromana et arch\u00e9ologie.\" \/>\n<meta property=\"og:url\" content=\"https:\/\/www.viaromana.org\/blog\/sur-internet-portes-ouvertes-du-lycee-professionnel-jean-guehenno\/\" \/>\n<meta property=\"og:site_name\" content=\"Viaromana et arch\u00e9ologie.\" \/>\n<meta property=\"article:published_time\" content=\"2023-02-10T09:28:36+00:00\" \/>\n<meta property=\"og:image\" content=\"https:\/\/www.viaromana.org\/blog\/wp-content\/uploads\/2023\/02\/sur-internet-portes-ouvertes-du-lycee-professionnel-jean-guehenno.jpg\" \/>\n<meta name=\"author\" content=\"Robert\" \/>\n<meta name=\"twitter:card\" content=\"summary_large_image\" \/>\n<meta name=\"twitter:label1\" content=\"\u00c9crit par\" \/>\n\t<meta name=\"twitter:data1\" content=\"Robert\" \/>\n\t<meta name=\"twitter:label2\" content=\"Dur\u00e9e de lecture estim\u00e9e\" \/>\n\t<meta name=\"twitter:data2\" content=\"1 minute\" \/>\n<script type=\"application\/ld+json\" class=\"yoast-schema-graph\">{\"@context\":\"https:\/\/schema.org\",\"@graph\":[{\"@type\":\"Article\",\"@id\":\"https:\/\/www.viaromana.org\/blog\/sur-internet-portes-ouvertes-du-lycee-professionnel-jean-guehenno\/#article\",\"isPartOf\":{\"@id\":\"https:\/\/www.viaromana.org\/blog\/sur-internet-portes-ouvertes-du-lycee-professionnel-jean-guehenno\/\"},\"author\":{\"name\":\"Robert\",\"@id\":\"https:\/\/www.viaromana.org\/blog\/#\/schema\/person\/cde9c4655845091e1fe473fcd163c889\"},\"headline\":\"Sur internet : Portes ouvertes du lyc\u00e9e professionnel Jean Gu\u00e9henno\",\"datePublished\":\"2023-02-10T09:28:36+00:00\",\"dateModified\":\"2023-02-10T09:28:36+00:00\",\"mainEntityOfPage\":{\"@id\":\"https:\/\/www.viaromana.org\/blog\/sur-internet-portes-ouvertes-du-lycee-professionnel-jean-guehenno\/\"},\"wordCount\":263,\"publisher\":{\"@id\":\"https:\/\/www.viaromana.org\/blog\/#organization\"},\"articleSection\":[\"Arch\u00e9ologie\"],\"inLanguage\":\"fr-FR\"},{\"@type\":\"WebPage\",\"@id\":\"https:\/\/www.viaromana.org\/blog\/sur-internet-portes-ouvertes-du-lycee-professionnel-jean-guehenno\/\",\"url\":\"https:\/\/www.viaromana.org\/blog\/sur-internet-portes-ouvertes-du-lycee-professionnel-jean-guehenno\/\",\"name\":\"Sur internet : Portes ouvertes du lyc\u00e9e professionnel Jean Gu\u00e9henno - Viaromana et arch\u00e9ologie.\",\"isPartOf\":{\"@id\":\"https:\/\/www.viaromana.org\/blog\/#website\"},\"datePublished\":\"2023-02-10T09:28:36+00:00\",\"dateModified\":\"2023-02-10T09:28:36+00:00\",\"description\":\"Sur internet : Portes ouvertes du lyc\u00e9e professionnel Jean Gu\u00e9henno article de Viaromana et arch\u00e9ologie.\",\"breadcrumb\":{\"@id\":\"https:\/\/www.viaromana.org\/blog\/sur-internet-portes-ouvertes-du-lycee-professionnel-jean-guehenno\/#breadcrumb\"},\"inLanguage\":\"fr-FR\",\"potentialAction\":[{\"@type\":\"ReadAction\",\"target\":[\"https:\/\/www.viaromana.org\/blog\/sur-internet-portes-ouvertes-du-lycee-professionnel-jean-guehenno\/\"]}]},{\"@type\":\"BreadcrumbList\",\"@id\":\"https:\/\/www.viaromana.org\/blog\/sur-internet-portes-ouvertes-du-lycee-professionnel-jean-guehenno\/#breadcrumb\",\"itemListElement\":[{\"@type\":\"ListItem\",\"position\":1,\"name\":\"Accueil\",\"item\":\"https:\/\/www.viaromana.org\/blog\/\"},{\"@type\":\"ListItem\",\"position\":2,\"name\":\"Sur internet : Portes ouvertes du lyc\u00e9e professionnel Jean Gu\u00e9henno\"}]},{\"@type\":\"WebSite\",\"@id\":\"https:\/\/www.viaromana.org\/blog\/#website\",\"url\":\"https:\/\/www.viaromana.org\/blog\/\",\"name\":\"Viaromana et arch\u00e9ologie.\",\"description\":\"Site arch\u00e9ologique de la voie romaine (viaromana) Belgique-France-Rome\",\"publisher\":{\"@id\":\"https:\/\/www.viaromana.org\/blog\/#organization\"},\"potentialAction\":[{\"@type\":\"SearchAction\",\"target\":{\"@type\":\"EntryPoint\",\"urlTemplate\":\"https:\/\/www.viaromana.org\/blog\/?s={search_term_string}\"},\"query-input\":\"required name=search_term_string\"}],\"inLanguage\":\"fr-FR\"},{\"@type\":\"Organization\",\"@id\":\"https:\/\/www.viaromana.org\/blog\/#organization\",\"name\":\"viaromana\",\"url\":\"https:\/\/www.viaromana.org\/blog\/\",\"logo\":{\"@type\":\"ImageObject\",\"inLanguage\":\"fr-FR\",\"@id\":\"https:\/\/www.viaromana.org\/blog\/#\/schema\/logo\/image\/\",\"url\":\"https:\/\/www.viaromana.org\/blog\/wp-content\/uploads\/2021\/12\/logo-3.png\",\"contentUrl\":\"https:\/\/www.viaromana.org\/blog\/wp-content\/uploads\/2021\/12\/logo-3.png\",\"width\":300,\"height\":249,\"caption\":\"viaromana\"},\"image\":{\"@id\":\"https:\/\/www.viaromana.org\/blog\/#\/schema\/logo\/image\/\"}},{\"@type\":\"Person\",\"@id\":\"https:\/\/www.viaromana.org\/blog\/#\/schema\/person\/cde9c4655845091e1fe473fcd163c889\",\"name\":\"Robert\",\"image\":{\"@type\":\"ImageObject\",\"inLanguage\":\"fr-FR\",\"@id\":\"https:\/\/www.viaromana.org\/blog\/#\/schema\/person\/image\/\",\"url\":\"https:\/\/secure.gravatar.com\/avatar\/a168ec191013b636c2f278aec04e724b?s=96&d=mm&r=g\",\"contentUrl\":\"https:\/\/secure.gravatar.com\/avatar\/a168ec191013b636c2f278aec04e724b?s=96&d=mm&r=g\",\"caption\":\"Robert\"},\"sameAs\":[\"https:\/\/www.viaromana.org\/blog\"],\"url\":\"https:\/\/www.viaromana.org\/blog\/author\/anaadmin\/\"}]}<\/script>\n<!-- \/ Yoast SEO plugin. -->","yoast_head_json":{"title":"Sur internet : Portes ouvertes du lyc\u00e9e professionnel Jean Gu\u00e9henno - Viaromana et arch\u00e9ologie.","description":"Sur internet : Portes ouvertes du lyc\u00e9e professionnel Jean Gu\u00e9henno article de Viaromana et arch\u00e9ologie.","robots":{"index":"index","follow":"follow","max-snippet":"max-snippet:-1","max-image-preview":"max-image-preview:large","max-video-preview":"max-video-preview:-1"},"canonical":"https:\/\/www.viaromana.org\/blog\/sur-internet-portes-ouvertes-du-lycee-professionnel-jean-guehenno\/","og_locale":"fr_FR","og_type":"article","og_title":"Sur internet : Portes ouvertes du lyc\u00e9e professionnel Jean Gu\u00e9henno - Viaromana et arch\u00e9ologie.","og_description":"Sur internet : Portes ouvertes du lyc\u00e9e professionnel Jean Gu\u00e9henno article de Viaromana et arch\u00e9ologie.","og_url":"https:\/\/www.viaromana.org\/blog\/sur-internet-portes-ouvertes-du-lycee-professionnel-jean-guehenno\/","og_site_name":"Viaromana et arch\u00e9ologie.","article_published_time":"2023-02-10T09:28:36+00:00","og_image":[{"url":"https:\/\/www.viaromana.org\/blog\/wp-content\/uploads\/2023\/02\/sur-internet-portes-ouvertes-du-lycee-professionnel-jean-guehenno.jpg"}],"author":"Robert","twitter_card":"summary_large_image","twitter_misc":{"\u00c9crit par":"Robert","Dur\u00e9e de lecture estim\u00e9e":"1 minute"},"schema":{"@context":"https:\/\/schema.org","@graph":[{"@type":"Article","@id":"https:\/\/www.viaromana.org\/blog\/sur-internet-portes-ouvertes-du-lycee-professionnel-jean-guehenno\/#article","isPartOf":{"@id":"https:\/\/www.viaromana.org\/blog\/sur-internet-portes-ouvertes-du-lycee-professionnel-jean-guehenno\/"},"author":{"name":"Robert","@id":"https:\/\/www.viaromana.org\/blog\/#\/schema\/person\/cde9c4655845091e1fe473fcd163c889"},"headline":"Sur internet : Portes ouvertes du lyc\u00e9e professionnel Jean Gu\u00e9henno","datePublished":"2023-02-10T09:28:36+00:00","dateModified":"2023-02-10T09:28:36+00:00","mainEntityOfPage":{"@id":"https:\/\/www.viaromana.org\/blog\/sur-internet-portes-ouvertes-du-lycee-professionnel-jean-guehenno\/"},"wordCount":263,"publisher":{"@id":"https:\/\/www.viaromana.org\/blog\/#organization"},"articleSection":["Arch\u00e9ologie"],"inLanguage":"fr-FR"},{"@type":"WebPage","@id":"https:\/\/www.viaromana.org\/blog\/sur-internet-portes-ouvertes-du-lycee-professionnel-jean-guehenno\/","url":"https:\/\/www.viaromana.org\/blog\/sur-internet-portes-ouvertes-du-lycee-professionnel-jean-guehenno\/","name":"Sur internet : Portes ouvertes du lyc\u00e9e professionnel Jean Gu\u00e9henno - Viaromana et arch\u00e9ologie.","isPartOf":{"@id":"https:\/\/www.viaromana.org\/blog\/#website"},"datePublished":"2023-02-10T09:28:36+00:00","dateModified":"2023-02-10T09:28:36+00:00","description":"Sur internet : Portes ouvertes du lyc\u00e9e professionnel Jean Gu\u00e9henno article de Viaromana et arch\u00e9ologie.","breadcrumb":{"@id":"https:\/\/www.viaromana.org\/blog\/sur-internet-portes-ouvertes-du-lycee-professionnel-jean-guehenno\/#breadcrumb"},"inLanguage":"fr-FR","potentialAction":[{"@type":"ReadAction","target":["https:\/\/www.viaromana.org\/blog\/sur-internet-portes-ouvertes-du-lycee-professionnel-jean-guehenno\/"]}]},{"@type":"BreadcrumbList","@id":"https:\/\/www.viaromana.org\/blog\/sur-internet-portes-ouvertes-du-lycee-professionnel-jean-guehenno\/#breadcrumb","itemListElement":[{"@type":"ListItem","position":1,"name":"Accueil","item":"https:\/\/www.viaromana.org\/blog\/"},{"@type":"ListItem","position":2,"name":"Sur internet : Portes ouvertes du lyc\u00e9e professionnel Jean Gu\u00e9henno"}]},{"@type":"WebSite","@id":"https:\/\/www.viaromana.org\/blog\/#website","url":"https:\/\/www.viaromana.org\/blog\/","name":"Viaromana et arch\u00e9ologie.","description":"Site arch\u00e9ologique de la voie romaine (viaromana) Belgique-France-Rome","publisher":{"@id":"https:\/\/www.viaromana.org\/blog\/#organization"},"potentialAction":[{"@type":"SearchAction","target":{"@type":"EntryPoint","urlTemplate":"https:\/\/www.viaromana.org\/blog\/?s={search_term_string}"},"query-input":"required name=search_term_string"}],"inLanguage":"fr-FR"},{"@type":"Organization","@id":"https:\/\/www.viaromana.org\/blog\/#organization","name":"viaromana","url":"https:\/\/www.viaromana.org\/blog\/","logo":{"@type":"ImageObject","inLanguage":"fr-FR","@id":"https:\/\/www.viaromana.org\/blog\/#\/schema\/logo\/image\/","url":"https:\/\/www.viaromana.org\/blog\/wp-content\/uploads\/2021\/12\/logo-3.png","contentUrl":"https:\/\/www.viaromana.org\/blog\/wp-content\/uploads\/2021\/12\/logo-3.png","width":300,"height":249,"caption":"viaromana"},"image":{"@id":"https:\/\/www.viaromana.org\/blog\/#\/schema\/logo\/image\/"}},{"@type":"Person","@id":"https:\/\/www.viaromana.org\/blog\/#\/schema\/person\/cde9c4655845091e1fe473fcd163c889","name":"Robert","image":{"@type":"ImageObject","inLanguage":"fr-FR","@id":"https:\/\/www.viaromana.org\/blog\/#\/schema\/person\/image\/","url":"https:\/\/secure.gravatar.com\/avatar\/a168ec191013b636c2f278aec04e724b?s=96&d=mm&r=g","contentUrl":"https:\/\/secure.gravatar.com\/avatar\/a168ec191013b636c2f278aec04e724b?s=96&d=mm&r=g","caption":"Robert"},"sameAs":["https:\/\/www.viaromana.org\/blog"],"url":"https:\/\/www.viaromana.org\/blog\/author\/anaadmin\/"}]}},"_links":{"self":[{"href":"https:\/\/www.viaromana.org\/blog\/wp-json\/wp\/v2\/posts\/1541"}],"collection":[{"href":"https:\/\/www.viaromana.org\/blog\/wp-json\/wp\/v2\/posts"}],"about":[{"href":"https:\/\/www.viaromana.org\/blog\/wp-json\/wp\/v2\/types\/post"}],"author":[{"embeddable":true,"href":"https:\/\/www.viaromana.org\/blog\/wp-json\/wp\/v2\/users\/1"}],"replies":[{"embeddable":true,"href":"https:\/\/www.viaromana.org\/blog\/wp-json\/wp\/v2\/comments?post=1541"}],"version-history":[{"count":0,"href":"https:\/\/www.viaromana.org\/blog\/wp-json\/wp\/v2\/posts\/1541\/revisions"}],"wp:attachment":[{"href":"https:\/\/www.viaromana.org\/blog\/wp-json\/wp\/v2\/media?parent=1541"}],"wp:term":[{"taxonomy":"category","embeddable":true,"href":"https:\/\/www.viaromana.org\/blog\/wp-json\/wp\/v2\/categories?post=1541"},{"taxonomy":"post_tag","embeddable":true,"href":"https:\/\/www.viaromana.org\/blog\/wp-json\/wp\/v2\/tags?post=1541"}],"curies":[{"name":"wp","href":"https:\/\/api.w.org\/{rel}","templated":true}]}}