{"id":1540,"date":"2023-02-10T15:30:42","date_gmt":"2023-02-10T14:30:42","guid":{"rendered":"https:\/\/www.site.cdcl.xyz\/2023\/02\/10\/derniere-actualite-pour-les-fans-football-evenement-a-vannes-ville-de-vannes\/"},"modified":"2023-02-10T15:30:42","modified_gmt":"2023-02-10T14:30:42","slug":"derniere-actualite-pour-les-fans-football-evenement-a-vannes-ville-de-vannes","status":"publish","type":"post","link":"https:\/\/www.viaromana.org\/blog\/derniere-actualite-pour-les-fans-football-evenement-a-vannes-ville-de-vannes\/","title":{"rendered":"Derni\u00e8re actualit\u00e9 pour les fans : Football. \u00c9v\u00e9nement \u00e0 Vannes | Ville de Vannes"},"content":{"rendered":"<p>Dans le cadre de notre travail de vous informer, nous publions ci-dessous un post vu sur internet aujourd\u2019hui. Le sujet est \u00abl\u2019arch\u00e9ologie\u00bb.<\/p>\n<p>Son titre saisissant (Football. \u00c9v\u00e9nement \u00e0 Vannes | Ville de Vannes) en dit long.<\/p>\n<p> Pr\u00e9sent\u00e9 sous la signature \u00abadmin_vannes\u00bb, l\u2019\u00e9crivain est connu et fiable pour d\u2019autres posts qu\u2019il a publi\u00e9s sur internet.<\/p>\n<p>Les infos publi\u00e9es sont de ce fait per\u00e7ues cr\u00e9dibles.<\/p>\n<p>Le texte a \u00e9t\u00e9 divulgu\u00e9 \u00e0 une date not\u00e9e 2023-02-10 15:30:42.<\/p>\n<div>\n<p>Apr\u00e8s Leister, o\u00f9 ils d\u00e9fieront les Anglais (le 25 mars), <strong>c\u2019est au stade de la Rabine, \u00e0 Vannes, que les espoirs fran\u00e7ais rencontreront l\u2019Espagne, le mardi 28 mars \u00e0 18h30.<\/strong><br \/>Ces deux matchs seront retransmis en direct sur Canal+ Foot. Ils s\u2019inscrivent dans le cadre de la pr\u00e9paration \u00e0 l\u2019Euro, entam\u00e9e en septembre dernier, face \u00e0 trois adversaires qualifi\u00e9s pour la phase finale. Invaincus en quatorze rencontres, les Bleuets restent sur un succ\u00e8s en Allemagne (0\u20101) puis deux nuls contre la Belgique (2\u20102) et la Norv\u00e8ge (1\u20101).<br \/>&nbsp;<br \/>Les informations billetterie pour la rencontre France\u2010Espagne \u00e0 Vannes seront communiqu\u00e9es prochainement.<\/p>\n<\/div>\n<p>Vous aimerez aussi:<\/p>\n<p>Tr\u00e9sors ; les petites et grandes d\u00e9couvertes qui font l\u2019arch\u00e9ologie.,<a target=\"_blank\" rel=\"nofollow\" href=\"https:\/\/www.viaromana.org\/blog\/goto\/https:\/\/www.epagine.fr\/ebook\/9782081491052-tresors-les-petites-et-grandes-decouvertes-qui-font-l-archeologie-jean-paul-demoule\/\"  target=\"_blank\" rel=\"noopener noreferrer nofollow\">Le livre <\/a><span><\/span>.<\/p>\n<p>Manuel d\u2019arch\u00e9ologie \u00e9trusque et romaine.,<a target=\"_blank\" rel=\"nofollow\" href=\"https:\/\/www.viaromana.org\/blog\/goto\/https:\/\/www.kobo.com\/de\/fr\/ebook\/manuel-d-archeologie-etrusque-et-romaine\"  target=\"_blank\" rel=\"noopener noreferrer nofollow\">Le livre <\/a><span><\/span>.<\/p>\n<p>Qumran.,<a target=\"_blank\" rel=\"nofollow\" href=\"https:\/\/www.viaromana.org\/blog\/goto\/https:\/\/booknode.com\/qumran_08221\"  target=\"_blank\" rel=\"noopener noreferrer nofollow\">Le livre <\/a><span><\/span>.<\/p>\n<p>Mythologie positiviste et canc\u00e9risation \u00e9pist\u00e9mologique ; une arch\u00e9ologie des impostures m\u00e9thodologiques.,<a target=\"_blank\" rel=\"nofollow\" href=\"https:\/\/www.viaromana.org\/blog\/goto\/https:\/\/www.epagine.fr\/ebook\/9782140016639-mythologie-positiviste-et-cancerisation-epistemologique-une-archeologie-des-impostures-methodologiques-lune-roc-pierre-louis\/\"  target=\"_blank\" rel=\"noopener noreferrer nofollow\">Ouvrage <\/a><span><\/span>.<\/p>\n","protected":false},"excerpt":{"rendered":"<p>Dans le cadre de notre travail de vous informer, nous publions ci-dessous un post vu sur internet aujourd\u2019hui. Le sujet est \u00abl\u2019arch\u00e9ologie\u00bb. Son titre saisissant (Football. \u00c9v\u00e9nement \u00e0 Vannes | Ville de Vannes) en dit long. Pr\u00e9sent\u00e9 sous la signature \u00abadmin_vannes\u00bb, l\u2019\u00e9crivain est connu et fiable pour d\u2019autres posts qu\u2019il a publi\u00e9s sur internet. Les infos publi\u00e9es sont de ce fait per\u00e7ues cr\u00e9dibles. Le texte a \u00e9t\u00e9 divulgu\u00e9 \u00e0 une date not\u00e9e 2023-02-10 15:30:42. Apr\u00e8s Leister, o\u00f9 ils d\u00e9fieront les Anglais (le 25 mars), c\u2019est au stade de la Rabine, \u00e0 Vannes, que les espoirs fran\u00e7ais rencontreront l\u2019Espagne, le mardi\u2026<\/p>\n","protected":false},"author":1,"featured_media":0,"comment_status":"closed","ping_status":"closed","sticky":false,"template":"","format":"standard","meta":{"footnotes":""},"categories":[2],"tags":[],"blocksy_meta":{"styles_descriptor":{"styles":{"desktop":"","tablet":"","mobile":""},"google_fonts":[],"version":4}},"yoast_head":"<!-- This site is optimized with the Yoast SEO plugin v21.1 - https:\/\/yoast.com\/wordpress\/plugins\/seo\/ -->\n<title>Derni\u00e8re actualit\u00e9 pour les fans : Football. \u00c9v\u00e9nement \u00e0 Vannes | Ville de Vannes - Viaromana et arch\u00e9ologie.<\/title>\n<meta name=\"description\" content=\"Derni\u00e8re actualit\u00e9 pour les fans : Football. \u00c9v\u00e9nement \u00e0 Vannes | Ville de Vannes article de Viaromana et arch\u00e9ologie.\" \/>\n<meta name=\"robots\" content=\"index, follow, max-snippet:-1, max-image-preview:large, max-video-preview:-1\" \/>\n<link rel=\"canonical\" href=\"https:\/\/www.viaromana.org\/blog\/derniere-actualite-pour-les-fans-football-evenement-a-vannes-ville-de-vannes\/\" \/>\n<meta property=\"og:locale\" content=\"fr_FR\" \/>\n<meta property=\"og:type\" content=\"article\" \/>\n<meta property=\"og:title\" content=\"Derni\u00e8re actualit\u00e9 pour les fans : Football. \u00c9v\u00e9nement \u00e0 Vannes | Ville de Vannes - Viaromana et arch\u00e9ologie.\" \/>\n<meta property=\"og:description\" content=\"Derni\u00e8re actualit\u00e9 pour les fans : Football. \u00c9v\u00e9nement \u00e0 Vannes | Ville de Vannes article de Viaromana et arch\u00e9ologie.\" \/>\n<meta property=\"og:url\" content=\"https:\/\/www.viaromana.org\/blog\/derniere-actualite-pour-les-fans-football-evenement-a-vannes-ville-de-vannes\/\" \/>\n<meta property=\"og:site_name\" content=\"Viaromana et arch\u00e9ologie.\" \/>\n<meta property=\"article:published_time\" content=\"2023-02-10T14:30:42+00:00\" \/>\n<meta name=\"author\" content=\"Robert\" \/>\n<meta name=\"twitter:card\" content=\"summary_large_image\" \/>\n<meta name=\"twitter:label1\" content=\"\u00c9crit par\" \/>\n\t<meta name=\"twitter:data1\" content=\"Robert\" \/>\n\t<meta name=\"twitter:label2\" content=\"Dur\u00e9e de lecture estim\u00e9e\" \/>\n\t<meta name=\"twitter:data2\" content=\"1 minute\" \/>\n<script type=\"application\/ld+json\" class=\"yoast-schema-graph\">{\"@context\":\"https:\/\/schema.org\",\"@graph\":[{\"@type\":\"Article\",\"@id\":\"https:\/\/www.viaromana.org\/blog\/derniere-actualite-pour-les-fans-football-evenement-a-vannes-ville-de-vannes\/#article\",\"isPartOf\":{\"@id\":\"https:\/\/www.viaromana.org\/blog\/derniere-actualite-pour-les-fans-football-evenement-a-vannes-ville-de-vannes\/\"},\"author\":{\"name\":\"Robert\",\"@id\":\"https:\/\/www.viaromana.org\/blog\/#\/schema\/person\/cde9c4655845091e1fe473fcd163c889\"},\"headline\":\"Derni\u00e8re actualit\u00e9 pour les fans : Football. \u00c9v\u00e9nement \u00e0 Vannes | Ville de Vannes\",\"datePublished\":\"2023-02-10T14:30:42+00:00\",\"dateModified\":\"2023-02-10T14:30:42+00:00\",\"mainEntityOfPage\":{\"@id\":\"https:\/\/www.viaromana.org\/blog\/derniere-actualite-pour-les-fans-football-evenement-a-vannes-ville-de-vannes\/\"},\"wordCount\":247,\"publisher\":{\"@id\":\"https:\/\/www.viaromana.org\/blog\/#organization\"},\"articleSection\":[\"Arch\u00e9ologie\"],\"inLanguage\":\"fr-FR\"},{\"@type\":\"WebPage\",\"@id\":\"https:\/\/www.viaromana.org\/blog\/derniere-actualite-pour-les-fans-football-evenement-a-vannes-ville-de-vannes\/\",\"url\":\"https:\/\/www.viaromana.org\/blog\/derniere-actualite-pour-les-fans-football-evenement-a-vannes-ville-de-vannes\/\",\"name\":\"Derni\u00e8re actualit\u00e9 pour les fans : Football. \u00c9v\u00e9nement \u00e0 Vannes | Ville de Vannes - Viaromana et arch\u00e9ologie.\",\"isPartOf\":{\"@id\":\"https:\/\/www.viaromana.org\/blog\/#website\"},\"datePublished\":\"2023-02-10T14:30:42+00:00\",\"dateModified\":\"2023-02-10T14:30:42+00:00\",\"description\":\"Derni\u00e8re actualit\u00e9 pour les fans : Football. \u00c9v\u00e9nement \u00e0 Vannes | Ville de Vannes article de Viaromana et arch\u00e9ologie.\",\"breadcrumb\":{\"@id\":\"https:\/\/www.viaromana.org\/blog\/derniere-actualite-pour-les-fans-football-evenement-a-vannes-ville-de-vannes\/#breadcrumb\"},\"inLanguage\":\"fr-FR\",\"potentialAction\":[{\"@type\":\"ReadAction\",\"target\":[\"https:\/\/www.viaromana.org\/blog\/derniere-actualite-pour-les-fans-football-evenement-a-vannes-ville-de-vannes\/\"]}]},{\"@type\":\"BreadcrumbList\",\"@id\":\"https:\/\/www.viaromana.org\/blog\/derniere-actualite-pour-les-fans-football-evenement-a-vannes-ville-de-vannes\/#breadcrumb\",\"itemListElement\":[{\"@type\":\"ListItem\",\"position\":1,\"name\":\"Accueil\",\"item\":\"https:\/\/www.viaromana.org\/blog\/\"},{\"@type\":\"ListItem\",\"position\":2,\"name\":\"Derni\u00e8re actualit\u00e9 pour les fans : Football. \u00c9v\u00e9nement \u00e0 Vannes | Ville de Vannes\"}]},{\"@type\":\"WebSite\",\"@id\":\"https:\/\/www.viaromana.org\/blog\/#website\",\"url\":\"https:\/\/www.viaromana.org\/blog\/\",\"name\":\"Viaromana et arch\u00e9ologie.\",\"description\":\"Site arch\u00e9ologique de la voie romaine (viaromana) Belgique-France-Rome\",\"publisher\":{\"@id\":\"https:\/\/www.viaromana.org\/blog\/#organization\"},\"potentialAction\":[{\"@type\":\"SearchAction\",\"target\":{\"@type\":\"EntryPoint\",\"urlTemplate\":\"https:\/\/www.viaromana.org\/blog\/?s={search_term_string}\"},\"query-input\":\"required name=search_term_string\"}],\"inLanguage\":\"fr-FR\"},{\"@type\":\"Organization\",\"@id\":\"https:\/\/www.viaromana.org\/blog\/#organization\",\"name\":\"viaromana\",\"url\":\"https:\/\/www.viaromana.org\/blog\/\",\"logo\":{\"@type\":\"ImageObject\",\"inLanguage\":\"fr-FR\",\"@id\":\"https:\/\/www.viaromana.org\/blog\/#\/schema\/logo\/image\/\",\"url\":\"https:\/\/www.viaromana.org\/blog\/wp-content\/uploads\/2021\/12\/logo-3.png\",\"contentUrl\":\"https:\/\/www.viaromana.org\/blog\/wp-content\/uploads\/2021\/12\/logo-3.png\",\"width\":300,\"height\":249,\"caption\":\"viaromana\"},\"image\":{\"@id\":\"https:\/\/www.viaromana.org\/blog\/#\/schema\/logo\/image\/\"}},{\"@type\":\"Person\",\"@id\":\"https:\/\/www.viaromana.org\/blog\/#\/schema\/person\/cde9c4655845091e1fe473fcd163c889\",\"name\":\"Robert\",\"image\":{\"@type\":\"ImageObject\",\"inLanguage\":\"fr-FR\",\"@id\":\"https:\/\/www.viaromana.org\/blog\/#\/schema\/person\/image\/\",\"url\":\"https:\/\/secure.gravatar.com\/avatar\/a168ec191013b636c2f278aec04e724b?s=96&d=mm&r=g\",\"contentUrl\":\"https:\/\/secure.gravatar.com\/avatar\/a168ec191013b636c2f278aec04e724b?s=96&d=mm&r=g\",\"caption\":\"Robert\"},\"sameAs\":[\"https:\/\/www.viaromana.org\/blog\"],\"url\":\"https:\/\/www.viaromana.org\/blog\/author\/anaadmin\/\"}]}<\/script>\n<!-- \/ Yoast SEO plugin. -->","yoast_head_json":{"title":"Derni\u00e8re actualit\u00e9 pour les fans : Football. \u00c9v\u00e9nement \u00e0 Vannes | Ville de Vannes - Viaromana et arch\u00e9ologie.","description":"Derni\u00e8re actualit\u00e9 pour les fans : Football. \u00c9v\u00e9nement \u00e0 Vannes | Ville de Vannes article de Viaromana et arch\u00e9ologie.","robots":{"index":"index","follow":"follow","max-snippet":"max-snippet:-1","max-image-preview":"max-image-preview:large","max-video-preview":"max-video-preview:-1"},"canonical":"https:\/\/www.viaromana.org\/blog\/derniere-actualite-pour-les-fans-football-evenement-a-vannes-ville-de-vannes\/","og_locale":"fr_FR","og_type":"article","og_title":"Derni\u00e8re actualit\u00e9 pour les fans : Football. \u00c9v\u00e9nement \u00e0 Vannes | Ville de Vannes - Viaromana et arch\u00e9ologie.","og_description":"Derni\u00e8re actualit\u00e9 pour les fans : Football. \u00c9v\u00e9nement \u00e0 Vannes | Ville de Vannes article de Viaromana et arch\u00e9ologie.","og_url":"https:\/\/www.viaromana.org\/blog\/derniere-actualite-pour-les-fans-football-evenement-a-vannes-ville-de-vannes\/","og_site_name":"Viaromana et arch\u00e9ologie.","article_published_time":"2023-02-10T14:30:42+00:00","author":"Robert","twitter_card":"summary_large_image","twitter_misc":{"\u00c9crit par":"Robert","Dur\u00e9e de lecture estim\u00e9e":"1 minute"},"schema":{"@context":"https:\/\/schema.org","@graph":[{"@type":"Article","@id":"https:\/\/www.viaromana.org\/blog\/derniere-actualite-pour-les-fans-football-evenement-a-vannes-ville-de-vannes\/#article","isPartOf":{"@id":"https:\/\/www.viaromana.org\/blog\/derniere-actualite-pour-les-fans-football-evenement-a-vannes-ville-de-vannes\/"},"author":{"name":"Robert","@id":"https:\/\/www.viaromana.org\/blog\/#\/schema\/person\/cde9c4655845091e1fe473fcd163c889"},"headline":"Derni\u00e8re actualit\u00e9 pour les fans : Football. \u00c9v\u00e9nement \u00e0 Vannes | Ville de Vannes","datePublished":"2023-02-10T14:30:42+00:00","dateModified":"2023-02-10T14:30:42+00:00","mainEntityOfPage":{"@id":"https:\/\/www.viaromana.org\/blog\/derniere-actualite-pour-les-fans-football-evenement-a-vannes-ville-de-vannes\/"},"wordCount":247,"publisher":{"@id":"https:\/\/www.viaromana.org\/blog\/#organization"},"articleSection":["Arch\u00e9ologie"],"inLanguage":"fr-FR"},{"@type":"WebPage","@id":"https:\/\/www.viaromana.org\/blog\/derniere-actualite-pour-les-fans-football-evenement-a-vannes-ville-de-vannes\/","url":"https:\/\/www.viaromana.org\/blog\/derniere-actualite-pour-les-fans-football-evenement-a-vannes-ville-de-vannes\/","name":"Derni\u00e8re actualit\u00e9 pour les fans : Football. \u00c9v\u00e9nement \u00e0 Vannes | Ville de Vannes - Viaromana et arch\u00e9ologie.","isPartOf":{"@id":"https:\/\/www.viaromana.org\/blog\/#website"},"datePublished":"2023-02-10T14:30:42+00:00","dateModified":"2023-02-10T14:30:42+00:00","description":"Derni\u00e8re actualit\u00e9 pour les fans : Football. \u00c9v\u00e9nement \u00e0 Vannes | Ville de Vannes article de Viaromana et arch\u00e9ologie.","breadcrumb":{"@id":"https:\/\/www.viaromana.org\/blog\/derniere-actualite-pour-les-fans-football-evenement-a-vannes-ville-de-vannes\/#breadcrumb"},"inLanguage":"fr-FR","potentialAction":[{"@type":"ReadAction","target":["https:\/\/www.viaromana.org\/blog\/derniere-actualite-pour-les-fans-football-evenement-a-vannes-ville-de-vannes\/"]}]},{"@type":"BreadcrumbList","@id":"https:\/\/www.viaromana.org\/blog\/derniere-actualite-pour-les-fans-football-evenement-a-vannes-ville-de-vannes\/#breadcrumb","itemListElement":[{"@type":"ListItem","position":1,"name":"Accueil","item":"https:\/\/www.viaromana.org\/blog\/"},{"@type":"ListItem","position":2,"name":"Derni\u00e8re actualit\u00e9 pour les fans : Football. \u00c9v\u00e9nement \u00e0 Vannes | Ville de Vannes"}]},{"@type":"WebSite","@id":"https:\/\/www.viaromana.org\/blog\/#website","url":"https:\/\/www.viaromana.org\/blog\/","name":"Viaromana et arch\u00e9ologie.","description":"Site arch\u00e9ologique de la voie romaine (viaromana) Belgique-France-Rome","publisher":{"@id":"https:\/\/www.viaromana.org\/blog\/#organization"},"potentialAction":[{"@type":"SearchAction","target":{"@type":"EntryPoint","urlTemplate":"https:\/\/www.viaromana.org\/blog\/?s={search_term_string}"},"query-input":"required name=search_term_string"}],"inLanguage":"fr-FR"},{"@type":"Organization","@id":"https:\/\/www.viaromana.org\/blog\/#organization","name":"viaromana","url":"https:\/\/www.viaromana.org\/blog\/","logo":{"@type":"ImageObject","inLanguage":"fr-FR","@id":"https:\/\/www.viaromana.org\/blog\/#\/schema\/logo\/image\/","url":"https:\/\/www.viaromana.org\/blog\/wp-content\/uploads\/2021\/12\/logo-3.png","contentUrl":"https:\/\/www.viaromana.org\/blog\/wp-content\/uploads\/2021\/12\/logo-3.png","width":300,"height":249,"caption":"viaromana"},"image":{"@id":"https:\/\/www.viaromana.org\/blog\/#\/schema\/logo\/image\/"}},{"@type":"Person","@id":"https:\/\/www.viaromana.org\/blog\/#\/schema\/person\/cde9c4655845091e1fe473fcd163c889","name":"Robert","image":{"@type":"ImageObject","inLanguage":"fr-FR","@id":"https:\/\/www.viaromana.org\/blog\/#\/schema\/person\/image\/","url":"https:\/\/secure.gravatar.com\/avatar\/a168ec191013b636c2f278aec04e724b?s=96&d=mm&r=g","contentUrl":"https:\/\/secure.gravatar.com\/avatar\/a168ec191013b636c2f278aec04e724b?s=96&d=mm&r=g","caption":"Robert"},"sameAs":["https:\/\/www.viaromana.org\/blog"],"url":"https:\/\/www.viaromana.org\/blog\/author\/anaadmin\/"}]}},"_links":{"self":[{"href":"https:\/\/www.viaromana.org\/blog\/wp-json\/wp\/v2\/posts\/1540"}],"collection":[{"href":"https:\/\/www.viaromana.org\/blog\/wp-json\/wp\/v2\/posts"}],"about":[{"href":"https:\/\/www.viaromana.org\/blog\/wp-json\/wp\/v2\/types\/post"}],"author":[{"embeddable":true,"href":"https:\/\/www.viaromana.org\/blog\/wp-json\/wp\/v2\/users\/1"}],"replies":[{"embeddable":true,"href":"https:\/\/www.viaromana.org\/blog\/wp-json\/wp\/v2\/comments?post=1540"}],"version-history":[{"count":0,"href":"https:\/\/www.viaromana.org\/blog\/wp-json\/wp\/v2\/posts\/1540\/revisions"}],"wp:attachment":[{"href":"https:\/\/www.viaromana.org\/blog\/wp-json\/wp\/v2\/media?parent=1540"}],"wp:term":[{"taxonomy":"category","embeddable":true,"href":"https:\/\/www.viaromana.org\/blog\/wp-json\/wp\/v2\/categories?post=1540"},{"taxonomy":"post_tag","embeddable":true,"href":"https:\/\/www.viaromana.org\/blog\/wp-json\/wp\/v2\/tags?post=1540"}],"curies":[{"name":"wp","href":"https:\/\/api.w.org\/{rel}","templated":true}]}}