{"id":1537,"date":"2023-02-23T02:00:01","date_gmt":"2023-02-23T01:00:01","guid":{"rendered":"https:\/\/www.site.cdcl.xyz\/2023\/02\/23\/derniere-actu-pour-vous-visite-commentee-du-village-de-brangues\/"},"modified":"2023-02-23T02:00:01","modified_gmt":"2023-02-23T01:00:01","slug":"derniere-actu-pour-vous-visite-commentee-du-village-de-brangues","status":"publish","type":"post","link":"https:\/\/www.viaromana.org\/blog\/derniere-actu-pour-vous-visite-commentee-du-village-de-brangues\/","title":{"rendered":"Derni\u00e8re actu pour vous : Visite comment\u00e9e du village de Brangues"},"content":{"rendered":"<p>Fid\u00e8le \u00e0 sa mission, ce blog va vous divulguer un papier qui circule sur le web. La th\u00e9matique est \u00abl\u2019arch\u00e9ologie\u00bb.<\/p>\n<p>Le titre saisissant (Visite comment\u00e9e du village de Brangues) synth\u00e9tise tout le texte.<\/p>\n<p> Identifi\u00e9 sous la signature \u00abnodule\u00bb, l\u2019\u00e9ditorialiste est reconnu comme quelqu\u2019un de s\u00e9rieux pour d\u2019autres posts qu\u2019il a publi\u00e9s sur internet.<\/p>\n<p>Le texte peut de ce fait \u00eatre pris au s\u00e9rieux.<\/p>\n<p>Sachez que la date d\u2019\u00e9dition est 2023-02-23 02:00:01.<\/p>\n<p>Texte : <\/p>\n<div>\n<p>Il est \u00e9galement possible d\u2019opter pour le patrimoine b\u00e2ti, le patrimoine naturel, l\u2019histoire\u2026 Aucune visite ne se ressemble, les b\u00e9n\u00e9voles construirions avec vous celle de vos attentes !<\/p>\n<h2 class=\"title info-comp\">Informations compl\u00e9mentaires<\/h2>\n<dl>\n<\/dl>\n<div class=\"deals\">\n<h4>A noter<\/h4>\n<p>ou forfait de 15 \u20ac si moins de 3 personnes.<\/p>\n<\/div>\n<\/div>\n<p>Parutions sur le m\u00eame th\u00e8me:<\/p>\n<p>Une archeologie de la toute puissance ; d\u2019o\u00f9 vient A ?.,<a target=\"_blank\" rel=\"nofollow\" href=\"https:\/\/www.viaromana.org\/blog\/goto\/https:\/\/www.epagine.fr\/ebook\/9782354271084-une-archeologie-de-la-toute-puissance-d-o-vient-a-guy-le-gaufey\/\"  target=\"_blank\" rel=\"noopener noreferrer nofollow\">(la couverture) <\/a><span><\/span>.<\/p>\n<p>P\u00e9n\u00e9lope Green, Tome 4 : La tiare de Nefertiti.,<a target=\"_blank\" rel=\"nofollow\" href=\"https:\/\/www.viaromana.org\/blog\/goto\/https:\/\/booknode.com\/penelope_green_tome_4_la_tiare_de_nefertiti_0932113\"  target=\"_blank\" rel=\"noopener noreferrer nofollow\">Ouvrage <\/a><span><\/span>.<\/p>\n<p>Une histoire des repr\u00e9sentations mentales ; contribution \u00e0 une arch\u00e9ologie de la soci\u00e9t\u00e9 de la connaissance.,<a target=\"_blank\" rel=\"nofollow\" href=\"https:\/\/www.viaromana.org\/blog\/goto\/https:\/\/www.epagine.fr\/ebook\/9782296175846-une-histoire-des-representations-mentales-contribution-a-une-archeologie-de-la-societe-de-la-connaissance-claude-meyer\/\"  target=\"_blank\" rel=\"noopener noreferrer nofollow\">A voir et \u00e0 lire. <\/a><span><\/span>.<\/p>\n<p>Manuel d\u2019arch\u00e9ologie \u00e9trusque et romaine.,<a target=\"_blank\" rel=\"nofollow\" href=\"https:\/\/www.viaromana.org\/blog\/goto\/https:\/\/www.kobo.com\/de\/fr\/ebook\/manuel-d-archeologie-etrusque-et-romaine\"  target=\"_blank\" rel=\"noopener noreferrer nofollow\">Le livre <\/a><span><\/span>. Ouvrage de r\u00e9f\u00e9rence.<\/p>\n","protected":false},"excerpt":{"rendered":"<p>Fid\u00e8le \u00e0 sa mission, ce blog va vous divulguer un papier qui circule sur le web. La th\u00e9matique est \u00abl\u2019arch\u00e9ologie\u00bb. Le titre saisissant (Visite comment\u00e9e du village de Brangues) synth\u00e9tise tout le texte. Identifi\u00e9 sous la signature \u00abnodule\u00bb, l\u2019\u00e9ditorialiste est reconnu comme quelqu\u2019un de s\u00e9rieux pour d\u2019autres posts qu\u2019il a publi\u00e9s sur internet. Le texte peut de ce fait \u00eatre pris au s\u00e9rieux. Sachez que la date d\u2019\u00e9dition est 2023-02-23 02:00:01. Texte : Il est \u00e9galement possible d\u2019opter pour le patrimoine b\u00e2ti, le patrimoine naturel, l\u2019histoire\u2026 Aucune visite ne se ressemble, les b\u00e9n\u00e9voles construirions avec vous celle de vos attentes\u2026<\/p>\n","protected":false},"author":1,"featured_media":0,"comment_status":"closed","ping_status":"closed","sticky":false,"template":"","format":"standard","meta":{"footnotes":""},"categories":[2],"tags":[],"blocksy_meta":{"styles_descriptor":{"styles":{"desktop":"","tablet":"","mobile":""},"google_fonts":[],"version":4}},"yoast_head":"<!-- This site is optimized with the Yoast SEO plugin v21.1 - https:\/\/yoast.com\/wordpress\/plugins\/seo\/ -->\n<title>Derni\u00e8re actu pour vous : Visite comment\u00e9e du village de Brangues - Viaromana et arch\u00e9ologie.<\/title>\n<meta name=\"description\" content=\"Derni\u00e8re actu pour vous : Visite comment\u00e9e du village de Brangues article de Viaromana et arch\u00e9ologie.\" \/>\n<meta name=\"robots\" content=\"index, follow, max-snippet:-1, max-image-preview:large, max-video-preview:-1\" \/>\n<link rel=\"canonical\" href=\"https:\/\/www.viaromana.org\/blog\/derniere-actu-pour-vous-visite-commentee-du-village-de-brangues\/\" \/>\n<meta property=\"og:locale\" content=\"fr_FR\" \/>\n<meta property=\"og:type\" content=\"article\" \/>\n<meta property=\"og:title\" content=\"Derni\u00e8re actu pour vous : Visite comment\u00e9e du village de Brangues - Viaromana et arch\u00e9ologie.\" \/>\n<meta property=\"og:description\" content=\"Derni\u00e8re actu pour vous : Visite comment\u00e9e du village de Brangues article de Viaromana et arch\u00e9ologie.\" \/>\n<meta property=\"og:url\" content=\"https:\/\/www.viaromana.org\/blog\/derniere-actu-pour-vous-visite-commentee-du-village-de-brangues\/\" \/>\n<meta property=\"og:site_name\" content=\"Viaromana et arch\u00e9ologie.\" \/>\n<meta property=\"article:published_time\" content=\"2023-02-23T01:00:01+00:00\" \/>\n<meta name=\"author\" content=\"Robert\" \/>\n<meta name=\"twitter:card\" content=\"summary_large_image\" \/>\n<meta name=\"twitter:label1\" content=\"\u00c9crit par\" \/>\n\t<meta name=\"twitter:data1\" content=\"Robert\" \/>\n\t<meta name=\"twitter:label2\" content=\"Dur\u00e9e de lecture estim\u00e9e\" \/>\n\t<meta name=\"twitter:data2\" content=\"1 minute\" \/>\n<script type=\"application\/ld+json\" class=\"yoast-schema-graph\">{\"@context\":\"https:\/\/schema.org\",\"@graph\":[{\"@type\":\"Article\",\"@id\":\"https:\/\/www.viaromana.org\/blog\/derniere-actu-pour-vous-visite-commentee-du-village-de-brangues\/#article\",\"isPartOf\":{\"@id\":\"https:\/\/www.viaromana.org\/blog\/derniere-actu-pour-vous-visite-commentee-du-village-de-brangues\/\"},\"author\":{\"name\":\"Robert\",\"@id\":\"https:\/\/www.viaromana.org\/blog\/#\/schema\/person\/cde9c4655845091e1fe473fcd163c889\"},\"headline\":\"Derni\u00e8re actu pour vous : Visite comment\u00e9e du village de Brangues\",\"datePublished\":\"2023-02-23T01:00:01+00:00\",\"dateModified\":\"2023-02-23T01:00:01+00:00\",\"mainEntityOfPage\":{\"@id\":\"https:\/\/www.viaromana.org\/blog\/derniere-actu-pour-vous-visite-commentee-du-village-de-brangues\/\"},\"wordCount\":205,\"publisher\":{\"@id\":\"https:\/\/www.viaromana.org\/blog\/#organization\"},\"articleSection\":[\"Arch\u00e9ologie\"],\"inLanguage\":\"fr-FR\"},{\"@type\":\"WebPage\",\"@id\":\"https:\/\/www.viaromana.org\/blog\/derniere-actu-pour-vous-visite-commentee-du-village-de-brangues\/\",\"url\":\"https:\/\/www.viaromana.org\/blog\/derniere-actu-pour-vous-visite-commentee-du-village-de-brangues\/\",\"name\":\"Derni\u00e8re actu pour vous : Visite comment\u00e9e du village de Brangues - Viaromana et arch\u00e9ologie.\",\"isPartOf\":{\"@id\":\"https:\/\/www.viaromana.org\/blog\/#website\"},\"datePublished\":\"2023-02-23T01:00:01+00:00\",\"dateModified\":\"2023-02-23T01:00:01+00:00\",\"description\":\"Derni\u00e8re actu pour vous : Visite comment\u00e9e du village de Brangues article de Viaromana et arch\u00e9ologie.\",\"breadcrumb\":{\"@id\":\"https:\/\/www.viaromana.org\/blog\/derniere-actu-pour-vous-visite-commentee-du-village-de-brangues\/#breadcrumb\"},\"inLanguage\":\"fr-FR\",\"potentialAction\":[{\"@type\":\"ReadAction\",\"target\":[\"https:\/\/www.viaromana.org\/blog\/derniere-actu-pour-vous-visite-commentee-du-village-de-brangues\/\"]}]},{\"@type\":\"BreadcrumbList\",\"@id\":\"https:\/\/www.viaromana.org\/blog\/derniere-actu-pour-vous-visite-commentee-du-village-de-brangues\/#breadcrumb\",\"itemListElement\":[{\"@type\":\"ListItem\",\"position\":1,\"name\":\"Accueil\",\"item\":\"https:\/\/www.viaromana.org\/blog\/\"},{\"@type\":\"ListItem\",\"position\":2,\"name\":\"Derni\u00e8re actu pour vous : Visite comment\u00e9e du village de Brangues\"}]},{\"@type\":\"WebSite\",\"@id\":\"https:\/\/www.viaromana.org\/blog\/#website\",\"url\":\"https:\/\/www.viaromana.org\/blog\/\",\"name\":\"Viaromana et arch\u00e9ologie.\",\"description\":\"Site arch\u00e9ologique de la voie romaine (viaromana) Belgique-France-Rome\",\"publisher\":{\"@id\":\"https:\/\/www.viaromana.org\/blog\/#organization\"},\"potentialAction\":[{\"@type\":\"SearchAction\",\"target\":{\"@type\":\"EntryPoint\",\"urlTemplate\":\"https:\/\/www.viaromana.org\/blog\/?s={search_term_string}\"},\"query-input\":\"required name=search_term_string\"}],\"inLanguage\":\"fr-FR\"},{\"@type\":\"Organization\",\"@id\":\"https:\/\/www.viaromana.org\/blog\/#organization\",\"name\":\"viaromana\",\"url\":\"https:\/\/www.viaromana.org\/blog\/\",\"logo\":{\"@type\":\"ImageObject\",\"inLanguage\":\"fr-FR\",\"@id\":\"https:\/\/www.viaromana.org\/blog\/#\/schema\/logo\/image\/\",\"url\":\"https:\/\/www.viaromana.org\/blog\/wp-content\/uploads\/2021\/12\/logo-3.png\",\"contentUrl\":\"https:\/\/www.viaromana.org\/blog\/wp-content\/uploads\/2021\/12\/logo-3.png\",\"width\":300,\"height\":249,\"caption\":\"viaromana\"},\"image\":{\"@id\":\"https:\/\/www.viaromana.org\/blog\/#\/schema\/logo\/image\/\"}},{\"@type\":\"Person\",\"@id\":\"https:\/\/www.viaromana.org\/blog\/#\/schema\/person\/cde9c4655845091e1fe473fcd163c889\",\"name\":\"Robert\",\"image\":{\"@type\":\"ImageObject\",\"inLanguage\":\"fr-FR\",\"@id\":\"https:\/\/www.viaromana.org\/blog\/#\/schema\/person\/image\/\",\"url\":\"https:\/\/secure.gravatar.com\/avatar\/a168ec191013b636c2f278aec04e724b?s=96&d=mm&r=g\",\"contentUrl\":\"https:\/\/secure.gravatar.com\/avatar\/a168ec191013b636c2f278aec04e724b?s=96&d=mm&r=g\",\"caption\":\"Robert\"},\"sameAs\":[\"https:\/\/www.viaromana.org\/blog\"],\"url\":\"https:\/\/www.viaromana.org\/blog\/author\/anaadmin\/\"}]}<\/script>\n<!-- \/ Yoast SEO plugin. -->","yoast_head_json":{"title":"Derni\u00e8re actu pour vous : Visite comment\u00e9e du village de Brangues - Viaromana et arch\u00e9ologie.","description":"Derni\u00e8re actu pour vous : Visite comment\u00e9e du village de Brangues article de Viaromana et arch\u00e9ologie.","robots":{"index":"index","follow":"follow","max-snippet":"max-snippet:-1","max-image-preview":"max-image-preview:large","max-video-preview":"max-video-preview:-1"},"canonical":"https:\/\/www.viaromana.org\/blog\/derniere-actu-pour-vous-visite-commentee-du-village-de-brangues\/","og_locale":"fr_FR","og_type":"article","og_title":"Derni\u00e8re actu pour vous : Visite comment\u00e9e du village de Brangues - Viaromana et arch\u00e9ologie.","og_description":"Derni\u00e8re actu pour vous : Visite comment\u00e9e du village de Brangues article de Viaromana et arch\u00e9ologie.","og_url":"https:\/\/www.viaromana.org\/blog\/derniere-actu-pour-vous-visite-commentee-du-village-de-brangues\/","og_site_name":"Viaromana et arch\u00e9ologie.","article_published_time":"2023-02-23T01:00:01+00:00","author":"Robert","twitter_card":"summary_large_image","twitter_misc":{"\u00c9crit par":"Robert","Dur\u00e9e de lecture estim\u00e9e":"1 minute"},"schema":{"@context":"https:\/\/schema.org","@graph":[{"@type":"Article","@id":"https:\/\/www.viaromana.org\/blog\/derniere-actu-pour-vous-visite-commentee-du-village-de-brangues\/#article","isPartOf":{"@id":"https:\/\/www.viaromana.org\/blog\/derniere-actu-pour-vous-visite-commentee-du-village-de-brangues\/"},"author":{"name":"Robert","@id":"https:\/\/www.viaromana.org\/blog\/#\/schema\/person\/cde9c4655845091e1fe473fcd163c889"},"headline":"Derni\u00e8re actu pour vous : Visite comment\u00e9e du village de Brangues","datePublished":"2023-02-23T01:00:01+00:00","dateModified":"2023-02-23T01:00:01+00:00","mainEntityOfPage":{"@id":"https:\/\/www.viaromana.org\/blog\/derniere-actu-pour-vous-visite-commentee-du-village-de-brangues\/"},"wordCount":205,"publisher":{"@id":"https:\/\/www.viaromana.org\/blog\/#organization"},"articleSection":["Arch\u00e9ologie"],"inLanguage":"fr-FR"},{"@type":"WebPage","@id":"https:\/\/www.viaromana.org\/blog\/derniere-actu-pour-vous-visite-commentee-du-village-de-brangues\/","url":"https:\/\/www.viaromana.org\/blog\/derniere-actu-pour-vous-visite-commentee-du-village-de-brangues\/","name":"Derni\u00e8re actu pour vous : Visite comment\u00e9e du village de Brangues - Viaromana et arch\u00e9ologie.","isPartOf":{"@id":"https:\/\/www.viaromana.org\/blog\/#website"},"datePublished":"2023-02-23T01:00:01+00:00","dateModified":"2023-02-23T01:00:01+00:00","description":"Derni\u00e8re actu pour vous : Visite comment\u00e9e du village de Brangues article de Viaromana et arch\u00e9ologie.","breadcrumb":{"@id":"https:\/\/www.viaromana.org\/blog\/derniere-actu-pour-vous-visite-commentee-du-village-de-brangues\/#breadcrumb"},"inLanguage":"fr-FR","potentialAction":[{"@type":"ReadAction","target":["https:\/\/www.viaromana.org\/blog\/derniere-actu-pour-vous-visite-commentee-du-village-de-brangues\/"]}]},{"@type":"BreadcrumbList","@id":"https:\/\/www.viaromana.org\/blog\/derniere-actu-pour-vous-visite-commentee-du-village-de-brangues\/#breadcrumb","itemListElement":[{"@type":"ListItem","position":1,"name":"Accueil","item":"https:\/\/www.viaromana.org\/blog\/"},{"@type":"ListItem","position":2,"name":"Derni\u00e8re actu pour vous : Visite comment\u00e9e du village de Brangues"}]},{"@type":"WebSite","@id":"https:\/\/www.viaromana.org\/blog\/#website","url":"https:\/\/www.viaromana.org\/blog\/","name":"Viaromana et arch\u00e9ologie.","description":"Site arch\u00e9ologique de la voie romaine (viaromana) Belgique-France-Rome","publisher":{"@id":"https:\/\/www.viaromana.org\/blog\/#organization"},"potentialAction":[{"@type":"SearchAction","target":{"@type":"EntryPoint","urlTemplate":"https:\/\/www.viaromana.org\/blog\/?s={search_term_string}"},"query-input":"required name=search_term_string"}],"inLanguage":"fr-FR"},{"@type":"Organization","@id":"https:\/\/www.viaromana.org\/blog\/#organization","name":"viaromana","url":"https:\/\/www.viaromana.org\/blog\/","logo":{"@type":"ImageObject","inLanguage":"fr-FR","@id":"https:\/\/www.viaromana.org\/blog\/#\/schema\/logo\/image\/","url":"https:\/\/www.viaromana.org\/blog\/wp-content\/uploads\/2021\/12\/logo-3.png","contentUrl":"https:\/\/www.viaromana.org\/blog\/wp-content\/uploads\/2021\/12\/logo-3.png","width":300,"height":249,"caption":"viaromana"},"image":{"@id":"https:\/\/www.viaromana.org\/blog\/#\/schema\/logo\/image\/"}},{"@type":"Person","@id":"https:\/\/www.viaromana.org\/blog\/#\/schema\/person\/cde9c4655845091e1fe473fcd163c889","name":"Robert","image":{"@type":"ImageObject","inLanguage":"fr-FR","@id":"https:\/\/www.viaromana.org\/blog\/#\/schema\/person\/image\/","url":"https:\/\/secure.gravatar.com\/avatar\/a168ec191013b636c2f278aec04e724b?s=96&d=mm&r=g","contentUrl":"https:\/\/secure.gravatar.com\/avatar\/a168ec191013b636c2f278aec04e724b?s=96&d=mm&r=g","caption":"Robert"},"sameAs":["https:\/\/www.viaromana.org\/blog"],"url":"https:\/\/www.viaromana.org\/blog\/author\/anaadmin\/"}]}},"_links":{"self":[{"href":"https:\/\/www.viaromana.org\/blog\/wp-json\/wp\/v2\/posts\/1537"}],"collection":[{"href":"https:\/\/www.viaromana.org\/blog\/wp-json\/wp\/v2\/posts"}],"about":[{"href":"https:\/\/www.viaromana.org\/blog\/wp-json\/wp\/v2\/types\/post"}],"author":[{"embeddable":true,"href":"https:\/\/www.viaromana.org\/blog\/wp-json\/wp\/v2\/users\/1"}],"replies":[{"embeddable":true,"href":"https:\/\/www.viaromana.org\/blog\/wp-json\/wp\/v2\/comments?post=1537"}],"version-history":[{"count":0,"href":"https:\/\/www.viaromana.org\/blog\/wp-json\/wp\/v2\/posts\/1537\/revisions"}],"wp:attachment":[{"href":"https:\/\/www.viaromana.org\/blog\/wp-json\/wp\/v2\/media?parent=1537"}],"wp:term":[{"taxonomy":"category","embeddable":true,"href":"https:\/\/www.viaromana.org\/blog\/wp-json\/wp\/v2\/categories?post=1537"},{"taxonomy":"post_tag","embeddable":true,"href":"https:\/\/www.viaromana.org\/blog\/wp-json\/wp\/v2\/tags?post=1537"}],"curies":[{"name":"wp","href":"https:\/\/api.w.org\/{rel}","templated":true}]}}