{"id":1529,"date":"2023-02-16T15:07:17","date_gmt":"2023-02-16T14:07:17","guid":{"rendered":"https:\/\/www.site.cdcl.xyz\/2023\/02\/16\/a-voir-ce-papier-le-romantisme-au-feminin-ville-de-vannes\/"},"modified":"2023-02-16T15:07:17","modified_gmt":"2023-02-16T14:07:17","slug":"a-voir-ce-papier-le-romantisme-au-feminin-ville-de-vannes","status":"publish","type":"post","link":"https:\/\/www.viaromana.org\/blog\/a-voir-ce-papier-le-romantisme-au-feminin-ville-de-vannes\/","title":{"rendered":"A voir ce papier : Le Romantisme au f\u00e9minin | Ville de Vannes"},"content":{"rendered":"<p>Un fois de plus, ce site va vous livrer un encart assez complet qui circule sur le web. Le propos est \u00abl\u2019arch\u00e9ologie\u00bb.<\/p>\n<p>Son titre (Le Romantisme au f\u00e9minin | Ville de Vannes) en dit long.<\/p>\n<p>L\u2019\u00e9ditorialiste (pr\u00e9sent\u00e9 sous la signature Olivier_laudrin) est positivement connu pour plusieurs autres articles qu\u2019il a publi\u00e9s sur internet.<\/p>\n<p>Vous pouvez de ce fait faire confiance \u00e0 cette parution.<\/p>\n<p>Texte : <\/p>\n<div>\n<div>\n<p>Au travers d\u2019un r\u00e9pertoire de duos et de trios de Clara Schumann, Fanny Mendelssohn, Mel Bonis et Rita Strohl, ce concert-conf\u00e9rence prouve \u00e0 quel point le long oubli des compositrices dans l\u2019histoire de la musique fut injuste. Ces \u0153uvres du XIXe si\u00e8cle et du tout d\u00e9but du XXe si\u00e8cle c\u00e9l\u00e8brent le romantisme le plus audacieux et ouvrent sur l\u2019impressionnisme et la modernit\u00e9. Les pi\u00e8ces jou\u00e9es par St\u00e9phane Charles (violon), Sandrine Joulet (piano) et Kristina Omnes (violoncelle) sont introduites et comment\u00e9es par le musicologue Guillaume Kosmicki.<\/p>\n<p>Entr\u00e9e libre dans la limite des places disponibles<br \/>&nbsp;<\/p>\n<\/div>\n<\/div>\n<p>Bibliographie :<\/p>\n<p>Recherches arch\u00e9ologiques au coeur de Forum Iulii : Les fouilles dans le groupe \u00e9piscopal de Fr\u00e9jus et ses abords (1979-1989).,<a target=\"_blank\" rel=\"nofollow\" href=\"https:\/\/www.viaromana.org\/blog\/goto\/https:\/\/booknode.com\/recherches_archeologiques_au_coeur_de_forum_iulii_les_fouilles_dans_le_groupe_episcopal_de_frejus_et_ses_abords_1979_1989_01293133\"  target=\"_blank\" rel=\"noopener noreferrer nofollow\">(la couverture) <\/a><span><\/span>.<\/p>\n<p>Paris en 1200 ; histoire et arch\u00e9ologie d\u2019une capitale fortifi\u00e9e par Philippe Auguste.,<a target=\"_blank\" rel=\"nofollow\" href=\"https:\/\/www.viaromana.org\/blog\/goto\/https:\/\/www.epagine.fr\/ebook\/9782271123084-paris-en-1200-histoire-et-archeologie-d-une-capitale-fortifiee-par-philippe-auguste-denis-hayot\/\"  target=\"_blank\" rel=\"noopener noreferrer nofollow\">(la couverture) <\/a><span><\/span>.<\/p>\n<p>REVUE ARCHEOLOGIQUE DE L\u2019EST n.40 ; l\u2019homme et son environnement : des lacs, des montagnes et des rivi\u00e8res ; bulles d\u2019arch\u00e9ologie offertes \u00e0 Andr\u00e9 Marguet.,<a target=\"_blank\" rel=\"nofollow\" href=\"https:\/\/www.viaromana.org\/blog\/goto\/https:\/\/www.epagine.fr\/ebook\/9782915544763-revue-archeologique-de-l-est-n-40-l-homme-et-son-environnement-des-lacs-des-montagnes-et-des-rivieres-bulles-d-archeologie-offertes-a-andre-marguet-revue-archeologique-de-l-est\/\"  target=\"_blank\" rel=\"noopener noreferrer nofollow\">Ouvrage <\/a><span><\/span>.<\/p>\n<p>Paix et communaut\u00e9s autour de l\u2019abbaye de Cluny.,<a target=\"_blank\" rel=\"nofollow\" href=\"https:\/\/www.viaromana.org\/blog\/goto\/https:\/\/www.kobo.com\/de\/fr\/ebook\/paix-et-communautes-autour-de-l-abbaye-de-cluny\"  target=\"_blank\" rel=\"noopener noreferrer nofollow\">livre de r\u00e9f\u00e9rence <\/a><span><\/span>.<\/p>\n","protected":false},"excerpt":{"rendered":"<p>Un fois de plus, ce site va vous livrer un encart assez complet qui circule sur le web. Le propos est \u00abl\u2019arch\u00e9ologie\u00bb. Son titre (Le Romantisme au f\u00e9minin | Ville de Vannes) en dit long. L\u2019\u00e9ditorialiste (pr\u00e9sent\u00e9 sous la signature Olivier_laudrin) est positivement connu pour plusieurs autres articles qu\u2019il a publi\u00e9s sur internet. Vous pouvez de ce fait faire confiance \u00e0 cette parution. Texte : Au travers d\u2019un r\u00e9pertoire de duos et de trios de Clara Schumann, Fanny Mendelssohn, Mel Bonis et Rita Strohl, ce concert-conf\u00e9rence prouve \u00e0 quel point le long oubli des compositrices dans l\u2019histoire de la musique\u2026<\/p>\n","protected":false},"author":1,"featured_media":0,"comment_status":"closed","ping_status":"closed","sticky":false,"template":"","format":"standard","meta":{"footnotes":""},"categories":[2],"tags":[],"blocksy_meta":{"styles_descriptor":{"styles":{"desktop":"","tablet":"","mobile":""},"google_fonts":[],"version":4}},"yoast_head":"<!-- This site is optimized with the Yoast SEO plugin v21.1 - https:\/\/yoast.com\/wordpress\/plugins\/seo\/ -->\n<title>A voir ce papier : Le Romantisme au f\u00e9minin | Ville de Vannes - Viaromana et arch\u00e9ologie.<\/title>\n<meta name=\"description\" content=\"A voir ce papier : Le Romantisme au f\u00e9minin | Ville de Vannes article de Viaromana et arch\u00e9ologie.\" \/>\n<meta name=\"robots\" content=\"index, follow, max-snippet:-1, max-image-preview:large, max-video-preview:-1\" \/>\n<link rel=\"canonical\" href=\"https:\/\/www.viaromana.org\/blog\/a-voir-ce-papier-le-romantisme-au-feminin-ville-de-vannes\/\" \/>\n<meta property=\"og:locale\" content=\"fr_FR\" \/>\n<meta property=\"og:type\" content=\"article\" \/>\n<meta property=\"og:title\" content=\"A voir ce papier : Le Romantisme au f\u00e9minin | Ville de Vannes - Viaromana et arch\u00e9ologie.\" \/>\n<meta property=\"og:description\" content=\"A voir ce papier : Le Romantisme au f\u00e9minin | Ville de Vannes article de Viaromana et arch\u00e9ologie.\" \/>\n<meta property=\"og:url\" content=\"https:\/\/www.viaromana.org\/blog\/a-voir-ce-papier-le-romantisme-au-feminin-ville-de-vannes\/\" \/>\n<meta property=\"og:site_name\" content=\"Viaromana et arch\u00e9ologie.\" \/>\n<meta property=\"article:published_time\" content=\"2023-02-16T14:07:17+00:00\" \/>\n<meta name=\"author\" content=\"Robert\" \/>\n<meta name=\"twitter:card\" content=\"summary_large_image\" \/>\n<meta name=\"twitter:label1\" content=\"\u00c9crit par\" \/>\n\t<meta name=\"twitter:data1\" content=\"Robert\" \/>\n\t<meta name=\"twitter:label2\" content=\"Dur\u00e9e de lecture estim\u00e9e\" \/>\n\t<meta name=\"twitter:data2\" content=\"1 minute\" \/>\n<script type=\"application\/ld+json\" class=\"yoast-schema-graph\">{\"@context\":\"https:\/\/schema.org\",\"@graph\":[{\"@type\":\"Article\",\"@id\":\"https:\/\/www.viaromana.org\/blog\/a-voir-ce-papier-le-romantisme-au-feminin-ville-de-vannes\/#article\",\"isPartOf\":{\"@id\":\"https:\/\/www.viaromana.org\/blog\/a-voir-ce-papier-le-romantisme-au-feminin-ville-de-vannes\/\"},\"author\":{\"name\":\"Robert\",\"@id\":\"https:\/\/www.viaromana.org\/blog\/#\/schema\/person\/cde9c4655845091e1fe473fcd163c889\"},\"headline\":\"A voir ce papier : Le Romantisme au f\u00e9minin | Ville de Vannes\",\"datePublished\":\"2023-02-16T14:07:17+00:00\",\"dateModified\":\"2023-02-16T14:07:17+00:00\",\"mainEntityOfPage\":{\"@id\":\"https:\/\/www.viaromana.org\/blog\/a-voir-ce-papier-le-romantisme-au-feminin-ville-de-vannes\/\"},\"wordCount\":272,\"publisher\":{\"@id\":\"https:\/\/www.viaromana.org\/blog\/#organization\"},\"articleSection\":[\"Arch\u00e9ologie\"],\"inLanguage\":\"fr-FR\"},{\"@type\":\"WebPage\",\"@id\":\"https:\/\/www.viaromana.org\/blog\/a-voir-ce-papier-le-romantisme-au-feminin-ville-de-vannes\/\",\"url\":\"https:\/\/www.viaromana.org\/blog\/a-voir-ce-papier-le-romantisme-au-feminin-ville-de-vannes\/\",\"name\":\"A voir ce papier : Le Romantisme au f\u00e9minin | Ville de Vannes - Viaromana et arch\u00e9ologie.\",\"isPartOf\":{\"@id\":\"https:\/\/www.viaromana.org\/blog\/#website\"},\"datePublished\":\"2023-02-16T14:07:17+00:00\",\"dateModified\":\"2023-02-16T14:07:17+00:00\",\"description\":\"A voir ce papier : Le Romantisme au f\u00e9minin | Ville de Vannes article de Viaromana et arch\u00e9ologie.\",\"breadcrumb\":{\"@id\":\"https:\/\/www.viaromana.org\/blog\/a-voir-ce-papier-le-romantisme-au-feminin-ville-de-vannes\/#breadcrumb\"},\"inLanguage\":\"fr-FR\",\"potentialAction\":[{\"@type\":\"ReadAction\",\"target\":[\"https:\/\/www.viaromana.org\/blog\/a-voir-ce-papier-le-romantisme-au-feminin-ville-de-vannes\/\"]}]},{\"@type\":\"BreadcrumbList\",\"@id\":\"https:\/\/www.viaromana.org\/blog\/a-voir-ce-papier-le-romantisme-au-feminin-ville-de-vannes\/#breadcrumb\",\"itemListElement\":[{\"@type\":\"ListItem\",\"position\":1,\"name\":\"Accueil\",\"item\":\"https:\/\/www.viaromana.org\/blog\/\"},{\"@type\":\"ListItem\",\"position\":2,\"name\":\"A voir ce papier : Le Romantisme au f\u00e9minin | Ville de Vannes\"}]},{\"@type\":\"WebSite\",\"@id\":\"https:\/\/www.viaromana.org\/blog\/#website\",\"url\":\"https:\/\/www.viaromana.org\/blog\/\",\"name\":\"Viaromana et arch\u00e9ologie.\",\"description\":\"Site arch\u00e9ologique de la voie romaine (viaromana) Belgique-France-Rome\",\"publisher\":{\"@id\":\"https:\/\/www.viaromana.org\/blog\/#organization\"},\"potentialAction\":[{\"@type\":\"SearchAction\",\"target\":{\"@type\":\"EntryPoint\",\"urlTemplate\":\"https:\/\/www.viaromana.org\/blog\/?s={search_term_string}\"},\"query-input\":\"required name=search_term_string\"}],\"inLanguage\":\"fr-FR\"},{\"@type\":\"Organization\",\"@id\":\"https:\/\/www.viaromana.org\/blog\/#organization\",\"name\":\"viaromana\",\"url\":\"https:\/\/www.viaromana.org\/blog\/\",\"logo\":{\"@type\":\"ImageObject\",\"inLanguage\":\"fr-FR\",\"@id\":\"https:\/\/www.viaromana.org\/blog\/#\/schema\/logo\/image\/\",\"url\":\"https:\/\/www.viaromana.org\/blog\/wp-content\/uploads\/2021\/12\/logo-3.png\",\"contentUrl\":\"https:\/\/www.viaromana.org\/blog\/wp-content\/uploads\/2021\/12\/logo-3.png\",\"width\":300,\"height\":249,\"caption\":\"viaromana\"},\"image\":{\"@id\":\"https:\/\/www.viaromana.org\/blog\/#\/schema\/logo\/image\/\"}},{\"@type\":\"Person\",\"@id\":\"https:\/\/www.viaromana.org\/blog\/#\/schema\/person\/cde9c4655845091e1fe473fcd163c889\",\"name\":\"Robert\",\"image\":{\"@type\":\"ImageObject\",\"inLanguage\":\"fr-FR\",\"@id\":\"https:\/\/www.viaromana.org\/blog\/#\/schema\/person\/image\/\",\"url\":\"https:\/\/secure.gravatar.com\/avatar\/a168ec191013b636c2f278aec04e724b?s=96&d=mm&r=g\",\"contentUrl\":\"https:\/\/secure.gravatar.com\/avatar\/a168ec191013b636c2f278aec04e724b?s=96&d=mm&r=g\",\"caption\":\"Robert\"},\"sameAs\":[\"https:\/\/www.viaromana.org\/blog\"],\"url\":\"https:\/\/www.viaromana.org\/blog\/author\/anaadmin\/\"}]}<\/script>\n<!-- \/ Yoast SEO plugin. -->","yoast_head_json":{"title":"A voir ce papier : Le Romantisme au f\u00e9minin | Ville de Vannes - Viaromana et arch\u00e9ologie.","description":"A voir ce papier : Le Romantisme au f\u00e9minin | Ville de Vannes article de Viaromana et arch\u00e9ologie.","robots":{"index":"index","follow":"follow","max-snippet":"max-snippet:-1","max-image-preview":"max-image-preview:large","max-video-preview":"max-video-preview:-1"},"canonical":"https:\/\/www.viaromana.org\/blog\/a-voir-ce-papier-le-romantisme-au-feminin-ville-de-vannes\/","og_locale":"fr_FR","og_type":"article","og_title":"A voir ce papier : Le Romantisme au f\u00e9minin | Ville de Vannes - Viaromana et arch\u00e9ologie.","og_description":"A voir ce papier : Le Romantisme au f\u00e9minin | Ville de Vannes article de Viaromana et arch\u00e9ologie.","og_url":"https:\/\/www.viaromana.org\/blog\/a-voir-ce-papier-le-romantisme-au-feminin-ville-de-vannes\/","og_site_name":"Viaromana et arch\u00e9ologie.","article_published_time":"2023-02-16T14:07:17+00:00","author":"Robert","twitter_card":"summary_large_image","twitter_misc":{"\u00c9crit par":"Robert","Dur\u00e9e de lecture estim\u00e9e":"1 minute"},"schema":{"@context":"https:\/\/schema.org","@graph":[{"@type":"Article","@id":"https:\/\/www.viaromana.org\/blog\/a-voir-ce-papier-le-romantisme-au-feminin-ville-de-vannes\/#article","isPartOf":{"@id":"https:\/\/www.viaromana.org\/blog\/a-voir-ce-papier-le-romantisme-au-feminin-ville-de-vannes\/"},"author":{"name":"Robert","@id":"https:\/\/www.viaromana.org\/blog\/#\/schema\/person\/cde9c4655845091e1fe473fcd163c889"},"headline":"A voir ce papier : Le Romantisme au f\u00e9minin | Ville de Vannes","datePublished":"2023-02-16T14:07:17+00:00","dateModified":"2023-02-16T14:07:17+00:00","mainEntityOfPage":{"@id":"https:\/\/www.viaromana.org\/blog\/a-voir-ce-papier-le-romantisme-au-feminin-ville-de-vannes\/"},"wordCount":272,"publisher":{"@id":"https:\/\/www.viaromana.org\/blog\/#organization"},"articleSection":["Arch\u00e9ologie"],"inLanguage":"fr-FR"},{"@type":"WebPage","@id":"https:\/\/www.viaromana.org\/blog\/a-voir-ce-papier-le-romantisme-au-feminin-ville-de-vannes\/","url":"https:\/\/www.viaromana.org\/blog\/a-voir-ce-papier-le-romantisme-au-feminin-ville-de-vannes\/","name":"A voir ce papier : Le Romantisme au f\u00e9minin | Ville de Vannes - Viaromana et arch\u00e9ologie.","isPartOf":{"@id":"https:\/\/www.viaromana.org\/blog\/#website"},"datePublished":"2023-02-16T14:07:17+00:00","dateModified":"2023-02-16T14:07:17+00:00","description":"A voir ce papier : Le Romantisme au f\u00e9minin | Ville de Vannes article de Viaromana et arch\u00e9ologie.","breadcrumb":{"@id":"https:\/\/www.viaromana.org\/blog\/a-voir-ce-papier-le-romantisme-au-feminin-ville-de-vannes\/#breadcrumb"},"inLanguage":"fr-FR","potentialAction":[{"@type":"ReadAction","target":["https:\/\/www.viaromana.org\/blog\/a-voir-ce-papier-le-romantisme-au-feminin-ville-de-vannes\/"]}]},{"@type":"BreadcrumbList","@id":"https:\/\/www.viaromana.org\/blog\/a-voir-ce-papier-le-romantisme-au-feminin-ville-de-vannes\/#breadcrumb","itemListElement":[{"@type":"ListItem","position":1,"name":"Accueil","item":"https:\/\/www.viaromana.org\/blog\/"},{"@type":"ListItem","position":2,"name":"A voir ce papier : Le Romantisme au f\u00e9minin | Ville de Vannes"}]},{"@type":"WebSite","@id":"https:\/\/www.viaromana.org\/blog\/#website","url":"https:\/\/www.viaromana.org\/blog\/","name":"Viaromana et arch\u00e9ologie.","description":"Site arch\u00e9ologique de la voie romaine (viaromana) Belgique-France-Rome","publisher":{"@id":"https:\/\/www.viaromana.org\/blog\/#organization"},"potentialAction":[{"@type":"SearchAction","target":{"@type":"EntryPoint","urlTemplate":"https:\/\/www.viaromana.org\/blog\/?s={search_term_string}"},"query-input":"required name=search_term_string"}],"inLanguage":"fr-FR"},{"@type":"Organization","@id":"https:\/\/www.viaromana.org\/blog\/#organization","name":"viaromana","url":"https:\/\/www.viaromana.org\/blog\/","logo":{"@type":"ImageObject","inLanguage":"fr-FR","@id":"https:\/\/www.viaromana.org\/blog\/#\/schema\/logo\/image\/","url":"https:\/\/www.viaromana.org\/blog\/wp-content\/uploads\/2021\/12\/logo-3.png","contentUrl":"https:\/\/www.viaromana.org\/blog\/wp-content\/uploads\/2021\/12\/logo-3.png","width":300,"height":249,"caption":"viaromana"},"image":{"@id":"https:\/\/www.viaromana.org\/blog\/#\/schema\/logo\/image\/"}},{"@type":"Person","@id":"https:\/\/www.viaromana.org\/blog\/#\/schema\/person\/cde9c4655845091e1fe473fcd163c889","name":"Robert","image":{"@type":"ImageObject","inLanguage":"fr-FR","@id":"https:\/\/www.viaromana.org\/blog\/#\/schema\/person\/image\/","url":"https:\/\/secure.gravatar.com\/avatar\/a168ec191013b636c2f278aec04e724b?s=96&d=mm&r=g","contentUrl":"https:\/\/secure.gravatar.com\/avatar\/a168ec191013b636c2f278aec04e724b?s=96&d=mm&r=g","caption":"Robert"},"sameAs":["https:\/\/www.viaromana.org\/blog"],"url":"https:\/\/www.viaromana.org\/blog\/author\/anaadmin\/"}]}},"_links":{"self":[{"href":"https:\/\/www.viaromana.org\/blog\/wp-json\/wp\/v2\/posts\/1529"}],"collection":[{"href":"https:\/\/www.viaromana.org\/blog\/wp-json\/wp\/v2\/posts"}],"about":[{"href":"https:\/\/www.viaromana.org\/blog\/wp-json\/wp\/v2\/types\/post"}],"author":[{"embeddable":true,"href":"https:\/\/www.viaromana.org\/blog\/wp-json\/wp\/v2\/users\/1"}],"replies":[{"embeddable":true,"href":"https:\/\/www.viaromana.org\/blog\/wp-json\/wp\/v2\/comments?post=1529"}],"version-history":[{"count":0,"href":"https:\/\/www.viaromana.org\/blog\/wp-json\/wp\/v2\/posts\/1529\/revisions"}],"wp:attachment":[{"href":"https:\/\/www.viaromana.org\/blog\/wp-json\/wp\/v2\/media?parent=1529"}],"wp:term":[{"taxonomy":"category","embeddable":true,"href":"https:\/\/www.viaromana.org\/blog\/wp-json\/wp\/v2\/categories?post=1529"},{"taxonomy":"post_tag","embeddable":true,"href":"https:\/\/www.viaromana.org\/blog\/wp-json\/wp\/v2\/tags?post=1529"}],"curies":[{"name":"wp","href":"https:\/\/api.w.org\/{rel}","templated":true}]}}