{"id":1527,"date":"2023-02-16T16:19:49","date_gmt":"2023-02-16T15:19:49","guid":{"rendered":"https:\/\/www.site.cdcl.xyz\/2023\/02\/16\/derniere-actualite-toute-fraiche-programmation-culturelle-fevrier-2023-a-juin-2023\/"},"modified":"2023-02-16T16:19:49","modified_gmt":"2023-02-16T15:19:49","slug":"derniere-actualite-toute-fraiche-programmation-culturelle-fevrier-2023-a-juin-2023","status":"publish","type":"post","link":"https:\/\/www.viaromana.org\/blog\/derniere-actualite-toute-fraiche-programmation-culturelle-fevrier-2023-a-juin-2023\/","title":{"rendered":"Derni\u00e8re actualit\u00e9 toute fraiche : Programmation culturelle \u2013 F\u00e9vrier 2023 \u00e0 Juin 2023"},"content":{"rendered":"<p>Dans le cadre de notre t\u00e2che de vous informer, nous publions ci-dessous un papier vu sur internet ce jour. La th\u00e9matique est \u00abl\u2019arch\u00e9ologie\u00bb.<\/p>\n<p>Le titre saisissant (Programmation culturelle \u2013 F\u00e9vrier 2023 \u00e0 Juin 2023) parle de lui-m\u00eame.<\/p>\n<p> Identifi\u00e9 sous le nom \u00abthierry\u00bb, l\u2019\u00e9crivain est positivement connu pour d\u2019autres \u00e9ditoriaux qu\u2019il a publi\u00e9s sur le web.<\/p>\n<p>L\u2019\u00e9ditorial peut ainsi \u00eatre pris au s\u00e9rieux.<\/p>\n<p>Le texte a \u00e9t\u00e9 \u00e9dit\u00e9 \u00e0 une date not\u00e9e 2023-02-16 16:19:49.<\/p>\n<p>Texte mentionn\u00e9 : <\/p>\n<div>\n<p>Exposition Le Beau Si\u00e8cle au mus\u00e9e des beaux-arts et d\u2019arch\u00e9ologie de Besan\u00e7on du 10 novembre 2022 au 19 mars 2023. Toute la vie artistique \u00e0 Besan\u00e7on, de la conqu\u00eate \u00e0 la R\u00e9volution (1674- 1792)<br \/>#besan\u00e7on #mus\u00e9e #museum #exposition #lebeausi\u00e8cle #18emesiecle #besanconboosteurdebonheur #icicestbesac<\/p>\n<\/div>\n<p>Bibliographie :<\/p>\n<p>Recherches arch\u00e9ologiques en Angola ; pr\u00e9histoire, art rupestre, arch\u00e9ologie fun\u00e9raire.,<a target=\"_blank\" rel=\"nofollow\" href=\"https:\/\/www.viaromana.org\/blog\/goto\/https:\/\/www.epagine.fr\/ebook\/9782296200371-recherches-archeologiques-en-angola-prehistoire-art-rupestre-archeologie-funeraire-manuel-gutierrez\/\"  target=\"_blank\" rel=\"noopener noreferrer nofollow\">Le livre <\/a><span><\/span>. Ouvrage de r\u00e9f\u00e9rence.<\/p>\n<p>Pour une histoire de l\u2019arch\u00e9ologie XVIIIe si\u00e8cle \u2013 1945.,<a target=\"_blank\" rel=\"nofollow\" href=\"https:\/\/www.viaromana.org\/blog\/goto\/https:\/\/www.kobo.com\/de\/fr\/ebook\/pour-une-histoire-de-l-archeologie-xviiie-siecle-1945\"  target=\"_blank\" rel=\"noopener noreferrer nofollow\">Le livre <\/a><span><\/span>.<\/p>\n<p>Un coin de Haute-Provence, C\u00e9reste au cours des si\u00e8cles : histoire, art, arch\u00e9ologie.,<a target=\"_blank\" rel=\"nofollow\" href=\"https:\/\/www.viaromana.org\/blog\/goto\/https:\/\/www.epagine.fr\/ebook\/9782307002505-un-coin-de-haute-provence-cereste-au-cours-des-siecles-histoire-art-archeologie-helia-vigne-d-octon\/\"  target=\"_blank\" rel=\"noopener noreferrer nofollow\">livre de r\u00e9f\u00e9rence <\/a><span><\/span>.<\/p>\n<p>Perun, dieu slave de l\u2019orage.,<a target=\"_blank\" rel=\"nofollow\" href=\"https:\/\/www.viaromana.org\/blog\/goto\/https:\/\/www.kobo.com\/de\/fr\/ebook\/perun-dieu-slave-de-l-orage\"  target=\"_blank\" rel=\"noopener noreferrer nofollow\">Clicker Ici <\/a><span><\/span>.<\/p>\n","protected":false},"excerpt":{"rendered":"<p>Dans le cadre de notre t\u00e2che de vous informer, nous publions ci-dessous un papier vu sur internet ce jour. La th\u00e9matique est \u00abl\u2019arch\u00e9ologie\u00bb. Le titre saisissant (Programmation culturelle \u2013 F\u00e9vrier 2023 \u00e0 Juin 2023) parle de lui-m\u00eame. Identifi\u00e9 sous le nom \u00abthierry\u00bb, l\u2019\u00e9crivain est positivement connu pour d\u2019autres \u00e9ditoriaux qu\u2019il a publi\u00e9s sur le web. L\u2019\u00e9ditorial peut ainsi \u00eatre pris au s\u00e9rieux. Le texte a \u00e9t\u00e9 \u00e9dit\u00e9 \u00e0 une date not\u00e9e 2023-02-16 16:19:49. Texte mentionn\u00e9 : Exposition Le Beau Si\u00e8cle au mus\u00e9e des beaux-arts et d\u2019arch\u00e9ologie de Besan\u00e7on du 10 novembre 2022 au 19 mars 2023. Toute la vie artistique\u2026<\/p>\n","protected":false},"author":1,"featured_media":0,"comment_status":"closed","ping_status":"closed","sticky":false,"template":"","format":"standard","meta":{"footnotes":""},"categories":[2],"tags":[],"blocksy_meta":{"styles_descriptor":{"styles":{"desktop":"","tablet":"","mobile":""},"google_fonts":[],"version":4}},"yoast_head":"<!-- This site is optimized with the Yoast SEO plugin v21.1 - https:\/\/yoast.com\/wordpress\/plugins\/seo\/ -->\n<title>Derni\u00e8re actualit\u00e9 toute fraiche : Programmation culturelle \u2013 F\u00e9vrier 2023 \u00e0 Juin 2023 - Viaromana et arch\u00e9ologie.<\/title>\n<meta name=\"description\" content=\"Derni\u00e8re actualit\u00e9 toute fraiche : Programmation culturelle \u2013 F\u00e9vrier 2023 \u00e0 Juin 2023 article de Viaromana et arch\u00e9ologie.\" \/>\n<meta name=\"robots\" content=\"index, follow, max-snippet:-1, max-image-preview:large, max-video-preview:-1\" \/>\n<link rel=\"canonical\" href=\"https:\/\/www.viaromana.org\/blog\/derniere-actualite-toute-fraiche-programmation-culturelle-fevrier-2023-a-juin-2023\/\" \/>\n<meta property=\"og:locale\" content=\"fr_FR\" \/>\n<meta property=\"og:type\" content=\"article\" \/>\n<meta property=\"og:title\" content=\"Derni\u00e8re actualit\u00e9 toute fraiche : Programmation culturelle \u2013 F\u00e9vrier 2023 \u00e0 Juin 2023 - Viaromana et arch\u00e9ologie.\" \/>\n<meta property=\"og:description\" content=\"Derni\u00e8re actualit\u00e9 toute fraiche : Programmation culturelle \u2013 F\u00e9vrier 2023 \u00e0 Juin 2023 article de Viaromana et arch\u00e9ologie.\" \/>\n<meta property=\"og:url\" content=\"https:\/\/www.viaromana.org\/blog\/derniere-actualite-toute-fraiche-programmation-culturelle-fevrier-2023-a-juin-2023\/\" \/>\n<meta property=\"og:site_name\" content=\"Viaromana et arch\u00e9ologie.\" \/>\n<meta property=\"article:published_time\" content=\"2023-02-16T15:19:49+00:00\" \/>\n<meta name=\"author\" content=\"Robert\" \/>\n<meta name=\"twitter:card\" content=\"summary_large_image\" \/>\n<meta name=\"twitter:label1\" content=\"\u00c9crit par\" \/>\n\t<meta name=\"twitter:data1\" content=\"Robert\" \/>\n\t<meta name=\"twitter:label2\" content=\"Dur\u00e9e de lecture estim\u00e9e\" \/>\n\t<meta name=\"twitter:data2\" content=\"1 minute\" \/>\n<script type=\"application\/ld+json\" class=\"yoast-schema-graph\">{\"@context\":\"https:\/\/schema.org\",\"@graph\":[{\"@type\":\"Article\",\"@id\":\"https:\/\/www.viaromana.org\/blog\/derniere-actualite-toute-fraiche-programmation-culturelle-fevrier-2023-a-juin-2023\/#article\",\"isPartOf\":{\"@id\":\"https:\/\/www.viaromana.org\/blog\/derniere-actualite-toute-fraiche-programmation-culturelle-fevrier-2023-a-juin-2023\/\"},\"author\":{\"name\":\"Robert\",\"@id\":\"https:\/\/www.viaromana.org\/blog\/#\/schema\/person\/cde9c4655845091e1fe473fcd163c889\"},\"headline\":\"Derni\u00e8re actualit\u00e9 toute fraiche : Programmation culturelle \u2013 F\u00e9vrier 2023 \u00e0 Juin 2023\",\"datePublished\":\"2023-02-16T15:19:49+00:00\",\"dateModified\":\"2023-02-16T15:19:49+00:00\",\"mainEntityOfPage\":{\"@id\":\"https:\/\/www.viaromana.org\/blog\/derniere-actualite-toute-fraiche-programmation-culturelle-fevrier-2023-a-juin-2023\/\"},\"wordCount\":200,\"publisher\":{\"@id\":\"https:\/\/www.viaromana.org\/blog\/#organization\"},\"articleSection\":[\"Arch\u00e9ologie\"],\"inLanguage\":\"fr-FR\"},{\"@type\":\"WebPage\",\"@id\":\"https:\/\/www.viaromana.org\/blog\/derniere-actualite-toute-fraiche-programmation-culturelle-fevrier-2023-a-juin-2023\/\",\"url\":\"https:\/\/www.viaromana.org\/blog\/derniere-actualite-toute-fraiche-programmation-culturelle-fevrier-2023-a-juin-2023\/\",\"name\":\"Derni\u00e8re actualit\u00e9 toute fraiche : Programmation culturelle \u2013 F\u00e9vrier 2023 \u00e0 Juin 2023 - Viaromana et arch\u00e9ologie.\",\"isPartOf\":{\"@id\":\"https:\/\/www.viaromana.org\/blog\/#website\"},\"datePublished\":\"2023-02-16T15:19:49+00:00\",\"dateModified\":\"2023-02-16T15:19:49+00:00\",\"description\":\"Derni\u00e8re actualit\u00e9 toute fraiche : Programmation culturelle \u2013 F\u00e9vrier 2023 \u00e0 Juin 2023 article de Viaromana et arch\u00e9ologie.\",\"breadcrumb\":{\"@id\":\"https:\/\/www.viaromana.org\/blog\/derniere-actualite-toute-fraiche-programmation-culturelle-fevrier-2023-a-juin-2023\/#breadcrumb\"},\"inLanguage\":\"fr-FR\",\"potentialAction\":[{\"@type\":\"ReadAction\",\"target\":[\"https:\/\/www.viaromana.org\/blog\/derniere-actualite-toute-fraiche-programmation-culturelle-fevrier-2023-a-juin-2023\/\"]}]},{\"@type\":\"BreadcrumbList\",\"@id\":\"https:\/\/www.viaromana.org\/blog\/derniere-actualite-toute-fraiche-programmation-culturelle-fevrier-2023-a-juin-2023\/#breadcrumb\",\"itemListElement\":[{\"@type\":\"ListItem\",\"position\":1,\"name\":\"Accueil\",\"item\":\"https:\/\/www.viaromana.org\/blog\/\"},{\"@type\":\"ListItem\",\"position\":2,\"name\":\"Derni\u00e8re actualit\u00e9 toute fraiche : Programmation culturelle \u2013 F\u00e9vrier 2023 \u00e0 Juin 2023\"}]},{\"@type\":\"WebSite\",\"@id\":\"https:\/\/www.viaromana.org\/blog\/#website\",\"url\":\"https:\/\/www.viaromana.org\/blog\/\",\"name\":\"Viaromana et arch\u00e9ologie.\",\"description\":\"Site arch\u00e9ologique de la voie romaine (viaromana) Belgique-France-Rome\",\"publisher\":{\"@id\":\"https:\/\/www.viaromana.org\/blog\/#organization\"},\"potentialAction\":[{\"@type\":\"SearchAction\",\"target\":{\"@type\":\"EntryPoint\",\"urlTemplate\":\"https:\/\/www.viaromana.org\/blog\/?s={search_term_string}\"},\"query-input\":\"required name=search_term_string\"}],\"inLanguage\":\"fr-FR\"},{\"@type\":\"Organization\",\"@id\":\"https:\/\/www.viaromana.org\/blog\/#organization\",\"name\":\"viaromana\",\"url\":\"https:\/\/www.viaromana.org\/blog\/\",\"logo\":{\"@type\":\"ImageObject\",\"inLanguage\":\"fr-FR\",\"@id\":\"https:\/\/www.viaromana.org\/blog\/#\/schema\/logo\/image\/\",\"url\":\"https:\/\/www.viaromana.org\/blog\/wp-content\/uploads\/2021\/12\/logo-3.png\",\"contentUrl\":\"https:\/\/www.viaromana.org\/blog\/wp-content\/uploads\/2021\/12\/logo-3.png\",\"width\":300,\"height\":249,\"caption\":\"viaromana\"},\"image\":{\"@id\":\"https:\/\/www.viaromana.org\/blog\/#\/schema\/logo\/image\/\"}},{\"@type\":\"Person\",\"@id\":\"https:\/\/www.viaromana.org\/blog\/#\/schema\/person\/cde9c4655845091e1fe473fcd163c889\",\"name\":\"Robert\",\"image\":{\"@type\":\"ImageObject\",\"inLanguage\":\"fr-FR\",\"@id\":\"https:\/\/www.viaromana.org\/blog\/#\/schema\/person\/image\/\",\"url\":\"https:\/\/secure.gravatar.com\/avatar\/a168ec191013b636c2f278aec04e724b?s=96&d=mm&r=g\",\"contentUrl\":\"https:\/\/secure.gravatar.com\/avatar\/a168ec191013b636c2f278aec04e724b?s=96&d=mm&r=g\",\"caption\":\"Robert\"},\"sameAs\":[\"https:\/\/www.viaromana.org\/blog\"],\"url\":\"https:\/\/www.viaromana.org\/blog\/author\/anaadmin\/\"}]}<\/script>\n<!-- \/ Yoast SEO plugin. -->","yoast_head_json":{"title":"Derni\u00e8re actualit\u00e9 toute fraiche : Programmation culturelle \u2013 F\u00e9vrier 2023 \u00e0 Juin 2023 - Viaromana et arch\u00e9ologie.","description":"Derni\u00e8re actualit\u00e9 toute fraiche : Programmation culturelle \u2013 F\u00e9vrier 2023 \u00e0 Juin 2023 article de Viaromana et arch\u00e9ologie.","robots":{"index":"index","follow":"follow","max-snippet":"max-snippet:-1","max-image-preview":"max-image-preview:large","max-video-preview":"max-video-preview:-1"},"canonical":"https:\/\/www.viaromana.org\/blog\/derniere-actualite-toute-fraiche-programmation-culturelle-fevrier-2023-a-juin-2023\/","og_locale":"fr_FR","og_type":"article","og_title":"Derni\u00e8re actualit\u00e9 toute fraiche : Programmation culturelle \u2013 F\u00e9vrier 2023 \u00e0 Juin 2023 - Viaromana et arch\u00e9ologie.","og_description":"Derni\u00e8re actualit\u00e9 toute fraiche : Programmation culturelle \u2013 F\u00e9vrier 2023 \u00e0 Juin 2023 article de Viaromana et arch\u00e9ologie.","og_url":"https:\/\/www.viaromana.org\/blog\/derniere-actualite-toute-fraiche-programmation-culturelle-fevrier-2023-a-juin-2023\/","og_site_name":"Viaromana et arch\u00e9ologie.","article_published_time":"2023-02-16T15:19:49+00:00","author":"Robert","twitter_card":"summary_large_image","twitter_misc":{"\u00c9crit par":"Robert","Dur\u00e9e de lecture estim\u00e9e":"1 minute"},"schema":{"@context":"https:\/\/schema.org","@graph":[{"@type":"Article","@id":"https:\/\/www.viaromana.org\/blog\/derniere-actualite-toute-fraiche-programmation-culturelle-fevrier-2023-a-juin-2023\/#article","isPartOf":{"@id":"https:\/\/www.viaromana.org\/blog\/derniere-actualite-toute-fraiche-programmation-culturelle-fevrier-2023-a-juin-2023\/"},"author":{"name":"Robert","@id":"https:\/\/www.viaromana.org\/blog\/#\/schema\/person\/cde9c4655845091e1fe473fcd163c889"},"headline":"Derni\u00e8re actualit\u00e9 toute fraiche : Programmation culturelle \u2013 F\u00e9vrier 2023 \u00e0 Juin 2023","datePublished":"2023-02-16T15:19:49+00:00","dateModified":"2023-02-16T15:19:49+00:00","mainEntityOfPage":{"@id":"https:\/\/www.viaromana.org\/blog\/derniere-actualite-toute-fraiche-programmation-culturelle-fevrier-2023-a-juin-2023\/"},"wordCount":200,"publisher":{"@id":"https:\/\/www.viaromana.org\/blog\/#organization"},"articleSection":["Arch\u00e9ologie"],"inLanguage":"fr-FR"},{"@type":"WebPage","@id":"https:\/\/www.viaromana.org\/blog\/derniere-actualite-toute-fraiche-programmation-culturelle-fevrier-2023-a-juin-2023\/","url":"https:\/\/www.viaromana.org\/blog\/derniere-actualite-toute-fraiche-programmation-culturelle-fevrier-2023-a-juin-2023\/","name":"Derni\u00e8re actualit\u00e9 toute fraiche : Programmation culturelle \u2013 F\u00e9vrier 2023 \u00e0 Juin 2023 - Viaromana et arch\u00e9ologie.","isPartOf":{"@id":"https:\/\/www.viaromana.org\/blog\/#website"},"datePublished":"2023-02-16T15:19:49+00:00","dateModified":"2023-02-16T15:19:49+00:00","description":"Derni\u00e8re actualit\u00e9 toute fraiche : Programmation culturelle \u2013 F\u00e9vrier 2023 \u00e0 Juin 2023 article de Viaromana et arch\u00e9ologie.","breadcrumb":{"@id":"https:\/\/www.viaromana.org\/blog\/derniere-actualite-toute-fraiche-programmation-culturelle-fevrier-2023-a-juin-2023\/#breadcrumb"},"inLanguage":"fr-FR","potentialAction":[{"@type":"ReadAction","target":["https:\/\/www.viaromana.org\/blog\/derniere-actualite-toute-fraiche-programmation-culturelle-fevrier-2023-a-juin-2023\/"]}]},{"@type":"BreadcrumbList","@id":"https:\/\/www.viaromana.org\/blog\/derniere-actualite-toute-fraiche-programmation-culturelle-fevrier-2023-a-juin-2023\/#breadcrumb","itemListElement":[{"@type":"ListItem","position":1,"name":"Accueil","item":"https:\/\/www.viaromana.org\/blog\/"},{"@type":"ListItem","position":2,"name":"Derni\u00e8re actualit\u00e9 toute fraiche : Programmation culturelle \u2013 F\u00e9vrier 2023 \u00e0 Juin 2023"}]},{"@type":"WebSite","@id":"https:\/\/www.viaromana.org\/blog\/#website","url":"https:\/\/www.viaromana.org\/blog\/","name":"Viaromana et arch\u00e9ologie.","description":"Site arch\u00e9ologique de la voie romaine (viaromana) Belgique-France-Rome","publisher":{"@id":"https:\/\/www.viaromana.org\/blog\/#organization"},"potentialAction":[{"@type":"SearchAction","target":{"@type":"EntryPoint","urlTemplate":"https:\/\/www.viaromana.org\/blog\/?s={search_term_string}"},"query-input":"required name=search_term_string"}],"inLanguage":"fr-FR"},{"@type":"Organization","@id":"https:\/\/www.viaromana.org\/blog\/#organization","name":"viaromana","url":"https:\/\/www.viaromana.org\/blog\/","logo":{"@type":"ImageObject","inLanguage":"fr-FR","@id":"https:\/\/www.viaromana.org\/blog\/#\/schema\/logo\/image\/","url":"https:\/\/www.viaromana.org\/blog\/wp-content\/uploads\/2021\/12\/logo-3.png","contentUrl":"https:\/\/www.viaromana.org\/blog\/wp-content\/uploads\/2021\/12\/logo-3.png","width":300,"height":249,"caption":"viaromana"},"image":{"@id":"https:\/\/www.viaromana.org\/blog\/#\/schema\/logo\/image\/"}},{"@type":"Person","@id":"https:\/\/www.viaromana.org\/blog\/#\/schema\/person\/cde9c4655845091e1fe473fcd163c889","name":"Robert","image":{"@type":"ImageObject","inLanguage":"fr-FR","@id":"https:\/\/www.viaromana.org\/blog\/#\/schema\/person\/image\/","url":"https:\/\/secure.gravatar.com\/avatar\/a168ec191013b636c2f278aec04e724b?s=96&d=mm&r=g","contentUrl":"https:\/\/secure.gravatar.com\/avatar\/a168ec191013b636c2f278aec04e724b?s=96&d=mm&r=g","caption":"Robert"},"sameAs":["https:\/\/www.viaromana.org\/blog"],"url":"https:\/\/www.viaromana.org\/blog\/author\/anaadmin\/"}]}},"_links":{"self":[{"href":"https:\/\/www.viaromana.org\/blog\/wp-json\/wp\/v2\/posts\/1527"}],"collection":[{"href":"https:\/\/www.viaromana.org\/blog\/wp-json\/wp\/v2\/posts"}],"about":[{"href":"https:\/\/www.viaromana.org\/blog\/wp-json\/wp\/v2\/types\/post"}],"author":[{"embeddable":true,"href":"https:\/\/www.viaromana.org\/blog\/wp-json\/wp\/v2\/users\/1"}],"replies":[{"embeddable":true,"href":"https:\/\/www.viaromana.org\/blog\/wp-json\/wp\/v2\/comments?post=1527"}],"version-history":[{"count":0,"href":"https:\/\/www.viaromana.org\/blog\/wp-json\/wp\/v2\/posts\/1527\/revisions"}],"wp:attachment":[{"href":"https:\/\/www.viaromana.org\/blog\/wp-json\/wp\/v2\/media?parent=1527"}],"wp:term":[{"taxonomy":"category","embeddable":true,"href":"https:\/\/www.viaromana.org\/blog\/wp-json\/wp\/v2\/categories?post=1527"},{"taxonomy":"post_tag","embeddable":true,"href":"https:\/\/www.viaromana.org\/blog\/wp-json\/wp\/v2\/tags?post=1527"}],"curies":[{"name":"wp","href":"https:\/\/api.w.org\/{rel}","templated":true}]}}