{"id":1522,"date":"2023-02-21T10:16:59","date_gmt":"2023-02-21T09:16:59","guid":{"rendered":"https:\/\/www.site.cdcl.xyz\/2023\/02\/21\/revue-de-presse-internet-la-semaine-du-golfe-ville-de-vannes\/"},"modified":"2023-02-21T10:16:59","modified_gmt":"2023-02-21T09:16:59","slug":"revue-de-presse-internet-la-semaine-du-golfe-ville-de-vannes","status":"publish","type":"post","link":"https:\/\/www.viaromana.org\/blog\/revue-de-presse-internet-la-semaine-du-golfe-ville-de-vannes\/","title":{"rendered":"Revue de presse internet : La semaine du golfe | Ville de Vannes"},"content":{"rendered":"<p>Nous allons tout vous r\u00e9v\u00e9ler sur ce papier qui vient de para\u00eetre, dont la th\u00e9matique est \u00abl\u2019arch\u00e9ologie\u00bb.<\/p>\n<p>Le titre suggestif (La semaine du golfe | Ville de Vannes) synth\u00e9tise tout l\u2019article.<\/p>\n<p> Pr\u00e9sent\u00e9 sous la signature \u00abadmin_vannes\u00bb, le pigiste est positivement connu pour plusieurs autres encarts qu\u2019il a publi\u00e9s sur internet.<\/p>\n<p>Vous pouvez par cons\u00e9quent donner du cr\u00e9dit \u00e0 cette publication.<\/p>\n<p>L\u2019encart a \u00e9t\u00e9 \u00e9dit\u00e9 \u00e0 une date indiqu\u00e9e 2023-02-21 10:16:59.<\/p>\n<div>\n<div>\n<p>Du 15 au 21 mai 2023, La Semaine du Golfe du Morbihan est de retour pour sa 12<sup>\u00e8<\/sup> \u00e9dition.&nbsp;<\/p>\n<p>Cette semaine est un rendez-vous du patrimoine et de la culture maritime&nbsp;ouvert \u00e0 l\u2019international, une manifestation \u201c\u00e9clat\u00e9e\u201d qui&nbsp;associe l\u2019ensemble des sites naturels de la \u201cPetite Mer\u201d (Mor Bihan en breton).<br \/>Plus d\u2019un millier de bateaux traditionnels et classiques, r\u00e9partis&nbsp;en 10 flottilles coh\u00e9rentes et identifiables, naviguent de ports en&nbsp;ports et de mouillages en mouillages. Les \u00e9quipages man\u0153uvrent en vue du public sur des parcours&nbsp;chaque jour renouvel\u00e9s au gr\u00e9 des mar\u00e9es et des renverses de&nbsp;courants.&nbsp;<\/p>\n<p>\nChaque flottille est encadr\u00e9e par les b\u00e9n\u00e9voles des associations&nbsp;et clubs nautiques du golfe qui r\u00e9gulent, avec comp\u00e9tence et&nbsp;bonne humeur, les mouvements sur le plan d\u2019eau.Aux escales de mi-journ\u00e9es ou de soir\u00e9es, d\u2019autres associations&nbsp;locales assurent les accueils et les services aux marins comme&nbsp;aux visiteurs.<\/p>\n<p>Parmi les 17 communes associ\u00e9es on compte notamment :&nbsp;<\/p>\n<p>Arradon, Arzon, Auray, Baden, l\u2019\u00cele aux&nbsp;Moines, l\u2019\u00cele d\u2019Arz, Larmor-Baden et <strong>Vannes<\/strong>.<\/p>\n<p>Depuis 2007, la manifestation a rendu hommage et r\u00e9serv\u00e9&nbsp;un accueil de premier plan \u00e0 une r\u00e9gion ou un pays&nbsp;maritime. La Provence C\u00f4te d\u2019Azur, le Pays de Galles, le&nbsp;Pays Basque, les Pays Bas, la Croatie, la Norv\u00e8ge et la&nbsp;V\u00e9nitie se sont ainsi succ\u00e9d\u00e9s avec leur flottille, leur grand&nbsp;\u201cvillage\u201d \u00e0 terre, leurs musiques et leurs animations. En 2023, toutes ces d\u00e9l\u00e9gations sont r\u00e9invit\u00e9es \u00e0 se&nbsp;joindre aux habituels chantiers bois, artisans d\u2019art, maquettistes et autres exposants du patrimoine culturel&nbsp;maritime que la Semaine du Golfe aime retrouver tous les deux ans.<\/p>\n<\/div>\n<\/div>\n<div>\n<div>\n<p><strong>Lundi 15 mai<\/strong><\/p>\n<p>\n<em>Parade d\u2019ouverture<\/em> : les flottilles pr\u00e9sentes ouvriront les festivit\u00e9s&nbsp;<br \/>en rentrant dans le golfe vers 15h par le travers du phare de Port-Navalo.<br \/>Les grands voiliers leur feront escorte par le Grand Chenal jusqu\u2019aux&nbsp;<br \/>mouillages mis en place sous Toulindac, l\u2019\u00cele aux Moines ou Arradon.&nbsp;<\/p>\n<p>\n<strong>Mardi 16 mai<\/strong><\/p>\n<p>\n<em>La fameuse \u201cJourn\u00e9e de l\u2019\u00cele d\u2019Arz\u201d <\/em>: tous les bateaux sont invit\u00e9s \u00e0 venir&nbsp;<br \/>accoster ou mouiller devant la cale de Pen Ra dans le sud-est de l\u2019\u00eele.&nbsp;<br \/>Les \u00e9quipages se retrouveront pour le pique-nique rituel sous la pin\u00e8de.<br \/>Les r\u00e9jouissances magistralement orchestr\u00e9es par les b\u00e9n\u00e9voles \u00celdarais se&nbsp;<br \/>poursuivront toute l\u2019apr\u00e8s-midi.<\/p>\n<p>\n<strong>Mercredi 17 mai&nbsp;<\/strong><\/p>\n<p>\n<em>Premier jour des navigations en flottille.&nbsp;<\/em><br \/>Soir\u00e9e des \u00e9quipages dans les ports qui accueillent les bateaux en soir\u00e9e.<\/p>\n<p>\n<strong>Jeudi 18 mai&nbsp;<\/strong><\/p>\n<p>\nNavigations en flottille d\u2019un port vers un autre port du golfe\u2026<\/p>\n<p>\n<strong>Vendredi 19 mai<\/strong><\/p>\n<p>\nNavigations en flottille d\u2019un port vers un autre port du golfe\u2026<\/p>\n<p>\n<strong>Samedi 20 mai<\/strong><\/p>\n<p>\nLa \u201cGrande Parade\u201d de cl\u00f4ture : toutes les flottilles convergent \u00e0 l\u2019entr\u00e9e&nbsp;<br \/>du Golfe vers 17-18h, se mettent en position par le travers de M\u00e9aban et&nbsp;<br \/>attendent l\u2019heure de la mi-mar\u00e9e montante pour s\u2019engager dans le goulet&nbsp;<br \/>entre Locmariaquer et Port-Navalo (horaires vers 17-18h, \u00e0 confirmer).<br \/>Au final, le Grand Chenal est le th\u00e9\u00e2tre d\u2019un grandiose spectacle maritime&nbsp;<br \/>qui se met en place d\u00e8s le matin pour se clore vers 19h.<\/p>\n<p>\n<strong>Dimanche 21 mai<\/strong><\/p>\n<p>Animations de cl\u00f4ture au port de Vannes de 10h \u00e0 20h.<br \/>D\u00e9part des grands voiliers au mouillage devant Port-Blanc, \u00cele aux Moines<br \/>et Arradon en fin d\u2019apr\u00e8s-midi.<\/p>\n<\/div>\n<\/div>\n<p>Bibliographie :<\/p>\n<p>Qui \u00e9tait N\u00e9andertal ? L\u2019enqu\u00eate illustr\u00e9e.,<a target=\"_blank\" rel=\"nofollow\" href=\"https:\/\/www.viaromana.org\/blog\/goto\/https:\/\/booknode.com\/qui_etait_neandertal_lenquete_illustree_02622613\"  target=\"_blank\" rel=\"noopener noreferrer nofollow\">(la couverture) <\/a><span><\/span>. Disponible \u00e0 l\u2019achat sur les plateformes Amazon, Fnac, Cultura \u2026.<\/p>\n<p>L\u2019or des Incas.,<a target=\"_blank\" rel=\"nofollow\" href=\"https:\/\/www.viaromana.org\/blog\/goto\/https:\/\/booknode.com\/lor_des_incas_043986\"  target=\"_blank\" rel=\"noopener noreferrer nofollow\">Le livre <\/a><span><\/span>. Ouvrage de r\u00e9f\u00e9rence.<\/p>\n<p>Verdun.,<a target=\"_blank\" rel=\"nofollow\" href=\"https:\/\/www.viaromana.org\/blog\/goto\/https:\/\/www.epagine.fr\/ebook\/9782307447436-verdun-centre-national-d-archeologie-urbaine-franck-gama\/\"  target=\"_blank\" rel=\"noopener noreferrer nofollow\">Le livre <\/a><span><\/span>.<\/p>\n<p>Paris en 1200 ; histoire et arch\u00e9ologie d\u2019une capitale fortifi\u00e9e par Philippe Auguste.,<a target=\"_blank\" rel=\"nofollow\" href=\"https:\/\/www.viaromana.org\/blog\/goto\/https:\/\/www.epagine.fr\/ebook\/9782271123084-paris-en-1200-histoire-et-archeologie-d-une-capitale-fortifiee-par-philippe-auguste-denis-hayot\/\"  target=\"_blank\" rel=\"noopener noreferrer nofollow\">(la couverture) <\/a><span><\/span>.<\/p>\n","protected":false},"excerpt":{"rendered":"<p>Nous allons tout vous r\u00e9v\u00e9ler sur ce papier qui vient de para\u00eetre, dont la th\u00e9matique est \u00abl\u2019arch\u00e9ologie\u00bb. Le titre suggestif (La semaine du golfe | Ville de Vannes) synth\u00e9tise tout l\u2019article. Pr\u00e9sent\u00e9 sous la signature \u00abadmin_vannes\u00bb, le pigiste est positivement connu pour plusieurs autres encarts qu\u2019il a publi\u00e9s sur internet. Vous pouvez par cons\u00e9quent donner du cr\u00e9dit \u00e0 cette publication. L\u2019encart a \u00e9t\u00e9 \u00e9dit\u00e9 \u00e0 une date indiqu\u00e9e 2023-02-21 10:16:59. Du 15 au 21 mai 2023, La Semaine du Golfe du Morbihan est de retour pour sa 12\u00e8 \u00e9dition.&nbsp; Cette semaine est un rendez-vous du patrimoine et de la culture\u2026<\/p>\n","protected":false},"author":1,"featured_media":0,"comment_status":"closed","ping_status":"closed","sticky":false,"template":"","format":"standard","meta":{"footnotes":""},"categories":[2],"tags":[],"blocksy_meta":{"styles_descriptor":{"styles":{"desktop":"","tablet":"","mobile":""},"google_fonts":[],"version":4}},"yoast_head":"<!-- This site is optimized with the Yoast SEO plugin v21.1 - https:\/\/yoast.com\/wordpress\/plugins\/seo\/ -->\n<title>Revue de presse internet : La semaine du golfe | Ville de Vannes - Viaromana et arch\u00e9ologie.<\/title>\n<meta name=\"description\" content=\"Revue de presse internet : La semaine du golfe | Ville de Vannes article de Viaromana et arch\u00e9ologie.\" \/>\n<meta name=\"robots\" content=\"index, follow, max-snippet:-1, max-image-preview:large, max-video-preview:-1\" \/>\n<link rel=\"canonical\" href=\"https:\/\/www.viaromana.org\/blog\/revue-de-presse-internet-la-semaine-du-golfe-ville-de-vannes\/\" \/>\n<meta property=\"og:locale\" content=\"fr_FR\" \/>\n<meta property=\"og:type\" content=\"article\" \/>\n<meta property=\"og:title\" content=\"Revue de presse internet : La semaine du golfe | Ville de Vannes - Viaromana et arch\u00e9ologie.\" \/>\n<meta property=\"og:description\" content=\"Revue de presse internet : La semaine du golfe | Ville de Vannes article de Viaromana et arch\u00e9ologie.\" \/>\n<meta property=\"og:url\" content=\"https:\/\/www.viaromana.org\/blog\/revue-de-presse-internet-la-semaine-du-golfe-ville-de-vannes\/\" \/>\n<meta property=\"og:site_name\" content=\"Viaromana et arch\u00e9ologie.\" \/>\n<meta property=\"article:published_time\" content=\"2023-02-21T09:16:59+00:00\" \/>\n<meta name=\"author\" content=\"Robert\" \/>\n<meta name=\"twitter:card\" content=\"summary_large_image\" \/>\n<meta name=\"twitter:label1\" content=\"\u00c9crit par\" \/>\n\t<meta name=\"twitter:data1\" content=\"Robert\" \/>\n\t<meta name=\"twitter:label2\" content=\"Dur\u00e9e de lecture estim\u00e9e\" \/>\n\t<meta name=\"twitter:data2\" content=\"4 minutes\" \/>\n<script type=\"application\/ld+json\" class=\"yoast-schema-graph\">{\"@context\":\"https:\/\/schema.org\",\"@graph\":[{\"@type\":\"Article\",\"@id\":\"https:\/\/www.viaromana.org\/blog\/revue-de-presse-internet-la-semaine-du-golfe-ville-de-vannes\/#article\",\"isPartOf\":{\"@id\":\"https:\/\/www.viaromana.org\/blog\/revue-de-presse-internet-la-semaine-du-golfe-ville-de-vannes\/\"},\"author\":{\"name\":\"Robert\",\"@id\":\"https:\/\/www.viaromana.org\/blog\/#\/schema\/person\/cde9c4655845091e1fe473fcd163c889\"},\"headline\":\"Revue de presse internet : La semaine du golfe | Ville de Vannes\",\"datePublished\":\"2023-02-21T09:16:59+00:00\",\"dateModified\":\"2023-02-21T09:16:59+00:00\",\"mainEntityOfPage\":{\"@id\":\"https:\/\/www.viaromana.org\/blog\/revue-de-presse-internet-la-semaine-du-golfe-ville-de-vannes\/\"},\"wordCount\":739,\"publisher\":{\"@id\":\"https:\/\/www.viaromana.org\/blog\/#organization\"},\"articleSection\":[\"Arch\u00e9ologie\"],\"inLanguage\":\"fr-FR\"},{\"@type\":\"WebPage\",\"@id\":\"https:\/\/www.viaromana.org\/blog\/revue-de-presse-internet-la-semaine-du-golfe-ville-de-vannes\/\",\"url\":\"https:\/\/www.viaromana.org\/blog\/revue-de-presse-internet-la-semaine-du-golfe-ville-de-vannes\/\",\"name\":\"Revue de presse internet : La semaine du golfe | Ville de Vannes - Viaromana et arch\u00e9ologie.\",\"isPartOf\":{\"@id\":\"https:\/\/www.viaromana.org\/blog\/#website\"},\"datePublished\":\"2023-02-21T09:16:59+00:00\",\"dateModified\":\"2023-02-21T09:16:59+00:00\",\"description\":\"Revue de presse internet : La semaine du golfe | Ville de Vannes article de Viaromana et arch\u00e9ologie.\",\"breadcrumb\":{\"@id\":\"https:\/\/www.viaromana.org\/blog\/revue-de-presse-internet-la-semaine-du-golfe-ville-de-vannes\/#breadcrumb\"},\"inLanguage\":\"fr-FR\",\"potentialAction\":[{\"@type\":\"ReadAction\",\"target\":[\"https:\/\/www.viaromana.org\/blog\/revue-de-presse-internet-la-semaine-du-golfe-ville-de-vannes\/\"]}]},{\"@type\":\"BreadcrumbList\",\"@id\":\"https:\/\/www.viaromana.org\/blog\/revue-de-presse-internet-la-semaine-du-golfe-ville-de-vannes\/#breadcrumb\",\"itemListElement\":[{\"@type\":\"ListItem\",\"position\":1,\"name\":\"Accueil\",\"item\":\"https:\/\/www.viaromana.org\/blog\/\"},{\"@type\":\"ListItem\",\"position\":2,\"name\":\"Revue de presse internet : La semaine du golfe | Ville de Vannes\"}]},{\"@type\":\"WebSite\",\"@id\":\"https:\/\/www.viaromana.org\/blog\/#website\",\"url\":\"https:\/\/www.viaromana.org\/blog\/\",\"name\":\"Viaromana et arch\u00e9ologie.\",\"description\":\"Site arch\u00e9ologique de la voie romaine (viaromana) Belgique-France-Rome\",\"publisher\":{\"@id\":\"https:\/\/www.viaromana.org\/blog\/#organization\"},\"potentialAction\":[{\"@type\":\"SearchAction\",\"target\":{\"@type\":\"EntryPoint\",\"urlTemplate\":\"https:\/\/www.viaromana.org\/blog\/?s={search_term_string}\"},\"query-input\":\"required name=search_term_string\"}],\"inLanguage\":\"fr-FR\"},{\"@type\":\"Organization\",\"@id\":\"https:\/\/www.viaromana.org\/blog\/#organization\",\"name\":\"viaromana\",\"url\":\"https:\/\/www.viaromana.org\/blog\/\",\"logo\":{\"@type\":\"ImageObject\",\"inLanguage\":\"fr-FR\",\"@id\":\"https:\/\/www.viaromana.org\/blog\/#\/schema\/logo\/image\/\",\"url\":\"https:\/\/www.viaromana.org\/blog\/wp-content\/uploads\/2021\/12\/logo-3.png\",\"contentUrl\":\"https:\/\/www.viaromana.org\/blog\/wp-content\/uploads\/2021\/12\/logo-3.png\",\"width\":300,\"height\":249,\"caption\":\"viaromana\"},\"image\":{\"@id\":\"https:\/\/www.viaromana.org\/blog\/#\/schema\/logo\/image\/\"}},{\"@type\":\"Person\",\"@id\":\"https:\/\/www.viaromana.org\/blog\/#\/schema\/person\/cde9c4655845091e1fe473fcd163c889\",\"name\":\"Robert\",\"image\":{\"@type\":\"ImageObject\",\"inLanguage\":\"fr-FR\",\"@id\":\"https:\/\/www.viaromana.org\/blog\/#\/schema\/person\/image\/\",\"url\":\"https:\/\/secure.gravatar.com\/avatar\/a168ec191013b636c2f278aec04e724b?s=96&d=mm&r=g\",\"contentUrl\":\"https:\/\/secure.gravatar.com\/avatar\/a168ec191013b636c2f278aec04e724b?s=96&d=mm&r=g\",\"caption\":\"Robert\"},\"sameAs\":[\"https:\/\/www.viaromana.org\/blog\"],\"url\":\"https:\/\/www.viaromana.org\/blog\/author\/anaadmin\/\"}]}<\/script>\n<!-- \/ Yoast SEO plugin. -->","yoast_head_json":{"title":"Revue de presse internet : La semaine du golfe | Ville de Vannes - Viaromana et arch\u00e9ologie.","description":"Revue de presse internet : La semaine du golfe | Ville de Vannes article de Viaromana et arch\u00e9ologie.","robots":{"index":"index","follow":"follow","max-snippet":"max-snippet:-1","max-image-preview":"max-image-preview:large","max-video-preview":"max-video-preview:-1"},"canonical":"https:\/\/www.viaromana.org\/blog\/revue-de-presse-internet-la-semaine-du-golfe-ville-de-vannes\/","og_locale":"fr_FR","og_type":"article","og_title":"Revue de presse internet : La semaine du golfe | Ville de Vannes - Viaromana et arch\u00e9ologie.","og_description":"Revue de presse internet : La semaine du golfe | Ville de Vannes article de Viaromana et arch\u00e9ologie.","og_url":"https:\/\/www.viaromana.org\/blog\/revue-de-presse-internet-la-semaine-du-golfe-ville-de-vannes\/","og_site_name":"Viaromana et arch\u00e9ologie.","article_published_time":"2023-02-21T09:16:59+00:00","author":"Robert","twitter_card":"summary_large_image","twitter_misc":{"\u00c9crit par":"Robert","Dur\u00e9e de lecture estim\u00e9e":"4 minutes"},"schema":{"@context":"https:\/\/schema.org","@graph":[{"@type":"Article","@id":"https:\/\/www.viaromana.org\/blog\/revue-de-presse-internet-la-semaine-du-golfe-ville-de-vannes\/#article","isPartOf":{"@id":"https:\/\/www.viaromana.org\/blog\/revue-de-presse-internet-la-semaine-du-golfe-ville-de-vannes\/"},"author":{"name":"Robert","@id":"https:\/\/www.viaromana.org\/blog\/#\/schema\/person\/cde9c4655845091e1fe473fcd163c889"},"headline":"Revue de presse internet : La semaine du golfe | Ville de Vannes","datePublished":"2023-02-21T09:16:59+00:00","dateModified":"2023-02-21T09:16:59+00:00","mainEntityOfPage":{"@id":"https:\/\/www.viaromana.org\/blog\/revue-de-presse-internet-la-semaine-du-golfe-ville-de-vannes\/"},"wordCount":739,"publisher":{"@id":"https:\/\/www.viaromana.org\/blog\/#organization"},"articleSection":["Arch\u00e9ologie"],"inLanguage":"fr-FR"},{"@type":"WebPage","@id":"https:\/\/www.viaromana.org\/blog\/revue-de-presse-internet-la-semaine-du-golfe-ville-de-vannes\/","url":"https:\/\/www.viaromana.org\/blog\/revue-de-presse-internet-la-semaine-du-golfe-ville-de-vannes\/","name":"Revue de presse internet : La semaine du golfe | Ville de Vannes - Viaromana et arch\u00e9ologie.","isPartOf":{"@id":"https:\/\/www.viaromana.org\/blog\/#website"},"datePublished":"2023-02-21T09:16:59+00:00","dateModified":"2023-02-21T09:16:59+00:00","description":"Revue de presse internet : La semaine du golfe | Ville de Vannes article de Viaromana et arch\u00e9ologie.","breadcrumb":{"@id":"https:\/\/www.viaromana.org\/blog\/revue-de-presse-internet-la-semaine-du-golfe-ville-de-vannes\/#breadcrumb"},"inLanguage":"fr-FR","potentialAction":[{"@type":"ReadAction","target":["https:\/\/www.viaromana.org\/blog\/revue-de-presse-internet-la-semaine-du-golfe-ville-de-vannes\/"]}]},{"@type":"BreadcrumbList","@id":"https:\/\/www.viaromana.org\/blog\/revue-de-presse-internet-la-semaine-du-golfe-ville-de-vannes\/#breadcrumb","itemListElement":[{"@type":"ListItem","position":1,"name":"Accueil","item":"https:\/\/www.viaromana.org\/blog\/"},{"@type":"ListItem","position":2,"name":"Revue de presse internet : La semaine du golfe | Ville de Vannes"}]},{"@type":"WebSite","@id":"https:\/\/www.viaromana.org\/blog\/#website","url":"https:\/\/www.viaromana.org\/blog\/","name":"Viaromana et arch\u00e9ologie.","description":"Site arch\u00e9ologique de la voie romaine (viaromana) Belgique-France-Rome","publisher":{"@id":"https:\/\/www.viaromana.org\/blog\/#organization"},"potentialAction":[{"@type":"SearchAction","target":{"@type":"EntryPoint","urlTemplate":"https:\/\/www.viaromana.org\/blog\/?s={search_term_string}"},"query-input":"required name=search_term_string"}],"inLanguage":"fr-FR"},{"@type":"Organization","@id":"https:\/\/www.viaromana.org\/blog\/#organization","name":"viaromana","url":"https:\/\/www.viaromana.org\/blog\/","logo":{"@type":"ImageObject","inLanguage":"fr-FR","@id":"https:\/\/www.viaromana.org\/blog\/#\/schema\/logo\/image\/","url":"https:\/\/www.viaromana.org\/blog\/wp-content\/uploads\/2021\/12\/logo-3.png","contentUrl":"https:\/\/www.viaromana.org\/blog\/wp-content\/uploads\/2021\/12\/logo-3.png","width":300,"height":249,"caption":"viaromana"},"image":{"@id":"https:\/\/www.viaromana.org\/blog\/#\/schema\/logo\/image\/"}},{"@type":"Person","@id":"https:\/\/www.viaromana.org\/blog\/#\/schema\/person\/cde9c4655845091e1fe473fcd163c889","name":"Robert","image":{"@type":"ImageObject","inLanguage":"fr-FR","@id":"https:\/\/www.viaromana.org\/blog\/#\/schema\/person\/image\/","url":"https:\/\/secure.gravatar.com\/avatar\/a168ec191013b636c2f278aec04e724b?s=96&d=mm&r=g","contentUrl":"https:\/\/secure.gravatar.com\/avatar\/a168ec191013b636c2f278aec04e724b?s=96&d=mm&r=g","caption":"Robert"},"sameAs":["https:\/\/www.viaromana.org\/blog"],"url":"https:\/\/www.viaromana.org\/blog\/author\/anaadmin\/"}]}},"_links":{"self":[{"href":"https:\/\/www.viaromana.org\/blog\/wp-json\/wp\/v2\/posts\/1522"}],"collection":[{"href":"https:\/\/www.viaromana.org\/blog\/wp-json\/wp\/v2\/posts"}],"about":[{"href":"https:\/\/www.viaromana.org\/blog\/wp-json\/wp\/v2\/types\/post"}],"author":[{"embeddable":true,"href":"https:\/\/www.viaromana.org\/blog\/wp-json\/wp\/v2\/users\/1"}],"replies":[{"embeddable":true,"href":"https:\/\/www.viaromana.org\/blog\/wp-json\/wp\/v2\/comments?post=1522"}],"version-history":[{"count":0,"href":"https:\/\/www.viaromana.org\/blog\/wp-json\/wp\/v2\/posts\/1522\/revisions"}],"wp:attachment":[{"href":"https:\/\/www.viaromana.org\/blog\/wp-json\/wp\/v2\/media?parent=1522"}],"wp:term":[{"taxonomy":"category","embeddable":true,"href":"https:\/\/www.viaromana.org\/blog\/wp-json\/wp\/v2\/categories?post=1522"},{"taxonomy":"post_tag","embeddable":true,"href":"https:\/\/www.viaromana.org\/blog\/wp-json\/wp\/v2\/tags?post=1522"}],"curies":[{"name":"wp","href":"https:\/\/api.w.org\/{rel}","templated":true}]}}