{"id":1514,"date":"2023-01-27T14:29:49","date_gmt":"2023-01-27T13:29:49","guid":{"rendered":"https:\/\/www.site.cdcl.xyz\/2023\/01\/27\/retour-sur-larticle-programmation-les-vacances-au-musee-fevrier\/"},"modified":"2023-01-27T14:29:49","modified_gmt":"2023-01-27T13:29:49","slug":"retour-sur-larticle-programmation-les-vacances-au-musee-fevrier","status":"publish","type":"post","link":"https:\/\/www.viaromana.org\/blog\/retour-sur-larticle-programmation-les-vacances-au-musee-fevrier\/","title":{"rendered":"Retour sur l\u2019article : Programmation les vacances au mus\u00e9e | f\u00e9vrier"},"content":{"rendered":"<p>Voici l\u2019essentiel d\u2019un texte que je viens de voir sur internet. Le propos va carr\u00e9ment vous ravir. Car la th\u00e9matique est \u00ab&nbsp;l\u2019arch\u00e9ologie&nbsp;\u00bb.<\/p>\n<p>Son titre saisissant (Programmation les vacances au mus\u00e9e | f\u00e9vrier) synth\u00e9tise tout l\u2019\u00e9ditorial.<\/p>\n<p>Sachez que le journaliste (annonc\u00e9 sous la signature admin_vannes) est connu et fiable pour plusieurs autres \u00e9ditoriaux qu\u2019il a publi\u00e9s sur le web.<\/p>\n<p>Vous pouvez par cons\u00e9quent vous fier aux r\u00e9v\u00e9lations qu\u2019il \u00e9dite.<\/p>\n<div>\n<div>\n<p><strong>Les couleurs sens dessus-dessous \/ Nouveaut\u00e9 &nbsp;<\/strong><\/p>\n<p>Les peintres posent les couleurs de fa\u00e7on \u00e9tonnante : en faisant des petits points, en les m\u00e9langeant ou une \u00e0 deux couleurs \u00e0 la fois\u2026Joue avec elles et trouve ta couleur pr\u00e9f\u00e9r\u00e9e parmi toutes ces d\u00e9couvertes. &nbsp;<\/p>\n<ul>\n<li>Jeudi 23 f\u00e9vrier \u00e0 10 h | Dur\u00e9e : 1h &nbsp;<\/li>\n<li>Gratuit pour le parent accompagnateur&nbsp;<\/li>\n<\/ul><\/div>\n<\/div>\n<div>\n<div>\n<p><strong>Le berger et la princesse&nbsp;&nbsp;<\/strong><\/p>\n<p>Suis les aventures d\u2019un jeune berger dont le destin le m\u00e8nera sur les flots, \u00e0 la rencontre d\u2019une princesse inattendue. Les enfants sont invit\u00e9s \u00e0 venir d\u00e9guis\u00e9s en princesse et en berger. &nbsp;<\/p>\n<ul>\n<li>Les jeudis 16 f\u00e9vrier et 2 mars \u00e0 10h&nbsp;<\/li>\n<li>Dur\u00e9e : 1h15&nbsp;<\/li>\n<\/ul>\n<p><strong>Atelier carte pop-up<\/strong><\/p>\n<p>En observant les \u0153uvres de Corinne V\u00e9ret-Collin et de Pierre Collin, cr\u00e9e \u00e0 ton tour une carte peupl\u00e9e de personnages d\u00e9coup\u00e9s dans du papier. Imagine une histoire avec des figures aux longues jambes et aux chapeaux rigolos. &nbsp;<\/p>\n<ul>\n<li>Les mardis 14 f\u00e9vrier, 21 f\u00e9vrier et 28 f\u00e9vrier \u00e0 10 h &nbsp;<\/li>\n<li>Dur\u00e9e : 1h30 &nbsp;<\/li>\n<\/ul><\/div>\n<\/div>\n<div>\n<div>\n<p><strong>Enqu\u00eate, Le secret de la Go\u00e9lette &nbsp;<\/strong><\/p>\n<p>Un myst\u00e9rieux message a \u00e9t\u00e9 d\u00e9couvert au dos d\u2019un tableau du mus\u00e9e. Cette peinture intitul\u00e9e Le port de Vannes avec la go\u00e9lette blanche rec\u00e8le un secret. Menez l\u2019enqu\u00eate, suivez les indices pour \u00e9lucider cette affaire qui remonte \u00e0 la p\u00e9riode trouble de la guerre*.<\/p>\n<p>*Toute ressemblance avec une histoire r\u00e9elle est purement fortuite. &nbsp;<\/p>\n<ul>\n<li>Vendredi 24 f\u00e9vrier \u00e0 10h &nbsp;<\/li>\n<li>Dur\u00e9e : 1h30&nbsp;<\/li>\n<\/ul>\n<p><strong>Atelier leporello<\/strong>&nbsp;<\/p>\n<p>Fabrique un livre original : un leporello. Il se d\u00e9plie et se replie comme un accord\u00e9on. Inspire toi des jeux de reflets et de miroirs visibles dans le travail de Pierre Collin. &nbsp;<\/p>\n<p>D\u00e9couvre aussi les secrets de fabrication des paysages-collages de Corinne V\u00e9ret-Collin pour cr\u00e9er des compositions surprenantes. &nbsp;<\/p>\n<ul>\n<li>Les vendredis 17 f\u00e9vrier et 3 mars \u00e0 10h &nbsp;<\/li>\n<li>Dur\u00e9e : 2 h&nbsp;<\/li>\n<li>Tarif : 4\u20ac par enfant &nbsp;<\/li>\n<\/ul><\/div>\n<\/div>\n<div>\n<div>\n<p><strong>Atelier bo\u00eete-paysage en famille&nbsp;<\/strong><\/p>\n<p>Venez contempler la cr\u00e9ation in\u00e9dite \u00e0 quatre mains de Corinne-V\u00e9ret Collin et de Pierre Collin : Promenade \u00e0 Conleau, bo\u00eete-tunnel. Cette belle source d\u2019inspiration vous m\u00e8nera \u00e0 construire \u00e0 votre tour une sc\u00e8ne dans une bo\u00eete, pleine de profondeur et de po\u00e9sie, avec du papier d\u00e9coup\u00e9 et superpos\u00e9.&nbsp;&nbsp;<\/p>\n<ul>\n<li>Mercredi 22 f\u00e9vrier \u00e0 10h&nbsp;&nbsp;<\/li>\n<li>Dur\u00e9e : 2h&nbsp;&nbsp;<\/li>\n<li>Tarif : 6 \u20ac tarif adulte \/4 \u20ac tarif enfant (7 \u00e0 18 ans)&nbsp;&nbsp;<\/li>\n<\/ul>\n<p><strong>Le nombre de places est limit\u00e9 par atelier ou animation<\/strong>.&nbsp;&nbsp;<\/p>\n<p><em>Renseignements et r\u00e9servations recommand\u00e9es<\/em><\/p>\n<\/div>\n<\/div>\n<div>\n<div>\n<p>Tous les dimanches apr\u00e8s-midi, prenez le temps de regarder les \u0153uvres au mus\u00e9e tout en vous amusant. Des jeux sont mis \u00e0 votre disposition permettant \u00e0 chacun d\u2019observer, de dessiner, de toucher des objets dans une bo\u00eete myst\u00e8re, de retrouver des d\u00e9tails. &nbsp;<\/p>\n<p>Passez un moment agr\u00e9able au mus\u00e9e en famille, entour\u00e9e des \u0153uvres d\u2019art.&nbsp;<\/p>\n<ul>\n<li>Tous les dimanches de 13h30 \u00e0 18h. &nbsp;<\/li>\n<li>Gratuit pour tous&nbsp;<\/li>\n<\/ul>\n<\/div>\n<\/div>\n<p>Bibliographie :<\/p>\n<p>Tremplin d\u2019\u00e9toiles.,<a target=\"_blank\" rel=\"nofollow\" href=\"https:\/\/www.viaromana.org\/blog\/goto\/https:\/\/booknode.com\/tremplin_detoiles_0148772\"  target=\"_blank\" rel=\"noopener noreferrer nofollow\">Clicker Ici <\/a><span><\/span>. Disponible dans toutes les bonnes biblioth\u00e8ques de votre d\u00e9partement.<\/p>\n<p>Pays d\u2019Islam et monde latin.,<a target=\"_blank\" rel=\"nofollow\" href=\"https:\/\/www.viaromana.org\/blog\/goto\/https:\/\/www.kobo.com\/de\/fr\/ebook\/pays-d-islam-et-monde-latin\"  target=\"_blank\" rel=\"noopener noreferrer nofollow\">Le livre <\/a><span><\/span>. Ouvrage de r\u00e9f\u00e9rence.<\/p>\n<p>Tout\u00e2nkhamon, l\u2019ultime secret.,<a target=\"_blank\" rel=\"nofollow\" href=\"https:\/\/www.viaromana.org\/blog\/goto\/https:\/\/booknode.com\/toutankhamon_lultime_secret_058303\"  target=\"_blank\" rel=\"noopener noreferrer nofollow\">A voir et \u00e0 lire. <\/a><span><\/span>.<\/p>\n<p>Manuel d\u2019arch\u00e9ologie: M\u00e9thodes, objets et concepts.,<a target=\"_blank\" rel=\"nofollow\" href=\"https:\/\/www.viaromana.org\/blog\/goto\/https:\/\/booknode.com\/manuel_darcheologie_methodes_objets_et_concepts_0619572\"  target=\"_blank\" rel=\"noopener noreferrer nofollow\">Ouvrage <\/a><span><\/span>.<\/p>\n","protected":false},"excerpt":{"rendered":"<p>Voici l\u2019essentiel d\u2019un texte que je viens de voir sur internet. Le propos va carr\u00e9ment vous ravir. Car la th\u00e9matique est \u00ab&nbsp;l\u2019arch\u00e9ologie&nbsp;\u00bb. Son titre saisissant (Programmation les vacances au mus\u00e9e | f\u00e9vrier) synth\u00e9tise tout l\u2019\u00e9ditorial. Sachez que le journaliste (annonc\u00e9 sous la signature admin_vannes) est connu et fiable pour plusieurs autres \u00e9ditoriaux qu\u2019il a publi\u00e9s sur le web. Vous pouvez par cons\u00e9quent vous fier aux r\u00e9v\u00e9lations qu\u2019il \u00e9dite. Les couleurs sens dessus-dessous \/ Nouveaut\u00e9 &nbsp; Les peintres posent les couleurs de fa\u00e7on \u00e9tonnante : en faisant des petits points, en les m\u00e9langeant ou une \u00e0 deux couleurs \u00e0 la fois\u2026Joue\u2026<\/p>\n","protected":false},"author":1,"featured_media":0,"comment_status":"closed","ping_status":"closed","sticky":false,"template":"","format":"standard","meta":{"footnotes":""},"categories":[2],"tags":[],"blocksy_meta":{"styles_descriptor":{"styles":{"desktop":"","tablet":"","mobile":""},"google_fonts":[],"version":4}},"yoast_head":"<!-- This site is optimized with the Yoast SEO plugin v21.1 - https:\/\/yoast.com\/wordpress\/plugins\/seo\/ -->\n<title>Retour sur l\u2019article : Programmation les vacances au mus\u00e9e | f\u00e9vrier - Viaromana et arch\u00e9ologie.<\/title>\n<meta name=\"description\" content=\"Retour sur l\u2019article : Programmation les vacances au mus\u00e9e | f\u00e9vrier article de Viaromana et arch\u00e9ologie.\" \/>\n<meta name=\"robots\" content=\"index, follow, max-snippet:-1, max-image-preview:large, max-video-preview:-1\" \/>\n<link rel=\"canonical\" href=\"https:\/\/www.viaromana.org\/blog\/retour-sur-larticle-programmation-les-vacances-au-musee-fevrier\/\" \/>\n<meta property=\"og:locale\" content=\"fr_FR\" \/>\n<meta property=\"og:type\" content=\"article\" \/>\n<meta property=\"og:title\" content=\"Retour sur l\u2019article : Programmation les vacances au mus\u00e9e | f\u00e9vrier - Viaromana et arch\u00e9ologie.\" \/>\n<meta property=\"og:description\" content=\"Retour sur l\u2019article : Programmation les vacances au mus\u00e9e | f\u00e9vrier article de Viaromana et arch\u00e9ologie.\" \/>\n<meta property=\"og:url\" content=\"https:\/\/www.viaromana.org\/blog\/retour-sur-larticle-programmation-les-vacances-au-musee-fevrier\/\" \/>\n<meta property=\"og:site_name\" content=\"Viaromana et arch\u00e9ologie.\" \/>\n<meta property=\"article:published_time\" content=\"2023-01-27T13:29:49+00:00\" \/>\n<meta name=\"author\" content=\"Robert\" \/>\n<meta name=\"twitter:card\" content=\"summary_large_image\" \/>\n<meta name=\"twitter:label1\" content=\"\u00c9crit par\" \/>\n\t<meta name=\"twitter:data1\" content=\"Robert\" \/>\n\t<meta name=\"twitter:label2\" content=\"Dur\u00e9e de lecture estim\u00e9e\" \/>\n\t<meta name=\"twitter:data2\" content=\"3 minutes\" \/>\n<script type=\"application\/ld+json\" class=\"yoast-schema-graph\">{\"@context\":\"https:\/\/schema.org\",\"@graph\":[{\"@type\":\"Article\",\"@id\":\"https:\/\/www.viaromana.org\/blog\/retour-sur-larticle-programmation-les-vacances-au-musee-fevrier\/#article\",\"isPartOf\":{\"@id\":\"https:\/\/www.viaromana.org\/blog\/retour-sur-larticle-programmation-les-vacances-au-musee-fevrier\/\"},\"author\":{\"name\":\"Robert\",\"@id\":\"https:\/\/www.viaromana.org\/blog\/#\/schema\/person\/cde9c4655845091e1fe473fcd163c889\"},\"headline\":\"Retour sur l\u2019article : Programmation les vacances au mus\u00e9e | f\u00e9vrier\",\"datePublished\":\"2023-01-27T13:29:49+00:00\",\"dateModified\":\"2023-01-27T13:29:49+00:00\",\"mainEntityOfPage\":{\"@id\":\"https:\/\/www.viaromana.org\/blog\/retour-sur-larticle-programmation-les-vacances-au-musee-fevrier\/\"},\"wordCount\":652,\"publisher\":{\"@id\":\"https:\/\/www.viaromana.org\/blog\/#organization\"},\"articleSection\":[\"Arch\u00e9ologie\"],\"inLanguage\":\"fr-FR\"},{\"@type\":\"WebPage\",\"@id\":\"https:\/\/www.viaromana.org\/blog\/retour-sur-larticle-programmation-les-vacances-au-musee-fevrier\/\",\"url\":\"https:\/\/www.viaromana.org\/blog\/retour-sur-larticle-programmation-les-vacances-au-musee-fevrier\/\",\"name\":\"Retour sur l\u2019article : Programmation les vacances au mus\u00e9e | f\u00e9vrier - Viaromana et arch\u00e9ologie.\",\"isPartOf\":{\"@id\":\"https:\/\/www.viaromana.org\/blog\/#website\"},\"datePublished\":\"2023-01-27T13:29:49+00:00\",\"dateModified\":\"2023-01-27T13:29:49+00:00\",\"description\":\"Retour sur l\u2019article : Programmation les vacances au mus\u00e9e | f\u00e9vrier article de Viaromana et arch\u00e9ologie.\",\"breadcrumb\":{\"@id\":\"https:\/\/www.viaromana.org\/blog\/retour-sur-larticle-programmation-les-vacances-au-musee-fevrier\/#breadcrumb\"},\"inLanguage\":\"fr-FR\",\"potentialAction\":[{\"@type\":\"ReadAction\",\"target\":[\"https:\/\/www.viaromana.org\/blog\/retour-sur-larticle-programmation-les-vacances-au-musee-fevrier\/\"]}]},{\"@type\":\"BreadcrumbList\",\"@id\":\"https:\/\/www.viaromana.org\/blog\/retour-sur-larticle-programmation-les-vacances-au-musee-fevrier\/#breadcrumb\",\"itemListElement\":[{\"@type\":\"ListItem\",\"position\":1,\"name\":\"Accueil\",\"item\":\"https:\/\/www.viaromana.org\/blog\/\"},{\"@type\":\"ListItem\",\"position\":2,\"name\":\"Retour sur l\u2019article : Programmation les vacances au mus\u00e9e | f\u00e9vrier\"}]},{\"@type\":\"WebSite\",\"@id\":\"https:\/\/www.viaromana.org\/blog\/#website\",\"url\":\"https:\/\/www.viaromana.org\/blog\/\",\"name\":\"Viaromana et arch\u00e9ologie.\",\"description\":\"Site arch\u00e9ologique de la voie romaine (viaromana) Belgique-France-Rome\",\"publisher\":{\"@id\":\"https:\/\/www.viaromana.org\/blog\/#organization\"},\"potentialAction\":[{\"@type\":\"SearchAction\",\"target\":{\"@type\":\"EntryPoint\",\"urlTemplate\":\"https:\/\/www.viaromana.org\/blog\/?s={search_term_string}\"},\"query-input\":\"required name=search_term_string\"}],\"inLanguage\":\"fr-FR\"},{\"@type\":\"Organization\",\"@id\":\"https:\/\/www.viaromana.org\/blog\/#organization\",\"name\":\"viaromana\",\"url\":\"https:\/\/www.viaromana.org\/blog\/\",\"logo\":{\"@type\":\"ImageObject\",\"inLanguage\":\"fr-FR\",\"@id\":\"https:\/\/www.viaromana.org\/blog\/#\/schema\/logo\/image\/\",\"url\":\"https:\/\/www.viaromana.org\/blog\/wp-content\/uploads\/2021\/12\/logo-3.png\",\"contentUrl\":\"https:\/\/www.viaromana.org\/blog\/wp-content\/uploads\/2021\/12\/logo-3.png\",\"width\":300,\"height\":249,\"caption\":\"viaromana\"},\"image\":{\"@id\":\"https:\/\/www.viaromana.org\/blog\/#\/schema\/logo\/image\/\"}},{\"@type\":\"Person\",\"@id\":\"https:\/\/www.viaromana.org\/blog\/#\/schema\/person\/cde9c4655845091e1fe473fcd163c889\",\"name\":\"Robert\",\"image\":{\"@type\":\"ImageObject\",\"inLanguage\":\"fr-FR\",\"@id\":\"https:\/\/www.viaromana.org\/blog\/#\/schema\/person\/image\/\",\"url\":\"https:\/\/secure.gravatar.com\/avatar\/a168ec191013b636c2f278aec04e724b?s=96&d=mm&r=g\",\"contentUrl\":\"https:\/\/secure.gravatar.com\/avatar\/a168ec191013b636c2f278aec04e724b?s=96&d=mm&r=g\",\"caption\":\"Robert\"},\"sameAs\":[\"https:\/\/www.viaromana.org\/blog\"],\"url\":\"https:\/\/www.viaromana.org\/blog\/author\/anaadmin\/\"}]}<\/script>\n<!-- \/ Yoast SEO plugin. -->","yoast_head_json":{"title":"Retour sur l\u2019article : Programmation les vacances au mus\u00e9e | f\u00e9vrier - Viaromana et arch\u00e9ologie.","description":"Retour sur l\u2019article : Programmation les vacances au mus\u00e9e | f\u00e9vrier article de Viaromana et arch\u00e9ologie.","robots":{"index":"index","follow":"follow","max-snippet":"max-snippet:-1","max-image-preview":"max-image-preview:large","max-video-preview":"max-video-preview:-1"},"canonical":"https:\/\/www.viaromana.org\/blog\/retour-sur-larticle-programmation-les-vacances-au-musee-fevrier\/","og_locale":"fr_FR","og_type":"article","og_title":"Retour sur l\u2019article : Programmation les vacances au mus\u00e9e | f\u00e9vrier - Viaromana et arch\u00e9ologie.","og_description":"Retour sur l\u2019article : Programmation les vacances au mus\u00e9e | f\u00e9vrier article de Viaromana et arch\u00e9ologie.","og_url":"https:\/\/www.viaromana.org\/blog\/retour-sur-larticle-programmation-les-vacances-au-musee-fevrier\/","og_site_name":"Viaromana et arch\u00e9ologie.","article_published_time":"2023-01-27T13:29:49+00:00","author":"Robert","twitter_card":"summary_large_image","twitter_misc":{"\u00c9crit par":"Robert","Dur\u00e9e de lecture estim\u00e9e":"3 minutes"},"schema":{"@context":"https:\/\/schema.org","@graph":[{"@type":"Article","@id":"https:\/\/www.viaromana.org\/blog\/retour-sur-larticle-programmation-les-vacances-au-musee-fevrier\/#article","isPartOf":{"@id":"https:\/\/www.viaromana.org\/blog\/retour-sur-larticle-programmation-les-vacances-au-musee-fevrier\/"},"author":{"name":"Robert","@id":"https:\/\/www.viaromana.org\/blog\/#\/schema\/person\/cde9c4655845091e1fe473fcd163c889"},"headline":"Retour sur l\u2019article : Programmation les vacances au mus\u00e9e | f\u00e9vrier","datePublished":"2023-01-27T13:29:49+00:00","dateModified":"2023-01-27T13:29:49+00:00","mainEntityOfPage":{"@id":"https:\/\/www.viaromana.org\/blog\/retour-sur-larticle-programmation-les-vacances-au-musee-fevrier\/"},"wordCount":652,"publisher":{"@id":"https:\/\/www.viaromana.org\/blog\/#organization"},"articleSection":["Arch\u00e9ologie"],"inLanguage":"fr-FR"},{"@type":"WebPage","@id":"https:\/\/www.viaromana.org\/blog\/retour-sur-larticle-programmation-les-vacances-au-musee-fevrier\/","url":"https:\/\/www.viaromana.org\/blog\/retour-sur-larticle-programmation-les-vacances-au-musee-fevrier\/","name":"Retour sur l\u2019article : Programmation les vacances au mus\u00e9e | f\u00e9vrier - Viaromana et arch\u00e9ologie.","isPartOf":{"@id":"https:\/\/www.viaromana.org\/blog\/#website"},"datePublished":"2023-01-27T13:29:49+00:00","dateModified":"2023-01-27T13:29:49+00:00","description":"Retour sur l\u2019article : Programmation les vacances au mus\u00e9e | f\u00e9vrier article de Viaromana et arch\u00e9ologie.","breadcrumb":{"@id":"https:\/\/www.viaromana.org\/blog\/retour-sur-larticle-programmation-les-vacances-au-musee-fevrier\/#breadcrumb"},"inLanguage":"fr-FR","potentialAction":[{"@type":"ReadAction","target":["https:\/\/www.viaromana.org\/blog\/retour-sur-larticle-programmation-les-vacances-au-musee-fevrier\/"]}]},{"@type":"BreadcrumbList","@id":"https:\/\/www.viaromana.org\/blog\/retour-sur-larticle-programmation-les-vacances-au-musee-fevrier\/#breadcrumb","itemListElement":[{"@type":"ListItem","position":1,"name":"Accueil","item":"https:\/\/www.viaromana.org\/blog\/"},{"@type":"ListItem","position":2,"name":"Retour sur l\u2019article : Programmation les vacances au mus\u00e9e | f\u00e9vrier"}]},{"@type":"WebSite","@id":"https:\/\/www.viaromana.org\/blog\/#website","url":"https:\/\/www.viaromana.org\/blog\/","name":"Viaromana et arch\u00e9ologie.","description":"Site arch\u00e9ologique de la voie romaine (viaromana) Belgique-France-Rome","publisher":{"@id":"https:\/\/www.viaromana.org\/blog\/#organization"},"potentialAction":[{"@type":"SearchAction","target":{"@type":"EntryPoint","urlTemplate":"https:\/\/www.viaromana.org\/blog\/?s={search_term_string}"},"query-input":"required name=search_term_string"}],"inLanguage":"fr-FR"},{"@type":"Organization","@id":"https:\/\/www.viaromana.org\/blog\/#organization","name":"viaromana","url":"https:\/\/www.viaromana.org\/blog\/","logo":{"@type":"ImageObject","inLanguage":"fr-FR","@id":"https:\/\/www.viaromana.org\/blog\/#\/schema\/logo\/image\/","url":"https:\/\/www.viaromana.org\/blog\/wp-content\/uploads\/2021\/12\/logo-3.png","contentUrl":"https:\/\/www.viaromana.org\/blog\/wp-content\/uploads\/2021\/12\/logo-3.png","width":300,"height":249,"caption":"viaromana"},"image":{"@id":"https:\/\/www.viaromana.org\/blog\/#\/schema\/logo\/image\/"}},{"@type":"Person","@id":"https:\/\/www.viaromana.org\/blog\/#\/schema\/person\/cde9c4655845091e1fe473fcd163c889","name":"Robert","image":{"@type":"ImageObject","inLanguage":"fr-FR","@id":"https:\/\/www.viaromana.org\/blog\/#\/schema\/person\/image\/","url":"https:\/\/secure.gravatar.com\/avatar\/a168ec191013b636c2f278aec04e724b?s=96&d=mm&r=g","contentUrl":"https:\/\/secure.gravatar.com\/avatar\/a168ec191013b636c2f278aec04e724b?s=96&d=mm&r=g","caption":"Robert"},"sameAs":["https:\/\/www.viaromana.org\/blog"],"url":"https:\/\/www.viaromana.org\/blog\/author\/anaadmin\/"}]}},"_links":{"self":[{"href":"https:\/\/www.viaromana.org\/blog\/wp-json\/wp\/v2\/posts\/1514"}],"collection":[{"href":"https:\/\/www.viaromana.org\/blog\/wp-json\/wp\/v2\/posts"}],"about":[{"href":"https:\/\/www.viaromana.org\/blog\/wp-json\/wp\/v2\/types\/post"}],"author":[{"embeddable":true,"href":"https:\/\/www.viaromana.org\/blog\/wp-json\/wp\/v2\/users\/1"}],"replies":[{"embeddable":true,"href":"https:\/\/www.viaromana.org\/blog\/wp-json\/wp\/v2\/comments?post=1514"}],"version-history":[{"count":0,"href":"https:\/\/www.viaromana.org\/blog\/wp-json\/wp\/v2\/posts\/1514\/revisions"}],"wp:attachment":[{"href":"https:\/\/www.viaromana.org\/blog\/wp-json\/wp\/v2\/media?parent=1514"}],"wp:term":[{"taxonomy":"category","embeddable":true,"href":"https:\/\/www.viaromana.org\/blog\/wp-json\/wp\/v2\/categories?post=1514"},{"taxonomy":"post_tag","embeddable":true,"href":"https:\/\/www.viaromana.org\/blog\/wp-json\/wp\/v2\/tags?post=1514"}],"curies":[{"name":"wp","href":"https:\/\/api.w.org\/{rel}","templated":true}]}}