{"id":1511,"date":"2023-01-26T09:00:28","date_gmt":"2023-01-26T08:00:28","guid":{"rendered":"https:\/\/www.site.cdcl.xyz\/2023\/01\/26\/que-penser-de-ce-texte-les-instruments-de-la-prehistoire\/"},"modified":"2023-01-26T09:00:28","modified_gmt":"2023-01-26T08:00:28","slug":"que-penser-de-ce-texte-les-instruments-de-la-prehistoire","status":"publish","type":"post","link":"https:\/\/www.viaromana.org\/blog\/que-penser-de-ce-texte-les-instruments-de-la-prehistoire\/","title":{"rendered":"Que penser de ce texte : \u201cLes instruments de la Pr\u00e9histoire\u201d"},"content":{"rendered":"<p>Ce \u00ab&nbsp;papier&nbsp;\u00bb, dont le sujet est \u00ab&nbsp;l\u2019arch\u00e9ologie&nbsp;\u00bb, a \u00e9t\u00e9 d\u00e9couvert sur internet, nous sommes heureux de vous en proposer l\u2019essentiel ci-dessous.<\/p>\n<p>Le titre saisissant (\u201cLes instruments de la Pr\u00e9histoire\u201d) est parlant.<\/p>\n<p>L\u2019\u00e9crivain (identifi\u00e9 sous la signature prehistoire) est reconnu comme quelqu\u2019un de s\u00e9rieux.<\/p>\n<p>Texte : <\/p>\n<p><span>\u201cLes instruments de la Pr\u00e9histoire\u201d<\/span><br \/><span><span lang xml:lang>prehistoire<\/span><\/span><br \/><span>jeu 26\/01\/2023 \u2013 09:00<\/span><br \/>Le musicien voyageur Serge Bulot pose de nouveau ses valises au mus\u00e9e de <abbr class=\"onomasticon js-tooltip onomasticon-cursor-help\" title=\"Histoire de l\u2019humanit\u00e9 avant l\u2019apparition de l\u2019\u00e9criture. Par usage et extension, discipline scientifique qui \u00e9tudie cette p\u00e9riode. \">Pr\u00e9histoire<\/abbr> le temps d\u2019un week-end, avec au programme concert-conf\u00e9rence et animations. Du 27 au 29 janvier 2023. Gratuit. Sur r\u00e9servation.<br \/>Concert-conf\u00e9rence, Animations<\/p>\n<p> <img decoding=\"async\" src=\"https:\/\/www.viaromana.org\/blog\/wp-content\/uploads\/2023\/01\/que-penser-de-ce-texte-les-instruments-de-la-prehistoire.jpg\" alt=\"Agrandir l\u2019image\"><\/p>\n<div class=\"rte\">\n<p>Deux concerts-conf\u00e9rences au croisement entre les instruments de la <abbr class=\"onomasticon js-tooltip onomasticon-cursor-help\" title=\"Histoire de l\u2019humanit\u00e9 avant l\u2019apparition de l\u2019\u00e9criture. Par usage et extension, discipline scientifique qui \u00e9tudie cette p\u00e9riode. \">Pr\u00e9histoire<\/abbr> et les multiples instruments du monde.<br \/>\u00c0 partir de 8 ans. Sur r\u00e9servation.<\/p>\n<ul>\n<li><strong>vendredi 27 janvier \u00e0 20h<\/strong><\/li>\n<li><strong>samedi 28 janvier \u00e0 18h<\/strong><\/li>\n<\/ul>\n<\/div>\n<div class=\"rte\">\n<p>Des animations qui invitent \u00e0 la d\u00e9couverte, \u00e0 l\u2019aide de r\u00e9pliques du <abbr class=\"onomasticon js-tooltip onomasticon-cursor-help\" title=\"P\u00e9riode chronologique commen\u00e7ant avec l\u2019apparition des premi\u00e8res pierres taill\u00e9s par l\u2019homme. Elle couvre une tr\u00e8s longue p\u00e9riode ( de \u2013 800 000 \u00e0 9000 avant J.-C.) durant laquelle les hommes vivent de la chasse et de la collecte. Le Pal\u00e9olithique est subdivis\u00e9 en trois parties, le Pal\u00e9olithique ancien ou inf\u00e9rieur ( de - 800 000 \u00e0 \u2013 300 000 ans), le Pal\u00e9olithique moyen (de \u2013 300 000 \u00e0 \u2013 40 000 ans) et le Pal\u00e9olithique r\u00e9cent ou sup\u00e9rieur (de \u2013 40 000 \u00e0 9000 avant J.-C.). \">Pal\u00e9olithique<\/abbr> (rhombes, phalanges sifflantes, lithophones, fl\u00fbtes, etc.) et d\u2019instruments traditionnels actuels, des sonorit\u00e9s de la <abbr class=\"onomasticon js-tooltip onomasticon-cursor-help\" title=\"Histoire de l\u2019humanit\u00e9 avant l\u2019apparition de l\u2019\u00e9criture. Par usage et extension, discipline scientifique qui \u00e9tudie cette p\u00e9riode. \">Pr\u00e9histoire<\/abbr>.&nbsp;<br \/>\u00c0 partir de 8 ans. Sur r\u00e9servation.<\/p>\n<ul>\n<li><strong>le samedi 28 janvier \u00e0 14h30 et 16h<\/strong><\/li>\n<li><strong>le dimanche 29 janvier \u00e0 11h, 14h30 et 16h<\/strong><\/li>\n<\/ul>\n<\/div>\n<section class=\"paragraph paragraph--type--learn-more paragraph--view-mode--default info-block\">\n<div class=\"title-block\">\n<h2 class=\"title\"> Serge Bulot en bref<br \/><\/h2>\n<\/div>\n<div class=\"info-block__wrapper rte\">\n<figure>\n<p> <img decoding=\"async\" src=\"https:\/\/www.viaromana.org\/blog\/wp-content\/uploads\/2023\/01\/que-penser-de-ce-texte-les-instruments-de-la-prehistoire-1.jpg\" alt><\/p>\n<\/figure>\n<p>Musicien professionnel multi instrumentiste, <strong>Serge Bulot<\/strong> a cr\u00e9\u00e9 une Exposition-concert en rassemblant une large collection d\u2019instruments au cours de ses nombreux voyages \u00e0 travers le monde. Jouant de tous les instruments de sa collection, il associe la d\u00e9couverte des instruments et la musique vivante.<\/p>\n<\/div>\n<\/section>\n<section id=\"node-news-field-comments\" class=\"comments\"> <\/section>\n<p><!-- \/NOINDEX --><br \/>Mus\u00e9e de Pr\u00e9histoire d\u2019\u00cele-de-France<br \/>\u201cLes instruments de la Pr\u00e9histoire\u201d<\/p>\n<p>Ce objet vous a fascin\u00e9 vous appr\u00e9cierez tout autant ces parutions:<\/p>\n<p>Villa 4. Histoire et arch\u00e9ologie de l\u2019occident musulman (VIIe-XVe si\u00e8cle).,<a target=\"_blank\" rel=\"nofollow\" href=\"https:\/\/www.viaromana.org\/blog\/goto\/https:\/\/www.kobo.com\/de\/fr\/ebook\/villa-4-histoire-et-archeologie-de-l-occident-musulman-viie-xve-siecle\"  target=\"_blank\" rel=\"noopener noreferrer nofollow\">A voir et \u00e0 lire. <\/a><span><\/span>.<\/p>\n<p>Manuel d\u2019arch\u00e9ologie grecque.,<a target=\"_blank\" rel=\"nofollow\" href=\"https:\/\/www.viaromana.org\/blog\/goto\/https:\/\/www.kobo.com\/de\/fr\/ebook\/manuel-d-archeologie-grecque-2\"  target=\"_blank\" rel=\"noopener noreferrer nofollow\">Clicker Ici <\/a><span><\/span>.<\/p>\n<p>Tr\u00e9sors ; les petites et grandes d\u00e9couvertes qui font l\u2019arch\u00e9ologie.,<a target=\"_blank\" rel=\"nofollow\" href=\"https:\/\/www.viaromana.org\/blog\/goto\/https:\/\/www.epagine.fr\/ebook\/9782081491052-tresors-les-petites-et-grandes-decouvertes-qui-font-l-archeologie-jean-paul-demoule\/\"  target=\"_blank\" rel=\"noopener noreferrer nofollow\">Le livre <\/a><span><\/span>. Disponible dans toutes les bonnes librairies.<\/p>\n<p>Observations critiques sur l\u2019arch\u00e9ologie dite pr\u00e9historique.,<a target=\"_blank\" rel=\"nofollow\" href=\"https:\/\/www.viaromana.org\/blog\/goto\/https:\/\/www.epagine.fr\/ebook\/9782346082339-observations-critiques-sur-l-archeologie-dite-prehistorique-felix-robiou\/\"  target=\"_blank\" rel=\"noopener noreferrer nofollow\">A voir et \u00e0 lire. <\/a><span><\/span>. Disponible sur internet.<\/p>\n","protected":false},"excerpt":{"rendered":"<p>Ce \u00ab&nbsp;papier&nbsp;\u00bb, dont le sujet est \u00ab&nbsp;l\u2019arch\u00e9ologie&nbsp;\u00bb, a \u00e9t\u00e9 d\u00e9couvert sur internet, nous sommes heureux de vous en proposer l\u2019essentiel ci-dessous. Le titre saisissant (\u201cLes instruments de la Pr\u00e9histoire\u201d) est parlant. L\u2019\u00e9crivain (identifi\u00e9 sous la signature prehistoire) est reconnu comme quelqu\u2019un de s\u00e9rieux. Texte : \u201cLes instruments de la Pr\u00e9histoire\u201dprehistoirejeu 26\/01\/2023 \u2013 09:00Le musicien voyageur Serge Bulot pose de nouveau ses valises au mus\u00e9e de Pr\u00e9histoire le temps d\u2019un week-end, avec au programme concert-conf\u00e9rence et animations. Du 27 au 29 janvier 2023. Gratuit. Sur r\u00e9servation.Concert-conf\u00e9rence, Animations Deux concerts-conf\u00e9rences au croisement entre les instruments de la Pr\u00e9histoire et les multiples instruments\u2026<\/p>\n","protected":false},"author":1,"featured_media":0,"comment_status":"closed","ping_status":"closed","sticky":false,"template":"","format":"standard","meta":{"footnotes":""},"categories":[2],"tags":[],"blocksy_meta":{"styles_descriptor":{"styles":{"desktop":"","tablet":"","mobile":""},"google_fonts":[],"version":4}},"yoast_head":"<!-- This site is optimized with the Yoast SEO plugin v21.1 - https:\/\/yoast.com\/wordpress\/plugins\/seo\/ -->\n<title>Que penser de ce texte : \u201cLes instruments de la Pr\u00e9histoire\u201d - Viaromana et arch\u00e9ologie.<\/title>\n<meta name=\"description\" content=\"Que penser de ce texte : \u201cLes instruments de la Pr\u00e9histoire\u201d article de Viaromana et arch\u00e9ologie.\" \/>\n<meta name=\"robots\" content=\"index, follow, max-snippet:-1, max-image-preview:large, max-video-preview:-1\" \/>\n<link rel=\"canonical\" href=\"https:\/\/www.viaromana.org\/blog\/que-penser-de-ce-texte-les-instruments-de-la-prehistoire\/\" \/>\n<meta property=\"og:locale\" content=\"fr_FR\" \/>\n<meta property=\"og:type\" content=\"article\" \/>\n<meta property=\"og:title\" content=\"Que penser de ce texte : \u201cLes instruments de la Pr\u00e9histoire\u201d - Viaromana et arch\u00e9ologie.\" \/>\n<meta property=\"og:description\" content=\"Que penser de ce texte : \u201cLes instruments de la Pr\u00e9histoire\u201d article de Viaromana et arch\u00e9ologie.\" \/>\n<meta property=\"og:url\" content=\"https:\/\/www.viaromana.org\/blog\/que-penser-de-ce-texte-les-instruments-de-la-prehistoire\/\" \/>\n<meta property=\"og:site_name\" content=\"Viaromana et arch\u00e9ologie.\" \/>\n<meta property=\"article:published_time\" content=\"2023-01-26T08:00:28+00:00\" \/>\n<meta property=\"og:image\" content=\"https:\/\/www.viaromana.org\/blog\/wp-content\/uploads\/2023\/01\/que-penser-de-ce-texte-les-instruments-de-la-prehistoire.jpg\" \/>\n<meta name=\"author\" content=\"Robert\" \/>\n<meta name=\"twitter:card\" content=\"summary_large_image\" \/>\n<meta name=\"twitter:label1\" content=\"\u00c9crit par\" \/>\n\t<meta name=\"twitter:data1\" content=\"Robert\" \/>\n\t<meta name=\"twitter:label2\" content=\"Dur\u00e9e de lecture estim\u00e9e\" \/>\n\t<meta name=\"twitter:data2\" content=\"2 minutes\" \/>\n<script type=\"application\/ld+json\" class=\"yoast-schema-graph\">{\"@context\":\"https:\/\/schema.org\",\"@graph\":[{\"@type\":\"Article\",\"@id\":\"https:\/\/www.viaromana.org\/blog\/que-penser-de-ce-texte-les-instruments-de-la-prehistoire\/#article\",\"isPartOf\":{\"@id\":\"https:\/\/www.viaromana.org\/blog\/que-penser-de-ce-texte-les-instruments-de-la-prehistoire\/\"},\"author\":{\"name\":\"Robert\",\"@id\":\"https:\/\/www.viaromana.org\/blog\/#\/schema\/person\/cde9c4655845091e1fe473fcd163c889\"},\"headline\":\"Que penser de ce texte : \u201cLes instruments de la Pr\u00e9histoire\u201d\",\"datePublished\":\"2023-01-26T08:00:28+00:00\",\"dateModified\":\"2023-01-26T08:00:28+00:00\",\"mainEntityOfPage\":{\"@id\":\"https:\/\/www.viaromana.org\/blog\/que-penser-de-ce-texte-les-instruments-de-la-prehistoire\/\"},\"wordCount\":331,\"publisher\":{\"@id\":\"https:\/\/www.viaromana.org\/blog\/#organization\"},\"articleSection\":[\"Arch\u00e9ologie\"],\"inLanguage\":\"fr-FR\"},{\"@type\":\"WebPage\",\"@id\":\"https:\/\/www.viaromana.org\/blog\/que-penser-de-ce-texte-les-instruments-de-la-prehistoire\/\",\"url\":\"https:\/\/www.viaromana.org\/blog\/que-penser-de-ce-texte-les-instruments-de-la-prehistoire\/\",\"name\":\"Que penser de ce texte : \u201cLes instruments de la Pr\u00e9histoire\u201d - Viaromana et arch\u00e9ologie.\",\"isPartOf\":{\"@id\":\"https:\/\/www.viaromana.org\/blog\/#website\"},\"datePublished\":\"2023-01-26T08:00:28+00:00\",\"dateModified\":\"2023-01-26T08:00:28+00:00\",\"description\":\"Que penser de ce texte : \u201cLes instruments de la Pr\u00e9histoire\u201d article de Viaromana et arch\u00e9ologie.\",\"breadcrumb\":{\"@id\":\"https:\/\/www.viaromana.org\/blog\/que-penser-de-ce-texte-les-instruments-de-la-prehistoire\/#breadcrumb\"},\"inLanguage\":\"fr-FR\",\"potentialAction\":[{\"@type\":\"ReadAction\",\"target\":[\"https:\/\/www.viaromana.org\/blog\/que-penser-de-ce-texte-les-instruments-de-la-prehistoire\/\"]}]},{\"@type\":\"BreadcrumbList\",\"@id\":\"https:\/\/www.viaromana.org\/blog\/que-penser-de-ce-texte-les-instruments-de-la-prehistoire\/#breadcrumb\",\"itemListElement\":[{\"@type\":\"ListItem\",\"position\":1,\"name\":\"Accueil\",\"item\":\"https:\/\/www.viaromana.org\/blog\/\"},{\"@type\":\"ListItem\",\"position\":2,\"name\":\"Que penser de ce texte : \u201cLes instruments de la Pr\u00e9histoire\u201d\"}]},{\"@type\":\"WebSite\",\"@id\":\"https:\/\/www.viaromana.org\/blog\/#website\",\"url\":\"https:\/\/www.viaromana.org\/blog\/\",\"name\":\"Viaromana et arch\u00e9ologie.\",\"description\":\"Site arch\u00e9ologique de la voie romaine (viaromana) Belgique-France-Rome\",\"publisher\":{\"@id\":\"https:\/\/www.viaromana.org\/blog\/#organization\"},\"potentialAction\":[{\"@type\":\"SearchAction\",\"target\":{\"@type\":\"EntryPoint\",\"urlTemplate\":\"https:\/\/www.viaromana.org\/blog\/?s={search_term_string}\"},\"query-input\":\"required name=search_term_string\"}],\"inLanguage\":\"fr-FR\"},{\"@type\":\"Organization\",\"@id\":\"https:\/\/www.viaromana.org\/blog\/#organization\",\"name\":\"viaromana\",\"url\":\"https:\/\/www.viaromana.org\/blog\/\",\"logo\":{\"@type\":\"ImageObject\",\"inLanguage\":\"fr-FR\",\"@id\":\"https:\/\/www.viaromana.org\/blog\/#\/schema\/logo\/image\/\",\"url\":\"https:\/\/www.viaromana.org\/blog\/wp-content\/uploads\/2021\/12\/logo-3.png\",\"contentUrl\":\"https:\/\/www.viaromana.org\/blog\/wp-content\/uploads\/2021\/12\/logo-3.png\",\"width\":300,\"height\":249,\"caption\":\"viaromana\"},\"image\":{\"@id\":\"https:\/\/www.viaromana.org\/blog\/#\/schema\/logo\/image\/\"}},{\"@type\":\"Person\",\"@id\":\"https:\/\/www.viaromana.org\/blog\/#\/schema\/person\/cde9c4655845091e1fe473fcd163c889\",\"name\":\"Robert\",\"image\":{\"@type\":\"ImageObject\",\"inLanguage\":\"fr-FR\",\"@id\":\"https:\/\/www.viaromana.org\/blog\/#\/schema\/person\/image\/\",\"url\":\"https:\/\/secure.gravatar.com\/avatar\/a168ec191013b636c2f278aec04e724b?s=96&d=mm&r=g\",\"contentUrl\":\"https:\/\/secure.gravatar.com\/avatar\/a168ec191013b636c2f278aec04e724b?s=96&d=mm&r=g\",\"caption\":\"Robert\"},\"sameAs\":[\"https:\/\/www.viaromana.org\/blog\"],\"url\":\"https:\/\/www.viaromana.org\/blog\/author\/anaadmin\/\"}]}<\/script>\n<!-- \/ Yoast SEO plugin. -->","yoast_head_json":{"title":"Que penser de ce texte : \u201cLes instruments de la Pr\u00e9histoire\u201d - Viaromana et arch\u00e9ologie.","description":"Que penser de ce texte : \u201cLes instruments de la Pr\u00e9histoire\u201d article de Viaromana et arch\u00e9ologie.","robots":{"index":"index","follow":"follow","max-snippet":"max-snippet:-1","max-image-preview":"max-image-preview:large","max-video-preview":"max-video-preview:-1"},"canonical":"https:\/\/www.viaromana.org\/blog\/que-penser-de-ce-texte-les-instruments-de-la-prehistoire\/","og_locale":"fr_FR","og_type":"article","og_title":"Que penser de ce texte : \u201cLes instruments de la Pr\u00e9histoire\u201d - Viaromana et arch\u00e9ologie.","og_description":"Que penser de ce texte : \u201cLes instruments de la Pr\u00e9histoire\u201d article de Viaromana et arch\u00e9ologie.","og_url":"https:\/\/www.viaromana.org\/blog\/que-penser-de-ce-texte-les-instruments-de-la-prehistoire\/","og_site_name":"Viaromana et arch\u00e9ologie.","article_published_time":"2023-01-26T08:00:28+00:00","og_image":[{"url":"https:\/\/www.viaromana.org\/blog\/wp-content\/uploads\/2023\/01\/que-penser-de-ce-texte-les-instruments-de-la-prehistoire.jpg"}],"author":"Robert","twitter_card":"summary_large_image","twitter_misc":{"\u00c9crit par":"Robert","Dur\u00e9e de lecture estim\u00e9e":"2 minutes"},"schema":{"@context":"https:\/\/schema.org","@graph":[{"@type":"Article","@id":"https:\/\/www.viaromana.org\/blog\/que-penser-de-ce-texte-les-instruments-de-la-prehistoire\/#article","isPartOf":{"@id":"https:\/\/www.viaromana.org\/blog\/que-penser-de-ce-texte-les-instruments-de-la-prehistoire\/"},"author":{"name":"Robert","@id":"https:\/\/www.viaromana.org\/blog\/#\/schema\/person\/cde9c4655845091e1fe473fcd163c889"},"headline":"Que penser de ce texte : \u201cLes instruments de la Pr\u00e9histoire\u201d","datePublished":"2023-01-26T08:00:28+00:00","dateModified":"2023-01-26T08:00:28+00:00","mainEntityOfPage":{"@id":"https:\/\/www.viaromana.org\/blog\/que-penser-de-ce-texte-les-instruments-de-la-prehistoire\/"},"wordCount":331,"publisher":{"@id":"https:\/\/www.viaromana.org\/blog\/#organization"},"articleSection":["Arch\u00e9ologie"],"inLanguage":"fr-FR"},{"@type":"WebPage","@id":"https:\/\/www.viaromana.org\/blog\/que-penser-de-ce-texte-les-instruments-de-la-prehistoire\/","url":"https:\/\/www.viaromana.org\/blog\/que-penser-de-ce-texte-les-instruments-de-la-prehistoire\/","name":"Que penser de ce texte : \u201cLes instruments de la Pr\u00e9histoire\u201d - Viaromana et arch\u00e9ologie.","isPartOf":{"@id":"https:\/\/www.viaromana.org\/blog\/#website"},"datePublished":"2023-01-26T08:00:28+00:00","dateModified":"2023-01-26T08:00:28+00:00","description":"Que penser de ce texte : \u201cLes instruments de la Pr\u00e9histoire\u201d article de Viaromana et arch\u00e9ologie.","breadcrumb":{"@id":"https:\/\/www.viaromana.org\/blog\/que-penser-de-ce-texte-les-instruments-de-la-prehistoire\/#breadcrumb"},"inLanguage":"fr-FR","potentialAction":[{"@type":"ReadAction","target":["https:\/\/www.viaromana.org\/blog\/que-penser-de-ce-texte-les-instruments-de-la-prehistoire\/"]}]},{"@type":"BreadcrumbList","@id":"https:\/\/www.viaromana.org\/blog\/que-penser-de-ce-texte-les-instruments-de-la-prehistoire\/#breadcrumb","itemListElement":[{"@type":"ListItem","position":1,"name":"Accueil","item":"https:\/\/www.viaromana.org\/blog\/"},{"@type":"ListItem","position":2,"name":"Que penser de ce texte : \u201cLes instruments de la Pr\u00e9histoire\u201d"}]},{"@type":"WebSite","@id":"https:\/\/www.viaromana.org\/blog\/#website","url":"https:\/\/www.viaromana.org\/blog\/","name":"Viaromana et arch\u00e9ologie.","description":"Site arch\u00e9ologique de la voie romaine (viaromana) Belgique-France-Rome","publisher":{"@id":"https:\/\/www.viaromana.org\/blog\/#organization"},"potentialAction":[{"@type":"SearchAction","target":{"@type":"EntryPoint","urlTemplate":"https:\/\/www.viaromana.org\/blog\/?s={search_term_string}"},"query-input":"required name=search_term_string"}],"inLanguage":"fr-FR"},{"@type":"Organization","@id":"https:\/\/www.viaromana.org\/blog\/#organization","name":"viaromana","url":"https:\/\/www.viaromana.org\/blog\/","logo":{"@type":"ImageObject","inLanguage":"fr-FR","@id":"https:\/\/www.viaromana.org\/blog\/#\/schema\/logo\/image\/","url":"https:\/\/www.viaromana.org\/blog\/wp-content\/uploads\/2021\/12\/logo-3.png","contentUrl":"https:\/\/www.viaromana.org\/blog\/wp-content\/uploads\/2021\/12\/logo-3.png","width":300,"height":249,"caption":"viaromana"},"image":{"@id":"https:\/\/www.viaromana.org\/blog\/#\/schema\/logo\/image\/"}},{"@type":"Person","@id":"https:\/\/www.viaromana.org\/blog\/#\/schema\/person\/cde9c4655845091e1fe473fcd163c889","name":"Robert","image":{"@type":"ImageObject","inLanguage":"fr-FR","@id":"https:\/\/www.viaromana.org\/blog\/#\/schema\/person\/image\/","url":"https:\/\/secure.gravatar.com\/avatar\/a168ec191013b636c2f278aec04e724b?s=96&d=mm&r=g","contentUrl":"https:\/\/secure.gravatar.com\/avatar\/a168ec191013b636c2f278aec04e724b?s=96&d=mm&r=g","caption":"Robert"},"sameAs":["https:\/\/www.viaromana.org\/blog"],"url":"https:\/\/www.viaromana.org\/blog\/author\/anaadmin\/"}]}},"_links":{"self":[{"href":"https:\/\/www.viaromana.org\/blog\/wp-json\/wp\/v2\/posts\/1511"}],"collection":[{"href":"https:\/\/www.viaromana.org\/blog\/wp-json\/wp\/v2\/posts"}],"about":[{"href":"https:\/\/www.viaromana.org\/blog\/wp-json\/wp\/v2\/types\/post"}],"author":[{"embeddable":true,"href":"https:\/\/www.viaromana.org\/blog\/wp-json\/wp\/v2\/users\/1"}],"replies":[{"embeddable":true,"href":"https:\/\/www.viaromana.org\/blog\/wp-json\/wp\/v2\/comments?post=1511"}],"version-history":[{"count":0,"href":"https:\/\/www.viaromana.org\/blog\/wp-json\/wp\/v2\/posts\/1511\/revisions"}],"wp:attachment":[{"href":"https:\/\/www.viaromana.org\/blog\/wp-json\/wp\/v2\/media?parent=1511"}],"wp:term":[{"taxonomy":"category","embeddable":true,"href":"https:\/\/www.viaromana.org\/blog\/wp-json\/wp\/v2\/categories?post=1511"},{"taxonomy":"post_tag","embeddable":true,"href":"https:\/\/www.viaromana.org\/blog\/wp-json\/wp\/v2\/tags?post=1511"}],"curies":[{"name":"wp","href":"https:\/\/api.w.org\/{rel}","templated":true}]}}