{"id":1501,"date":"2023-01-20T13:44:00","date_gmt":"2023-01-20T12:44:00","guid":{"rendered":"https:\/\/www.site.cdcl.xyz\/2023\/01\/20\/article-tout-frais-stage-de-natation-pendant-les-vacances-de-fevrier\/"},"modified":"2023-01-20T13:44:00","modified_gmt":"2023-01-20T12:44:00","slug":"article-tout-frais-stage-de-natation-pendant-les-vacances-de-fevrier","status":"publish","type":"post","link":"https:\/\/www.viaromana.org\/blog\/article-tout-frais-stage-de-natation-pendant-les-vacances-de-fevrier\/","title":{"rendered":"Article tout frais : Stage de natation pendant les vacances de f\u00e9vrier"},"content":{"rendered":"<p>Dans le cadre de notre travail d\u2019information, nous publions ci-dessous un article vu sur le web il y a peu. La th\u00e9matique est \u00abl\u2019arch\u00e9ologie\u00bb.<\/p>\n<p>Le titre (Stage de natation pendant les vacances de f\u00e9vrier) est \u00e9vocateur.<\/p>\n<p> Pr\u00e9sent\u00e9 sous la signature \u00abd\u2019anonymat<br \/>\u00bb, l\u2019\u00e9ditorialiste est connu et fiable.<\/p>\n<p>Vous pouvez ainsi vous fier aux informations qu\u2019il \u00e9dite.<\/p>\n<p>L\u2019encart a \u00e9t\u00e9 diffus\u00e9 \u00e0 une date mentionn\u00e9e 2023-01-20 13:44:00.<\/p>\n<p><img decoding=\"async\" src=\"https:\/\/www.viaromana.org\/blog\/wp-content\/uploads\/2023\/01\/article-tout-frais-stage-de-natation-pendant-les-vacances-de-fevrier.jpg\"><\/p>\n<div>\n<p>La piscine des Colliberts propose des stages de natation pour les enfants pendant les vacances de f\u00e9vrier\/printemps.<\/p>\n<\/div>\n<div>\n<p>Les stages d\u2019apprentissage (enfant \u00e0 partir de 7 ans*) s\u2019effectuent sur 2 semaines.<br \/>Ils se d\u00e9roulent du lundi au vendredi de 12h \u00e0 12h45:<\/p>\n<ul>\n<li>Soit pendant les 2 semaines de vacances de f\u00e9vrier&nbsp;<\/li>\n<li>Soit 1 semaine pendant les vacances de f\u00e9vrier et 1 semaine pendant les vacances de printemps.<\/li>\n<\/ul>\n<p>Les inscriptions s\u2019effectuent directement \u00e0 l\u2019accueil de la piscine.<\/p>\n<p>* les enfants de 6 ans peuvent \u00eatre admis sous r\u00e9serve de r\u00e9aliser un test avec un Ma\u00eetre-Nageur de la piscine Les Colliberts &nbsp;(rendez-vous \u00e0 prendre \u00e0 la piscine sur la p\u00e9riode du 21 janvier au 5 f\u00e9vrier). &nbsp;<\/p>\n<h2>Tarifs par s\u00e9ance :&nbsp;<\/h2>\n<table class=\"contenttable\">\n<thead>\n<tr>\n<th>ACTIVIT\u00c9S ENFANTS<\/th>\n<th>JAUNE<\/th>\n<th>VERT<\/th>\n<th>BLEU<\/th>\n<th>HORS CAN<\/th>\n<\/tr>\n<\/thead>\n<tbody>\n<tr>\n<td>Cours : Apprentissage, transition \u2013 La s\u00e9ance<\/td>\n<td>3 \u20ac<\/td>\n<td>5.3 \u20ac<\/td>\n<td>7.5 \u20ac<\/td>\n<td>8.6 \u20ac<\/td>\n<\/tr>\n<\/tbody>\n<\/table>\n<\/div>\n<p>Ce objet vous a fascin\u00e9 vous appr\u00e9cierez pareillement ces parutions:<\/p>\n<p>Villa 3. Histoire et arch\u00e9ologie des soci\u00e9t\u00e9s de la Vall\u00e9e de L\u2019\u00c8bre (vii-xie si\u00e8cles).,<a target=\"_blank\" rel=\"nofollow\" href=\"https:\/\/www.viaromana.org\/blog\/goto\/https:\/\/www.epagine.fr\/ebook\/9782810709885-villa-3-histoire-et-archeologie-des-societes-de-la-vallee-de-l-ebre-vii-xie-siecles-philippe-senac\/\"  target=\"_blank\" rel=\"noopener noreferrer nofollow\">(la couverture) <\/a><span><\/span>. Disponible \u00e0 l\u2019achat sur les plateformes Amazon, Fnac, Cultura \u2026.<\/p>\n<p>M\u00e9langes d\u2019Histoire et d\u2019arch\u00e9ologie agenaises.,<a target=\"_blank\" rel=\"nofollow\" href=\"https:\/\/www.viaromana.org\/blog\/goto\/https:\/\/www.epagine.fr\/ebook\/9782307339304-melanges-d-histoire-et-d-archeologie-agenaises-jean-r-marboutin\/\"  target=\"_blank\" rel=\"noopener noreferrer nofollow\">(Disponible) <\/a><span><\/span>.<\/p>\n<p>Prisonniers du temps.,<a target=\"_blank\" rel=\"nofollow\" href=\"https:\/\/www.viaromana.org\/blog\/goto\/https:\/\/booknode.com\/prisonniers_du_temps_010651\"  target=\"_blank\" rel=\"noopener noreferrer nofollow\">Le livre <\/a><span><\/span>.<\/p>\n<p>Mines et pouvoir au Moyen \u00c2ge.,<a target=\"_blank\" rel=\"nofollow\" href=\"https:\/\/www.viaromana.org\/blog\/goto\/https:\/\/www.kobo.com\/de\/fr\/ebook\/mines-et-pouvoir-au-moyen-age\"  target=\"_blank\" rel=\"noopener noreferrer nofollow\">(Disponible) <\/a><span><\/span>. Disponible chez votre libraire.<\/p>\n","protected":false},"excerpt":{"rendered":"<p>Dans le cadre de notre travail d\u2019information, nous publions ci-dessous un article vu sur le web il y a peu. La th\u00e9matique est \u00abl\u2019arch\u00e9ologie\u00bb. Le titre (Stage de natation pendant les vacances de f\u00e9vrier) est \u00e9vocateur. Pr\u00e9sent\u00e9 sous la signature \u00abd\u2019anonymat\u00bb, l\u2019\u00e9ditorialiste est connu et fiable. Vous pouvez ainsi vous fier aux informations qu\u2019il \u00e9dite. L\u2019encart a \u00e9t\u00e9 diffus\u00e9 \u00e0 une date mentionn\u00e9e 2023-01-20 13:44:00. La piscine des Colliberts propose des stages de natation pour les enfants pendant les vacances de f\u00e9vrier\/printemps. Les stages d\u2019apprentissage (enfant \u00e0 partir de 7 ans*) s\u2019effectuent sur 2 semaines.Ils se d\u00e9roulent du lundi au\u2026<\/p>\n","protected":false},"author":1,"featured_media":0,"comment_status":"closed","ping_status":"closed","sticky":false,"template":"","format":"standard","meta":{"footnotes":""},"categories":[2],"tags":[],"blocksy_meta":{"styles_descriptor":{"styles":{"desktop":"","tablet":"","mobile":""},"google_fonts":[],"version":4}},"yoast_head":"<!-- This site is optimized with the Yoast SEO plugin v21.1 - https:\/\/yoast.com\/wordpress\/plugins\/seo\/ -->\n<title>Article tout frais : Stage de natation pendant les vacances de f\u00e9vrier - Viaromana et arch\u00e9ologie.<\/title>\n<meta name=\"description\" content=\"Article tout frais : Stage de natation pendant les vacances de f\u00e9vrier article de Viaromana et arch\u00e9ologie.\" \/>\n<meta name=\"robots\" content=\"index, follow, max-snippet:-1, max-image-preview:large, max-video-preview:-1\" \/>\n<link rel=\"canonical\" href=\"https:\/\/www.viaromana.org\/blog\/article-tout-frais-stage-de-natation-pendant-les-vacances-de-fevrier\/\" \/>\n<meta property=\"og:locale\" content=\"fr_FR\" \/>\n<meta property=\"og:type\" content=\"article\" \/>\n<meta property=\"og:title\" content=\"Article tout frais : Stage de natation pendant les vacances de f\u00e9vrier - Viaromana et arch\u00e9ologie.\" \/>\n<meta property=\"og:description\" content=\"Article tout frais : Stage de natation pendant les vacances de f\u00e9vrier article de Viaromana et arch\u00e9ologie.\" \/>\n<meta property=\"og:url\" content=\"https:\/\/www.viaromana.org\/blog\/article-tout-frais-stage-de-natation-pendant-les-vacances-de-fevrier\/\" \/>\n<meta property=\"og:site_name\" content=\"Viaromana et arch\u00e9ologie.\" \/>\n<meta property=\"article:published_time\" content=\"2023-01-20T12:44:00+00:00\" \/>\n<meta property=\"og:image\" content=\"https:\/\/www.viaromana.org\/blog\/wp-content\/uploads\/2023\/01\/article-tout-frais-stage-de-natation-pendant-les-vacances-de-fevrier.jpg\" \/>\n<meta name=\"author\" content=\"Robert\" \/>\n<meta name=\"twitter:card\" content=\"summary_large_image\" \/>\n<meta name=\"twitter:label1\" content=\"\u00c9crit par\" \/>\n\t<meta name=\"twitter:data1\" content=\"Robert\" \/>\n\t<meta name=\"twitter:label2\" content=\"Dur\u00e9e de lecture estim\u00e9e\" \/>\n\t<meta name=\"twitter:data2\" content=\"1 minute\" \/>\n<script type=\"application\/ld+json\" class=\"yoast-schema-graph\">{\"@context\":\"https:\/\/schema.org\",\"@graph\":[{\"@type\":\"Article\",\"@id\":\"https:\/\/www.viaromana.org\/blog\/article-tout-frais-stage-de-natation-pendant-les-vacances-de-fevrier\/#article\",\"isPartOf\":{\"@id\":\"https:\/\/www.viaromana.org\/blog\/article-tout-frais-stage-de-natation-pendant-les-vacances-de-fevrier\/\"},\"author\":{\"name\":\"Robert\",\"@id\":\"https:\/\/www.viaromana.org\/blog\/#\/schema\/person\/cde9c4655845091e1fe473fcd163c889\"},\"headline\":\"Article tout frais : Stage de natation pendant les vacances de f\u00e9vrier\",\"datePublished\":\"2023-01-20T12:44:00+00:00\",\"dateModified\":\"2023-01-20T12:44:00+00:00\",\"mainEntityOfPage\":{\"@id\":\"https:\/\/www.viaromana.org\/blog\/article-tout-frais-stage-de-natation-pendant-les-vacances-de-fevrier\/\"},\"wordCount\":289,\"publisher\":{\"@id\":\"https:\/\/www.viaromana.org\/blog\/#organization\"},\"articleSection\":[\"Arch\u00e9ologie\"],\"inLanguage\":\"fr-FR\"},{\"@type\":\"WebPage\",\"@id\":\"https:\/\/www.viaromana.org\/blog\/article-tout-frais-stage-de-natation-pendant-les-vacances-de-fevrier\/\",\"url\":\"https:\/\/www.viaromana.org\/blog\/article-tout-frais-stage-de-natation-pendant-les-vacances-de-fevrier\/\",\"name\":\"Article tout frais : Stage de natation pendant les vacances de f\u00e9vrier - Viaromana et arch\u00e9ologie.\",\"isPartOf\":{\"@id\":\"https:\/\/www.viaromana.org\/blog\/#website\"},\"datePublished\":\"2023-01-20T12:44:00+00:00\",\"dateModified\":\"2023-01-20T12:44:00+00:00\",\"description\":\"Article tout frais : Stage de natation pendant les vacances de f\u00e9vrier article de Viaromana et arch\u00e9ologie.\",\"breadcrumb\":{\"@id\":\"https:\/\/www.viaromana.org\/blog\/article-tout-frais-stage-de-natation-pendant-les-vacances-de-fevrier\/#breadcrumb\"},\"inLanguage\":\"fr-FR\",\"potentialAction\":[{\"@type\":\"ReadAction\",\"target\":[\"https:\/\/www.viaromana.org\/blog\/article-tout-frais-stage-de-natation-pendant-les-vacances-de-fevrier\/\"]}]},{\"@type\":\"BreadcrumbList\",\"@id\":\"https:\/\/www.viaromana.org\/blog\/article-tout-frais-stage-de-natation-pendant-les-vacances-de-fevrier\/#breadcrumb\",\"itemListElement\":[{\"@type\":\"ListItem\",\"position\":1,\"name\":\"Accueil\",\"item\":\"https:\/\/www.viaromana.org\/blog\/\"},{\"@type\":\"ListItem\",\"position\":2,\"name\":\"Article tout frais : Stage de natation pendant les vacances de f\u00e9vrier\"}]},{\"@type\":\"WebSite\",\"@id\":\"https:\/\/www.viaromana.org\/blog\/#website\",\"url\":\"https:\/\/www.viaromana.org\/blog\/\",\"name\":\"Viaromana et arch\u00e9ologie.\",\"description\":\"Site arch\u00e9ologique de la voie romaine (viaromana) Belgique-France-Rome\",\"publisher\":{\"@id\":\"https:\/\/www.viaromana.org\/blog\/#organization\"},\"potentialAction\":[{\"@type\":\"SearchAction\",\"target\":{\"@type\":\"EntryPoint\",\"urlTemplate\":\"https:\/\/www.viaromana.org\/blog\/?s={search_term_string}\"},\"query-input\":\"required name=search_term_string\"}],\"inLanguage\":\"fr-FR\"},{\"@type\":\"Organization\",\"@id\":\"https:\/\/www.viaromana.org\/blog\/#organization\",\"name\":\"viaromana\",\"url\":\"https:\/\/www.viaromana.org\/blog\/\",\"logo\":{\"@type\":\"ImageObject\",\"inLanguage\":\"fr-FR\",\"@id\":\"https:\/\/www.viaromana.org\/blog\/#\/schema\/logo\/image\/\",\"url\":\"https:\/\/www.viaromana.org\/blog\/wp-content\/uploads\/2021\/12\/logo-3.png\",\"contentUrl\":\"https:\/\/www.viaromana.org\/blog\/wp-content\/uploads\/2021\/12\/logo-3.png\",\"width\":300,\"height\":249,\"caption\":\"viaromana\"},\"image\":{\"@id\":\"https:\/\/www.viaromana.org\/blog\/#\/schema\/logo\/image\/\"}},{\"@type\":\"Person\",\"@id\":\"https:\/\/www.viaromana.org\/blog\/#\/schema\/person\/cde9c4655845091e1fe473fcd163c889\",\"name\":\"Robert\",\"image\":{\"@type\":\"ImageObject\",\"inLanguage\":\"fr-FR\",\"@id\":\"https:\/\/www.viaromana.org\/blog\/#\/schema\/person\/image\/\",\"url\":\"https:\/\/secure.gravatar.com\/avatar\/a168ec191013b636c2f278aec04e724b?s=96&d=mm&r=g\",\"contentUrl\":\"https:\/\/secure.gravatar.com\/avatar\/a168ec191013b636c2f278aec04e724b?s=96&d=mm&r=g\",\"caption\":\"Robert\"},\"sameAs\":[\"https:\/\/www.viaromana.org\/blog\"],\"url\":\"https:\/\/www.viaromana.org\/blog\/author\/anaadmin\/\"}]}<\/script>\n<!-- \/ Yoast SEO plugin. -->","yoast_head_json":{"title":"Article tout frais : Stage de natation pendant les vacances de f\u00e9vrier - Viaromana et arch\u00e9ologie.","description":"Article tout frais : Stage de natation pendant les vacances de f\u00e9vrier article de Viaromana et arch\u00e9ologie.","robots":{"index":"index","follow":"follow","max-snippet":"max-snippet:-1","max-image-preview":"max-image-preview:large","max-video-preview":"max-video-preview:-1"},"canonical":"https:\/\/www.viaromana.org\/blog\/article-tout-frais-stage-de-natation-pendant-les-vacances-de-fevrier\/","og_locale":"fr_FR","og_type":"article","og_title":"Article tout frais : Stage de natation pendant les vacances de f\u00e9vrier - Viaromana et arch\u00e9ologie.","og_description":"Article tout frais : Stage de natation pendant les vacances de f\u00e9vrier article de Viaromana et arch\u00e9ologie.","og_url":"https:\/\/www.viaromana.org\/blog\/article-tout-frais-stage-de-natation-pendant-les-vacances-de-fevrier\/","og_site_name":"Viaromana et arch\u00e9ologie.","article_published_time":"2023-01-20T12:44:00+00:00","og_image":[{"url":"https:\/\/www.viaromana.org\/blog\/wp-content\/uploads\/2023\/01\/article-tout-frais-stage-de-natation-pendant-les-vacances-de-fevrier.jpg"}],"author":"Robert","twitter_card":"summary_large_image","twitter_misc":{"\u00c9crit par":"Robert","Dur\u00e9e de lecture estim\u00e9e":"1 minute"},"schema":{"@context":"https:\/\/schema.org","@graph":[{"@type":"Article","@id":"https:\/\/www.viaromana.org\/blog\/article-tout-frais-stage-de-natation-pendant-les-vacances-de-fevrier\/#article","isPartOf":{"@id":"https:\/\/www.viaromana.org\/blog\/article-tout-frais-stage-de-natation-pendant-les-vacances-de-fevrier\/"},"author":{"name":"Robert","@id":"https:\/\/www.viaromana.org\/blog\/#\/schema\/person\/cde9c4655845091e1fe473fcd163c889"},"headline":"Article tout frais : Stage de natation pendant les vacances de f\u00e9vrier","datePublished":"2023-01-20T12:44:00+00:00","dateModified":"2023-01-20T12:44:00+00:00","mainEntityOfPage":{"@id":"https:\/\/www.viaromana.org\/blog\/article-tout-frais-stage-de-natation-pendant-les-vacances-de-fevrier\/"},"wordCount":289,"publisher":{"@id":"https:\/\/www.viaromana.org\/blog\/#organization"},"articleSection":["Arch\u00e9ologie"],"inLanguage":"fr-FR"},{"@type":"WebPage","@id":"https:\/\/www.viaromana.org\/blog\/article-tout-frais-stage-de-natation-pendant-les-vacances-de-fevrier\/","url":"https:\/\/www.viaromana.org\/blog\/article-tout-frais-stage-de-natation-pendant-les-vacances-de-fevrier\/","name":"Article tout frais : Stage de natation pendant les vacances de f\u00e9vrier - Viaromana et arch\u00e9ologie.","isPartOf":{"@id":"https:\/\/www.viaromana.org\/blog\/#website"},"datePublished":"2023-01-20T12:44:00+00:00","dateModified":"2023-01-20T12:44:00+00:00","description":"Article tout frais : Stage de natation pendant les vacances de f\u00e9vrier article de Viaromana et arch\u00e9ologie.","breadcrumb":{"@id":"https:\/\/www.viaromana.org\/blog\/article-tout-frais-stage-de-natation-pendant-les-vacances-de-fevrier\/#breadcrumb"},"inLanguage":"fr-FR","potentialAction":[{"@type":"ReadAction","target":["https:\/\/www.viaromana.org\/blog\/article-tout-frais-stage-de-natation-pendant-les-vacances-de-fevrier\/"]}]},{"@type":"BreadcrumbList","@id":"https:\/\/www.viaromana.org\/blog\/article-tout-frais-stage-de-natation-pendant-les-vacances-de-fevrier\/#breadcrumb","itemListElement":[{"@type":"ListItem","position":1,"name":"Accueil","item":"https:\/\/www.viaromana.org\/blog\/"},{"@type":"ListItem","position":2,"name":"Article tout frais : Stage de natation pendant les vacances de f\u00e9vrier"}]},{"@type":"WebSite","@id":"https:\/\/www.viaromana.org\/blog\/#website","url":"https:\/\/www.viaromana.org\/blog\/","name":"Viaromana et arch\u00e9ologie.","description":"Site arch\u00e9ologique de la voie romaine (viaromana) Belgique-France-Rome","publisher":{"@id":"https:\/\/www.viaromana.org\/blog\/#organization"},"potentialAction":[{"@type":"SearchAction","target":{"@type":"EntryPoint","urlTemplate":"https:\/\/www.viaromana.org\/blog\/?s={search_term_string}"},"query-input":"required name=search_term_string"}],"inLanguage":"fr-FR"},{"@type":"Organization","@id":"https:\/\/www.viaromana.org\/blog\/#organization","name":"viaromana","url":"https:\/\/www.viaromana.org\/blog\/","logo":{"@type":"ImageObject","inLanguage":"fr-FR","@id":"https:\/\/www.viaromana.org\/blog\/#\/schema\/logo\/image\/","url":"https:\/\/www.viaromana.org\/blog\/wp-content\/uploads\/2021\/12\/logo-3.png","contentUrl":"https:\/\/www.viaromana.org\/blog\/wp-content\/uploads\/2021\/12\/logo-3.png","width":300,"height":249,"caption":"viaromana"},"image":{"@id":"https:\/\/www.viaromana.org\/blog\/#\/schema\/logo\/image\/"}},{"@type":"Person","@id":"https:\/\/www.viaromana.org\/blog\/#\/schema\/person\/cde9c4655845091e1fe473fcd163c889","name":"Robert","image":{"@type":"ImageObject","inLanguage":"fr-FR","@id":"https:\/\/www.viaromana.org\/blog\/#\/schema\/person\/image\/","url":"https:\/\/secure.gravatar.com\/avatar\/a168ec191013b636c2f278aec04e724b?s=96&d=mm&r=g","contentUrl":"https:\/\/secure.gravatar.com\/avatar\/a168ec191013b636c2f278aec04e724b?s=96&d=mm&r=g","caption":"Robert"},"sameAs":["https:\/\/www.viaromana.org\/blog"],"url":"https:\/\/www.viaromana.org\/blog\/author\/anaadmin\/"}]}},"_links":{"self":[{"href":"https:\/\/www.viaromana.org\/blog\/wp-json\/wp\/v2\/posts\/1501"}],"collection":[{"href":"https:\/\/www.viaromana.org\/blog\/wp-json\/wp\/v2\/posts"}],"about":[{"href":"https:\/\/www.viaromana.org\/blog\/wp-json\/wp\/v2\/types\/post"}],"author":[{"embeddable":true,"href":"https:\/\/www.viaromana.org\/blog\/wp-json\/wp\/v2\/users\/1"}],"replies":[{"embeddable":true,"href":"https:\/\/www.viaromana.org\/blog\/wp-json\/wp\/v2\/comments?post=1501"}],"version-history":[{"count":0,"href":"https:\/\/www.viaromana.org\/blog\/wp-json\/wp\/v2\/posts\/1501\/revisions"}],"wp:attachment":[{"href":"https:\/\/www.viaromana.org\/blog\/wp-json\/wp\/v2\/media?parent=1501"}],"wp:term":[{"taxonomy":"category","embeddable":true,"href":"https:\/\/www.viaromana.org\/blog\/wp-json\/wp\/v2\/categories?post=1501"},{"taxonomy":"post_tag","embeddable":true,"href":"https:\/\/www.viaromana.org\/blog\/wp-json\/wp\/v2\/tags?post=1501"}],"curies":[{"name":"wp","href":"https:\/\/api.w.org\/{rel}","templated":true}]}}