{"id":1497,"date":"2023-01-17T11:50:49","date_gmt":"2023-01-17T10:50:49","guid":{"rendered":"https:\/\/www.site.cdcl.xyz\/2023\/01\/17\/on-revient-sur-leditorial-les-oreilles-en-pointe-chorale-et-ecole-de-musique\/"},"modified":"2023-01-17T11:50:49","modified_gmt":"2023-01-17T10:50:49","slug":"on-revient-sur-leditorial-les-oreilles-en-pointe-chorale-et-ecole-de-musique","status":"publish","type":"post","link":"https:\/\/www.viaromana.org\/blog\/on-revient-sur-leditorial-les-oreilles-en-pointe-chorale-et-ecole-de-musique\/","title":{"rendered":"On revient sur l\u2019\u00e9ditorial : Les Oreilles en Pointe : chorale et \u00e9cole de musique"},"content":{"rendered":"<p>Fid\u00e8le \u00e0 sa mission, ce blog va porter \u00e0 votre connaissance un post qui se propage sur le web. La th\u00e9matique est \u00abl\u2019arch\u00e9ologie\u00bb.<\/p>\n<p>Le titre (Les Oreilles en Pointe : chorale et \u00e9cole de musique) r\u00e9capitule tout l\u2019article.<\/p>\n<p>Le chroniqueur (pr\u00e9sent\u00e9 sous le nom S\u00e9verine CLAIR) est positivement connu pour plusieurs autres papiers qu\u2019il a publi\u00e9s sur internet.<\/p>\n<p>Il n\u2019y a pas de raison de ne pas croire du s\u00e9rieux de ces infos.<\/p>\n<p>L\u2019\u00e9ditorial a \u00e9t\u00e9 diffus\u00e9 \u00e0 une date mentionn\u00e9e 2023-01-17 11:50:49.<\/p>\n<p><img decoding=\"async\" src=\"https:\/\/www.viaromana.org\/blog\/wp-content\/uploads\/2023\/01\/on-revient-sur-leditorial-les-oreilles-en-pointe-chorale-et-ecole-de-musique.jpg\" alt class=\"alignnone size-medium wp-image-4892\" width=\"212\" height=\"300\"><img decoding=\"async\" loading=\"lazy\" src=\"https:\/\/www.viaromana.org\/blog\/wp-content\/uploads\/2023\/01\/on-revient-sur-leditorial-les-oreilles-en-pointe-chorale-et-ecole-de-musique-1.jpg\" alt class=\"alignnone size-medium wp-image-4893\" width=\"212\" height=\"300\"><\/p>\n<p>L\u2019article Les Oreilles en Pointe : chorale et \u00e9cole de musique est apparu en premier sur Chatillon-Coligny.<\/p>\n<p>Livres sur le m\u00eame propos:<\/p>\n<p>Promenades d\u2019arch\u00e9ologie sous-marine.,<a target=\"_blank\" rel=\"nofollow\" href=\"https:\/\/www.viaromana.org\/blog\/goto\/https:\/\/www.epagine.fr\/ebook\/9782307162087-promenades-d-archeologie-sous-marine-philippe-diole\/\"  target=\"_blank\" rel=\"noopener noreferrer nofollow\">livre de r\u00e9f\u00e9rence <\/a><span><\/span>.<\/p>\n<p>M\u00e9moires de la Soci\u00e9t\u00e9 d\u2019Histoire et d\u2019Arch\u00e9ologie de Bretagne.,<a target=\"_blank\" rel=\"nofollow\" href=\"https:\/\/www.viaromana.org\/blog\/goto\/https:\/\/www.epagine.fr\/ebook\/9782402591447-memoires-de-la-societe-d-histoire-et-d-archeologie-de-bretagne-raison\/\"  target=\"_blank\" rel=\"noopener noreferrer nofollow\">livre de r\u00e9f\u00e9rence <\/a><span><\/span>.<\/p>\n<p>Ville, espace urbain et arch\u00e9ologie.,<a target=\"_blank\" rel=\"nofollow\" href=\"https:\/\/www.viaromana.org\/blog\/goto\/https:\/\/www.epagine.fr\/ebook\/9782869063501-ville-espace-urbain-et-archeologie-henri-galnie\/\"  target=\"_blank\" rel=\"noopener noreferrer nofollow\">Clicker Ici <\/a><span><\/span>.<\/p>\n<p>Manuel d\u2019arch\u00e9ologie grecque.,<a target=\"_blank\" rel=\"nofollow\" href=\"https:\/\/www.viaromana.org\/blog\/goto\/https:\/\/www.kobo.com\/de\/fr\/ebook\/manuel-d-archeologie-grecque-2\"  target=\"_blank\" rel=\"noopener noreferrer nofollow\">Clicker Ici <\/a><span><\/span>.<\/p>\n","protected":false},"excerpt":{"rendered":"<p>Fid\u00e8le \u00e0 sa mission, ce blog va porter \u00e0 votre connaissance un post qui se propage sur le web. La th\u00e9matique est \u00abl\u2019arch\u00e9ologie\u00bb. Le titre (Les Oreilles en Pointe : chorale et \u00e9cole de musique) r\u00e9capitule tout l\u2019article. Le chroniqueur (pr\u00e9sent\u00e9 sous le nom S\u00e9verine CLAIR) est positivement connu pour plusieurs autres papiers qu\u2019il a publi\u00e9s sur internet. Il n\u2019y a pas de raison de ne pas croire du s\u00e9rieux de ces infos. L\u2019\u00e9ditorial a \u00e9t\u00e9 diffus\u00e9 \u00e0 une date mentionn\u00e9e 2023-01-17 11:50:49. L\u2019article Les Oreilles en Pointe : chorale et \u00e9cole de musique est apparu en premier sur Chatillon-Coligny.\u2026<\/p>\n","protected":false},"author":1,"featured_media":0,"comment_status":"closed","ping_status":"closed","sticky":false,"template":"","format":"standard","meta":{"footnotes":""},"categories":[2],"tags":[],"blocksy_meta":{"styles_descriptor":{"styles":{"desktop":"","tablet":"","mobile":""},"google_fonts":[],"version":4}},"yoast_head":"<!-- This site is optimized with the Yoast SEO plugin v21.1 - https:\/\/yoast.com\/wordpress\/plugins\/seo\/ -->\n<title>On revient sur l\u2019\u00e9ditorial : Les Oreilles en Pointe : chorale et \u00e9cole de musique - Viaromana et arch\u00e9ologie.<\/title>\n<meta name=\"description\" content=\"On revient sur l\u2019\u00e9ditorial : Les Oreilles en Pointe : chorale et \u00e9cole de musique article de Viaromana et arch\u00e9ologie.\" \/>\n<meta name=\"robots\" content=\"index, follow, max-snippet:-1, max-image-preview:large, max-video-preview:-1\" \/>\n<link rel=\"canonical\" href=\"https:\/\/www.viaromana.org\/blog\/on-revient-sur-leditorial-les-oreilles-en-pointe-chorale-et-ecole-de-musique\/\" \/>\n<meta property=\"og:locale\" content=\"fr_FR\" \/>\n<meta property=\"og:type\" content=\"article\" \/>\n<meta property=\"og:title\" content=\"On revient sur l\u2019\u00e9ditorial : Les Oreilles en Pointe : chorale et \u00e9cole de musique - Viaromana et arch\u00e9ologie.\" \/>\n<meta property=\"og:description\" content=\"On revient sur l\u2019\u00e9ditorial : Les Oreilles en Pointe : chorale et \u00e9cole de musique article de Viaromana et arch\u00e9ologie.\" \/>\n<meta property=\"og:url\" content=\"https:\/\/www.viaromana.org\/blog\/on-revient-sur-leditorial-les-oreilles-en-pointe-chorale-et-ecole-de-musique\/\" \/>\n<meta property=\"og:site_name\" content=\"Viaromana et arch\u00e9ologie.\" \/>\n<meta property=\"article:published_time\" content=\"2023-01-17T10:50:49+00:00\" \/>\n<meta property=\"og:image\" content=\"https:\/\/www.viaromana.org\/blog\/wp-content\/uploads\/2023\/01\/on-revient-sur-leditorial-les-oreilles-en-pointe-chorale-et-ecole-de-musique.jpg\" \/>\n<meta name=\"author\" content=\"Robert\" \/>\n<meta name=\"twitter:card\" content=\"summary_large_image\" \/>\n<meta name=\"twitter:label1\" content=\"\u00c9crit par\" \/>\n\t<meta name=\"twitter:data1\" content=\"Robert\" \/>\n\t<meta name=\"twitter:label2\" content=\"Dur\u00e9e de lecture estim\u00e9e\" \/>\n\t<meta name=\"twitter:data2\" content=\"1 minute\" \/>\n<script type=\"application\/ld+json\" class=\"yoast-schema-graph\">{\"@context\":\"https:\/\/schema.org\",\"@graph\":[{\"@type\":\"Article\",\"@id\":\"https:\/\/www.viaromana.org\/blog\/on-revient-sur-leditorial-les-oreilles-en-pointe-chorale-et-ecole-de-musique\/#article\",\"isPartOf\":{\"@id\":\"https:\/\/www.viaromana.org\/blog\/on-revient-sur-leditorial-les-oreilles-en-pointe-chorale-et-ecole-de-musique\/\"},\"author\":{\"name\":\"Robert\",\"@id\":\"https:\/\/www.viaromana.org\/blog\/#\/schema\/person\/cde9c4655845091e1fe473fcd163c889\"},\"headline\":\"On revient sur l\u2019\u00e9ditorial : Les Oreilles en Pointe : chorale et \u00e9cole de musique\",\"datePublished\":\"2023-01-17T10:50:49+00:00\",\"dateModified\":\"2023-01-17T10:50:49+00:00\",\"mainEntityOfPage\":{\"@id\":\"https:\/\/www.viaromana.org\/blog\/on-revient-sur-leditorial-les-oreilles-en-pointe-chorale-et-ecole-de-musique\/\"},\"wordCount\":174,\"publisher\":{\"@id\":\"https:\/\/www.viaromana.org\/blog\/#organization\"},\"articleSection\":[\"Arch\u00e9ologie\"],\"inLanguage\":\"fr-FR\"},{\"@type\":\"WebPage\",\"@id\":\"https:\/\/www.viaromana.org\/blog\/on-revient-sur-leditorial-les-oreilles-en-pointe-chorale-et-ecole-de-musique\/\",\"url\":\"https:\/\/www.viaromana.org\/blog\/on-revient-sur-leditorial-les-oreilles-en-pointe-chorale-et-ecole-de-musique\/\",\"name\":\"On revient sur l\u2019\u00e9ditorial : Les Oreilles en Pointe : chorale et \u00e9cole de musique - Viaromana et arch\u00e9ologie.\",\"isPartOf\":{\"@id\":\"https:\/\/www.viaromana.org\/blog\/#website\"},\"datePublished\":\"2023-01-17T10:50:49+00:00\",\"dateModified\":\"2023-01-17T10:50:49+00:00\",\"description\":\"On revient sur l\u2019\u00e9ditorial : Les Oreilles en Pointe : chorale et \u00e9cole de musique article de Viaromana et arch\u00e9ologie.\",\"breadcrumb\":{\"@id\":\"https:\/\/www.viaromana.org\/blog\/on-revient-sur-leditorial-les-oreilles-en-pointe-chorale-et-ecole-de-musique\/#breadcrumb\"},\"inLanguage\":\"fr-FR\",\"potentialAction\":[{\"@type\":\"ReadAction\",\"target\":[\"https:\/\/www.viaromana.org\/blog\/on-revient-sur-leditorial-les-oreilles-en-pointe-chorale-et-ecole-de-musique\/\"]}]},{\"@type\":\"BreadcrumbList\",\"@id\":\"https:\/\/www.viaromana.org\/blog\/on-revient-sur-leditorial-les-oreilles-en-pointe-chorale-et-ecole-de-musique\/#breadcrumb\",\"itemListElement\":[{\"@type\":\"ListItem\",\"position\":1,\"name\":\"Accueil\",\"item\":\"https:\/\/www.viaromana.org\/blog\/\"},{\"@type\":\"ListItem\",\"position\":2,\"name\":\"On revient sur l\u2019\u00e9ditorial : Les Oreilles en Pointe : chorale et \u00e9cole de musique\"}]},{\"@type\":\"WebSite\",\"@id\":\"https:\/\/www.viaromana.org\/blog\/#website\",\"url\":\"https:\/\/www.viaromana.org\/blog\/\",\"name\":\"Viaromana et arch\u00e9ologie.\",\"description\":\"Site arch\u00e9ologique de la voie romaine (viaromana) Belgique-France-Rome\",\"publisher\":{\"@id\":\"https:\/\/www.viaromana.org\/blog\/#organization\"},\"potentialAction\":[{\"@type\":\"SearchAction\",\"target\":{\"@type\":\"EntryPoint\",\"urlTemplate\":\"https:\/\/www.viaromana.org\/blog\/?s={search_term_string}\"},\"query-input\":\"required name=search_term_string\"}],\"inLanguage\":\"fr-FR\"},{\"@type\":\"Organization\",\"@id\":\"https:\/\/www.viaromana.org\/blog\/#organization\",\"name\":\"viaromana\",\"url\":\"https:\/\/www.viaromana.org\/blog\/\",\"logo\":{\"@type\":\"ImageObject\",\"inLanguage\":\"fr-FR\",\"@id\":\"https:\/\/www.viaromana.org\/blog\/#\/schema\/logo\/image\/\",\"url\":\"https:\/\/www.viaromana.org\/blog\/wp-content\/uploads\/2021\/12\/logo-3.png\",\"contentUrl\":\"https:\/\/www.viaromana.org\/blog\/wp-content\/uploads\/2021\/12\/logo-3.png\",\"width\":300,\"height\":249,\"caption\":\"viaromana\"},\"image\":{\"@id\":\"https:\/\/www.viaromana.org\/blog\/#\/schema\/logo\/image\/\"}},{\"@type\":\"Person\",\"@id\":\"https:\/\/www.viaromana.org\/blog\/#\/schema\/person\/cde9c4655845091e1fe473fcd163c889\",\"name\":\"Robert\",\"image\":{\"@type\":\"ImageObject\",\"inLanguage\":\"fr-FR\",\"@id\":\"https:\/\/www.viaromana.org\/blog\/#\/schema\/person\/image\/\",\"url\":\"https:\/\/secure.gravatar.com\/avatar\/a168ec191013b636c2f278aec04e724b?s=96&d=mm&r=g\",\"contentUrl\":\"https:\/\/secure.gravatar.com\/avatar\/a168ec191013b636c2f278aec04e724b?s=96&d=mm&r=g\",\"caption\":\"Robert\"},\"sameAs\":[\"https:\/\/www.viaromana.org\/blog\"],\"url\":\"https:\/\/www.viaromana.org\/blog\/author\/anaadmin\/\"}]}<\/script>\n<!-- \/ Yoast SEO plugin. -->","yoast_head_json":{"title":"On revient sur l\u2019\u00e9ditorial : Les Oreilles en Pointe : chorale et \u00e9cole de musique - Viaromana et arch\u00e9ologie.","description":"On revient sur l\u2019\u00e9ditorial : Les Oreilles en Pointe : chorale et \u00e9cole de musique article de Viaromana et arch\u00e9ologie.","robots":{"index":"index","follow":"follow","max-snippet":"max-snippet:-1","max-image-preview":"max-image-preview:large","max-video-preview":"max-video-preview:-1"},"canonical":"https:\/\/www.viaromana.org\/blog\/on-revient-sur-leditorial-les-oreilles-en-pointe-chorale-et-ecole-de-musique\/","og_locale":"fr_FR","og_type":"article","og_title":"On revient sur l\u2019\u00e9ditorial : Les Oreilles en Pointe : chorale et \u00e9cole de musique - Viaromana et arch\u00e9ologie.","og_description":"On revient sur l\u2019\u00e9ditorial : Les Oreilles en Pointe : chorale et \u00e9cole de musique article de Viaromana et arch\u00e9ologie.","og_url":"https:\/\/www.viaromana.org\/blog\/on-revient-sur-leditorial-les-oreilles-en-pointe-chorale-et-ecole-de-musique\/","og_site_name":"Viaromana et arch\u00e9ologie.","article_published_time":"2023-01-17T10:50:49+00:00","og_image":[{"url":"https:\/\/www.viaromana.org\/blog\/wp-content\/uploads\/2023\/01\/on-revient-sur-leditorial-les-oreilles-en-pointe-chorale-et-ecole-de-musique.jpg"}],"author":"Robert","twitter_card":"summary_large_image","twitter_misc":{"\u00c9crit par":"Robert","Dur\u00e9e de lecture estim\u00e9e":"1 minute"},"schema":{"@context":"https:\/\/schema.org","@graph":[{"@type":"Article","@id":"https:\/\/www.viaromana.org\/blog\/on-revient-sur-leditorial-les-oreilles-en-pointe-chorale-et-ecole-de-musique\/#article","isPartOf":{"@id":"https:\/\/www.viaromana.org\/blog\/on-revient-sur-leditorial-les-oreilles-en-pointe-chorale-et-ecole-de-musique\/"},"author":{"name":"Robert","@id":"https:\/\/www.viaromana.org\/blog\/#\/schema\/person\/cde9c4655845091e1fe473fcd163c889"},"headline":"On revient sur l\u2019\u00e9ditorial : Les Oreilles en Pointe : chorale et \u00e9cole de musique","datePublished":"2023-01-17T10:50:49+00:00","dateModified":"2023-01-17T10:50:49+00:00","mainEntityOfPage":{"@id":"https:\/\/www.viaromana.org\/blog\/on-revient-sur-leditorial-les-oreilles-en-pointe-chorale-et-ecole-de-musique\/"},"wordCount":174,"publisher":{"@id":"https:\/\/www.viaromana.org\/blog\/#organization"},"articleSection":["Arch\u00e9ologie"],"inLanguage":"fr-FR"},{"@type":"WebPage","@id":"https:\/\/www.viaromana.org\/blog\/on-revient-sur-leditorial-les-oreilles-en-pointe-chorale-et-ecole-de-musique\/","url":"https:\/\/www.viaromana.org\/blog\/on-revient-sur-leditorial-les-oreilles-en-pointe-chorale-et-ecole-de-musique\/","name":"On revient sur l\u2019\u00e9ditorial : Les Oreilles en Pointe : chorale et \u00e9cole de musique - Viaromana et arch\u00e9ologie.","isPartOf":{"@id":"https:\/\/www.viaromana.org\/blog\/#website"},"datePublished":"2023-01-17T10:50:49+00:00","dateModified":"2023-01-17T10:50:49+00:00","description":"On revient sur l\u2019\u00e9ditorial : Les Oreilles en Pointe : chorale et \u00e9cole de musique article de Viaromana et arch\u00e9ologie.","breadcrumb":{"@id":"https:\/\/www.viaromana.org\/blog\/on-revient-sur-leditorial-les-oreilles-en-pointe-chorale-et-ecole-de-musique\/#breadcrumb"},"inLanguage":"fr-FR","potentialAction":[{"@type":"ReadAction","target":["https:\/\/www.viaromana.org\/blog\/on-revient-sur-leditorial-les-oreilles-en-pointe-chorale-et-ecole-de-musique\/"]}]},{"@type":"BreadcrumbList","@id":"https:\/\/www.viaromana.org\/blog\/on-revient-sur-leditorial-les-oreilles-en-pointe-chorale-et-ecole-de-musique\/#breadcrumb","itemListElement":[{"@type":"ListItem","position":1,"name":"Accueil","item":"https:\/\/www.viaromana.org\/blog\/"},{"@type":"ListItem","position":2,"name":"On revient sur l\u2019\u00e9ditorial : Les Oreilles en Pointe : chorale et \u00e9cole de musique"}]},{"@type":"WebSite","@id":"https:\/\/www.viaromana.org\/blog\/#website","url":"https:\/\/www.viaromana.org\/blog\/","name":"Viaromana et arch\u00e9ologie.","description":"Site arch\u00e9ologique de la voie romaine (viaromana) Belgique-France-Rome","publisher":{"@id":"https:\/\/www.viaromana.org\/blog\/#organization"},"potentialAction":[{"@type":"SearchAction","target":{"@type":"EntryPoint","urlTemplate":"https:\/\/www.viaromana.org\/blog\/?s={search_term_string}"},"query-input":"required name=search_term_string"}],"inLanguage":"fr-FR"},{"@type":"Organization","@id":"https:\/\/www.viaromana.org\/blog\/#organization","name":"viaromana","url":"https:\/\/www.viaromana.org\/blog\/","logo":{"@type":"ImageObject","inLanguage":"fr-FR","@id":"https:\/\/www.viaromana.org\/blog\/#\/schema\/logo\/image\/","url":"https:\/\/www.viaromana.org\/blog\/wp-content\/uploads\/2021\/12\/logo-3.png","contentUrl":"https:\/\/www.viaromana.org\/blog\/wp-content\/uploads\/2021\/12\/logo-3.png","width":300,"height":249,"caption":"viaromana"},"image":{"@id":"https:\/\/www.viaromana.org\/blog\/#\/schema\/logo\/image\/"}},{"@type":"Person","@id":"https:\/\/www.viaromana.org\/blog\/#\/schema\/person\/cde9c4655845091e1fe473fcd163c889","name":"Robert","image":{"@type":"ImageObject","inLanguage":"fr-FR","@id":"https:\/\/www.viaromana.org\/blog\/#\/schema\/person\/image\/","url":"https:\/\/secure.gravatar.com\/avatar\/a168ec191013b636c2f278aec04e724b?s=96&d=mm&r=g","contentUrl":"https:\/\/secure.gravatar.com\/avatar\/a168ec191013b636c2f278aec04e724b?s=96&d=mm&r=g","caption":"Robert"},"sameAs":["https:\/\/www.viaromana.org\/blog"],"url":"https:\/\/www.viaromana.org\/blog\/author\/anaadmin\/"}]}},"_links":{"self":[{"href":"https:\/\/www.viaromana.org\/blog\/wp-json\/wp\/v2\/posts\/1497"}],"collection":[{"href":"https:\/\/www.viaromana.org\/blog\/wp-json\/wp\/v2\/posts"}],"about":[{"href":"https:\/\/www.viaromana.org\/blog\/wp-json\/wp\/v2\/types\/post"}],"author":[{"embeddable":true,"href":"https:\/\/www.viaromana.org\/blog\/wp-json\/wp\/v2\/users\/1"}],"replies":[{"embeddable":true,"href":"https:\/\/www.viaromana.org\/blog\/wp-json\/wp\/v2\/comments?post=1497"}],"version-history":[{"count":0,"href":"https:\/\/www.viaromana.org\/blog\/wp-json\/wp\/v2\/posts\/1497\/revisions"}],"wp:attachment":[{"href":"https:\/\/www.viaromana.org\/blog\/wp-json\/wp\/v2\/media?parent=1497"}],"wp:term":[{"taxonomy":"category","embeddable":true,"href":"https:\/\/www.viaromana.org\/blog\/wp-json\/wp\/v2\/categories?post=1497"},{"taxonomy":"post_tag","embeddable":true,"href":"https:\/\/www.viaromana.org\/blog\/wp-json\/wp\/v2\/tags?post=1497"}],"curies":[{"name":"wp","href":"https:\/\/api.w.org\/{rel}","templated":true}]}}