{"id":1496,"date":"2022-12-12T14:03:48","date_gmt":"2022-12-12T13:03:48","guid":{"rendered":"https:\/\/www.site.cdcl.xyz\/2022\/12\/12\/edito-tout-frais-developpement-durable-lagglomeration-mobilise-le-territoire\/"},"modified":"2022-12-12T14:03:48","modified_gmt":"2022-12-12T13:03:48","slug":"edito-tout-frais-developpement-durable-lagglomeration-mobilise-le-territoire","status":"publish","type":"post","link":"https:\/\/www.viaromana.org\/blog\/edito-tout-frais-developpement-durable-lagglomeration-mobilise-le-territoire\/","title":{"rendered":"Edito tout frais : D\u00e9veloppement durable : L\u2019agglom\u00e9ration mobilise le territoire"},"content":{"rendered":"<p>Cet article, dont la th\u00e9matique est \u00ab&nbsp;l\u2019arch\u00e9ologie&nbsp;\u00bb, a \u00e9t\u00e9 trouv\u00e9 sur le web, nous sommes heureux de vous en proposer le contenu principal ci-dessous.<\/p>\n<p>Son titre troublant (D\u00e9veloppement durable : L\u2019agglom\u00e9ration mobilise le territoire) parle de lui-m\u00eame.<\/p>\n<p> Identifi\u00e9 sous la signature \u00abd\u2019anonymat<br \/>\u00bb, le r\u00e9dacteur est positivement connu pour d\u2019autres posts qu\u2019il a publi\u00e9s sur internet.<\/p>\n<p>Il n\u2019y a pas de raison de ne pas croire du s\u00e9rieux de ces r\u00e9v\u00e9lations.<\/p>\n<p><img decoding=\"async\" src=\"https:\/\/www.viaromana.org\/blog\/wp-content\/uploads\/2023\/01\/edito-tout-frais-developpement-durable-lagglomeration-mobilise-le-territoire.jpg\"><\/p>\n<div>\n<p>Le 10 f\u00e9vrier 2020, l\u2019agglom\u00e9ration a adopt\u00e9 son Plan Climat Air Energie Territorial (PCAET).\n<\/p>\n<p>Ce document strat\u00e9gique et op\u00e9rationnel permet, \u00e0 l\u2019\u00e9chelle g\u00e9ographique du territoire, d\u2019asseoir une strat\u00e9gie : engager le territoire dans une trajectoire bas carbone pour atteindre la neutralit\u00e9 carbone en 2050, \u00e0 l\u2019image de la loi \u00e9nergie \u2013 climat promulgu\u00e9e fin 2019.\n<\/p>\n<p>\u200b\u200b\u200b\u200b\u200b\u200b\u200bLa notion de d\u00e9veloppement durable ne pouvant \u00eatre r\u00e9duite aux probl\u00e9matiques environnementales, ce rapport 2022 du d\u00e9veloppement durable r\u00e9pertorie \u00e9galement les actions en faveur de l\u2019\u00e9conomie et de l\u2019humain, selon les comp\u00e9tences et politiques publiques exerc\u00e9es par l\u2019agglom\u00e9ration. Il s\u2019attache \u00e9galement \u00e0 pr\u00e9senter les nouvelles actions initi\u00e9es durant l\u2019ann\u00e9e 2022.<\/p>\n<\/div>\n<div>\n<p class=\"text-center\">Consultez la synth\u00e8se du rapport de d\u00e9veloppement durable 2022<\/p>\n<h2>L\u2019essentiel \u00e0 retenir<\/h2>\n<ul>\n<li><strong>27 283 km parcourus en VAE au 30 juillet 2022<\/strong> (entre 2020 et 2022, le nombre de kilom\u00e8tres parcourus a \u00e9t\u00e9 multipli\u00e9 par 4, gr\u00e2ce au d\u00e9veloppement de la flotte)<\/li>\n<li><strong>Au global, 8 P+R sont envisag\u00e9s en entr\u00e9e de p\u00f4le urbain<\/strong>. 2022 est marqu\u00e9 par le lancement des \u00e9tudes de ma\u00eetrise d\u2019oeuvre pour l\u2019am\u00e9nagement de deux parkings relais suppl\u00e9mentaires : Esp\u00e9rance et Maisons rouges \u00e0 Niort.<\/li>\n<li><strong>Points de co-voiturage<\/strong> : une seconde phase de d\u00e9ploiement a permis en juillet 2022 l\u2019installation de 16 nouveaux points. Une troisi\u00e8me phase est programm\u00e9e en septembre et devrait comptabiliser 22 nouveaux points. Ainsi, le nombre de points de co-voiturage sera port\u00e9 \u00e0 47 sur le territoire.<\/li>\n<li><strong>Les premiers bus BioGNV circuleront en 2023<\/strong><\/li>\n<li><strong>Le nouveau p\u00f4le de transport d\u00e9carbon\u00e9<\/strong> sera \u00ab exemplaire \u00bb plantation de plus de 50 arbres, application d\u2019un coefficient de biotope, infiltration des eaux, r\u00e9cup\u00e9ration des eaux de pluie pour le lavage, places pour v\u00e9hicules et v\u00e9los \u00e9lectriques, recours aux mat\u00e9riaux biosourc\u00e9s, forte isolation, protection solaire pour le confort d\u2019\u00e9t\u00e9, production photovolta\u00efque en toiture pour de l\u2019autoconsommation \u00e9lectrique, \u2026<\/li>\n<li>L\u2019objectif de r\u00e9duction de la <strong>consommation fonci\u00e8re <\/strong>de \u2013 50 % \u00e0 horizon 2030 et de Z\u00e9ro Artificialisation Nette (ZAN) \u00e0 2050 est engag\u00e9.<\/li>\n<li>L\u2019agglom\u00e9ration soutient la plantation de peupliers, \u00e0 raison de 1\u20ac par plant, en compl\u00e9ment des aides d\u2019ores et d\u00e9j\u00e0 existantes.<\/li>\n<li><strong>La ma\u00eetrise de l\u2019\u00e9nergie dans l\u2019habitat priv\u00e9<\/strong> : gr\u00e2ce \u00e0 l\u2019Op\u00e9ration Programm\u00e9e pour l\u2019Am\u00e9lioration de l\u2019Habitat, le gain \u00e9nerg\u00e9tique moyen est de 47% et le gain climatique est de 65% pour les propri\u00e9taires subventionn\u00e9s.<\/li>\n<li><strong>La maitrise de l\u2019\u00e9nergie dans le patrimoine communal : 30 communes sont ainsi aid\u00e9es par l\u2019agglom\u00e9ration, le SIEDS et la DDT<\/strong>. Cet accompagnement est renforc\u00e9 pour les 23 communes engag\u00e9es dans le dispositif SEQUOIA (avec la r\u00e9alisation d\u2019audits \u00e9nerg\u00e9tiques).<\/li>\n<li><strong>La ma\u00eetrise de l\u2019\u00e9nergie du patrimoine communautaire<\/strong> : En 2022\/2023, 255 points seront remplac\u00e9es par des leds ou une technologie polym\u00e8re. L\u2019extinction nocturne est g\u00e9n\u00e9ralis\u00e9e et p\u00e9rennis\u00e9e depuis 2022 sur l\u2019ensemble des <strong>zones d\u2019activit\u00e9s \u00e9conomiques<\/strong> de entre minuit et 5h30. <strong>De 25 \u00e0 30% d\u2019\u00e9conomies d\u2019\u00e9nergie sont ainsi r\u00e9alis\u00e9es.<\/strong><\/li>\n<li>L\u2019agglom\u00e9ration, pour l\u2019ensemble de ses <strong>chantiers de voirie<\/strong> en zone d\u2019activit\u00e9s \u00e9conomiques utilisent 20% <strong>de mat\u00e9riaux issus du r\u00e9emploi, de la r\u00e9utilisation ou du recyclage des d\u00e9chets.<\/strong><\/li>\n<li><strong>En 2022, une vingtaine d\u2019agriculteurs ont b\u00e9n\u00e9fici\u00e9 de semences afin qu\u2019ils exp\u00e9rimentent des couverts v\u00e9g\u00e9taux entre leurs culture<\/strong><\/li>\n<li><strong>117 animations d\u00e9di\u00e9es \u00e0 la pr\u00e9vention et au tri dans les \u00e9coles ont \u00e9t\u00e9 organis\u00e9es\u2026<\/strong><\/li>\n<li><strong>48 tonnes de d\u00e9chets <\/strong>ont \u00e9t\u00e9 \u00e9vit\u00e9s gr\u00e2ce aux collectes d\u2019objets organis\u00e9es en d\u00e9ch\u00e8terie et confi\u00e9s \u00e0 l\u2019association Bazar etc<\/li>\n<\/ul>\n<\/div>\n<p>Publications:<\/p>\n<p>Tomb Raider, Tome 1 : Le masque de la m\u00e9duse.,<a target=\"_blank\" rel=\"nofollow\" href=\"https:\/\/www.viaromana.org\/blog\/goto\/https:\/\/booknode.com\/tomb_raider_tome_1_le_masque_de_la_meduse_0122054\"  target=\"_blank\" rel=\"noopener noreferrer nofollow\">(la couverture) <\/a><span><\/span>. Disponible \u00e0 l\u2019achat sur les plateformes Amazon, Fnac, Cultura \u2026.<\/p>\n<p>M\u00e9moires de la Soci\u00e9t\u00e9 d\u2019Histoire et d\u2019Arch\u00e9ologie de Bretagne.,<a target=\"_blank\" rel=\"nofollow\" href=\"https:\/\/www.viaromana.org\/blog\/goto\/https:\/\/www.epagine.fr\/ebook\/9782402591447-memoires-de-la-societe-d-histoire-et-d-archeologie-de-bretagne-raison\/\"  target=\"_blank\" rel=\"noopener noreferrer nofollow\">livre de r\u00e9f\u00e9rence <\/a><span><\/span>.<\/p>\n<p>Recherches arch\u00e9ologiques en Angola ; pr\u00e9histoire, art rupestre, arch\u00e9ologie fun\u00e9raire.,<a target=\"_blank\" rel=\"nofollow\" href=\"https:\/\/www.viaromana.org\/blog\/goto\/https:\/\/www.epagine.fr\/ebook\/9782296200371-recherches-archeologiques-en-angola-prehistoire-art-rupestre-archeologie-funeraire-manuel-gutierrez\/\"  target=\"_blank\" rel=\"noopener noreferrer nofollow\">Le livre <\/a><span><\/span>. Ouvrage de r\u00e9f\u00e9rence.<\/p>\n<p>L\u2019organisation territoriale de l\u2019arch\u00e9ologie en Europe.,<a target=\"_blank\" rel=\"nofollow\" href=\"https:\/\/www.viaromana.org\/blog\/goto\/https:\/\/www.epagine.fr\/ebook\/9782402452526-l-organisation-territoriale-de-l-archeologie-en-europe-centre-national-de-la-fonction-publique-territoriale-ecole-nationale-d-application-des-cadres-territoriaux-associatio\/\"  target=\"_blank\" rel=\"noopener noreferrer nofollow\">Ouvrage <\/a><span><\/span>.<\/p>\n","protected":false},"excerpt":{"rendered":"<p>Cet article, dont la th\u00e9matique est \u00ab&nbsp;l\u2019arch\u00e9ologie&nbsp;\u00bb, a \u00e9t\u00e9 trouv\u00e9 sur le web, nous sommes heureux de vous en proposer le contenu principal ci-dessous. Son titre troublant (D\u00e9veloppement durable : L\u2019agglom\u00e9ration mobilise le territoire) parle de lui-m\u00eame. Identifi\u00e9 sous la signature \u00abd\u2019anonymat\u00bb, le r\u00e9dacteur est positivement connu pour d\u2019autres posts qu\u2019il a publi\u00e9s sur internet. Il n\u2019y a pas de raison de ne pas croire du s\u00e9rieux de ces r\u00e9v\u00e9lations. Le 10 f\u00e9vrier 2020, l\u2019agglom\u00e9ration a adopt\u00e9 son Plan Climat Air Energie Territorial (PCAET). Ce document strat\u00e9gique et op\u00e9rationnel permet, \u00e0 l\u2019\u00e9chelle g\u00e9ographique du territoire, d\u2019asseoir une strat\u00e9gie : engager\u2026<\/p>\n","protected":false},"author":1,"featured_media":0,"comment_status":"closed","ping_status":"closed","sticky":false,"template":"","format":"standard","meta":{"footnotes":""},"categories":[2],"tags":[],"blocksy_meta":{"styles_descriptor":{"styles":{"desktop":"","tablet":"","mobile":""},"google_fonts":[],"version":4}},"yoast_head":"<!-- This site is optimized with the Yoast SEO plugin v21.1 - https:\/\/yoast.com\/wordpress\/plugins\/seo\/ -->\n<title>Edito tout frais : D\u00e9veloppement durable : L\u2019agglom\u00e9ration mobilise le territoire - Viaromana et arch\u00e9ologie.<\/title>\n<meta name=\"description\" content=\"Edito tout frais : D\u00e9veloppement durable : L\u2019agglom\u00e9ration mobilise le territoire article de Viaromana et arch\u00e9ologie.\" \/>\n<meta name=\"robots\" content=\"index, follow, max-snippet:-1, max-image-preview:large, max-video-preview:-1\" \/>\n<link rel=\"canonical\" href=\"https:\/\/www.viaromana.org\/blog\/edito-tout-frais-developpement-durable-lagglomeration-mobilise-le-territoire\/\" \/>\n<meta property=\"og:locale\" content=\"fr_FR\" \/>\n<meta property=\"og:type\" content=\"article\" \/>\n<meta property=\"og:title\" content=\"Edito tout frais : D\u00e9veloppement durable : L\u2019agglom\u00e9ration mobilise le territoire - Viaromana et arch\u00e9ologie.\" \/>\n<meta property=\"og:description\" content=\"Edito tout frais : D\u00e9veloppement durable : L\u2019agglom\u00e9ration mobilise le territoire article de Viaromana et arch\u00e9ologie.\" \/>\n<meta property=\"og:url\" content=\"https:\/\/www.viaromana.org\/blog\/edito-tout-frais-developpement-durable-lagglomeration-mobilise-le-territoire\/\" \/>\n<meta property=\"og:site_name\" content=\"Viaromana et arch\u00e9ologie.\" \/>\n<meta property=\"article:published_time\" content=\"2022-12-12T13:03:48+00:00\" \/>\n<meta property=\"og:image\" content=\"https:\/\/www.viaromana.org\/blog\/wp-content\/uploads\/2023\/01\/edito-tout-frais-developpement-durable-lagglomeration-mobilise-le-territoire.jpg\" \/>\n<meta name=\"author\" content=\"Robert\" \/>\n<meta name=\"twitter:card\" content=\"summary_large_image\" \/>\n<meta name=\"twitter:label1\" content=\"\u00c9crit par\" \/>\n\t<meta name=\"twitter:data1\" content=\"Robert\" \/>\n\t<meta name=\"twitter:label2\" content=\"Dur\u00e9e de lecture estim\u00e9e\" \/>\n\t<meta name=\"twitter:data2\" content=\"4 minutes\" \/>\n<script type=\"application\/ld+json\" class=\"yoast-schema-graph\">{\"@context\":\"https:\/\/schema.org\",\"@graph\":[{\"@type\":\"Article\",\"@id\":\"https:\/\/www.viaromana.org\/blog\/edito-tout-frais-developpement-durable-lagglomeration-mobilise-le-territoire\/#article\",\"isPartOf\":{\"@id\":\"https:\/\/www.viaromana.org\/blog\/edito-tout-frais-developpement-durable-lagglomeration-mobilise-le-territoire\/\"},\"author\":{\"name\":\"Robert\",\"@id\":\"https:\/\/www.viaromana.org\/blog\/#\/schema\/person\/cde9c4655845091e1fe473fcd163c889\"},\"headline\":\"Edito tout frais : D\u00e9veloppement durable : L\u2019agglom\u00e9ration mobilise le territoire\",\"datePublished\":\"2022-12-12T13:03:48+00:00\",\"dateModified\":\"2022-12-12T13:03:48+00:00\",\"mainEntityOfPage\":{\"@id\":\"https:\/\/www.viaromana.org\/blog\/edito-tout-frais-developpement-durable-lagglomeration-mobilise-le-territoire\/\"},\"wordCount\":781,\"publisher\":{\"@id\":\"https:\/\/www.viaromana.org\/blog\/#organization\"},\"articleSection\":[\"Arch\u00e9ologie\"],\"inLanguage\":\"fr-FR\"},{\"@type\":\"WebPage\",\"@id\":\"https:\/\/www.viaromana.org\/blog\/edito-tout-frais-developpement-durable-lagglomeration-mobilise-le-territoire\/\",\"url\":\"https:\/\/www.viaromana.org\/blog\/edito-tout-frais-developpement-durable-lagglomeration-mobilise-le-territoire\/\",\"name\":\"Edito tout frais : D\u00e9veloppement durable : L\u2019agglom\u00e9ration mobilise le territoire - Viaromana et arch\u00e9ologie.\",\"isPartOf\":{\"@id\":\"https:\/\/www.viaromana.org\/blog\/#website\"},\"datePublished\":\"2022-12-12T13:03:48+00:00\",\"dateModified\":\"2022-12-12T13:03:48+00:00\",\"description\":\"Edito tout frais : D\u00e9veloppement durable : L\u2019agglom\u00e9ration mobilise le territoire article de Viaromana et arch\u00e9ologie.\",\"breadcrumb\":{\"@id\":\"https:\/\/www.viaromana.org\/blog\/edito-tout-frais-developpement-durable-lagglomeration-mobilise-le-territoire\/#breadcrumb\"},\"inLanguage\":\"fr-FR\",\"potentialAction\":[{\"@type\":\"ReadAction\",\"target\":[\"https:\/\/www.viaromana.org\/blog\/edito-tout-frais-developpement-durable-lagglomeration-mobilise-le-territoire\/\"]}]},{\"@type\":\"BreadcrumbList\",\"@id\":\"https:\/\/www.viaromana.org\/blog\/edito-tout-frais-developpement-durable-lagglomeration-mobilise-le-territoire\/#breadcrumb\",\"itemListElement\":[{\"@type\":\"ListItem\",\"position\":1,\"name\":\"Accueil\",\"item\":\"https:\/\/www.viaromana.org\/blog\/\"},{\"@type\":\"ListItem\",\"position\":2,\"name\":\"Edito tout frais : D\u00e9veloppement durable : L\u2019agglom\u00e9ration mobilise le territoire\"}]},{\"@type\":\"WebSite\",\"@id\":\"https:\/\/www.viaromana.org\/blog\/#website\",\"url\":\"https:\/\/www.viaromana.org\/blog\/\",\"name\":\"Viaromana et arch\u00e9ologie.\",\"description\":\"Site arch\u00e9ologique de la voie romaine (viaromana) Belgique-France-Rome\",\"publisher\":{\"@id\":\"https:\/\/www.viaromana.org\/blog\/#organization\"},\"potentialAction\":[{\"@type\":\"SearchAction\",\"target\":{\"@type\":\"EntryPoint\",\"urlTemplate\":\"https:\/\/www.viaromana.org\/blog\/?s={search_term_string}\"},\"query-input\":\"required name=search_term_string\"}],\"inLanguage\":\"fr-FR\"},{\"@type\":\"Organization\",\"@id\":\"https:\/\/www.viaromana.org\/blog\/#organization\",\"name\":\"viaromana\",\"url\":\"https:\/\/www.viaromana.org\/blog\/\",\"logo\":{\"@type\":\"ImageObject\",\"inLanguage\":\"fr-FR\",\"@id\":\"https:\/\/www.viaromana.org\/blog\/#\/schema\/logo\/image\/\",\"url\":\"https:\/\/www.viaromana.org\/blog\/wp-content\/uploads\/2021\/12\/logo-3.png\",\"contentUrl\":\"https:\/\/www.viaromana.org\/blog\/wp-content\/uploads\/2021\/12\/logo-3.png\",\"width\":300,\"height\":249,\"caption\":\"viaromana\"},\"image\":{\"@id\":\"https:\/\/www.viaromana.org\/blog\/#\/schema\/logo\/image\/\"}},{\"@type\":\"Person\",\"@id\":\"https:\/\/www.viaromana.org\/blog\/#\/schema\/person\/cde9c4655845091e1fe473fcd163c889\",\"name\":\"Robert\",\"image\":{\"@type\":\"ImageObject\",\"inLanguage\":\"fr-FR\",\"@id\":\"https:\/\/www.viaromana.org\/blog\/#\/schema\/person\/image\/\",\"url\":\"https:\/\/secure.gravatar.com\/avatar\/a168ec191013b636c2f278aec04e724b?s=96&d=mm&r=g\",\"contentUrl\":\"https:\/\/secure.gravatar.com\/avatar\/a168ec191013b636c2f278aec04e724b?s=96&d=mm&r=g\",\"caption\":\"Robert\"},\"sameAs\":[\"https:\/\/www.viaromana.org\/blog\"],\"url\":\"https:\/\/www.viaromana.org\/blog\/author\/anaadmin\/\"}]}<\/script>\n<!-- \/ Yoast SEO plugin. -->","yoast_head_json":{"title":"Edito tout frais : D\u00e9veloppement durable : L\u2019agglom\u00e9ration mobilise le territoire - Viaromana et arch\u00e9ologie.","description":"Edito tout frais : D\u00e9veloppement durable : L\u2019agglom\u00e9ration mobilise le territoire article de Viaromana et arch\u00e9ologie.","robots":{"index":"index","follow":"follow","max-snippet":"max-snippet:-1","max-image-preview":"max-image-preview:large","max-video-preview":"max-video-preview:-1"},"canonical":"https:\/\/www.viaromana.org\/blog\/edito-tout-frais-developpement-durable-lagglomeration-mobilise-le-territoire\/","og_locale":"fr_FR","og_type":"article","og_title":"Edito tout frais : D\u00e9veloppement durable : L\u2019agglom\u00e9ration mobilise le territoire - Viaromana et arch\u00e9ologie.","og_description":"Edito tout frais : D\u00e9veloppement durable : L\u2019agglom\u00e9ration mobilise le territoire article de Viaromana et arch\u00e9ologie.","og_url":"https:\/\/www.viaromana.org\/blog\/edito-tout-frais-developpement-durable-lagglomeration-mobilise-le-territoire\/","og_site_name":"Viaromana et arch\u00e9ologie.","article_published_time":"2022-12-12T13:03:48+00:00","og_image":[{"url":"https:\/\/www.viaromana.org\/blog\/wp-content\/uploads\/2023\/01\/edito-tout-frais-developpement-durable-lagglomeration-mobilise-le-territoire.jpg"}],"author":"Robert","twitter_card":"summary_large_image","twitter_misc":{"\u00c9crit par":"Robert","Dur\u00e9e de lecture estim\u00e9e":"4 minutes"},"schema":{"@context":"https:\/\/schema.org","@graph":[{"@type":"Article","@id":"https:\/\/www.viaromana.org\/blog\/edito-tout-frais-developpement-durable-lagglomeration-mobilise-le-territoire\/#article","isPartOf":{"@id":"https:\/\/www.viaromana.org\/blog\/edito-tout-frais-developpement-durable-lagglomeration-mobilise-le-territoire\/"},"author":{"name":"Robert","@id":"https:\/\/www.viaromana.org\/blog\/#\/schema\/person\/cde9c4655845091e1fe473fcd163c889"},"headline":"Edito tout frais : D\u00e9veloppement durable : L\u2019agglom\u00e9ration mobilise le territoire","datePublished":"2022-12-12T13:03:48+00:00","dateModified":"2022-12-12T13:03:48+00:00","mainEntityOfPage":{"@id":"https:\/\/www.viaromana.org\/blog\/edito-tout-frais-developpement-durable-lagglomeration-mobilise-le-territoire\/"},"wordCount":781,"publisher":{"@id":"https:\/\/www.viaromana.org\/blog\/#organization"},"articleSection":["Arch\u00e9ologie"],"inLanguage":"fr-FR"},{"@type":"WebPage","@id":"https:\/\/www.viaromana.org\/blog\/edito-tout-frais-developpement-durable-lagglomeration-mobilise-le-territoire\/","url":"https:\/\/www.viaromana.org\/blog\/edito-tout-frais-developpement-durable-lagglomeration-mobilise-le-territoire\/","name":"Edito tout frais : D\u00e9veloppement durable : L\u2019agglom\u00e9ration mobilise le territoire - Viaromana et arch\u00e9ologie.","isPartOf":{"@id":"https:\/\/www.viaromana.org\/blog\/#website"},"datePublished":"2022-12-12T13:03:48+00:00","dateModified":"2022-12-12T13:03:48+00:00","description":"Edito tout frais : D\u00e9veloppement durable : L\u2019agglom\u00e9ration mobilise le territoire article de Viaromana et arch\u00e9ologie.","breadcrumb":{"@id":"https:\/\/www.viaromana.org\/blog\/edito-tout-frais-developpement-durable-lagglomeration-mobilise-le-territoire\/#breadcrumb"},"inLanguage":"fr-FR","potentialAction":[{"@type":"ReadAction","target":["https:\/\/www.viaromana.org\/blog\/edito-tout-frais-developpement-durable-lagglomeration-mobilise-le-territoire\/"]}]},{"@type":"BreadcrumbList","@id":"https:\/\/www.viaromana.org\/blog\/edito-tout-frais-developpement-durable-lagglomeration-mobilise-le-territoire\/#breadcrumb","itemListElement":[{"@type":"ListItem","position":1,"name":"Accueil","item":"https:\/\/www.viaromana.org\/blog\/"},{"@type":"ListItem","position":2,"name":"Edito tout frais : D\u00e9veloppement durable : L\u2019agglom\u00e9ration mobilise le territoire"}]},{"@type":"WebSite","@id":"https:\/\/www.viaromana.org\/blog\/#website","url":"https:\/\/www.viaromana.org\/blog\/","name":"Viaromana et arch\u00e9ologie.","description":"Site arch\u00e9ologique de la voie romaine (viaromana) Belgique-France-Rome","publisher":{"@id":"https:\/\/www.viaromana.org\/blog\/#organization"},"potentialAction":[{"@type":"SearchAction","target":{"@type":"EntryPoint","urlTemplate":"https:\/\/www.viaromana.org\/blog\/?s={search_term_string}"},"query-input":"required name=search_term_string"}],"inLanguage":"fr-FR"},{"@type":"Organization","@id":"https:\/\/www.viaromana.org\/blog\/#organization","name":"viaromana","url":"https:\/\/www.viaromana.org\/blog\/","logo":{"@type":"ImageObject","inLanguage":"fr-FR","@id":"https:\/\/www.viaromana.org\/blog\/#\/schema\/logo\/image\/","url":"https:\/\/www.viaromana.org\/blog\/wp-content\/uploads\/2021\/12\/logo-3.png","contentUrl":"https:\/\/www.viaromana.org\/blog\/wp-content\/uploads\/2021\/12\/logo-3.png","width":300,"height":249,"caption":"viaromana"},"image":{"@id":"https:\/\/www.viaromana.org\/blog\/#\/schema\/logo\/image\/"}},{"@type":"Person","@id":"https:\/\/www.viaromana.org\/blog\/#\/schema\/person\/cde9c4655845091e1fe473fcd163c889","name":"Robert","image":{"@type":"ImageObject","inLanguage":"fr-FR","@id":"https:\/\/www.viaromana.org\/blog\/#\/schema\/person\/image\/","url":"https:\/\/secure.gravatar.com\/avatar\/a168ec191013b636c2f278aec04e724b?s=96&d=mm&r=g","contentUrl":"https:\/\/secure.gravatar.com\/avatar\/a168ec191013b636c2f278aec04e724b?s=96&d=mm&r=g","caption":"Robert"},"sameAs":["https:\/\/www.viaromana.org\/blog"],"url":"https:\/\/www.viaromana.org\/blog\/author\/anaadmin\/"}]}},"_links":{"self":[{"href":"https:\/\/www.viaromana.org\/blog\/wp-json\/wp\/v2\/posts\/1496"}],"collection":[{"href":"https:\/\/www.viaromana.org\/blog\/wp-json\/wp\/v2\/posts"}],"about":[{"href":"https:\/\/www.viaromana.org\/blog\/wp-json\/wp\/v2\/types\/post"}],"author":[{"embeddable":true,"href":"https:\/\/www.viaromana.org\/blog\/wp-json\/wp\/v2\/users\/1"}],"replies":[{"embeddable":true,"href":"https:\/\/www.viaromana.org\/blog\/wp-json\/wp\/v2\/comments?post=1496"}],"version-history":[{"count":0,"href":"https:\/\/www.viaromana.org\/blog\/wp-json\/wp\/v2\/posts\/1496\/revisions"}],"wp:attachment":[{"href":"https:\/\/www.viaromana.org\/blog\/wp-json\/wp\/v2\/media?parent=1496"}],"wp:term":[{"taxonomy":"category","embeddable":true,"href":"https:\/\/www.viaromana.org\/blog\/wp-json\/wp\/v2\/categories?post=1496"},{"taxonomy":"post_tag","embeddable":true,"href":"https:\/\/www.viaromana.org\/blog\/wp-json\/wp\/v2\/tags?post=1496"}],"curies":[{"name":"wp","href":"https:\/\/api.w.org\/{rel}","templated":true}]}}