{"id":1492,"date":"2023-01-12T14:49:29","date_gmt":"2023-01-12T13:49:29","guid":{"rendered":"https:\/\/www.site.cdcl.xyz\/2023\/01\/12\/a-la-une-cet-edito-abonnements\/"},"modified":"2023-01-12T14:49:29","modified_gmt":"2023-01-12T13:49:29","slug":"a-la-une-cet-edito-abonnements","status":"publish","type":"post","link":"https:\/\/www.viaromana.org\/blog\/a-la-une-cet-edito-abonnements\/","title":{"rendered":"A la une cet \u00e9dito : Abonnements"},"content":{"rendered":"<p>Notre \u00e9quipe vient de lire cet article sur la th\u00e9matique \u00ab&nbsp;l\u2019arch\u00e9ologie&nbsp;\u00bb. Avec plaisir nous vous en livrons l\u2019essentiel ci-dessous.<\/p>\n<p>Son titre (Abonnements) r\u00e9capitule tout l\u2019encart.<\/p>\n<p>L\u2019auteur (identifi\u00e9 sous la signature admin_vannes) est positivement connu pour plusieurs autres articles qu\u2019il a publi\u00e9s sur le web.<\/p>\n<p>La confiance est donc importante en ce qui concerne cet encart.<\/p>\n<p>L\u2019encart a \u00e9t\u00e9 divulgu\u00e9 \u00e0 une date indiqu\u00e9e 2023-01-12 14:49:29.<\/p>\n<p>L\u2019article original mentionn\u00e9 : <\/p>\n<p><span>Abonnements<\/span><br \/><span><span lang xml:lang>admin_vannes<\/span><\/span><br \/><span>jeu 12\/01\/2023 \u2013 14:49<\/span><\/p>\n<div>02 97 01 61 61 <\/div>\n<p>Bibliographie :<\/p>\n<p>Sous un ciel \u00e9gyptien, Tome 2 : Scarab\u00e9e sacr\u00e9.,<a target=\"_blank\" rel=\"nofollow\" href=\"https:\/\/www.viaromana.org\/blog\/goto\/https:\/\/booknode.com\/sous_un_ciel_egyptien_tome_2_scarabee_sacre_03404066\"  target=\"_blank\" rel=\"noopener noreferrer nofollow\">Le livre <\/a><span><\/span>.<\/p>\n<p>M\u00e9langes d\u2019Histoire et d\u2019arch\u00e9ologie agenaises.,<a target=\"_blank\" rel=\"nofollow\" href=\"https:\/\/www.viaromana.org\/blog\/goto\/https:\/\/www.epagine.fr\/ebook\/9782307005971-melanges-d-histoire-et-d-archeologie-agenaises-jean-r-marboutin\/\"  target=\"_blank\" rel=\"noopener noreferrer nofollow\">(la couverture) <\/a><span><\/span>. Disponible Sur AMAZON.<\/p>\n<p>Sous un ciel \u00e9gyptien, Tome 2 : Scarab\u00e9e sacr\u00e9.,<a target=\"_blank\" rel=\"nofollow\" href=\"https:\/\/www.viaromana.org\/blog\/goto\/https:\/\/booknode.com\/sous_un_ciel_egyptien_tome_2_scarabee_sacre_03404066\"  target=\"_blank\" rel=\"noopener noreferrer nofollow\">Le livre <\/a><span><\/span>.<\/p>\n<p>Notre-Dame de Paris ; histoire et arch\u00e9ologie d\u2019une cath\u00e9drale (XIIe-XIVe si\u00e8cle).,<a target=\"_blank\" rel=\"nofollow\" href=\"https:\/\/www.viaromana.org\/blog\/goto\/https:\/\/www.epagine.fr\/ebook\/9782271129185-notre-dame-de-paris-histoire-et-archeologie-d-une-cathedrale-xiie-xive-siecle-dany-sandron\/\"  target=\"_blank\" rel=\"noopener noreferrer nofollow\">Ouvrage <\/a><span><\/span>. A emprunter en biblioth\u00e8que.<\/p>\n","protected":false},"excerpt":{"rendered":"<p>Notre \u00e9quipe vient de lire cet article sur la th\u00e9matique \u00ab&nbsp;l\u2019arch\u00e9ologie&nbsp;\u00bb. Avec plaisir nous vous en livrons l\u2019essentiel ci-dessous. Son titre (Abonnements) r\u00e9capitule tout l\u2019encart. L\u2019auteur (identifi\u00e9 sous la signature admin_vannes) est positivement connu pour plusieurs autres articles qu\u2019il a publi\u00e9s sur le web. La confiance est donc importante en ce qui concerne cet encart. L\u2019encart a \u00e9t\u00e9 divulgu\u00e9 \u00e0 une date indiqu\u00e9e 2023-01-12 14:49:29. L\u2019article original mentionn\u00e9 : Abonnementsadmin_vannesjeu 12\/01\/2023 \u2013 14:49 02 97 01 61 61 Bibliographie : Sous un ciel \u00e9gyptien, Tome 2 : Scarab\u00e9e sacr\u00e9.,Le livre . M\u00e9langes d\u2019Histoire et d\u2019arch\u00e9ologie agenaises.,(la couverture) . Disponible Sur\u2026<\/p>\n","protected":false},"author":1,"featured_media":0,"comment_status":"closed","ping_status":"closed","sticky":false,"template":"","format":"standard","meta":{"footnotes":""},"categories":[2],"tags":[],"blocksy_meta":{"styles_descriptor":{"styles":{"desktop":"","tablet":"","mobile":""},"google_fonts":[],"version":4}},"yoast_head":"<!-- This site is optimized with the Yoast SEO plugin v21.1 - https:\/\/yoast.com\/wordpress\/plugins\/seo\/ -->\n<title>A la une cet \u00e9dito : Abonnements - Viaromana et arch\u00e9ologie.<\/title>\n<meta name=\"description\" content=\"A la une cet \u00e9dito : Abonnements article de Viaromana et arch\u00e9ologie.\" \/>\n<meta name=\"robots\" content=\"index, follow, max-snippet:-1, max-image-preview:large, max-video-preview:-1\" \/>\n<link rel=\"canonical\" href=\"https:\/\/www.viaromana.org\/blog\/a-la-une-cet-edito-abonnements\/\" \/>\n<meta property=\"og:locale\" content=\"fr_FR\" \/>\n<meta property=\"og:type\" content=\"article\" \/>\n<meta property=\"og:title\" content=\"A la une cet \u00e9dito : Abonnements - Viaromana et arch\u00e9ologie.\" \/>\n<meta property=\"og:description\" content=\"A la une cet \u00e9dito : Abonnements article de Viaromana et arch\u00e9ologie.\" \/>\n<meta property=\"og:url\" content=\"https:\/\/www.viaromana.org\/blog\/a-la-une-cet-edito-abonnements\/\" \/>\n<meta property=\"og:site_name\" content=\"Viaromana et arch\u00e9ologie.\" \/>\n<meta property=\"article:published_time\" content=\"2023-01-12T13:49:29+00:00\" \/>\n<meta name=\"author\" content=\"Robert\" \/>\n<meta name=\"twitter:card\" content=\"summary_large_image\" \/>\n<meta name=\"twitter:label1\" content=\"\u00c9crit par\" \/>\n\t<meta name=\"twitter:data1\" content=\"Robert\" \/>\n\t<meta name=\"twitter:label2\" content=\"Dur\u00e9e de lecture estim\u00e9e\" \/>\n\t<meta name=\"twitter:data2\" content=\"1 minute\" \/>\n<script type=\"application\/ld+json\" class=\"yoast-schema-graph\">{\"@context\":\"https:\/\/schema.org\",\"@graph\":[{\"@type\":\"Article\",\"@id\":\"https:\/\/www.viaromana.org\/blog\/a-la-une-cet-edito-abonnements\/#article\",\"isPartOf\":{\"@id\":\"https:\/\/www.viaromana.org\/blog\/a-la-une-cet-edito-abonnements\/\"},\"author\":{\"name\":\"Robert\",\"@id\":\"https:\/\/www.viaromana.org\/blog\/#\/schema\/person\/cde9c4655845091e1fe473fcd163c889\"},\"headline\":\"A la une cet \u00e9dito : Abonnements\",\"datePublished\":\"2023-01-12T13:49:29+00:00\",\"dateModified\":\"2023-01-12T13:49:29+00:00\",\"mainEntityOfPage\":{\"@id\":\"https:\/\/www.viaromana.org\/blog\/a-la-une-cet-edito-abonnements\/\"},\"wordCount\":147,\"publisher\":{\"@id\":\"https:\/\/www.viaromana.org\/blog\/#organization\"},\"articleSection\":[\"Arch\u00e9ologie\"],\"inLanguage\":\"fr-FR\"},{\"@type\":\"WebPage\",\"@id\":\"https:\/\/www.viaromana.org\/blog\/a-la-une-cet-edito-abonnements\/\",\"url\":\"https:\/\/www.viaromana.org\/blog\/a-la-une-cet-edito-abonnements\/\",\"name\":\"A la une cet \u00e9dito : Abonnements - Viaromana et arch\u00e9ologie.\",\"isPartOf\":{\"@id\":\"https:\/\/www.viaromana.org\/blog\/#website\"},\"datePublished\":\"2023-01-12T13:49:29+00:00\",\"dateModified\":\"2023-01-12T13:49:29+00:00\",\"description\":\"A la une cet \u00e9dito : Abonnements article de Viaromana et arch\u00e9ologie.\",\"breadcrumb\":{\"@id\":\"https:\/\/www.viaromana.org\/blog\/a-la-une-cet-edito-abonnements\/#breadcrumb\"},\"inLanguage\":\"fr-FR\",\"potentialAction\":[{\"@type\":\"ReadAction\",\"target\":[\"https:\/\/www.viaromana.org\/blog\/a-la-une-cet-edito-abonnements\/\"]}]},{\"@type\":\"BreadcrumbList\",\"@id\":\"https:\/\/www.viaromana.org\/blog\/a-la-une-cet-edito-abonnements\/#breadcrumb\",\"itemListElement\":[{\"@type\":\"ListItem\",\"position\":1,\"name\":\"Accueil\",\"item\":\"https:\/\/www.viaromana.org\/blog\/\"},{\"@type\":\"ListItem\",\"position\":2,\"name\":\"A la une cet \u00e9dito : Abonnements\"}]},{\"@type\":\"WebSite\",\"@id\":\"https:\/\/www.viaromana.org\/blog\/#website\",\"url\":\"https:\/\/www.viaromana.org\/blog\/\",\"name\":\"Viaromana et arch\u00e9ologie.\",\"description\":\"Site arch\u00e9ologique de la voie romaine (viaromana) Belgique-France-Rome\",\"publisher\":{\"@id\":\"https:\/\/www.viaromana.org\/blog\/#organization\"},\"potentialAction\":[{\"@type\":\"SearchAction\",\"target\":{\"@type\":\"EntryPoint\",\"urlTemplate\":\"https:\/\/www.viaromana.org\/blog\/?s={search_term_string}\"},\"query-input\":\"required name=search_term_string\"}],\"inLanguage\":\"fr-FR\"},{\"@type\":\"Organization\",\"@id\":\"https:\/\/www.viaromana.org\/blog\/#organization\",\"name\":\"viaromana\",\"url\":\"https:\/\/www.viaromana.org\/blog\/\",\"logo\":{\"@type\":\"ImageObject\",\"inLanguage\":\"fr-FR\",\"@id\":\"https:\/\/www.viaromana.org\/blog\/#\/schema\/logo\/image\/\",\"url\":\"https:\/\/www.viaromana.org\/blog\/wp-content\/uploads\/2021\/12\/logo-3.png\",\"contentUrl\":\"https:\/\/www.viaromana.org\/blog\/wp-content\/uploads\/2021\/12\/logo-3.png\",\"width\":300,\"height\":249,\"caption\":\"viaromana\"},\"image\":{\"@id\":\"https:\/\/www.viaromana.org\/blog\/#\/schema\/logo\/image\/\"}},{\"@type\":\"Person\",\"@id\":\"https:\/\/www.viaromana.org\/blog\/#\/schema\/person\/cde9c4655845091e1fe473fcd163c889\",\"name\":\"Robert\",\"image\":{\"@type\":\"ImageObject\",\"inLanguage\":\"fr-FR\",\"@id\":\"https:\/\/www.viaromana.org\/blog\/#\/schema\/person\/image\/\",\"url\":\"https:\/\/secure.gravatar.com\/avatar\/a168ec191013b636c2f278aec04e724b?s=96&d=mm&r=g\",\"contentUrl\":\"https:\/\/secure.gravatar.com\/avatar\/a168ec191013b636c2f278aec04e724b?s=96&d=mm&r=g\",\"caption\":\"Robert\"},\"sameAs\":[\"https:\/\/www.viaromana.org\/blog\"],\"url\":\"https:\/\/www.viaromana.org\/blog\/author\/anaadmin\/\"}]}<\/script>\n<!-- \/ Yoast SEO plugin. -->","yoast_head_json":{"title":"A la une cet \u00e9dito : Abonnements - Viaromana et arch\u00e9ologie.","description":"A la une cet \u00e9dito : Abonnements article de Viaromana et arch\u00e9ologie.","robots":{"index":"index","follow":"follow","max-snippet":"max-snippet:-1","max-image-preview":"max-image-preview:large","max-video-preview":"max-video-preview:-1"},"canonical":"https:\/\/www.viaromana.org\/blog\/a-la-une-cet-edito-abonnements\/","og_locale":"fr_FR","og_type":"article","og_title":"A la une cet \u00e9dito : Abonnements - Viaromana et arch\u00e9ologie.","og_description":"A la une cet \u00e9dito : Abonnements article de Viaromana et arch\u00e9ologie.","og_url":"https:\/\/www.viaromana.org\/blog\/a-la-une-cet-edito-abonnements\/","og_site_name":"Viaromana et arch\u00e9ologie.","article_published_time":"2023-01-12T13:49:29+00:00","author":"Robert","twitter_card":"summary_large_image","twitter_misc":{"\u00c9crit par":"Robert","Dur\u00e9e de lecture estim\u00e9e":"1 minute"},"schema":{"@context":"https:\/\/schema.org","@graph":[{"@type":"Article","@id":"https:\/\/www.viaromana.org\/blog\/a-la-une-cet-edito-abonnements\/#article","isPartOf":{"@id":"https:\/\/www.viaromana.org\/blog\/a-la-une-cet-edito-abonnements\/"},"author":{"name":"Robert","@id":"https:\/\/www.viaromana.org\/blog\/#\/schema\/person\/cde9c4655845091e1fe473fcd163c889"},"headline":"A la une cet \u00e9dito : Abonnements","datePublished":"2023-01-12T13:49:29+00:00","dateModified":"2023-01-12T13:49:29+00:00","mainEntityOfPage":{"@id":"https:\/\/www.viaromana.org\/blog\/a-la-une-cet-edito-abonnements\/"},"wordCount":147,"publisher":{"@id":"https:\/\/www.viaromana.org\/blog\/#organization"},"articleSection":["Arch\u00e9ologie"],"inLanguage":"fr-FR"},{"@type":"WebPage","@id":"https:\/\/www.viaromana.org\/blog\/a-la-une-cet-edito-abonnements\/","url":"https:\/\/www.viaromana.org\/blog\/a-la-une-cet-edito-abonnements\/","name":"A la une cet \u00e9dito : Abonnements - Viaromana et arch\u00e9ologie.","isPartOf":{"@id":"https:\/\/www.viaromana.org\/blog\/#website"},"datePublished":"2023-01-12T13:49:29+00:00","dateModified":"2023-01-12T13:49:29+00:00","description":"A la une cet \u00e9dito : Abonnements article de Viaromana et arch\u00e9ologie.","breadcrumb":{"@id":"https:\/\/www.viaromana.org\/blog\/a-la-une-cet-edito-abonnements\/#breadcrumb"},"inLanguage":"fr-FR","potentialAction":[{"@type":"ReadAction","target":["https:\/\/www.viaromana.org\/blog\/a-la-une-cet-edito-abonnements\/"]}]},{"@type":"BreadcrumbList","@id":"https:\/\/www.viaromana.org\/blog\/a-la-une-cet-edito-abonnements\/#breadcrumb","itemListElement":[{"@type":"ListItem","position":1,"name":"Accueil","item":"https:\/\/www.viaromana.org\/blog\/"},{"@type":"ListItem","position":2,"name":"A la une cet \u00e9dito : Abonnements"}]},{"@type":"WebSite","@id":"https:\/\/www.viaromana.org\/blog\/#website","url":"https:\/\/www.viaromana.org\/blog\/","name":"Viaromana et arch\u00e9ologie.","description":"Site arch\u00e9ologique de la voie romaine (viaromana) Belgique-France-Rome","publisher":{"@id":"https:\/\/www.viaromana.org\/blog\/#organization"},"potentialAction":[{"@type":"SearchAction","target":{"@type":"EntryPoint","urlTemplate":"https:\/\/www.viaromana.org\/blog\/?s={search_term_string}"},"query-input":"required name=search_term_string"}],"inLanguage":"fr-FR"},{"@type":"Organization","@id":"https:\/\/www.viaromana.org\/blog\/#organization","name":"viaromana","url":"https:\/\/www.viaromana.org\/blog\/","logo":{"@type":"ImageObject","inLanguage":"fr-FR","@id":"https:\/\/www.viaromana.org\/blog\/#\/schema\/logo\/image\/","url":"https:\/\/www.viaromana.org\/blog\/wp-content\/uploads\/2021\/12\/logo-3.png","contentUrl":"https:\/\/www.viaromana.org\/blog\/wp-content\/uploads\/2021\/12\/logo-3.png","width":300,"height":249,"caption":"viaromana"},"image":{"@id":"https:\/\/www.viaromana.org\/blog\/#\/schema\/logo\/image\/"}},{"@type":"Person","@id":"https:\/\/www.viaromana.org\/blog\/#\/schema\/person\/cde9c4655845091e1fe473fcd163c889","name":"Robert","image":{"@type":"ImageObject","inLanguage":"fr-FR","@id":"https:\/\/www.viaromana.org\/blog\/#\/schema\/person\/image\/","url":"https:\/\/secure.gravatar.com\/avatar\/a168ec191013b636c2f278aec04e724b?s=96&d=mm&r=g","contentUrl":"https:\/\/secure.gravatar.com\/avatar\/a168ec191013b636c2f278aec04e724b?s=96&d=mm&r=g","caption":"Robert"},"sameAs":["https:\/\/www.viaromana.org\/blog"],"url":"https:\/\/www.viaromana.org\/blog\/author\/anaadmin\/"}]}},"_links":{"self":[{"href":"https:\/\/www.viaromana.org\/blog\/wp-json\/wp\/v2\/posts\/1492"}],"collection":[{"href":"https:\/\/www.viaromana.org\/blog\/wp-json\/wp\/v2\/posts"}],"about":[{"href":"https:\/\/www.viaromana.org\/blog\/wp-json\/wp\/v2\/types\/post"}],"author":[{"embeddable":true,"href":"https:\/\/www.viaromana.org\/blog\/wp-json\/wp\/v2\/users\/1"}],"replies":[{"embeddable":true,"href":"https:\/\/www.viaromana.org\/blog\/wp-json\/wp\/v2\/comments?post=1492"}],"version-history":[{"count":0,"href":"https:\/\/www.viaromana.org\/blog\/wp-json\/wp\/v2\/posts\/1492\/revisions"}],"wp:attachment":[{"href":"https:\/\/www.viaromana.org\/blog\/wp-json\/wp\/v2\/media?parent=1492"}],"wp:term":[{"taxonomy":"category","embeddable":true,"href":"https:\/\/www.viaromana.org\/blog\/wp-json\/wp\/v2\/categories?post=1492"},{"taxonomy":"post_tag","embeddable":true,"href":"https:\/\/www.viaromana.org\/blog\/wp-json\/wp\/v2\/tags?post=1492"}],"curies":[{"name":"wp","href":"https:\/\/api.w.org\/{rel}","templated":true}]}}