{"id":1479,"date":"2022-12-28T10:17:08","date_gmt":"2022-12-28T09:17:08","guid":{"rendered":"https:\/\/www.site.cdcl.xyz\/2022\/12\/28\/derniere-actualite-toute-fraiche-visite-guidee-de-lexposition-lignes-croisees-corinne-veret-collin-pierre-collin\/"},"modified":"2022-12-28T10:17:08","modified_gmt":"2022-12-28T09:17:08","slug":"derniere-actualite-toute-fraiche-visite-guidee-de-lexposition-lignes-croisees-corinne-veret-collin-pierre-collin","status":"publish","type":"post","link":"https:\/\/www.viaromana.org\/blog\/derniere-actualite-toute-fraiche-visite-guidee-de-lexposition-lignes-croisees-corinne-veret-collin-pierre-collin\/","title":{"rendered":"Derni\u00e8re actualit\u00e9 toute fraiche : Visite guid\u00e9e de l\u2019exposition lignes crois\u00e9es, Corinne V\u00e9ret-Collin, Pierre Collin"},"content":{"rendered":"<p>Un fois de plus, ce blog va vous d\u00e9voiler un \u00e9ditorial qui a \u00e9t\u00e9 d\u00e9cel\u00e9 sur le web. La th\u00e9matique est \u00abl\u2019arch\u00e9ologie\u00bb.<\/p>\n<p>Le titre s\u00e9duisant (Visite guid\u00e9e de l\u2019exposition lignes crois\u00e9es, Corinne V\u00e9ret-Collin, Pierre Collin) condense tout le texte.<\/p>\n<p> Pr\u00e9sent\u00e9 sous le nom \u00abOlivier_laudrin\u00bb, le r\u00e9dacteur est connu et fiable.<\/p>\n<p>L\u2019article peut ainsi \u00eatre pris au s\u00e9rieux.<\/p>\n<p>Texte source mentionn\u00e9 : <\/p>\n<div>\n<div>\n<p>Corinne V\u00e9ret-Collin dessine et cr\u00e9e des volumes en jouant avec l\u2019id\u00e9e du fil. Pierre Collin traite les paysages environnants comme un r\u00e9cit o\u00f9 temps et espace se dilatent.<\/p>\n<ul>\n<li>\u00c0 15h<\/li>\n<li>Dur\u00e9e : 1h<\/li>\n<li>Visite comprise dans le prix d\u2019entr\u00e9e du mus\u00e9e (Tarif plein : 5 \u20ac \/ Tarif r\u00e9duit : 3 \u20ac)<\/li>\n<li>Gratuit pour les moins de 25 ans<\/li>\n<\/ul>\n<\/div>\n<\/div>\n<p>Ce th\u00e8me vous a int\u00e9ress\u00e9 vous aimerez tout autant ces publications :<\/p>\n<p>Tr\u00e9sors de l\u2019arch\u00e9ologie.,<a target=\"_blank\" rel=\"nofollow\" href=\"https:\/\/www.viaromana.org\/blog\/goto\/https:\/\/www.kobo.com\/de\/fr\/ebook\/tresors-de-l-archeologie\"  target=\"_blank\" rel=\"noopener noreferrer nofollow\">Ouvrage <\/a><span><\/span>.<\/p>\n<p>Nouvel atlas de la Bible.,<a target=\"_blank\" rel=\"nofollow\" href=\"https:\/\/www.viaromana.org\/blog\/goto\/https:\/\/booknode.com\/nouvel_atlas_de_la_bible_01597024\"  target=\"_blank\" rel=\"noopener noreferrer nofollow\">Clicker Ici <\/a><span><\/span>. Disponible dans toutes les bonnes biblioth\u00e8ques de votre d\u00e9partement.<\/p>\n<p>Th\u00e9orie des fant\u00f4mes ; pour une arch\u00e9ologie des images.,<a target=\"_blank\" rel=\"nofollow\" href=\"https:\/\/www.viaromana.org\/blog\/goto\/https:\/\/www.epagine.fr\/ebook\/9782251901398-theorie-des-fantomes-pour-une-archeologie-des-images-sebastien-rongier\/\"  target=\"_blank\" rel=\"noopener noreferrer nofollow\">Clicker Ici <\/a><span><\/span>. Disponible dans toutes les bonnes biblioth\u00e8ques de votre d\u00e9partement.<\/p>\n<p>On a retrouv\u00e9 l\u2019histoire de France ; comment l\u2019arch\u00e9ologie raconte notre pass\u00e9.,<a target=\"_blank\" rel=\"nofollow\" href=\"https:\/\/www.viaromana.org\/blog\/goto\/https:\/\/www.epagine.fr\/ebook\/9782221131305-on-a-retrouve-l-histoire-de-france-comment-l-archeologie-raconte-notre-passe-jean-paul-demoule\/\"  target=\"_blank\" rel=\"noopener noreferrer nofollow\">(Disponible) <\/a><span><\/span>. Disponible chez votre libraire.<\/p>\n","protected":false},"excerpt":{"rendered":"<p>Un fois de plus, ce blog va vous d\u00e9voiler un \u00e9ditorial qui a \u00e9t\u00e9 d\u00e9cel\u00e9 sur le web. La th\u00e9matique est \u00abl\u2019arch\u00e9ologie\u00bb. Le titre s\u00e9duisant (Visite guid\u00e9e de l\u2019exposition lignes crois\u00e9es, Corinne V\u00e9ret-Collin, Pierre Collin) condense tout le texte. Pr\u00e9sent\u00e9 sous le nom \u00abOlivier_laudrin\u00bb, le r\u00e9dacteur est connu et fiable. L\u2019article peut ainsi \u00eatre pris au s\u00e9rieux. Texte source mentionn\u00e9 : Corinne V\u00e9ret-Collin dessine et cr\u00e9e des volumes en jouant avec l\u2019id\u00e9e du fil. Pierre Collin traite les paysages environnants comme un r\u00e9cit o\u00f9 temps et espace se dilatent. \u00c0 15h Dur\u00e9e : 1h Visite comprise dans le prix d\u2019entr\u00e9e\u2026<\/p>\n","protected":false},"author":1,"featured_media":0,"comment_status":"closed","ping_status":"closed","sticky":false,"template":"","format":"standard","meta":{"footnotes":""},"categories":[2],"tags":[],"blocksy_meta":{"styles_descriptor":{"styles":{"desktop":"","tablet":"","mobile":""},"google_fonts":[],"version":4}},"yoast_head":"<!-- This site is optimized with the Yoast SEO plugin v21.1 - https:\/\/yoast.com\/wordpress\/plugins\/seo\/ -->\n<title>Derni\u00e8re actualit\u00e9 toute fraiche : Visite guid\u00e9e de l\u2019exposition lignes crois\u00e9es, Corinne V\u00e9ret-Collin, Pierre Collin - Viaromana et arch\u00e9ologie.<\/title>\n<meta name=\"description\" content=\"Derni\u00e8re actualit\u00e9 toute fraiche : Visite guid\u00e9e de l\u2019exposition lignes crois\u00e9es, Corinne V\u00e9ret-Collin, Pierre Collin article de Viaromana et arch\u00e9ologie.\" \/>\n<meta name=\"robots\" content=\"index, follow, max-snippet:-1, max-image-preview:large, max-video-preview:-1\" \/>\n<link rel=\"canonical\" href=\"https:\/\/www.viaromana.org\/blog\/derniere-actualite-toute-fraiche-visite-guidee-de-lexposition-lignes-croisees-corinne-veret-collin-pierre-collin\/\" \/>\n<meta property=\"og:locale\" content=\"fr_FR\" \/>\n<meta property=\"og:type\" content=\"article\" \/>\n<meta property=\"og:title\" content=\"Derni\u00e8re actualit\u00e9 toute fraiche : Visite guid\u00e9e de l\u2019exposition lignes crois\u00e9es, Corinne V\u00e9ret-Collin, Pierre Collin - Viaromana et arch\u00e9ologie.\" \/>\n<meta property=\"og:description\" content=\"Derni\u00e8re actualit\u00e9 toute fraiche : Visite guid\u00e9e de l\u2019exposition lignes crois\u00e9es, Corinne V\u00e9ret-Collin, Pierre Collin article de Viaromana et arch\u00e9ologie.\" \/>\n<meta property=\"og:url\" content=\"https:\/\/www.viaromana.org\/blog\/derniere-actualite-toute-fraiche-visite-guidee-de-lexposition-lignes-croisees-corinne-veret-collin-pierre-collin\/\" \/>\n<meta property=\"og:site_name\" content=\"Viaromana et arch\u00e9ologie.\" \/>\n<meta property=\"article:published_time\" content=\"2022-12-28T09:17:08+00:00\" \/>\n<meta name=\"author\" content=\"Robert\" \/>\n<meta name=\"twitter:card\" content=\"summary_large_image\" \/>\n<meta name=\"twitter:label1\" content=\"\u00c9crit par\" \/>\n\t<meta name=\"twitter:data1\" content=\"Robert\" \/>\n\t<meta name=\"twitter:label2\" content=\"Dur\u00e9e de lecture estim\u00e9e\" \/>\n\t<meta name=\"twitter:data2\" content=\"1 minute\" \/>\n<script type=\"application\/ld+json\" class=\"yoast-schema-graph\">{\"@context\":\"https:\/\/schema.org\",\"@graph\":[{\"@type\":\"Article\",\"@id\":\"https:\/\/www.viaromana.org\/blog\/derniere-actualite-toute-fraiche-visite-guidee-de-lexposition-lignes-croisees-corinne-veret-collin-pierre-collin\/#article\",\"isPartOf\":{\"@id\":\"https:\/\/www.viaromana.org\/blog\/derniere-actualite-toute-fraiche-visite-guidee-de-lexposition-lignes-croisees-corinne-veret-collin-pierre-collin\/\"},\"author\":{\"name\":\"Robert\",\"@id\":\"https:\/\/www.viaromana.org\/blog\/#\/schema\/person\/cde9c4655845091e1fe473fcd163c889\"},\"headline\":\"Derni\u00e8re actualit\u00e9 toute fraiche : Visite guid\u00e9e de l\u2019exposition lignes crois\u00e9es, Corinne V\u00e9ret-Collin, Pierre Collin\",\"datePublished\":\"2022-12-28T09:17:08+00:00\",\"dateModified\":\"2022-12-28T09:17:08+00:00\",\"mainEntityOfPage\":{\"@id\":\"https:\/\/www.viaromana.org\/blog\/derniere-actualite-toute-fraiche-visite-guidee-de-lexposition-lignes-croisees-corinne-veret-collin-pierre-collin\/\"},\"wordCount\":234,\"publisher\":{\"@id\":\"https:\/\/www.viaromana.org\/blog\/#organization\"},\"articleSection\":[\"Arch\u00e9ologie\"],\"inLanguage\":\"fr-FR\"},{\"@type\":\"WebPage\",\"@id\":\"https:\/\/www.viaromana.org\/blog\/derniere-actualite-toute-fraiche-visite-guidee-de-lexposition-lignes-croisees-corinne-veret-collin-pierre-collin\/\",\"url\":\"https:\/\/www.viaromana.org\/blog\/derniere-actualite-toute-fraiche-visite-guidee-de-lexposition-lignes-croisees-corinne-veret-collin-pierre-collin\/\",\"name\":\"Derni\u00e8re actualit\u00e9 toute fraiche : Visite guid\u00e9e de l\u2019exposition lignes crois\u00e9es, Corinne V\u00e9ret-Collin, Pierre Collin - Viaromana et arch\u00e9ologie.\",\"isPartOf\":{\"@id\":\"https:\/\/www.viaromana.org\/blog\/#website\"},\"datePublished\":\"2022-12-28T09:17:08+00:00\",\"dateModified\":\"2022-12-28T09:17:08+00:00\",\"description\":\"Derni\u00e8re actualit\u00e9 toute fraiche : Visite guid\u00e9e de l\u2019exposition lignes crois\u00e9es, Corinne V\u00e9ret-Collin, Pierre Collin article de Viaromana et arch\u00e9ologie.\",\"breadcrumb\":{\"@id\":\"https:\/\/www.viaromana.org\/blog\/derniere-actualite-toute-fraiche-visite-guidee-de-lexposition-lignes-croisees-corinne-veret-collin-pierre-collin\/#breadcrumb\"},\"inLanguage\":\"fr-FR\",\"potentialAction\":[{\"@type\":\"ReadAction\",\"target\":[\"https:\/\/www.viaromana.org\/blog\/derniere-actualite-toute-fraiche-visite-guidee-de-lexposition-lignes-croisees-corinne-veret-collin-pierre-collin\/\"]}]},{\"@type\":\"BreadcrumbList\",\"@id\":\"https:\/\/www.viaromana.org\/blog\/derniere-actualite-toute-fraiche-visite-guidee-de-lexposition-lignes-croisees-corinne-veret-collin-pierre-collin\/#breadcrumb\",\"itemListElement\":[{\"@type\":\"ListItem\",\"position\":1,\"name\":\"Accueil\",\"item\":\"https:\/\/www.viaromana.org\/blog\/\"},{\"@type\":\"ListItem\",\"position\":2,\"name\":\"Derni\u00e8re actualit\u00e9 toute fraiche : Visite guid\u00e9e de l\u2019exposition lignes crois\u00e9es, Corinne V\u00e9ret-Collin, Pierre Collin\"}]},{\"@type\":\"WebSite\",\"@id\":\"https:\/\/www.viaromana.org\/blog\/#website\",\"url\":\"https:\/\/www.viaromana.org\/blog\/\",\"name\":\"Viaromana et arch\u00e9ologie.\",\"description\":\"Site arch\u00e9ologique de la voie romaine (viaromana) Belgique-France-Rome\",\"publisher\":{\"@id\":\"https:\/\/www.viaromana.org\/blog\/#organization\"},\"potentialAction\":[{\"@type\":\"SearchAction\",\"target\":{\"@type\":\"EntryPoint\",\"urlTemplate\":\"https:\/\/www.viaromana.org\/blog\/?s={search_term_string}\"},\"query-input\":\"required name=search_term_string\"}],\"inLanguage\":\"fr-FR\"},{\"@type\":\"Organization\",\"@id\":\"https:\/\/www.viaromana.org\/blog\/#organization\",\"name\":\"viaromana\",\"url\":\"https:\/\/www.viaromana.org\/blog\/\",\"logo\":{\"@type\":\"ImageObject\",\"inLanguage\":\"fr-FR\",\"@id\":\"https:\/\/www.viaromana.org\/blog\/#\/schema\/logo\/image\/\",\"url\":\"https:\/\/www.viaromana.org\/blog\/wp-content\/uploads\/2021\/12\/logo-3.png\",\"contentUrl\":\"https:\/\/www.viaromana.org\/blog\/wp-content\/uploads\/2021\/12\/logo-3.png\",\"width\":300,\"height\":249,\"caption\":\"viaromana\"},\"image\":{\"@id\":\"https:\/\/www.viaromana.org\/blog\/#\/schema\/logo\/image\/\"}},{\"@type\":\"Person\",\"@id\":\"https:\/\/www.viaromana.org\/blog\/#\/schema\/person\/cde9c4655845091e1fe473fcd163c889\",\"name\":\"Robert\",\"image\":{\"@type\":\"ImageObject\",\"inLanguage\":\"fr-FR\",\"@id\":\"https:\/\/www.viaromana.org\/blog\/#\/schema\/person\/image\/\",\"url\":\"https:\/\/secure.gravatar.com\/avatar\/a168ec191013b636c2f278aec04e724b?s=96&d=mm&r=g\",\"contentUrl\":\"https:\/\/secure.gravatar.com\/avatar\/a168ec191013b636c2f278aec04e724b?s=96&d=mm&r=g\",\"caption\":\"Robert\"},\"sameAs\":[\"https:\/\/www.viaromana.org\/blog\"],\"url\":\"https:\/\/www.viaromana.org\/blog\/author\/anaadmin\/\"}]}<\/script>\n<!-- \/ Yoast SEO plugin. -->","yoast_head_json":{"title":"Derni\u00e8re actualit\u00e9 toute fraiche : Visite guid\u00e9e de l\u2019exposition lignes crois\u00e9es, Corinne V\u00e9ret-Collin, Pierre Collin - Viaromana et arch\u00e9ologie.","description":"Derni\u00e8re actualit\u00e9 toute fraiche : Visite guid\u00e9e de l\u2019exposition lignes crois\u00e9es, Corinne V\u00e9ret-Collin, Pierre Collin article de Viaromana et arch\u00e9ologie.","robots":{"index":"index","follow":"follow","max-snippet":"max-snippet:-1","max-image-preview":"max-image-preview:large","max-video-preview":"max-video-preview:-1"},"canonical":"https:\/\/www.viaromana.org\/blog\/derniere-actualite-toute-fraiche-visite-guidee-de-lexposition-lignes-croisees-corinne-veret-collin-pierre-collin\/","og_locale":"fr_FR","og_type":"article","og_title":"Derni\u00e8re actualit\u00e9 toute fraiche : Visite guid\u00e9e de l\u2019exposition lignes crois\u00e9es, Corinne V\u00e9ret-Collin, Pierre Collin - Viaromana et arch\u00e9ologie.","og_description":"Derni\u00e8re actualit\u00e9 toute fraiche : Visite guid\u00e9e de l\u2019exposition lignes crois\u00e9es, Corinne V\u00e9ret-Collin, Pierre Collin article de Viaromana et arch\u00e9ologie.","og_url":"https:\/\/www.viaromana.org\/blog\/derniere-actualite-toute-fraiche-visite-guidee-de-lexposition-lignes-croisees-corinne-veret-collin-pierre-collin\/","og_site_name":"Viaromana et arch\u00e9ologie.","article_published_time":"2022-12-28T09:17:08+00:00","author":"Robert","twitter_card":"summary_large_image","twitter_misc":{"\u00c9crit par":"Robert","Dur\u00e9e de lecture estim\u00e9e":"1 minute"},"schema":{"@context":"https:\/\/schema.org","@graph":[{"@type":"Article","@id":"https:\/\/www.viaromana.org\/blog\/derniere-actualite-toute-fraiche-visite-guidee-de-lexposition-lignes-croisees-corinne-veret-collin-pierre-collin\/#article","isPartOf":{"@id":"https:\/\/www.viaromana.org\/blog\/derniere-actualite-toute-fraiche-visite-guidee-de-lexposition-lignes-croisees-corinne-veret-collin-pierre-collin\/"},"author":{"name":"Robert","@id":"https:\/\/www.viaromana.org\/blog\/#\/schema\/person\/cde9c4655845091e1fe473fcd163c889"},"headline":"Derni\u00e8re actualit\u00e9 toute fraiche : Visite guid\u00e9e de l\u2019exposition lignes crois\u00e9es, Corinne V\u00e9ret-Collin, Pierre Collin","datePublished":"2022-12-28T09:17:08+00:00","dateModified":"2022-12-28T09:17:08+00:00","mainEntityOfPage":{"@id":"https:\/\/www.viaromana.org\/blog\/derniere-actualite-toute-fraiche-visite-guidee-de-lexposition-lignes-croisees-corinne-veret-collin-pierre-collin\/"},"wordCount":234,"publisher":{"@id":"https:\/\/www.viaromana.org\/blog\/#organization"},"articleSection":["Arch\u00e9ologie"],"inLanguage":"fr-FR"},{"@type":"WebPage","@id":"https:\/\/www.viaromana.org\/blog\/derniere-actualite-toute-fraiche-visite-guidee-de-lexposition-lignes-croisees-corinne-veret-collin-pierre-collin\/","url":"https:\/\/www.viaromana.org\/blog\/derniere-actualite-toute-fraiche-visite-guidee-de-lexposition-lignes-croisees-corinne-veret-collin-pierre-collin\/","name":"Derni\u00e8re actualit\u00e9 toute fraiche : Visite guid\u00e9e de l\u2019exposition lignes crois\u00e9es, Corinne V\u00e9ret-Collin, Pierre Collin - Viaromana et arch\u00e9ologie.","isPartOf":{"@id":"https:\/\/www.viaromana.org\/blog\/#website"},"datePublished":"2022-12-28T09:17:08+00:00","dateModified":"2022-12-28T09:17:08+00:00","description":"Derni\u00e8re actualit\u00e9 toute fraiche : Visite guid\u00e9e de l\u2019exposition lignes crois\u00e9es, Corinne V\u00e9ret-Collin, Pierre Collin article de Viaromana et arch\u00e9ologie.","breadcrumb":{"@id":"https:\/\/www.viaromana.org\/blog\/derniere-actualite-toute-fraiche-visite-guidee-de-lexposition-lignes-croisees-corinne-veret-collin-pierre-collin\/#breadcrumb"},"inLanguage":"fr-FR","potentialAction":[{"@type":"ReadAction","target":["https:\/\/www.viaromana.org\/blog\/derniere-actualite-toute-fraiche-visite-guidee-de-lexposition-lignes-croisees-corinne-veret-collin-pierre-collin\/"]}]},{"@type":"BreadcrumbList","@id":"https:\/\/www.viaromana.org\/blog\/derniere-actualite-toute-fraiche-visite-guidee-de-lexposition-lignes-croisees-corinne-veret-collin-pierre-collin\/#breadcrumb","itemListElement":[{"@type":"ListItem","position":1,"name":"Accueil","item":"https:\/\/www.viaromana.org\/blog\/"},{"@type":"ListItem","position":2,"name":"Derni\u00e8re actualit\u00e9 toute fraiche : Visite guid\u00e9e de l\u2019exposition lignes crois\u00e9es, Corinne V\u00e9ret-Collin, Pierre Collin"}]},{"@type":"WebSite","@id":"https:\/\/www.viaromana.org\/blog\/#website","url":"https:\/\/www.viaromana.org\/blog\/","name":"Viaromana et arch\u00e9ologie.","description":"Site arch\u00e9ologique de la voie romaine (viaromana) Belgique-France-Rome","publisher":{"@id":"https:\/\/www.viaromana.org\/blog\/#organization"},"potentialAction":[{"@type":"SearchAction","target":{"@type":"EntryPoint","urlTemplate":"https:\/\/www.viaromana.org\/blog\/?s={search_term_string}"},"query-input":"required name=search_term_string"}],"inLanguage":"fr-FR"},{"@type":"Organization","@id":"https:\/\/www.viaromana.org\/blog\/#organization","name":"viaromana","url":"https:\/\/www.viaromana.org\/blog\/","logo":{"@type":"ImageObject","inLanguage":"fr-FR","@id":"https:\/\/www.viaromana.org\/blog\/#\/schema\/logo\/image\/","url":"https:\/\/www.viaromana.org\/blog\/wp-content\/uploads\/2021\/12\/logo-3.png","contentUrl":"https:\/\/www.viaromana.org\/blog\/wp-content\/uploads\/2021\/12\/logo-3.png","width":300,"height":249,"caption":"viaromana"},"image":{"@id":"https:\/\/www.viaromana.org\/blog\/#\/schema\/logo\/image\/"}},{"@type":"Person","@id":"https:\/\/www.viaromana.org\/blog\/#\/schema\/person\/cde9c4655845091e1fe473fcd163c889","name":"Robert","image":{"@type":"ImageObject","inLanguage":"fr-FR","@id":"https:\/\/www.viaromana.org\/blog\/#\/schema\/person\/image\/","url":"https:\/\/secure.gravatar.com\/avatar\/a168ec191013b636c2f278aec04e724b?s=96&d=mm&r=g","contentUrl":"https:\/\/secure.gravatar.com\/avatar\/a168ec191013b636c2f278aec04e724b?s=96&d=mm&r=g","caption":"Robert"},"sameAs":["https:\/\/www.viaromana.org\/blog"],"url":"https:\/\/www.viaromana.org\/blog\/author\/anaadmin\/"}]}},"_links":{"self":[{"href":"https:\/\/www.viaromana.org\/blog\/wp-json\/wp\/v2\/posts\/1479"}],"collection":[{"href":"https:\/\/www.viaromana.org\/blog\/wp-json\/wp\/v2\/posts"}],"about":[{"href":"https:\/\/www.viaromana.org\/blog\/wp-json\/wp\/v2\/types\/post"}],"author":[{"embeddable":true,"href":"https:\/\/www.viaromana.org\/blog\/wp-json\/wp\/v2\/users\/1"}],"replies":[{"embeddable":true,"href":"https:\/\/www.viaromana.org\/blog\/wp-json\/wp\/v2\/comments?post=1479"}],"version-history":[{"count":0,"href":"https:\/\/www.viaromana.org\/blog\/wp-json\/wp\/v2\/posts\/1479\/revisions"}],"wp:attachment":[{"href":"https:\/\/www.viaromana.org\/blog\/wp-json\/wp\/v2\/media?parent=1479"}],"wp:term":[{"taxonomy":"category","embeddable":true,"href":"https:\/\/www.viaromana.org\/blog\/wp-json\/wp\/v2\/categories?post=1479"},{"taxonomy":"post_tag","embeddable":true,"href":"https:\/\/www.viaromana.org\/blog\/wp-json\/wp\/v2\/tags?post=1479"}],"curies":[{"name":"wp","href":"https:\/\/api.w.org\/{rel}","templated":true}]}}