{"id":1476,"date":"2022-12-27T10:50:34","date_gmt":"2022-12-27T09:50:34","guid":{"rendered":"https:\/\/www.site.cdcl.xyz\/2022\/12\/27\/derniere-actu-toute-fraiche-cafe-des-langues\/"},"modified":"2022-12-27T10:50:34","modified_gmt":"2022-12-27T09:50:34","slug":"derniere-actu-toute-fraiche-cafe-des-langues","status":"publish","type":"post","link":"https:\/\/www.viaromana.org\/blog\/derniere-actu-toute-fraiche-cafe-des-langues\/","title":{"rendered":"Derni\u00e8re actu toute fraiche : Caf\u00e9 des langues"},"content":{"rendered":"<p>Voil\u00e0 qui va vous int\u00e9resser : Un nouveau papier que nous venons de d\u00e9couvrir sur le web et que nous vous reproduisons ci-dessous. La th\u00e9matique est \u00ab&nbsp;l\u2019arch\u00e9ologie&nbsp;\u00bb.<\/p>\n<p>Le titre (Caf\u00e9 des langues) en dit long.<\/p>\n<p> Pr\u00e9sent\u00e9 sous la signature \u00abOlivier_laudrin\u00bb, le journaliste est positivement connu.<\/p>\n<p><span>Caf\u00e9 des langues<\/span><br \/><span><span lang xml:lang>Olivier_laudrin<\/span><\/span><br \/><span>mar 27\/12\/2022 \u2013 10:50<\/span><\/p>\n<div><img decoding=\"async\" src=\"https:\/\/www.viaromana.org\/blog\/wp-content\/uploads\/2022\/12\/derniere-actu-toute-fraiche-cafe-des-langues.png\" alt><\/div>\n<div>\n<p>Les jeudis 2 et 16 mars, le caf\u00e9 des langues se r\u00e9unit de 18h \u00e0 20h.<\/p>\n<\/div>\n<div>Conf\u00e9rences<\/div>\n<div>2023-03-02<\/div>\n<div>2023-03-16<\/div>\n<div>\n<div class=\"paragraph paragraph--type--texte-et-image paragraph--type--image-texte\">\n<div class=\"flex-container\">\n<div class=\"xs-12 md-6\">\n<figure> <img decoding=\"async\" src=\"https:\/\/www.viaromana.org\/blog\/wp-content\/uploads\/2022\/12\/derniere-actu-toute-fraiche-cafe-des-langues.jpg\" alt><br \/><\/figure>\n<\/div>\n<div class=\"xs-12 md-6 md-no-margin\">\n<div>\n<p>Pour toutes les personnes souhaitant converser dans la langue de leur choix, d\u00e9butants ou confirm\u00e9s, le caf\u00e9 des langues se r\u00e9unit au bar \u00ab Au tableau \u00bb, parking de Carrefour \u2013 Tohannic les 1er et 3e jeudis du mois.<\/p>\n<p>Entr\u00e9e gratuite&nbsp;<\/p>\n<\/div>\n<\/div>\n<\/div>\n<\/div>\n<\/div>\n<div>\n<div class=\"paragraph paragraph--type--cartographie\">\n<h2>Bar Brasserie au Tableau<\/h2>\n<\/p><\/div>\n<\/div>\n<div>Caf\u00e9 Le Tableau, centre commercial Carrefour Tohannic<\/div>\n<div>Caf\u00e9 des langues<\/div>\n<div>18h \u00e0 20h<\/div>\n<div>\n<div>Date de d\u00e9publication<\/div>\n<div>jeu 16\/03\/2023 \u2013 23:59<\/div>\n<\/div>\n<p>Ce sujet vous a int\u00e9ress\u00e9 vous aimerez \u00e9galement ces ouvrages:<\/p>\n<p>Ultime espoir.,<a target=\"_blank\" rel=\"nofollow\" href=\"https:\/\/www.viaromana.org\/blog\/goto\/https:\/\/booknode.com\/ultime_espoir_070688\"  target=\"_blank\" rel=\"noopener noreferrer nofollow\">(Disponible) <\/a><span><\/span>.<\/p>\n<p>P\u00e9riode Glaciaire.,<a target=\"_blank\" rel=\"nofollow\" href=\"https:\/\/www.viaromana.org\/blog\/goto\/https:\/\/booknode.com\/periode_glaciaire_0112143\"  target=\"_blank\" rel=\"noopener noreferrer nofollow\">A voir et \u00e0 lire. <\/a><span><\/span>.<\/p>\n<p>Promenades d\u2019arch\u00e9ologie sous-marine.,<a target=\"_blank\" rel=\"nofollow\" href=\"https:\/\/www.viaromana.org\/blog\/goto\/https:\/\/www.epagine.fr\/ebook\/9782307162087-promenades-d-archeologie-sous-marine-philippe-diole\/\"  target=\"_blank\" rel=\"noopener noreferrer nofollow\">livre de r\u00e9f\u00e9rence <\/a><span><\/span>.<\/p>\n<p>Pays d\u2019Islam et monde latin.,<a target=\"_blank\" rel=\"nofollow\" href=\"https:\/\/www.viaromana.org\/blog\/goto\/https:\/\/www.kobo.com\/de\/fr\/ebook\/pays-d-islam-et-monde-latin\"  target=\"_blank\" rel=\"noopener noreferrer nofollow\">Le livre <\/a><span><\/span>.<\/p>\n","protected":false},"excerpt":{"rendered":"<p>Voil\u00e0 qui va vous int\u00e9resser : Un nouveau papier que nous venons de d\u00e9couvrir sur le web et que nous vous reproduisons ci-dessous. La th\u00e9matique est \u00ab&nbsp;l\u2019arch\u00e9ologie&nbsp;\u00bb. Le titre (Caf\u00e9 des langues) en dit long. Pr\u00e9sent\u00e9 sous la signature \u00abOlivier_laudrin\u00bb, le journaliste est positivement connu. Caf\u00e9 des languesOlivier_laudrinmar 27\/12\/2022 \u2013 10:50 Les jeudis 2 et 16 mars, le caf\u00e9 des langues se r\u00e9unit de 18h \u00e0 20h. Conf\u00e9rences 2023-03-02 2023-03-16 Pour toutes les personnes souhaitant converser dans la langue de leur choix, d\u00e9butants ou confirm\u00e9s, le caf\u00e9 des langues se r\u00e9unit au bar \u00ab Au tableau \u00bb, parking de Carrefour\u2026<\/p>\n","protected":false},"author":1,"featured_media":0,"comment_status":"closed","ping_status":"closed","sticky":false,"template":"","format":"standard","meta":{"footnotes":""},"categories":[2],"tags":[],"blocksy_meta":{"styles_descriptor":{"styles":{"desktop":"","tablet":"","mobile":""},"google_fonts":[],"version":4}},"yoast_head":"<!-- This site is optimized with the Yoast SEO plugin v21.1 - https:\/\/yoast.com\/wordpress\/plugins\/seo\/ -->\n<title>Derni\u00e8re actu toute fraiche : Caf\u00e9 des langues - Viaromana et arch\u00e9ologie.<\/title>\n<meta name=\"description\" content=\"Derni\u00e8re actu toute fraiche : Caf\u00e9 des langues article de Viaromana et arch\u00e9ologie.\" \/>\n<meta name=\"robots\" content=\"index, follow, max-snippet:-1, max-image-preview:large, max-video-preview:-1\" \/>\n<link rel=\"canonical\" href=\"https:\/\/www.viaromana.org\/blog\/derniere-actu-toute-fraiche-cafe-des-langues\/\" \/>\n<meta property=\"og:locale\" content=\"fr_FR\" \/>\n<meta property=\"og:type\" content=\"article\" \/>\n<meta property=\"og:title\" content=\"Derni\u00e8re actu toute fraiche : Caf\u00e9 des langues - Viaromana et arch\u00e9ologie.\" \/>\n<meta property=\"og:description\" content=\"Derni\u00e8re actu toute fraiche : Caf\u00e9 des langues article de Viaromana et arch\u00e9ologie.\" \/>\n<meta property=\"og:url\" content=\"https:\/\/www.viaromana.org\/blog\/derniere-actu-toute-fraiche-cafe-des-langues\/\" \/>\n<meta property=\"og:site_name\" content=\"Viaromana et arch\u00e9ologie.\" \/>\n<meta property=\"article:published_time\" content=\"2022-12-27T09:50:34+00:00\" \/>\n<meta property=\"og:image\" content=\"https:\/\/www.viaromana.org\/blog\/wp-content\/uploads\/2022\/12\/derniere-actu-toute-fraiche-cafe-des-langues.png\" \/>\n<meta name=\"author\" content=\"Robert\" \/>\n<meta name=\"twitter:card\" content=\"summary_large_image\" \/>\n<meta name=\"twitter:label1\" content=\"\u00c9crit par\" \/>\n\t<meta name=\"twitter:data1\" content=\"Robert\" \/>\n\t<meta name=\"twitter:label2\" content=\"Dur\u00e9e de lecture estim\u00e9e\" \/>\n\t<meta name=\"twitter:data2\" content=\"1 minute\" \/>\n<script type=\"application\/ld+json\" class=\"yoast-schema-graph\">{\"@context\":\"https:\/\/schema.org\",\"@graph\":[{\"@type\":\"Article\",\"@id\":\"https:\/\/www.viaromana.org\/blog\/derniere-actu-toute-fraiche-cafe-des-langues\/#article\",\"isPartOf\":{\"@id\":\"https:\/\/www.viaromana.org\/blog\/derniere-actu-toute-fraiche-cafe-des-langues\/\"},\"author\":{\"name\":\"Robert\",\"@id\":\"https:\/\/www.viaromana.org\/blog\/#\/schema\/person\/cde9c4655845091e1fe473fcd163c889\"},\"headline\":\"Derni\u00e8re actu toute fraiche : Caf\u00e9 des langues\",\"datePublished\":\"2022-12-27T09:50:34+00:00\",\"dateModified\":\"2022-12-27T09:50:34+00:00\",\"mainEntityOfPage\":{\"@id\":\"https:\/\/www.viaromana.org\/blog\/derniere-actu-toute-fraiche-cafe-des-langues\/\"},\"wordCount\":190,\"publisher\":{\"@id\":\"https:\/\/www.viaromana.org\/blog\/#organization\"},\"articleSection\":[\"Arch\u00e9ologie\"],\"inLanguage\":\"fr-FR\"},{\"@type\":\"WebPage\",\"@id\":\"https:\/\/www.viaromana.org\/blog\/derniere-actu-toute-fraiche-cafe-des-langues\/\",\"url\":\"https:\/\/www.viaromana.org\/blog\/derniere-actu-toute-fraiche-cafe-des-langues\/\",\"name\":\"Derni\u00e8re actu toute fraiche : Caf\u00e9 des langues - Viaromana et arch\u00e9ologie.\",\"isPartOf\":{\"@id\":\"https:\/\/www.viaromana.org\/blog\/#website\"},\"datePublished\":\"2022-12-27T09:50:34+00:00\",\"dateModified\":\"2022-12-27T09:50:34+00:00\",\"description\":\"Derni\u00e8re actu toute fraiche : Caf\u00e9 des langues article de Viaromana et arch\u00e9ologie.\",\"breadcrumb\":{\"@id\":\"https:\/\/www.viaromana.org\/blog\/derniere-actu-toute-fraiche-cafe-des-langues\/#breadcrumb\"},\"inLanguage\":\"fr-FR\",\"potentialAction\":[{\"@type\":\"ReadAction\",\"target\":[\"https:\/\/www.viaromana.org\/blog\/derniere-actu-toute-fraiche-cafe-des-langues\/\"]}]},{\"@type\":\"BreadcrumbList\",\"@id\":\"https:\/\/www.viaromana.org\/blog\/derniere-actu-toute-fraiche-cafe-des-langues\/#breadcrumb\",\"itemListElement\":[{\"@type\":\"ListItem\",\"position\":1,\"name\":\"Accueil\",\"item\":\"https:\/\/www.viaromana.org\/blog\/\"},{\"@type\":\"ListItem\",\"position\":2,\"name\":\"Derni\u00e8re actu toute fraiche : Caf\u00e9 des langues\"}]},{\"@type\":\"WebSite\",\"@id\":\"https:\/\/www.viaromana.org\/blog\/#website\",\"url\":\"https:\/\/www.viaromana.org\/blog\/\",\"name\":\"Viaromana et arch\u00e9ologie.\",\"description\":\"Site arch\u00e9ologique de la voie romaine (viaromana) Belgique-France-Rome\",\"publisher\":{\"@id\":\"https:\/\/www.viaromana.org\/blog\/#organization\"},\"potentialAction\":[{\"@type\":\"SearchAction\",\"target\":{\"@type\":\"EntryPoint\",\"urlTemplate\":\"https:\/\/www.viaromana.org\/blog\/?s={search_term_string}\"},\"query-input\":\"required name=search_term_string\"}],\"inLanguage\":\"fr-FR\"},{\"@type\":\"Organization\",\"@id\":\"https:\/\/www.viaromana.org\/blog\/#organization\",\"name\":\"viaromana\",\"url\":\"https:\/\/www.viaromana.org\/blog\/\",\"logo\":{\"@type\":\"ImageObject\",\"inLanguage\":\"fr-FR\",\"@id\":\"https:\/\/www.viaromana.org\/blog\/#\/schema\/logo\/image\/\",\"url\":\"https:\/\/www.viaromana.org\/blog\/wp-content\/uploads\/2021\/12\/logo-3.png\",\"contentUrl\":\"https:\/\/www.viaromana.org\/blog\/wp-content\/uploads\/2021\/12\/logo-3.png\",\"width\":300,\"height\":249,\"caption\":\"viaromana\"},\"image\":{\"@id\":\"https:\/\/www.viaromana.org\/blog\/#\/schema\/logo\/image\/\"}},{\"@type\":\"Person\",\"@id\":\"https:\/\/www.viaromana.org\/blog\/#\/schema\/person\/cde9c4655845091e1fe473fcd163c889\",\"name\":\"Robert\",\"image\":{\"@type\":\"ImageObject\",\"inLanguage\":\"fr-FR\",\"@id\":\"https:\/\/www.viaromana.org\/blog\/#\/schema\/person\/image\/\",\"url\":\"https:\/\/secure.gravatar.com\/avatar\/a168ec191013b636c2f278aec04e724b?s=96&d=mm&r=g\",\"contentUrl\":\"https:\/\/secure.gravatar.com\/avatar\/a168ec191013b636c2f278aec04e724b?s=96&d=mm&r=g\",\"caption\":\"Robert\"},\"sameAs\":[\"https:\/\/www.viaromana.org\/blog\"],\"url\":\"https:\/\/www.viaromana.org\/blog\/author\/anaadmin\/\"}]}<\/script>\n<!-- \/ Yoast SEO plugin. -->","yoast_head_json":{"title":"Derni\u00e8re actu toute fraiche : Caf\u00e9 des langues - Viaromana et arch\u00e9ologie.","description":"Derni\u00e8re actu toute fraiche : Caf\u00e9 des langues article de Viaromana et arch\u00e9ologie.","robots":{"index":"index","follow":"follow","max-snippet":"max-snippet:-1","max-image-preview":"max-image-preview:large","max-video-preview":"max-video-preview:-1"},"canonical":"https:\/\/www.viaromana.org\/blog\/derniere-actu-toute-fraiche-cafe-des-langues\/","og_locale":"fr_FR","og_type":"article","og_title":"Derni\u00e8re actu toute fraiche : Caf\u00e9 des langues - Viaromana et arch\u00e9ologie.","og_description":"Derni\u00e8re actu toute fraiche : Caf\u00e9 des langues article de Viaromana et arch\u00e9ologie.","og_url":"https:\/\/www.viaromana.org\/blog\/derniere-actu-toute-fraiche-cafe-des-langues\/","og_site_name":"Viaromana et arch\u00e9ologie.","article_published_time":"2022-12-27T09:50:34+00:00","og_image":[{"url":"https:\/\/www.viaromana.org\/blog\/wp-content\/uploads\/2022\/12\/derniere-actu-toute-fraiche-cafe-des-langues.png"}],"author":"Robert","twitter_card":"summary_large_image","twitter_misc":{"\u00c9crit par":"Robert","Dur\u00e9e de lecture estim\u00e9e":"1 minute"},"schema":{"@context":"https:\/\/schema.org","@graph":[{"@type":"Article","@id":"https:\/\/www.viaromana.org\/blog\/derniere-actu-toute-fraiche-cafe-des-langues\/#article","isPartOf":{"@id":"https:\/\/www.viaromana.org\/blog\/derniere-actu-toute-fraiche-cafe-des-langues\/"},"author":{"name":"Robert","@id":"https:\/\/www.viaromana.org\/blog\/#\/schema\/person\/cde9c4655845091e1fe473fcd163c889"},"headline":"Derni\u00e8re actu toute fraiche : Caf\u00e9 des langues","datePublished":"2022-12-27T09:50:34+00:00","dateModified":"2022-12-27T09:50:34+00:00","mainEntityOfPage":{"@id":"https:\/\/www.viaromana.org\/blog\/derniere-actu-toute-fraiche-cafe-des-langues\/"},"wordCount":190,"publisher":{"@id":"https:\/\/www.viaromana.org\/blog\/#organization"},"articleSection":["Arch\u00e9ologie"],"inLanguage":"fr-FR"},{"@type":"WebPage","@id":"https:\/\/www.viaromana.org\/blog\/derniere-actu-toute-fraiche-cafe-des-langues\/","url":"https:\/\/www.viaromana.org\/blog\/derniere-actu-toute-fraiche-cafe-des-langues\/","name":"Derni\u00e8re actu toute fraiche : Caf\u00e9 des langues - Viaromana et arch\u00e9ologie.","isPartOf":{"@id":"https:\/\/www.viaromana.org\/blog\/#website"},"datePublished":"2022-12-27T09:50:34+00:00","dateModified":"2022-12-27T09:50:34+00:00","description":"Derni\u00e8re actu toute fraiche : Caf\u00e9 des langues article de Viaromana et arch\u00e9ologie.","breadcrumb":{"@id":"https:\/\/www.viaromana.org\/blog\/derniere-actu-toute-fraiche-cafe-des-langues\/#breadcrumb"},"inLanguage":"fr-FR","potentialAction":[{"@type":"ReadAction","target":["https:\/\/www.viaromana.org\/blog\/derniere-actu-toute-fraiche-cafe-des-langues\/"]}]},{"@type":"BreadcrumbList","@id":"https:\/\/www.viaromana.org\/blog\/derniere-actu-toute-fraiche-cafe-des-langues\/#breadcrumb","itemListElement":[{"@type":"ListItem","position":1,"name":"Accueil","item":"https:\/\/www.viaromana.org\/blog\/"},{"@type":"ListItem","position":2,"name":"Derni\u00e8re actu toute fraiche : Caf\u00e9 des langues"}]},{"@type":"WebSite","@id":"https:\/\/www.viaromana.org\/blog\/#website","url":"https:\/\/www.viaromana.org\/blog\/","name":"Viaromana et arch\u00e9ologie.","description":"Site arch\u00e9ologique de la voie romaine (viaromana) Belgique-France-Rome","publisher":{"@id":"https:\/\/www.viaromana.org\/blog\/#organization"},"potentialAction":[{"@type":"SearchAction","target":{"@type":"EntryPoint","urlTemplate":"https:\/\/www.viaromana.org\/blog\/?s={search_term_string}"},"query-input":"required name=search_term_string"}],"inLanguage":"fr-FR"},{"@type":"Organization","@id":"https:\/\/www.viaromana.org\/blog\/#organization","name":"viaromana","url":"https:\/\/www.viaromana.org\/blog\/","logo":{"@type":"ImageObject","inLanguage":"fr-FR","@id":"https:\/\/www.viaromana.org\/blog\/#\/schema\/logo\/image\/","url":"https:\/\/www.viaromana.org\/blog\/wp-content\/uploads\/2021\/12\/logo-3.png","contentUrl":"https:\/\/www.viaromana.org\/blog\/wp-content\/uploads\/2021\/12\/logo-3.png","width":300,"height":249,"caption":"viaromana"},"image":{"@id":"https:\/\/www.viaromana.org\/blog\/#\/schema\/logo\/image\/"}},{"@type":"Person","@id":"https:\/\/www.viaromana.org\/blog\/#\/schema\/person\/cde9c4655845091e1fe473fcd163c889","name":"Robert","image":{"@type":"ImageObject","inLanguage":"fr-FR","@id":"https:\/\/www.viaromana.org\/blog\/#\/schema\/person\/image\/","url":"https:\/\/secure.gravatar.com\/avatar\/a168ec191013b636c2f278aec04e724b?s=96&d=mm&r=g","contentUrl":"https:\/\/secure.gravatar.com\/avatar\/a168ec191013b636c2f278aec04e724b?s=96&d=mm&r=g","caption":"Robert"},"sameAs":["https:\/\/www.viaromana.org\/blog"],"url":"https:\/\/www.viaromana.org\/blog\/author\/anaadmin\/"}]}},"_links":{"self":[{"href":"https:\/\/www.viaromana.org\/blog\/wp-json\/wp\/v2\/posts\/1476"}],"collection":[{"href":"https:\/\/www.viaromana.org\/blog\/wp-json\/wp\/v2\/posts"}],"about":[{"href":"https:\/\/www.viaromana.org\/blog\/wp-json\/wp\/v2\/types\/post"}],"author":[{"embeddable":true,"href":"https:\/\/www.viaromana.org\/blog\/wp-json\/wp\/v2\/users\/1"}],"replies":[{"embeddable":true,"href":"https:\/\/www.viaromana.org\/blog\/wp-json\/wp\/v2\/comments?post=1476"}],"version-history":[{"count":0,"href":"https:\/\/www.viaromana.org\/blog\/wp-json\/wp\/v2\/posts\/1476\/revisions"}],"wp:attachment":[{"href":"https:\/\/www.viaromana.org\/blog\/wp-json\/wp\/v2\/media?parent=1476"}],"wp:term":[{"taxonomy":"category","embeddable":true,"href":"https:\/\/www.viaromana.org\/blog\/wp-json\/wp\/v2\/categories?post=1476"},{"taxonomy":"post_tag","embeddable":true,"href":"https:\/\/www.viaromana.org\/blog\/wp-json\/wp\/v2\/tags?post=1476"}],"curies":[{"name":"wp","href":"https:\/\/api.w.org\/{rel}","templated":true}]}}