{"id":1473,"date":"2022-12-26T14:12:31","date_gmt":"2022-12-26T13:12:31","guid":{"rendered":"https:\/\/www.site.cdcl.xyz\/2022\/12\/26\/ca-circule-sur-internet-nuit-des-conservatoires-ville-de-vannes\/"},"modified":"2022-12-26T14:12:31","modified_gmt":"2022-12-26T13:12:31","slug":"ca-circule-sur-internet-nuit-des-conservatoires-ville-de-vannes","status":"publish","type":"post","link":"https:\/\/www.viaromana.org\/blog\/ca-circule-sur-internet-nuit-des-conservatoires-ville-de-vannes\/","title":{"rendered":"Ca circule sur internet : \u201cNuit des Conservatoires\u201d | Ville de Vannes"},"content":{"rendered":"<p>A nouveau, ce site va porter \u00e0 votre connaissance un \u00e9ditorial qui se propage sur internet. La th\u00e9matique est \u00abl\u2019arch\u00e9ologie\u00bb.<\/p>\n<p>Son titre s\u00e9duisant (\u201cNuit des Conservatoires\u201d | Ville de Vannes) est parlant.<\/p>\n<p>Sachez que le journaliste (identifi\u00e9 sous le nom Olivier_laudrin) est positivement connu pour plusieurs autres \u00e9ditoriaux qu\u2019il a publi\u00e9s sur internet.<\/p>\n<p>Le papier peut ainsi \u00eatre pris au s\u00e9rieux.<\/p>\n<p>Sachez que la date de parution est 2022-12-26 14:12:31.<\/p>\n<p>Voici lle texte mentionn\u00e9 : <\/p>\n<div>\n<div>\n<p>Manifestation nationale qui c\u00e9l\u00e8bre la cr\u00e9ativit\u00e9, la diversit\u00e9 et le dynamisme des \u00e9tablissements d\u2019enseignement artistique, la \u00ab Nuit des Conservatoires \u00bb \u00e0 Vannes vous propose cette ann\u00e9e une cr\u00e9ation de Gonzalo Bustos au c\u0153ur de l\u2019exposition Colin au mus\u00e9e de la Cohue \u00e0 17h, &nbsp;suivi d\u2019un parcours artistique au Conservatoire o\u00f9 \u00e9l\u00e8ves et professeurs vous invitent \u00e0 partager un moment ludique et festif autour de leurs pratiques artistiques dans les domaines de la musique, du th\u00e9\u00e2tre et des arts plastiques.&nbsp;<\/p>\n<p>Gratuit. Pour en savoir plus<\/p>\n<\/div>\n<\/div>\n<p>A lire sur le m\u00eame objet:<\/p>\n<p>Un milliard d\u2019ann\u00e9es plus tard\u2026.,<a target=\"_blank\" rel=\"nofollow\" href=\"https:\/\/www.viaromana.org\/blog\/goto\/https:\/\/booknode.com\/un_milliard_dannees_plus_tard_0107972\"  target=\"_blank\" rel=\"noopener noreferrer nofollow\">(Disponible) <\/a><span><\/span>.<\/p>\n<p>M\u00e9moires de la Soci\u00e9t\u00e9 d\u2019Histoire et d\u2019Arch\u00e9ologie de Bretagne.,<a target=\"_blank\" rel=\"nofollow\" href=\"https:\/\/www.viaromana.org\/blog\/goto\/https:\/\/www.epagine.fr\/ebook\/9782402591447-memoires-de-la-societe-d-histoire-et-d-archeologie-de-bretagne-raison\/\"  target=\"_blank\" rel=\"noopener noreferrer nofollow\">livre de r\u00e9f\u00e9rence <\/a><span><\/span>.<\/p>\n<p>S\u00e9journer au bain.,<a target=\"_blank\" rel=\"nofollow\" href=\"https:\/\/www.viaromana.org\/blog\/goto\/https:\/\/www.kobo.com\/de\/fr\/ebook\/sejourner-au-bain\"  target=\"_blank\" rel=\"noopener noreferrer nofollow\">(Disponible) <\/a><span><\/span>.<\/p>\n<p>Novgorod : histoire et arch\u00e9ologie d\u2019une r\u00e9publique russe m\u00e9di\u00e9vale (970-1478).,<a target=\"_blank\" rel=\"nofollow\" href=\"https:\/\/www.viaromana.org\/blog\/goto\/https:\/\/www.epagine.fr\/ebook\/9782271138330-novgorod-histoire-et-archeologie-d-une-republique-russe-medievale-970-1478-pierre-gonneau\/\"  target=\"_blank\" rel=\"noopener noreferrer nofollow\">Le livre <\/a><span><\/span>. Disponible dans toutes les bonnes librairies.<\/p>\n","protected":false},"excerpt":{"rendered":"<p>A nouveau, ce site va porter \u00e0 votre connaissance un \u00e9ditorial qui se propage sur internet. La th\u00e9matique est \u00abl\u2019arch\u00e9ologie\u00bb. Son titre s\u00e9duisant (\u201cNuit des Conservatoires\u201d | Ville de Vannes) est parlant. Sachez que le journaliste (identifi\u00e9 sous le nom Olivier_laudrin) est positivement connu pour plusieurs autres \u00e9ditoriaux qu\u2019il a publi\u00e9s sur internet. Le papier peut ainsi \u00eatre pris au s\u00e9rieux. Sachez que la date de parution est 2022-12-26 14:12:31. Voici lle texte mentionn\u00e9 : Manifestation nationale qui c\u00e9l\u00e8bre la cr\u00e9ativit\u00e9, la diversit\u00e9 et le dynamisme des \u00e9tablissements d\u2019enseignement artistique, la \u00ab Nuit des Conservatoires \u00bb \u00e0 Vannes vous propose\u2026<\/p>\n","protected":false},"author":1,"featured_media":0,"comment_status":"closed","ping_status":"closed","sticky":false,"template":"","format":"standard","meta":{"footnotes":""},"categories":[2],"tags":[],"blocksy_meta":{"styles_descriptor":{"styles":{"desktop":"","tablet":"","mobile":""},"google_fonts":[],"version":4}},"yoast_head":"<!-- This site is optimized with the Yoast SEO plugin v21.1 - https:\/\/yoast.com\/wordpress\/plugins\/seo\/ -->\n<title>Ca circule sur internet : \u201cNuit des Conservatoires\u201d | Ville de Vannes - Viaromana et arch\u00e9ologie.<\/title>\n<meta name=\"description\" content=\"Ca circule sur internet : \u201cNuit des Conservatoires\u201d | Ville de Vannes article de Viaromana et arch\u00e9ologie.\" \/>\n<meta name=\"robots\" content=\"index, follow, max-snippet:-1, max-image-preview:large, max-video-preview:-1\" \/>\n<link rel=\"canonical\" href=\"https:\/\/www.viaromana.org\/blog\/ca-circule-sur-internet-nuit-des-conservatoires-ville-de-vannes\/\" \/>\n<meta property=\"og:locale\" content=\"fr_FR\" \/>\n<meta property=\"og:type\" content=\"article\" \/>\n<meta property=\"og:title\" content=\"Ca circule sur internet : \u201cNuit des Conservatoires\u201d | Ville de Vannes - Viaromana et arch\u00e9ologie.\" \/>\n<meta property=\"og:description\" content=\"Ca circule sur internet : \u201cNuit des Conservatoires\u201d | Ville de Vannes article de Viaromana et arch\u00e9ologie.\" \/>\n<meta property=\"og:url\" content=\"https:\/\/www.viaromana.org\/blog\/ca-circule-sur-internet-nuit-des-conservatoires-ville-de-vannes\/\" \/>\n<meta property=\"og:site_name\" content=\"Viaromana et arch\u00e9ologie.\" \/>\n<meta property=\"article:published_time\" content=\"2022-12-26T13:12:31+00:00\" \/>\n<meta name=\"author\" content=\"Robert\" \/>\n<meta name=\"twitter:card\" content=\"summary_large_image\" \/>\n<meta name=\"twitter:label1\" content=\"\u00c9crit par\" \/>\n\t<meta name=\"twitter:data1\" content=\"Robert\" \/>\n\t<meta name=\"twitter:label2\" content=\"Dur\u00e9e de lecture estim\u00e9e\" \/>\n\t<meta name=\"twitter:data2\" content=\"1 minute\" \/>\n<script type=\"application\/ld+json\" class=\"yoast-schema-graph\">{\"@context\":\"https:\/\/schema.org\",\"@graph\":[{\"@type\":\"Article\",\"@id\":\"https:\/\/www.viaromana.org\/blog\/ca-circule-sur-internet-nuit-des-conservatoires-ville-de-vannes\/#article\",\"isPartOf\":{\"@id\":\"https:\/\/www.viaromana.org\/blog\/ca-circule-sur-internet-nuit-des-conservatoires-ville-de-vannes\/\"},\"author\":{\"name\":\"Robert\",\"@id\":\"https:\/\/www.viaromana.org\/blog\/#\/schema\/person\/cde9c4655845091e1fe473fcd163c889\"},\"headline\":\"Ca circule sur internet : \u201cNuit des Conservatoires\u201d | Ville de Vannes\",\"datePublished\":\"2022-12-26T13:12:31+00:00\",\"dateModified\":\"2022-12-26T13:12:31+00:00\",\"mainEntityOfPage\":{\"@id\":\"https:\/\/www.viaromana.org\/blog\/ca-circule-sur-internet-nuit-des-conservatoires-ville-de-vannes\/\"},\"wordCount\":245,\"publisher\":{\"@id\":\"https:\/\/www.viaromana.org\/blog\/#organization\"},\"articleSection\":[\"Arch\u00e9ologie\"],\"inLanguage\":\"fr-FR\"},{\"@type\":\"WebPage\",\"@id\":\"https:\/\/www.viaromana.org\/blog\/ca-circule-sur-internet-nuit-des-conservatoires-ville-de-vannes\/\",\"url\":\"https:\/\/www.viaromana.org\/blog\/ca-circule-sur-internet-nuit-des-conservatoires-ville-de-vannes\/\",\"name\":\"Ca circule sur internet : \u201cNuit des Conservatoires\u201d | Ville de Vannes - Viaromana et arch\u00e9ologie.\",\"isPartOf\":{\"@id\":\"https:\/\/www.viaromana.org\/blog\/#website\"},\"datePublished\":\"2022-12-26T13:12:31+00:00\",\"dateModified\":\"2022-12-26T13:12:31+00:00\",\"description\":\"Ca circule sur internet : \u201cNuit des Conservatoires\u201d | Ville de Vannes article de Viaromana et arch\u00e9ologie.\",\"breadcrumb\":{\"@id\":\"https:\/\/www.viaromana.org\/blog\/ca-circule-sur-internet-nuit-des-conservatoires-ville-de-vannes\/#breadcrumb\"},\"inLanguage\":\"fr-FR\",\"potentialAction\":[{\"@type\":\"ReadAction\",\"target\":[\"https:\/\/www.viaromana.org\/blog\/ca-circule-sur-internet-nuit-des-conservatoires-ville-de-vannes\/\"]}]},{\"@type\":\"BreadcrumbList\",\"@id\":\"https:\/\/www.viaromana.org\/blog\/ca-circule-sur-internet-nuit-des-conservatoires-ville-de-vannes\/#breadcrumb\",\"itemListElement\":[{\"@type\":\"ListItem\",\"position\":1,\"name\":\"Accueil\",\"item\":\"https:\/\/www.viaromana.org\/blog\/\"},{\"@type\":\"ListItem\",\"position\":2,\"name\":\"Ca circule sur internet : \u201cNuit des Conservatoires\u201d | Ville de Vannes\"}]},{\"@type\":\"WebSite\",\"@id\":\"https:\/\/www.viaromana.org\/blog\/#website\",\"url\":\"https:\/\/www.viaromana.org\/blog\/\",\"name\":\"Viaromana et arch\u00e9ologie.\",\"description\":\"Site arch\u00e9ologique de la voie romaine (viaromana) Belgique-France-Rome\",\"publisher\":{\"@id\":\"https:\/\/www.viaromana.org\/blog\/#organization\"},\"potentialAction\":[{\"@type\":\"SearchAction\",\"target\":{\"@type\":\"EntryPoint\",\"urlTemplate\":\"https:\/\/www.viaromana.org\/blog\/?s={search_term_string}\"},\"query-input\":\"required name=search_term_string\"}],\"inLanguage\":\"fr-FR\"},{\"@type\":\"Organization\",\"@id\":\"https:\/\/www.viaromana.org\/blog\/#organization\",\"name\":\"viaromana\",\"url\":\"https:\/\/www.viaromana.org\/blog\/\",\"logo\":{\"@type\":\"ImageObject\",\"inLanguage\":\"fr-FR\",\"@id\":\"https:\/\/www.viaromana.org\/blog\/#\/schema\/logo\/image\/\",\"url\":\"https:\/\/www.viaromana.org\/blog\/wp-content\/uploads\/2021\/12\/logo-3.png\",\"contentUrl\":\"https:\/\/www.viaromana.org\/blog\/wp-content\/uploads\/2021\/12\/logo-3.png\",\"width\":300,\"height\":249,\"caption\":\"viaromana\"},\"image\":{\"@id\":\"https:\/\/www.viaromana.org\/blog\/#\/schema\/logo\/image\/\"}},{\"@type\":\"Person\",\"@id\":\"https:\/\/www.viaromana.org\/blog\/#\/schema\/person\/cde9c4655845091e1fe473fcd163c889\",\"name\":\"Robert\",\"image\":{\"@type\":\"ImageObject\",\"inLanguage\":\"fr-FR\",\"@id\":\"https:\/\/www.viaromana.org\/blog\/#\/schema\/person\/image\/\",\"url\":\"https:\/\/secure.gravatar.com\/avatar\/a168ec191013b636c2f278aec04e724b?s=96&d=mm&r=g\",\"contentUrl\":\"https:\/\/secure.gravatar.com\/avatar\/a168ec191013b636c2f278aec04e724b?s=96&d=mm&r=g\",\"caption\":\"Robert\"},\"sameAs\":[\"https:\/\/www.viaromana.org\/blog\"],\"url\":\"https:\/\/www.viaromana.org\/blog\/author\/anaadmin\/\"}]}<\/script>\n<!-- \/ Yoast SEO plugin. -->","yoast_head_json":{"title":"Ca circule sur internet : \u201cNuit des Conservatoires\u201d | Ville de Vannes - Viaromana et arch\u00e9ologie.","description":"Ca circule sur internet : \u201cNuit des Conservatoires\u201d | Ville de Vannes article de Viaromana et arch\u00e9ologie.","robots":{"index":"index","follow":"follow","max-snippet":"max-snippet:-1","max-image-preview":"max-image-preview:large","max-video-preview":"max-video-preview:-1"},"canonical":"https:\/\/www.viaromana.org\/blog\/ca-circule-sur-internet-nuit-des-conservatoires-ville-de-vannes\/","og_locale":"fr_FR","og_type":"article","og_title":"Ca circule sur internet : \u201cNuit des Conservatoires\u201d | Ville de Vannes - Viaromana et arch\u00e9ologie.","og_description":"Ca circule sur internet : \u201cNuit des Conservatoires\u201d | Ville de Vannes article de Viaromana et arch\u00e9ologie.","og_url":"https:\/\/www.viaromana.org\/blog\/ca-circule-sur-internet-nuit-des-conservatoires-ville-de-vannes\/","og_site_name":"Viaromana et arch\u00e9ologie.","article_published_time":"2022-12-26T13:12:31+00:00","author":"Robert","twitter_card":"summary_large_image","twitter_misc":{"\u00c9crit par":"Robert","Dur\u00e9e de lecture estim\u00e9e":"1 minute"},"schema":{"@context":"https:\/\/schema.org","@graph":[{"@type":"Article","@id":"https:\/\/www.viaromana.org\/blog\/ca-circule-sur-internet-nuit-des-conservatoires-ville-de-vannes\/#article","isPartOf":{"@id":"https:\/\/www.viaromana.org\/blog\/ca-circule-sur-internet-nuit-des-conservatoires-ville-de-vannes\/"},"author":{"name":"Robert","@id":"https:\/\/www.viaromana.org\/blog\/#\/schema\/person\/cde9c4655845091e1fe473fcd163c889"},"headline":"Ca circule sur internet : \u201cNuit des Conservatoires\u201d | Ville de Vannes","datePublished":"2022-12-26T13:12:31+00:00","dateModified":"2022-12-26T13:12:31+00:00","mainEntityOfPage":{"@id":"https:\/\/www.viaromana.org\/blog\/ca-circule-sur-internet-nuit-des-conservatoires-ville-de-vannes\/"},"wordCount":245,"publisher":{"@id":"https:\/\/www.viaromana.org\/blog\/#organization"},"articleSection":["Arch\u00e9ologie"],"inLanguage":"fr-FR"},{"@type":"WebPage","@id":"https:\/\/www.viaromana.org\/blog\/ca-circule-sur-internet-nuit-des-conservatoires-ville-de-vannes\/","url":"https:\/\/www.viaromana.org\/blog\/ca-circule-sur-internet-nuit-des-conservatoires-ville-de-vannes\/","name":"Ca circule sur internet : \u201cNuit des Conservatoires\u201d | Ville de Vannes - Viaromana et arch\u00e9ologie.","isPartOf":{"@id":"https:\/\/www.viaromana.org\/blog\/#website"},"datePublished":"2022-12-26T13:12:31+00:00","dateModified":"2022-12-26T13:12:31+00:00","description":"Ca circule sur internet : \u201cNuit des Conservatoires\u201d | Ville de Vannes article de Viaromana et arch\u00e9ologie.","breadcrumb":{"@id":"https:\/\/www.viaromana.org\/blog\/ca-circule-sur-internet-nuit-des-conservatoires-ville-de-vannes\/#breadcrumb"},"inLanguage":"fr-FR","potentialAction":[{"@type":"ReadAction","target":["https:\/\/www.viaromana.org\/blog\/ca-circule-sur-internet-nuit-des-conservatoires-ville-de-vannes\/"]}]},{"@type":"BreadcrumbList","@id":"https:\/\/www.viaromana.org\/blog\/ca-circule-sur-internet-nuit-des-conservatoires-ville-de-vannes\/#breadcrumb","itemListElement":[{"@type":"ListItem","position":1,"name":"Accueil","item":"https:\/\/www.viaromana.org\/blog\/"},{"@type":"ListItem","position":2,"name":"Ca circule sur internet : \u201cNuit des Conservatoires\u201d | Ville de Vannes"}]},{"@type":"WebSite","@id":"https:\/\/www.viaromana.org\/blog\/#website","url":"https:\/\/www.viaromana.org\/blog\/","name":"Viaromana et arch\u00e9ologie.","description":"Site arch\u00e9ologique de la voie romaine (viaromana) Belgique-France-Rome","publisher":{"@id":"https:\/\/www.viaromana.org\/blog\/#organization"},"potentialAction":[{"@type":"SearchAction","target":{"@type":"EntryPoint","urlTemplate":"https:\/\/www.viaromana.org\/blog\/?s={search_term_string}"},"query-input":"required name=search_term_string"}],"inLanguage":"fr-FR"},{"@type":"Organization","@id":"https:\/\/www.viaromana.org\/blog\/#organization","name":"viaromana","url":"https:\/\/www.viaromana.org\/blog\/","logo":{"@type":"ImageObject","inLanguage":"fr-FR","@id":"https:\/\/www.viaromana.org\/blog\/#\/schema\/logo\/image\/","url":"https:\/\/www.viaromana.org\/blog\/wp-content\/uploads\/2021\/12\/logo-3.png","contentUrl":"https:\/\/www.viaromana.org\/blog\/wp-content\/uploads\/2021\/12\/logo-3.png","width":300,"height":249,"caption":"viaromana"},"image":{"@id":"https:\/\/www.viaromana.org\/blog\/#\/schema\/logo\/image\/"}},{"@type":"Person","@id":"https:\/\/www.viaromana.org\/blog\/#\/schema\/person\/cde9c4655845091e1fe473fcd163c889","name":"Robert","image":{"@type":"ImageObject","inLanguage":"fr-FR","@id":"https:\/\/www.viaromana.org\/blog\/#\/schema\/person\/image\/","url":"https:\/\/secure.gravatar.com\/avatar\/a168ec191013b636c2f278aec04e724b?s=96&d=mm&r=g","contentUrl":"https:\/\/secure.gravatar.com\/avatar\/a168ec191013b636c2f278aec04e724b?s=96&d=mm&r=g","caption":"Robert"},"sameAs":["https:\/\/www.viaromana.org\/blog"],"url":"https:\/\/www.viaromana.org\/blog\/author\/anaadmin\/"}]}},"_links":{"self":[{"href":"https:\/\/www.viaromana.org\/blog\/wp-json\/wp\/v2\/posts\/1473"}],"collection":[{"href":"https:\/\/www.viaromana.org\/blog\/wp-json\/wp\/v2\/posts"}],"about":[{"href":"https:\/\/www.viaromana.org\/blog\/wp-json\/wp\/v2\/types\/post"}],"author":[{"embeddable":true,"href":"https:\/\/www.viaromana.org\/blog\/wp-json\/wp\/v2\/users\/1"}],"replies":[{"embeddable":true,"href":"https:\/\/www.viaromana.org\/blog\/wp-json\/wp\/v2\/comments?post=1473"}],"version-history":[{"count":0,"href":"https:\/\/www.viaromana.org\/blog\/wp-json\/wp\/v2\/posts\/1473\/revisions"}],"wp:attachment":[{"href":"https:\/\/www.viaromana.org\/blog\/wp-json\/wp\/v2\/media?parent=1473"}],"wp:term":[{"taxonomy":"category","embeddable":true,"href":"https:\/\/www.viaromana.org\/blog\/wp-json\/wp\/v2\/categories?post=1473"},{"taxonomy":"post_tag","embeddable":true,"href":"https:\/\/www.viaromana.org\/blog\/wp-json\/wp\/v2\/tags?post=1473"}],"curies":[{"name":"wp","href":"https:\/\/api.w.org\/{rel}","templated":true}]}}